{"id":17936,"date":"2023-12-21T18:53:00","date_gmt":"2023-12-21T18:53:00","guid":{"rendered":"https:\/\/www.africa-press.net\/guinee-conakry\/politique\/guinee-trente-journalistes-outilles-sur-la-lutte-contre-les-desordres-informationnels"},"modified":"2023-12-21T18:53:00","modified_gmt":"2023-12-21T18:53:00","slug":"guinee-trente-journalistes-outilles-sur-la-lutte-contre-les-desordres-informationnels","status":"publish","type":"post","link":"https:\/\/www.africa-press.net\/guinee-conakry\/toutes-les-actualites\/guinee-trente-journalistes-outilles-sur-la-lutte-contre-les-desordres-informationnels","title":{"rendered":"Guin\u00e9e : trente journalistes outill\u00e9s sur la lutte contre les d\u00e9sordres informationnels"},"content":{"rendered":"<p><span style=\"color: #ff6600\"><strong>Africa-Press &#8211; Guin\u00e9e. <\/strong><\/span><b>Du 11 au 15 de\u0301cembre 2023, les capacite\u0301s de trente journalistes guine\u0301ens ont e\u0301te\u0301 renforce\u0301es sur la production de contenu contre les de\u0301sordres informationnels, la ve\u0301rification des faits et la cyberse\u0301curite\u0301. Ces hommes de me\u0301dias, re\u0301unis a\u0300 Labe\u0301, e\u0301taient essentiellement issus des radios communautaires\/rurales et prive\u0301es des quatre re\u0301gions naturelles du pays (Basse-Guine\u0301e, Moyenne-Guine\u0301e, Haute-Guine\u0301e et Guine\u0301e Forestie\u0300re) et quelques-uns venus des me\u0301dias nume\u0301riques.<\/b><\/p>\n<p>Cette session de capacitation a e\u0301te\u0301 organise\u0301e par l\u2019Association Villageois 2.0 dans le cadre de la mise en \u0153uvre du projet d\u2019E\u0301ducation aux Me\u0301dias a\u0300 l\u2019Information et au Nume\u0301rique plus (EMIN+) avec le soutien de l\u2019Organisation Internationale de la Francophonie (OIF).<\/p>\n<p>Durant cinq jours, les trente participants ont acquis des connaissances avance\u0301es sur les techniques de ve\u0301rification dans un environnement nume\u0301rique su\u0302r, les me\u0301thodes de contournement de la censure, l\u2019authentification \u2013 des images et des vide\u0301os, la re\u0301daction pour la ve\u0301rification des faits, la responsabilite\u0301 sociale du journaliste, des rappels sur des chartes fondatrices du journalisme, notamment celles de Munich et de Tunis, des re\u0301flexions et d\u2019e\u0301changes sur le ro\u0302le des langues locales dans la lutte contre les de\u0301sordres informationnels (de\u0301sinformation, me\u0301sinformation, rumeur, mal information, entre autres).<\/p>\n<p>Revenant sur les objectifs de la rencontre, Sally Bilaly Sow, coordinateur de l\u2019Association Villageois 2.0 et directeur de publication de GuineeCheck \u2014 me\u0301dia citoyen et inde\u0301pendant de ve\u0301rification des faits \u2014, a de\u0301clare\u0301, a\u0300 l\u2019entame de la formation, que \u00ab cette formation sera un moment d\u2019e\u0301changes, de partage d\u2019expe\u0301riences et de bonnes pratiques sur la lutte contre la de\u0301sinformation ; mais aussi du ro\u0302le des journalistes dans le renforcement de l\u2019inte\u0301grite\u0301 de l\u2019information pour la vitalite\u0301 de\u0301mocratique de la Guine\u0301e \u00bb. \u00ab L\u2019autre mission principale que l\u2019on s\u2019est fixe\u0301e consiste a\u0300 de\u0301mocratiser la pratique du fact-cheking. Nous souhaitons que chaque me\u0301dia guine\u0301en dispose d\u2019un desk de fact-checking et qu\u2019on ait dans le pays plus de journalistes ve\u0301rificateurs des faits \u00bb, a-t-il ajoute\u0301.<\/p>\n<p>Dans son intervention, la Directrice Re\u0301gionale de l\u2019information et de la communication (DRIC) de la Moyenne-Guine\u0301e, Kadiatou Teliwel Diallo, a exhorte\u0301 les participants \u00ab a\u0300 prendre au se\u0301rieux leur participation a\u0300 la session de formation, et surtout au terme de cette rencontre [de capacitation] de privile\u0301gier la pratique \u00bb.<\/p>\n<p>Journaliste a\u0300 la re\u0301daction du quotidien en ligne Visionguinee.info, Cire\u0301 Balde\u0301 a martele\u0301 que \u00ab la lutte contre le de\u0301sordre informationnel est crucial pour tout professionnel de me\u0301dias ou acteur de l\u2019information \u00bb. De son observation, il remarque que \u00ab les de\u0301sinformateurs ne manquent pas de technique pour induire le public en erreur \u00bb. M. Balde\u0301 assure qu\u2019il est donc du devoir des journalistes de s\u2019engager dans lutte contre la de\u0301sinformation. \u00ab En de\u0301mocratisant les techniques du fact-cheking a\u0300 travers des formations, on pourrait un jour ou l\u2019autre remporter la bataille contre la de\u0301sinformation \u00bb, a-t-il conclu.<\/p>\n<p>Pour Elisabeth Ze\u0301ze\u0301 Guillavogui, il e\u0301tait important de mettre a\u0300 jour ses compe\u0301tences avec des nouvelles pratiques et de \u00ab de\u0301velopper un nouveau re\u0301seau \u00bb. Pour elle, la plus-value de la formation ce fut \u00ab l\u2019acquisition de nouvelles notions pour une ve\u0301rification dans un cyberespace mouvant \u00bb.<\/p>\n<p>Cette session de renforcement des capacite\u0301s des journalistes des me\u0301dias nume\u0301riques et des radios communautaires se tient a\u0300 l\u2019ore\u0301e de 2024. Une anne\u0301e dans laquelle la Guine\u0301e doit organiser plusieurs e\u0301che\u0301ances e\u0301lectorales qui marqueront la fin de la transition entame\u0301e le 5 septembre 2021.<\/p>\n<p>Rappelons que depuis maintenant quelques anne\u0301es, les e\u0301lections sont des moments propices pour la profusion des ope\u0301rations de de\u0301sinformation dont le but consiste a\u0300 semer le doute dans les institutions e\u0301lectorales et l\u2019inte\u0301grite\u0301 des re\u0301sultats issus des urnes. Ces enjeux ont donc e\u0301te\u0301 a\u0300 plusieurs fois rappele\u0301s aux journalistes par les diffe\u0301rents facilitateurs.<\/p>\n<p>Enfin, paralle\u0300lement a\u0300 cette formation, dans le cadre de la mise en \u0153uvre du projet EMIN+ avec l\u2019appui de l\u2019OIF, une re\u0301daction hydrique (virtuelle) pilote\u0301e par Guineecheck est ope\u0301rationnelle en partenariat avec cinq me\u0301dias nume\u0301riques et cinq radios pour la production, la diffusion et la transcription des contenus ve\u0301rifie\u0301s dans quatre langues du pays (pulaar, maninka, soussou et kpe\u0300lle\u0301) et en franc\u0327ais.<\/p>\n<p><strong>Pour plus d&rsquo;informations et d&rsquo;analyses sur la <a href=\"https:\/\/www.africa-press.net\/guinee-conakry\">Guin\u00e9e<\/a>, suivez <a href=\"https:\/\/www.africa-press.net\/\">Africa-Press<\/a><\/strong><\/p>\n","protected":false},"excerpt":{"rendered":"<p>Africa-Press &#8211; Guin\u00e9e. Du 11 au 15 de\u0301cembre 2023, les capacite\u0301s de trente journalistes guine\u0301ens ont e\u0301te\u0301 renforce\u0301es sur la production de contenu contre les de\u0301sordres informationnels, la ve\u0301rification des faits et la cyberse\u0301curite\u0301. Ces hommes de me\u0301dias, re\u0301unis a\u0300 Labe\u0301, e\u0301taient essentiellement issus des radios communautaires\/rurales et prive\u0301es des quatre re\u0301gions naturelles du pays [&hellip;]<\/p>\n","protected":false},"author":82,"featured_media":17935,"comment_status":"open","ping_status":"closed","sticky":false,"template":"","format":"standard","meta":{"footnotes":""},"categories":[21,10],"tags":[36,57,58],"class_list":["post-17936","post","type-post","status-publish","format-standard","has-post-thumbnail","hentry","category-communaute","category-toutes-les-actualites","tag-africa-press","tag-africa-press-guinee","tag-guinee"],"yoast_head":"<!-- This site is optimized with the Yoast SEO Premium plugin v26.1 (Yoast SEO v27.0) - https:\/\/yoast.com\/product\/yoast-seo-premium-wordpress\/ -->\n<title>Guin\u00e9e : trente journalistes outill\u00e9s sur la lutte contre les d\u00e9sordres informationnels - guinee Conakry<\/title>\n<meta name=\"robots\" content=\"index, follow, max-snippet:-1, max-image-preview:large, max-video-preview:-1\" \/>\n<link rel=\"canonical\" href=\"https:\/\/www.africa-press.net\/guinee-conakry\/politique\/guinee-trente-journalistes-outilles-sur-la-lutte-contre-les-desordres-informationnels\" \/>\n<meta property=\"og:locale\" content=\"fr_FR\" \/>\n<meta property=\"og:type\" content=\"article\" \/>\n<meta property=\"og:title\" content=\"Guin\u00e9e : trente journalistes outill\u00e9s sur la lutte contre les d\u00e9sordres informationnels\" \/>\n<meta property=\"og:description\" content=\"Africa-Press &#8211; Guin\u00e9e. Du 11 au 15 de\u0301cembre 2023, les capacite\u0301s de trente journalistes guine\u0301ens ont e\u0301te\u0301 renforce\u0301es sur la production de contenu contre les de\u0301sordres informationnels, la ve\u0301rification des faits et la cyberse\u0301curite\u0301. Ces hommes de me\u0301dias, re\u0301unis a\u0300 Labe\u0301, e\u0301taient essentiellement issus des radios communautaires\/rurales et prive\u0301es des quatre re\u0301gions naturelles du pays [&hellip;]\" \/>\n<meta property=\"og:url\" content=\"https:\/\/www.africa-press.net\/guinee-conakry\/politique\/guinee-trente-journalistes-outilles-sur-la-lutte-contre-les-desordres-informationnels\" \/>\n<meta property=\"og:site_name\" content=\"guinee Conakry\" \/>\n<meta property=\"article:published_time\" content=\"2023-12-21T18:53:00+00:00\" \/>\n<meta name=\"author\" content=\"cfeditorfr\" \/>\n<meta name=\"twitter:card\" content=\"summary_large_image\" \/>\n<meta name=\"twitter:label1\" content=\"\u00c9crit par\" \/>\n\t<meta name=\"twitter:data1\" content=\"cfeditorfr\" \/>\n\t<meta name=\"twitter:label2\" content=\"Dur\u00e9e de lecture estim\u00e9e\" \/>\n\t<meta name=\"twitter:data2\" content=\"4 minutes\" \/>\n<script type=\"application\/ld+json\" class=\"yoast-schema-graph\">{\"@context\":\"https:\/\/schema.org\",\"@graph\":[{\"@type\":\"Article\",\"@id\":\"https:\/\/www.africa-press.net\/guinee-conakry\/politique\/guinee-trente-journalistes-outilles-sur-la-lutte-contre-les-desordres-informationnels#article\",\"isPartOf\":{\"@id\":\"https:\/\/www.africa-press.net\/guinee-conakry\/politique\/guinee-trente-journalistes-outilles-sur-la-lutte-contre-les-desordres-informationnels\"},\"author\":{\"name\":\"cfeditorfr\",\"@id\":\"https:\/\/www.africa-press.net\/guinee-conakry\/#\/schema\/person\/2b1cf3cd81a31e3cd26889ca66d677f1\"},\"headline\":\"Guin\u00e9e : trente journalistes outill\u00e9s sur la lutte contre les d\u00e9sordres informationnels\",\"datePublished\":\"2023-12-21T18:53:00+00:00\",\"mainEntityOfPage\":{\"@id\":\"https:\/\/www.africa-press.net\/guinee-conakry\/politique\/guinee-trente-journalistes-outilles-sur-la-lutte-contre-les-desordres-informationnels\"},\"wordCount\":799,\"commentCount\":0,\"image\":{\"@id\":\"https:\/\/www.africa-press.net\/guinee-conakry\/politique\/guinee-trente-journalistes-outilles-sur-la-lutte-contre-les-desordres-informationnels#primaryimage\"},\"thumbnailUrl\":\"https:\/\/static.africa-press.net\/conakry\/sites\/63\/2023\/12\/Jokar1703172187.227044.jpg\",\"keywords\":[\"Africa Press\",\"Africa Press-Guin\u00e9e\",\"Guin\u00e9e\"],\"articleSection\":[\"Communaut\u00e9\",\"Toutes les actualit\u00e9s\"],\"inLanguage\":\"fr-FR\",\"potentialAction\":[{\"@type\":\"CommentAction\",\"name\":\"Comment\",\"target\":[\"https:\/\/www.africa-press.net\/guinee-conakry\/politique\/guinee-trente-journalistes-outilles-sur-la-lutte-contre-les-desordres-informationnels#respond\"]}]},{\"@type\":\"WebPage\",\"@id\":\"https:\/\/www.africa-press.net\/guinee-conakry\/politique\/guinee-trente-journalistes-outilles-sur-la-lutte-contre-les-desordres-informationnels\",\"url\":\"https:\/\/www.africa-press.net\/guinee-conakry\/politique\/guinee-trente-journalistes-outilles-sur-la-lutte-contre-les-desordres-informationnels\",\"name\":\"Guin\u00e9e : trente journalistes outill\u00e9s sur la lutte contre les d\u00e9sordres informationnels - guinee Conakry\",\"isPartOf\":{\"@id\":\"https:\/\/www.africa-press.net\/guinee-conakry\/#website\"},\"primaryImageOfPage\":{\"@id\":\"https:\/\/www.africa-press.net\/guinee-conakry\/politique\/guinee-trente-journalistes-outilles-sur-la-lutte-contre-les-desordres-informationnels#primaryimage\"},\"image\":{\"@id\":\"https:\/\/www.africa-press.net\/guinee-conakry\/politique\/guinee-trente-journalistes-outilles-sur-la-lutte-contre-les-desordres-informationnels#primaryimage\"},\"thumbnailUrl\":\"https:\/\/static.africa-press.net\/conakry\/sites\/63\/2023\/12\/Jokar1703172187.227044.jpg\",\"datePublished\":\"2023-12-21T18:53:00+00:00\",\"author\":{\"@id\":\"https:\/\/www.africa-press.net\/guinee-conakry\/#\/schema\/person\/2b1cf3cd81a31e3cd26889ca66d677f1\"},\"breadcrumb\":{\"@id\":\"https:\/\/www.africa-press.net\/guinee-conakry\/politique\/guinee-trente-journalistes-outilles-sur-la-lutte-contre-les-desordres-informationnels#breadcrumb\"},\"inLanguage\":\"fr-FR\",\"potentialAction\":[{\"@type\":\"ReadAction\",\"target\":[\"https:\/\/www.africa-press.net\/guinee-conakry\/politique\/guinee-trente-journalistes-outilles-sur-la-lutte-contre-les-desordres-informationnels\"]}]},{\"@type\":\"ImageObject\",\"inLanguage\":\"fr-FR\",\"@id\":\"https:\/\/www.africa-press.net\/guinee-conakry\/politique\/guinee-trente-journalistes-outilles-sur-la-lutte-contre-les-desordres-informationnels#primaryimage\",\"url\":\"https:\/\/static.africa-press.net\/conakry\/sites\/63\/2023\/12\/Jokar1703172187.227044.jpg\",\"contentUrl\":\"https:\/\/static.africa-press.net\/conakry\/sites\/63\/2023\/12\/Jokar1703172187.227044.jpg\",\"width\":451,\"height\":230,\"caption\":\"Guin\u00e9e : trente journalistes outill\u00e9s sur la lutte contre les d\u00e9sordres informationnels\"},{\"@type\":\"BreadcrumbList\",\"@id\":\"https:\/\/www.africa-press.net\/guinee-conakry\/politique\/guinee-trente-journalistes-outilles-sur-la-lutte-contre-les-desordres-informationnels#breadcrumb\",\"itemListElement\":[{\"@type\":\"ListItem\",\"position\":1,\"name\":\"Accueil\",\"item\":\"https:\/\/www.africa-press.net\/guinee-conakry\/\"},{\"@type\":\"ListItem\",\"position\":2,\"name\":\"Guin\u00e9e : trente journalistes outill\u00e9s sur la lutte contre les d\u00e9sordres informationnels\"}]},{\"@type\":\"WebSite\",\"@id\":\"https:\/\/www.africa-press.net\/guinee-conakry\/#website\",\"url\":\"https:\/\/www.africa-press.net\/guinee-conakry\/\",\"name\":\"guinee Conakry\",\"description\":\"Just another Africa News Agency Sites site\",\"potentialAction\":[{\"@type\":\"SearchAction\",\"target\":{\"@type\":\"EntryPoint\",\"urlTemplate\":\"https:\/\/www.africa-press.net\/guinee-conakry\/?s={search_term_string}\"},\"query-input\":{\"@type\":\"PropertyValueSpecification\",\"valueRequired\":true,\"valueName\":\"search_term_string\"}}],\"inLanguage\":\"fr-FR\"},{\"@type\":\"Person\",\"@id\":\"https:\/\/www.africa-press.net\/guinee-conakry\/#\/schema\/person\/2b1cf3cd81a31e3cd26889ca66d677f1\",\"name\":\"cfeditorfr\"}]}<\/script>\n<!-- \/ Yoast SEO Premium plugin. -->","yoast_head_json":{"title":"Guin\u00e9e : trente journalistes outill\u00e9s sur la lutte contre les d\u00e9sordres informationnels - guinee Conakry","robots":{"index":"index","follow":"follow","max-snippet":"max-snippet:-1","max-image-preview":"max-image-preview:large","max-video-preview":"max-video-preview:-1"},"canonical":"https:\/\/www.africa-press.net\/guinee-conakry\/politique\/guinee-trente-journalistes-outilles-sur-la-lutte-contre-les-desordres-informationnels","og_locale":"fr_FR","og_type":"article","og_title":"Guin\u00e9e : trente journalistes outill\u00e9s sur la lutte contre les d\u00e9sordres informationnels","og_description":"Africa-Press &#8211; Guin\u00e9e. Du 11 au 15 de\u0301cembre 2023, les capacite\u0301s de trente journalistes guine\u0301ens ont e\u0301te\u0301 renforce\u0301es sur la production de contenu contre les de\u0301sordres informationnels, la ve\u0301rification des faits et la cyberse\u0301curite\u0301. Ces hommes de me\u0301dias, re\u0301unis a\u0300 Labe\u0301, e\u0301taient essentiellement issus des radios communautaires\/rurales et prive\u0301es des quatre re\u0301gions naturelles du pays [&hellip;]","og_url":"https:\/\/www.africa-press.net\/guinee-conakry\/politique\/guinee-trente-journalistes-outilles-sur-la-lutte-contre-les-desordres-informationnels","og_site_name":"guinee Conakry","article_published_time":"2023-12-21T18:53:00+00:00","author":"cfeditorfr","twitter_card":"summary_large_image","twitter_misc":{"\u00c9crit par":"cfeditorfr","Dur\u00e9e de lecture estim\u00e9e":"4 minutes"},"schema":{"@context":"https:\/\/schema.org","@graph":[{"@type":"Article","@id":"https:\/\/www.africa-press.net\/guinee-conakry\/politique\/guinee-trente-journalistes-outilles-sur-la-lutte-contre-les-desordres-informationnels#article","isPartOf":{"@id":"https:\/\/www.africa-press.net\/guinee-conakry\/politique\/guinee-trente-journalistes-outilles-sur-la-lutte-contre-les-desordres-informationnels"},"author":{"name":"cfeditorfr","@id":"https:\/\/www.africa-press.net\/guinee-conakry\/#\/schema\/person\/2b1cf3cd81a31e3cd26889ca66d677f1"},"headline":"Guin\u00e9e : trente journalistes outill\u00e9s sur la lutte contre les d\u00e9sordres informationnels","datePublished":"2023-12-21T18:53:00+00:00","mainEntityOfPage":{"@id":"https:\/\/www.africa-press.net\/guinee-conakry\/politique\/guinee-trente-journalistes-outilles-sur-la-lutte-contre-les-desordres-informationnels"},"wordCount":799,"commentCount":0,"image":{"@id":"https:\/\/www.africa-press.net\/guinee-conakry\/politique\/guinee-trente-journalistes-outilles-sur-la-lutte-contre-les-desordres-informationnels#primaryimage"},"thumbnailUrl":"https:\/\/static.africa-press.net\/conakry\/sites\/63\/2023\/12\/Jokar1703172187.227044.jpg","keywords":["Africa Press","Africa Press-Guin\u00e9e","Guin\u00e9e"],"articleSection":["Communaut\u00e9","Toutes les actualit\u00e9s"],"inLanguage":"fr-FR","potentialAction":[{"@type":"CommentAction","name":"Comment","target":["https:\/\/www.africa-press.net\/guinee-conakry\/politique\/guinee-trente-journalistes-outilles-sur-la-lutte-contre-les-desordres-informationnels#respond"]}]},{"@type":"WebPage","@id":"https:\/\/www.africa-press.net\/guinee-conakry\/politique\/guinee-trente-journalistes-outilles-sur-la-lutte-contre-les-desordres-informationnels","url":"https:\/\/www.africa-press.net\/guinee-conakry\/politique\/guinee-trente-journalistes-outilles-sur-la-lutte-contre-les-desordres-informationnels","name":"Guin\u00e9e : trente journalistes outill\u00e9s sur la lutte contre les d\u00e9sordres informationnels - guinee Conakry","isPartOf":{"@id":"https:\/\/www.africa-press.net\/guinee-conakry\/#website"},"primaryImageOfPage":{"@id":"https:\/\/www.africa-press.net\/guinee-conakry\/politique\/guinee-trente-journalistes-outilles-sur-la-lutte-contre-les-desordres-informationnels#primaryimage"},"image":{"@id":"https:\/\/www.africa-press.net\/guinee-conakry\/politique\/guinee-trente-journalistes-outilles-sur-la-lutte-contre-les-desordres-informationnels#primaryimage"},"thumbnailUrl":"https:\/\/static.africa-press.net\/conakry\/sites\/63\/2023\/12\/Jokar1703172187.227044.jpg","datePublished":"2023-12-21T18:53:00+00:00","author":{"@id":"https:\/\/www.africa-press.net\/guinee-conakry\/#\/schema\/person\/2b1cf3cd81a31e3cd26889ca66d677f1"},"breadcrumb":{"@id":"https:\/\/www.africa-press.net\/guinee-conakry\/politique\/guinee-trente-journalistes-outilles-sur-la-lutte-contre-les-desordres-informationnels#breadcrumb"},"inLanguage":"fr-FR","potentialAction":[{"@type":"ReadAction","target":["https:\/\/www.africa-press.net\/guinee-conakry\/politique\/guinee-trente-journalistes-outilles-sur-la-lutte-contre-les-desordres-informationnels"]}]},{"@type":"ImageObject","inLanguage":"fr-FR","@id":"https:\/\/www.africa-press.net\/guinee-conakry\/politique\/guinee-trente-journalistes-outilles-sur-la-lutte-contre-les-desordres-informationnels#primaryimage","url":"https:\/\/static.africa-press.net\/conakry\/sites\/63\/2023\/12\/Jokar1703172187.227044.jpg","contentUrl":"https:\/\/static.africa-press.net\/conakry\/sites\/63\/2023\/12\/Jokar1703172187.227044.jpg","width":451,"height":230,"caption":"Guin\u00e9e : trente journalistes outill\u00e9s sur la lutte contre les d\u00e9sordres informationnels"},{"@type":"BreadcrumbList","@id":"https:\/\/www.africa-press.net\/guinee-conakry\/politique\/guinee-trente-journalistes-outilles-sur-la-lutte-contre-les-desordres-informationnels#breadcrumb","itemListElement":[{"@type":"ListItem","position":1,"name":"Accueil","item":"https:\/\/www.africa-press.net\/guinee-conakry\/"},{"@type":"ListItem","position":2,"name":"Guin\u00e9e : trente journalistes outill\u00e9s sur la lutte contre les d\u00e9sordres informationnels"}]},{"@type":"WebSite","@id":"https:\/\/www.africa-press.net\/guinee-conakry\/#website","url":"https:\/\/www.africa-press.net\/guinee-conakry\/","name":"guinee Conakry","description":"Just another Africa News Agency Sites site","potentialAction":[{"@type":"SearchAction","target":{"@type":"EntryPoint","urlTemplate":"https:\/\/www.africa-press.net\/guinee-conakry\/?s={search_term_string}"},"query-input":{"@type":"PropertyValueSpecification","valueRequired":true,"valueName":"search_term_string"}}],"inLanguage":"fr-FR"},{"@type":"Person","@id":"https:\/\/www.africa-press.net\/guinee-conakry\/#\/schema\/person\/2b1cf3cd81a31e3cd26889ca66d677f1","name":"cfeditorfr"}]}},"_links":{"self":[{"href":"https:\/\/www.africa-press.net\/guinee-conakry\/wp-json\/wp\/v2\/posts\/17936","targetHints":{"allow":["GET"]}}],"collection":[{"href":"https:\/\/www.africa-press.net\/guinee-conakry\/wp-json\/wp\/v2\/posts"}],"about":[{"href":"https:\/\/www.africa-press.net\/guinee-conakry\/wp-json\/wp\/v2\/types\/post"}],"author":[{"embeddable":true,"href":"https:\/\/www.africa-press.net\/guinee-conakry\/wp-json\/wp\/v2\/users\/82"}],"replies":[{"embeddable":true,"href":"https:\/\/www.africa-press.net\/guinee-conakry\/wp-json\/wp\/v2\/comments?post=17936"}],"version-history":[{"count":0,"href":"https:\/\/www.africa-press.net\/guinee-conakry\/wp-json\/wp\/v2\/posts\/17936\/revisions"}],"wp:featuredmedia":[{"embeddable":true,"href":"https:\/\/www.africa-press.net\/guinee-conakry\/wp-json\/wp\/v2\/media\/17935"}],"wp:attachment":[{"href":"https:\/\/www.africa-press.net\/guinee-conakry\/wp-json\/wp\/v2\/media?parent=17936"}],"wp:term":[{"taxonomy":"category","embeddable":true,"href":"https:\/\/www.africa-press.net\/guinee-conakry\/wp-json\/wp\/v2\/categories?post=17936"},{"taxonomy":"post_tag","embeddable":true,"href":"https:\/\/www.africa-press.net\/guinee-conakry\/wp-json\/wp\/v2\/tags?post=17936"}],"curies":[{"name":"wp","href":"https:\/\/api.w.org\/{rel}","templated":true}]}}