{"id":17938,"date":"2023-12-21T18:54:00","date_gmt":"2023-12-21T18:54:00","guid":{"rendered":"https:\/\/www.africa-press.net\/guinee-conakry\/politique\/dalein-rend-hommage-a-roger-bamba-je-noublierai-jamais-lengagement-la-loyaute-et-le-devouement-de-cet-homme"},"modified":"2023-12-21T18:54:00","modified_gmt":"2023-12-21T18:54:00","slug":"dalein-rend-hommage-a-roger-bamba-je-noublierai-jamais-lengagement-la-loyaute-et-le-devouement-de-cet-homme","status":"publish","type":"post","link":"https:\/\/www.africa-press.net\/guinee-conakry\/politique\/dalein-rend-hommage-a-roger-bamba-je-noublierai-jamais-lengagement-la-loyaute-et-le-devouement-de-cet-homme","title":{"rendered":"Dalein rend hommage \u00e0 Roger Bamba : \u2018\u2019Je n\u2019oublierai jamais l\u2019engagement, la loyaut\u00e9 et le d\u00e9vouement de cet homme\u2019\u2019"},"content":{"rendered":"<p><span style=\"color: #ff6600\"><strong>Africa-Press &#8211; Guin\u00e9e. <\/strong><\/span><b>Trois ans apre\u0300s sa mort en de\u0301tention, le pre\u0301sident de l\u2019Union des forces de\u0301mocratiques de Guine\u0301e (UFDG) continue de se souvenir de Roger Bamba, opposant au troisie\u0300me mandat d\u2019Alpha Conde\u0301<\/b><b>, <\/b><b>de\u0301ce\u0301de\u0301 dans la nuit du mercredi 16 au jeudi 17 de\u0301cembre 2020.<\/b><\/p>\n<p>Cellou Dalein Diallo a rendu, ce jeudi 21 de\u0301cembre, hommage a\u0300 l\u2019opposant Roger Bamba, mort dans la nuit du mercredi 16 au jeudi 17 de\u0301cembre 2020 a\u0300 l\u2019ho\u0302pital national, alors qu\u2019il continuait sa de\u0301tention a\u0300 la Maison centrale de Conakry.<\/p>\n<p>\u2018\u2019Il y a 3 ans, Roger Bamba, de\u0301tenu arbitrairement a\u0300 la maison centrale, nous quittait, faute de soins, laissant sa famille et l\u2019UFDG dans une immense de\u0301solation\u2019\u2019, rappelle le pre\u0301sident de l\u2019Union des forces de\u0301mocratiques de Guine\u0301e (UFDG).<\/p>\n<p>Cellou Dalein Diallo assure que \u2018\u2019je n\u2019oublierai jamais l\u2019engagement, la loyaute\u0301 et le de\u0301vouement de cet homme de conviction et grand militant de l\u2019UFDG. Puisse ton a\u0302me reposer en paix Roger. Amine\u2019\u2019.<\/p>\n<p><b>Pathe\u0301 BAH<\/b><\/p>\n<p><strong>Pour plus d&rsquo;informations et d&rsquo;analyses sur la <a href=\"https:\/\/www.africa-press.net\/guinee-conakry\">Guin\u00e9e<\/a>, suivez <a href=\"https:\/\/www.africa-press.net\/\">Africa-Press<\/a><\/strong><\/p>\n","protected":false},"excerpt":{"rendered":"<p>Africa-Press &#8211; Guin\u00e9e. Trois ans apre\u0300s sa mort en de\u0301tention, le pre\u0301sident de l\u2019Union des forces de\u0301mocratiques de Guine\u0301e (UFDG) continue de se souvenir de Roger Bamba, opposant au troisie\u0300me mandat d\u2019Alpha Conde\u0301, de\u0301ce\u0301de\u0301 dans la nuit du mercredi 16 au jeudi 17 de\u0301cembre 2020. Cellou Dalein Diallo a rendu, ce jeudi 21 de\u0301cembre, hommage [&hellip;]<\/p>\n","protected":false},"author":82,"featured_media":17937,"comment_status":"open","ping_status":"closed","sticky":false,"template":"","format":"standard","meta":{"footnotes":""},"categories":[2,56,10],"tags":[36,57,58],"class_list":["post-17938","post","type-post","status-publish","format-standard","has-post-thumbnail","hentry","category-politique","category-to-homepage","category-toutes-les-actualites","tag-africa-press","tag-africa-press-guinee","tag-guinee"],"yoast_head":"<!-- This site is optimized with the Yoast SEO Premium plugin v26.1 (Yoast SEO v27.0) - https:\/\/yoast.com\/product\/yoast-seo-premium-wordpress\/ -->\n<title>Dalein rend hommage \u00e0 Roger Bamba : \u2018\u2019Je n\u2019oublierai jamais l\u2019engagement, la loyaut\u00e9 et le d\u00e9vouement de cet homme\u2019\u2019 - guinee Conakry<\/title>\n<meta name=\"robots\" content=\"index, follow, max-snippet:-1, max-image-preview:large, max-video-preview:-1\" \/>\n<link rel=\"canonical\" href=\"https:\/\/www.africa-press.net\/guinee-conakry\/politique\/dalein-rend-hommage-a-roger-bamba-je-noublierai-jamais-lengagement-la-loyaute-et-le-devouement-de-cet-homme\" \/>\n<meta property=\"og:locale\" content=\"fr_FR\" \/>\n<meta property=\"og:type\" content=\"article\" \/>\n<meta property=\"og:title\" content=\"Dalein rend hommage \u00e0 Roger Bamba : \u2018\u2019Je n\u2019oublierai jamais l\u2019engagement, la loyaut\u00e9 et le d\u00e9vouement de cet homme\u2019\u2019\" \/>\n<meta property=\"og:description\" content=\"Africa-Press &#8211; Guin\u00e9e. Trois ans apre\u0300s sa mort en de\u0301tention, le pre\u0301sident de l\u2019Union des forces de\u0301mocratiques de Guine\u0301e (UFDG) continue de se souvenir de Roger Bamba, opposant au troisie\u0300me mandat d\u2019Alpha Conde\u0301, de\u0301ce\u0301de\u0301 dans la nuit du mercredi 16 au jeudi 17 de\u0301cembre 2020. Cellou Dalein Diallo a rendu, ce jeudi 21 de\u0301cembre, hommage [&hellip;]\" \/>\n<meta property=\"og:url\" content=\"https:\/\/www.africa-press.net\/guinee-conakry\/politique\/dalein-rend-hommage-a-roger-bamba-je-noublierai-jamais-lengagement-la-loyaute-et-le-devouement-de-cet-homme\" \/>\n<meta property=\"og:site_name\" content=\"guinee Conakry\" \/>\n<meta property=\"article:published_time\" content=\"2023-12-21T18:54:00+00:00\" \/>\n<meta name=\"author\" content=\"cfeditorfr\" \/>\n<meta name=\"twitter:card\" content=\"summary_large_image\" \/>\n<meta name=\"twitter:label1\" content=\"\u00c9crit par\" \/>\n\t<meta name=\"twitter:data1\" content=\"cfeditorfr\" \/>\n\t<meta name=\"twitter:label2\" content=\"Dur\u00e9e de lecture estim\u00e9e\" \/>\n\t<meta name=\"twitter:data2\" content=\"1 minute\" \/>\n<script type=\"application\/ld+json\" class=\"yoast-schema-graph\">{\"@context\":\"https:\/\/schema.org\",\"@graph\":[{\"@type\":\"Article\",\"@id\":\"https:\/\/www.africa-press.net\/guinee-conakry\/politique\/dalein-rend-hommage-a-roger-bamba-je-noublierai-jamais-lengagement-la-loyaute-et-le-devouement-de-cet-homme#article\",\"isPartOf\":{\"@id\":\"https:\/\/www.africa-press.net\/guinee-conakry\/politique\/dalein-rend-hommage-a-roger-bamba-je-noublierai-jamais-lengagement-la-loyaute-et-le-devouement-de-cet-homme\"},\"author\":{\"name\":\"cfeditorfr\",\"@id\":\"https:\/\/www.africa-press.net\/guinee-conakry\/#\/schema\/person\/2b1cf3cd81a31e3cd26889ca66d677f1\"},\"headline\":\"Dalein rend hommage \u00e0 Roger Bamba : \u2018\u2019Je n\u2019oublierai jamais l\u2019engagement, la loyaut\u00e9 et le d\u00e9vouement de cet homme\u2019\u2019\",\"datePublished\":\"2023-12-21T18:54:00+00:00\",\"mainEntityOfPage\":{\"@id\":\"https:\/\/www.africa-press.net\/guinee-conakry\/politique\/dalein-rend-hommage-a-roger-bamba-je-noublierai-jamais-lengagement-la-loyaute-et-le-devouement-de-cet-homme\"},\"wordCount\":213,\"commentCount\":0,\"image\":{\"@id\":\"https:\/\/www.africa-press.net\/guinee-conakry\/politique\/dalein-rend-hommage-a-roger-bamba-je-noublierai-jamais-lengagement-la-loyaute-et-le-devouement-de-cet-homme#primaryimage\"},\"thumbnailUrl\":\"https:\/\/static.africa-press.net\/conakry\/sites\/63\/2023\/12\/Jokar1703172239.047541.jpg\",\"keywords\":[\"Africa Press\",\"Africa Press-Guin\u00e9e\",\"Guin\u00e9e\"],\"articleSection\":[\"Politique\",\"to-homepage\",\"Toutes les actualit\u00e9s\"],\"inLanguage\":\"fr-FR\",\"potentialAction\":[{\"@type\":\"CommentAction\",\"name\":\"Comment\",\"target\":[\"https:\/\/www.africa-press.net\/guinee-conakry\/politique\/dalein-rend-hommage-a-roger-bamba-je-noublierai-jamais-lengagement-la-loyaute-et-le-devouement-de-cet-homme#respond\"]}]},{\"@type\":\"WebPage\",\"@id\":\"https:\/\/www.africa-press.net\/guinee-conakry\/politique\/dalein-rend-hommage-a-roger-bamba-je-noublierai-jamais-lengagement-la-loyaute-et-le-devouement-de-cet-homme\",\"url\":\"https:\/\/www.africa-press.net\/guinee-conakry\/politique\/dalein-rend-hommage-a-roger-bamba-je-noublierai-jamais-lengagement-la-loyaute-et-le-devouement-de-cet-homme\",\"name\":\"Dalein rend hommage \u00e0 Roger Bamba : \u2018\u2019Je n\u2019oublierai jamais l\u2019engagement, la loyaut\u00e9 et le d\u00e9vouement de cet homme\u2019\u2019 - guinee Conakry\",\"isPartOf\":{\"@id\":\"https:\/\/www.africa-press.net\/guinee-conakry\/#website\"},\"primaryImageOfPage\":{\"@id\":\"https:\/\/www.africa-press.net\/guinee-conakry\/politique\/dalein-rend-hommage-a-roger-bamba-je-noublierai-jamais-lengagement-la-loyaute-et-le-devouement-de-cet-homme#primaryimage\"},\"image\":{\"@id\":\"https:\/\/www.africa-press.net\/guinee-conakry\/politique\/dalein-rend-hommage-a-roger-bamba-je-noublierai-jamais-lengagement-la-loyaute-et-le-devouement-de-cet-homme#primaryimage\"},\"thumbnailUrl\":\"https:\/\/static.africa-press.net\/conakry\/sites\/63\/2023\/12\/Jokar1703172239.047541.jpg\",\"datePublished\":\"2023-12-21T18:54:00+00:00\",\"author\":{\"@id\":\"https:\/\/www.africa-press.net\/guinee-conakry\/#\/schema\/person\/2b1cf3cd81a31e3cd26889ca66d677f1\"},\"breadcrumb\":{\"@id\":\"https:\/\/www.africa-press.net\/guinee-conakry\/politique\/dalein-rend-hommage-a-roger-bamba-je-noublierai-jamais-lengagement-la-loyaute-et-le-devouement-de-cet-homme#breadcrumb\"},\"inLanguage\":\"fr-FR\",\"potentialAction\":[{\"@type\":\"ReadAction\",\"target\":[\"https:\/\/www.africa-press.net\/guinee-conakry\/politique\/dalein-rend-hommage-a-roger-bamba-je-noublierai-jamais-lengagement-la-loyaute-et-le-devouement-de-cet-homme\"]}]},{\"@type\":\"ImageObject\",\"inLanguage\":\"fr-FR\",\"@id\":\"https:\/\/www.africa-press.net\/guinee-conakry\/politique\/dalein-rend-hommage-a-roger-bamba-je-noublierai-jamais-lengagement-la-loyaute-et-le-devouement-de-cet-homme#primaryimage\",\"url\":\"https:\/\/static.africa-press.net\/conakry\/sites\/63\/2023\/12\/Jokar1703172239.047541.jpg\",\"contentUrl\":\"https:\/\/static.africa-press.net\/conakry\/sites\/63\/2023\/12\/Jokar1703172239.047541.jpg\",\"width\":733,\"height\":367,\"caption\":\"Dalein rend hommage \u00e0 Roger Bamba : \u2018\u2019Je n\u2019oublierai jamais l\u2019engagement, la loyaut\u00e9 et le d\u00e9vouement de cet homme\u2019\u2019\"},{\"@type\":\"BreadcrumbList\",\"@id\":\"https:\/\/www.africa-press.net\/guinee-conakry\/politique\/dalein-rend-hommage-a-roger-bamba-je-noublierai-jamais-lengagement-la-loyaute-et-le-devouement-de-cet-homme#breadcrumb\",\"itemListElement\":[{\"@type\":\"ListItem\",\"position\":1,\"name\":\"Accueil\",\"item\":\"https:\/\/www.africa-press.net\/guinee-conakry\/\"},{\"@type\":\"ListItem\",\"position\":2,\"name\":\"Dalein rend hommage \u00e0 Roger Bamba : \u2018\u2019Je n\u2019oublierai jamais l\u2019engagement, la loyaut\u00e9 et le d\u00e9vouement de cet homme\u2019\u2019\"}]},{\"@type\":\"WebSite\",\"@id\":\"https:\/\/www.africa-press.net\/guinee-conakry\/#website\",\"url\":\"https:\/\/www.africa-press.net\/guinee-conakry\/\",\"name\":\"guinee Conakry\",\"description\":\"Just another Africa News Agency Sites site\",\"potentialAction\":[{\"@type\":\"SearchAction\",\"target\":{\"@type\":\"EntryPoint\",\"urlTemplate\":\"https:\/\/www.africa-press.net\/guinee-conakry\/?s={search_term_string}\"},\"query-input\":{\"@type\":\"PropertyValueSpecification\",\"valueRequired\":true,\"valueName\":\"search_term_string\"}}],\"inLanguage\":\"fr-FR\"},{\"@type\":\"Person\",\"@id\":\"https:\/\/www.africa-press.net\/guinee-conakry\/#\/schema\/person\/2b1cf3cd81a31e3cd26889ca66d677f1\",\"name\":\"cfeditorfr\"}]}<\/script>\n<!-- \/ Yoast SEO Premium plugin. -->","yoast_head_json":{"title":"Dalein rend hommage \u00e0 Roger Bamba : \u2018\u2019Je n\u2019oublierai jamais l\u2019engagement, la loyaut\u00e9 et le d\u00e9vouement de cet homme\u2019\u2019 - guinee Conakry","robots":{"index":"index","follow":"follow","max-snippet":"max-snippet:-1","max-image-preview":"max-image-preview:large","max-video-preview":"max-video-preview:-1"},"canonical":"https:\/\/www.africa-press.net\/guinee-conakry\/politique\/dalein-rend-hommage-a-roger-bamba-je-noublierai-jamais-lengagement-la-loyaute-et-le-devouement-de-cet-homme","og_locale":"fr_FR","og_type":"article","og_title":"Dalein rend hommage \u00e0 Roger Bamba : \u2018\u2019Je n\u2019oublierai jamais l\u2019engagement, la loyaut\u00e9 et le d\u00e9vouement de cet homme\u2019\u2019","og_description":"Africa-Press &#8211; Guin\u00e9e. Trois ans apre\u0300s sa mort en de\u0301tention, le pre\u0301sident de l\u2019Union des forces de\u0301mocratiques de Guine\u0301e (UFDG) continue de se souvenir de Roger Bamba, opposant au troisie\u0300me mandat d\u2019Alpha Conde\u0301, de\u0301ce\u0301de\u0301 dans la nuit du mercredi 16 au jeudi 17 de\u0301cembre 2020. Cellou Dalein Diallo a rendu, ce jeudi 21 de\u0301cembre, hommage [&hellip;]","og_url":"https:\/\/www.africa-press.net\/guinee-conakry\/politique\/dalein-rend-hommage-a-roger-bamba-je-noublierai-jamais-lengagement-la-loyaute-et-le-devouement-de-cet-homme","og_site_name":"guinee Conakry","article_published_time":"2023-12-21T18:54:00+00:00","author":"cfeditorfr","twitter_card":"summary_large_image","twitter_misc":{"\u00c9crit par":"cfeditorfr","Dur\u00e9e de lecture estim\u00e9e":"1 minute"},"schema":{"@context":"https:\/\/schema.org","@graph":[{"@type":"Article","@id":"https:\/\/www.africa-press.net\/guinee-conakry\/politique\/dalein-rend-hommage-a-roger-bamba-je-noublierai-jamais-lengagement-la-loyaute-et-le-devouement-de-cet-homme#article","isPartOf":{"@id":"https:\/\/www.africa-press.net\/guinee-conakry\/politique\/dalein-rend-hommage-a-roger-bamba-je-noublierai-jamais-lengagement-la-loyaute-et-le-devouement-de-cet-homme"},"author":{"name":"cfeditorfr","@id":"https:\/\/www.africa-press.net\/guinee-conakry\/#\/schema\/person\/2b1cf3cd81a31e3cd26889ca66d677f1"},"headline":"Dalein rend hommage \u00e0 Roger Bamba : \u2018\u2019Je n\u2019oublierai jamais l\u2019engagement, la loyaut\u00e9 et le d\u00e9vouement de cet homme\u2019\u2019","datePublished":"2023-12-21T18:54:00+00:00","mainEntityOfPage":{"@id":"https:\/\/www.africa-press.net\/guinee-conakry\/politique\/dalein-rend-hommage-a-roger-bamba-je-noublierai-jamais-lengagement-la-loyaute-et-le-devouement-de-cet-homme"},"wordCount":213,"commentCount":0,"image":{"@id":"https:\/\/www.africa-press.net\/guinee-conakry\/politique\/dalein-rend-hommage-a-roger-bamba-je-noublierai-jamais-lengagement-la-loyaute-et-le-devouement-de-cet-homme#primaryimage"},"thumbnailUrl":"https:\/\/static.africa-press.net\/conakry\/sites\/63\/2023\/12\/Jokar1703172239.047541.jpg","keywords":["Africa Press","Africa Press-Guin\u00e9e","Guin\u00e9e"],"articleSection":["Politique","to-homepage","Toutes les actualit\u00e9s"],"inLanguage":"fr-FR","potentialAction":[{"@type":"CommentAction","name":"Comment","target":["https:\/\/www.africa-press.net\/guinee-conakry\/politique\/dalein-rend-hommage-a-roger-bamba-je-noublierai-jamais-lengagement-la-loyaute-et-le-devouement-de-cet-homme#respond"]}]},{"@type":"WebPage","@id":"https:\/\/www.africa-press.net\/guinee-conakry\/politique\/dalein-rend-hommage-a-roger-bamba-je-noublierai-jamais-lengagement-la-loyaute-et-le-devouement-de-cet-homme","url":"https:\/\/www.africa-press.net\/guinee-conakry\/politique\/dalein-rend-hommage-a-roger-bamba-je-noublierai-jamais-lengagement-la-loyaute-et-le-devouement-de-cet-homme","name":"Dalein rend hommage \u00e0 Roger Bamba : \u2018\u2019Je n\u2019oublierai jamais l\u2019engagement, la loyaut\u00e9 et le d\u00e9vouement de cet homme\u2019\u2019 - guinee Conakry","isPartOf":{"@id":"https:\/\/www.africa-press.net\/guinee-conakry\/#website"},"primaryImageOfPage":{"@id":"https:\/\/www.africa-press.net\/guinee-conakry\/politique\/dalein-rend-hommage-a-roger-bamba-je-noublierai-jamais-lengagement-la-loyaute-et-le-devouement-de-cet-homme#primaryimage"},"image":{"@id":"https:\/\/www.africa-press.net\/guinee-conakry\/politique\/dalein-rend-hommage-a-roger-bamba-je-noublierai-jamais-lengagement-la-loyaute-et-le-devouement-de-cet-homme#primaryimage"},"thumbnailUrl":"https:\/\/static.africa-press.net\/conakry\/sites\/63\/2023\/12\/Jokar1703172239.047541.jpg","datePublished":"2023-12-21T18:54:00+00:00","author":{"@id":"https:\/\/www.africa-press.net\/guinee-conakry\/#\/schema\/person\/2b1cf3cd81a31e3cd26889ca66d677f1"},"breadcrumb":{"@id":"https:\/\/www.africa-press.net\/guinee-conakry\/politique\/dalein-rend-hommage-a-roger-bamba-je-noublierai-jamais-lengagement-la-loyaute-et-le-devouement-de-cet-homme#breadcrumb"},"inLanguage":"fr-FR","potentialAction":[{"@type":"ReadAction","target":["https:\/\/www.africa-press.net\/guinee-conakry\/politique\/dalein-rend-hommage-a-roger-bamba-je-noublierai-jamais-lengagement-la-loyaute-et-le-devouement-de-cet-homme"]}]},{"@type":"ImageObject","inLanguage":"fr-FR","@id":"https:\/\/www.africa-press.net\/guinee-conakry\/politique\/dalein-rend-hommage-a-roger-bamba-je-noublierai-jamais-lengagement-la-loyaute-et-le-devouement-de-cet-homme#primaryimage","url":"https:\/\/static.africa-press.net\/conakry\/sites\/63\/2023\/12\/Jokar1703172239.047541.jpg","contentUrl":"https:\/\/static.africa-press.net\/conakry\/sites\/63\/2023\/12\/Jokar1703172239.047541.jpg","width":733,"height":367,"caption":"Dalein rend hommage \u00e0 Roger Bamba : \u2018\u2019Je n\u2019oublierai jamais l\u2019engagement, la loyaut\u00e9 et le d\u00e9vouement de cet homme\u2019\u2019"},{"@type":"BreadcrumbList","@id":"https:\/\/www.africa-press.net\/guinee-conakry\/politique\/dalein-rend-hommage-a-roger-bamba-je-noublierai-jamais-lengagement-la-loyaute-et-le-devouement-de-cet-homme#breadcrumb","itemListElement":[{"@type":"ListItem","position":1,"name":"Accueil","item":"https:\/\/www.africa-press.net\/guinee-conakry\/"},{"@type":"ListItem","position":2,"name":"Dalein rend hommage \u00e0 Roger Bamba : \u2018\u2019Je n\u2019oublierai jamais l\u2019engagement, la loyaut\u00e9 et le d\u00e9vouement de cet homme\u2019\u2019"}]},{"@type":"WebSite","@id":"https:\/\/www.africa-press.net\/guinee-conakry\/#website","url":"https:\/\/www.africa-press.net\/guinee-conakry\/","name":"guinee Conakry","description":"Just another Africa News Agency Sites site","potentialAction":[{"@type":"SearchAction","target":{"@type":"EntryPoint","urlTemplate":"https:\/\/www.africa-press.net\/guinee-conakry\/?s={search_term_string}"},"query-input":{"@type":"PropertyValueSpecification","valueRequired":true,"valueName":"search_term_string"}}],"inLanguage":"fr-FR"},{"@type":"Person","@id":"https:\/\/www.africa-press.net\/guinee-conakry\/#\/schema\/person\/2b1cf3cd81a31e3cd26889ca66d677f1","name":"cfeditorfr"}]}},"_links":{"self":[{"href":"https:\/\/www.africa-press.net\/guinee-conakry\/wp-json\/wp\/v2\/posts\/17938","targetHints":{"allow":["GET"]}}],"collection":[{"href":"https:\/\/www.africa-press.net\/guinee-conakry\/wp-json\/wp\/v2\/posts"}],"about":[{"href":"https:\/\/www.africa-press.net\/guinee-conakry\/wp-json\/wp\/v2\/types\/post"}],"author":[{"embeddable":true,"href":"https:\/\/www.africa-press.net\/guinee-conakry\/wp-json\/wp\/v2\/users\/82"}],"replies":[{"embeddable":true,"href":"https:\/\/www.africa-press.net\/guinee-conakry\/wp-json\/wp\/v2\/comments?post=17938"}],"version-history":[{"count":0,"href":"https:\/\/www.africa-press.net\/guinee-conakry\/wp-json\/wp\/v2\/posts\/17938\/revisions"}],"wp:featuredmedia":[{"embeddable":true,"href":"https:\/\/www.africa-press.net\/guinee-conakry\/wp-json\/wp\/v2\/media\/17937"}],"wp:attachment":[{"href":"https:\/\/www.africa-press.net\/guinee-conakry\/wp-json\/wp\/v2\/media?parent=17938"}],"wp:term":[{"taxonomy":"category","embeddable":true,"href":"https:\/\/www.africa-press.net\/guinee-conakry\/wp-json\/wp\/v2\/categories?post=17938"},{"taxonomy":"post_tag","embeddable":true,"href":"https:\/\/www.africa-press.net\/guinee-conakry\/wp-json\/wp\/v2\/tags?post=17938"}],"curies":[{"name":"wp","href":"https:\/\/api.w.org\/{rel}","templated":true}]}}