{"id":17950,"date":"2023-12-21T21:39:00","date_gmt":"2023-12-21T21:39:00","guid":{"rendered":"https:\/\/www.africa-press.net\/guinee-conakry\/politique\/explosion-du-depot-de-carburant-de-kaloum-le-pape-francois-exprime-sa-solidarite-envers-la-guinee"},"modified":"2023-12-21T21:39:00","modified_gmt":"2023-12-21T21:39:00","slug":"explosion-du-depot-de-carburant-de-kaloum-le-pape-francois-exprime-sa-solidarite-envers-la-guinee","status":"publish","type":"post","link":"https:\/\/www.africa-press.net\/guinee-conakry\/toutes-les-actualites\/explosion-du-depot-de-carburant-de-kaloum-le-pape-francois-exprime-sa-solidarite-envers-la-guinee","title":{"rendered":"Explosion du d\u00e9p\u00f4t de carburant de Kaloum: le Pape Fran\u00e7ois exprime sa solidarit\u00e9 envers la Guin\u00e9e"},"content":{"rendered":"<p><span style=\"color: #ff6600\"><strong>Africa-Press &#8211; Guin\u00e9e. <\/strong><\/span>Lors de l\u2019audience ge\u0301ne\u0301rale du mercredi 20 de\u0301cembre, le Pape Franc\u0327ois s\u2019est tourne\u0301 avec compassion vers la Guine\u0301e, qui a e\u0301te\u0301 touche\u0301e par une trage\u0301die de\u0301vastatrice dans la nuit du 17 au 18 de\u0301cembre 2023. L\u2019explosion du de\u0301po\u0302t central d\u2019hydrocarbures de Kaloum ont engendre\u0301 la perte d\u2019au moins 18 vies et ont laisse\u0301 pre\u0300s d\u2019une centaine de personnes gravement blesse\u0301es.<\/p>\n<p>Le Souverain pontife a exprime\u0301 sa proximite\u0301 e\u0301motionnelle envers les familles endeuille\u0301es et les victimes de cette catastrophe. \u00abSuite a\u0300 la grave explosion qui s\u2019est produite a\u0300 Conakry, et qui a fait de nombreuses victimes, j\u2019exprime ma proximite\u0301 aux familles des personnes de\u0301ce\u0301de\u0301es et aux blesse\u0301s\u00bb, a de\u0301clare\u0301 le Pape Franc\u0327ois depuis le Vatican.<\/p>\n<p>Dans un geste empreint de compassion, le Pape a e\u0301galement offert ses prie\u0300res, invoquant la mise\u0301ricorde divine pour soutenir les familles en deuil et gue\u0301rir les blesse\u0301s. \u00abDieu les soutienne et les garde dans l\u2019espe\u0301rance\u00bb, a-t-il implore\u0301.<\/p>\n<p>En cette pe\u0301riode marque\u0301e par la ce\u0301le\u0301bration de la nativite\u0301, le Pape a invite\u0301 les Guine\u0301ens a\u0300 trouver re\u0301confort dans la proximite\u0301 de Dieu. \u00abTouchons du doigt la proximite\u0301 de Dieu dans la cre\u0300che, et recevons sa joie\u00bb, a-t-il exhorte\u0301, rappelant ainsi l\u2019espoir qui peut e\u0301maner de la foi en des moments sombres.<\/p>\n<p>Lors de son adresse a\u0300 la nation ce 20 de\u0301cembre le Colonel Mamadi Doumbouya, pre\u0301sident de la Transition, a de\u0301cre\u0301te\u0301 trois jours de deuil national a\u0300 partir du jeudi 21 de\u0301cembre 2023.<\/p>\n<p><strong>Pour plus d&rsquo;informations et d&rsquo;analyses sur la <a href=\"https:\/\/www.africa-press.net\/guinee-conakry\">Guin\u00e9e<\/a>, suivez <a href=\"https:\/\/www.africa-press.net\/\">Africa-Press<\/a><\/strong><\/p>\n","protected":false},"excerpt":{"rendered":"<p>Africa-Press &#8211; Guin\u00e9e. Lors de l\u2019audience ge\u0301ne\u0301rale du mercredi 20 de\u0301cembre, le Pape Franc\u0327ois s\u2019est tourne\u0301 avec compassion vers la Guine\u0301e, qui a e\u0301te\u0301 touche\u0301e par une trage\u0301die de\u0301vastatrice dans la nuit du 17 au 18 de\u0301cembre 2023. L\u2019explosion du de\u0301po\u0302t central d\u2019hydrocarbures de Kaloum ont engendre\u0301 la perte d\u2019au moins 18 vies et ont [&hellip;]<\/p>\n","protected":false},"author":82,"featured_media":17949,"comment_status":"open","ping_status":"closed","sticky":false,"template":"","format":"standard","meta":{"footnotes":""},"categories":[21,10],"tags":[36,57,58],"class_list":["post-17950","post","type-post","status-publish","format-standard","has-post-thumbnail","hentry","category-communaute","category-toutes-les-actualites","tag-africa-press","tag-africa-press-guinee","tag-guinee"],"yoast_head":"<!-- This site is optimized with the Yoast SEO Premium plugin v26.1 (Yoast SEO v27.0) - https:\/\/yoast.com\/product\/yoast-seo-premium-wordpress\/ -->\n<title>Explosion du d\u00e9p\u00f4t de carburant de Kaloum: le Pape Fran\u00e7ois exprime sa solidarit\u00e9 envers la Guin\u00e9e - guinee Conakry<\/title>\n<meta name=\"robots\" content=\"index, follow, max-snippet:-1, max-image-preview:large, max-video-preview:-1\" \/>\n<link rel=\"canonical\" href=\"https:\/\/www.africa-press.net\/guinee-conakry\/politique\/explosion-du-depot-de-carburant-de-kaloum-le-pape-francois-exprime-sa-solidarite-envers-la-guinee\" \/>\n<meta property=\"og:locale\" content=\"fr_FR\" \/>\n<meta property=\"og:type\" content=\"article\" \/>\n<meta property=\"og:title\" content=\"Explosion du d\u00e9p\u00f4t de carburant de Kaloum: le Pape Fran\u00e7ois exprime sa solidarit\u00e9 envers la Guin\u00e9e\" \/>\n<meta property=\"og:description\" content=\"Africa-Press &#8211; Guin\u00e9e. Lors de l\u2019audience ge\u0301ne\u0301rale du mercredi 20 de\u0301cembre, le Pape Franc\u0327ois s\u2019est tourne\u0301 avec compassion vers la Guine\u0301e, qui a e\u0301te\u0301 touche\u0301e par une trage\u0301die de\u0301vastatrice dans la nuit du 17 au 18 de\u0301cembre 2023. L\u2019explosion du de\u0301po\u0302t central d\u2019hydrocarbures de Kaloum ont engendre\u0301 la perte d\u2019au moins 18 vies et ont [&hellip;]\" \/>\n<meta property=\"og:url\" content=\"https:\/\/www.africa-press.net\/guinee-conakry\/politique\/explosion-du-depot-de-carburant-de-kaloum-le-pape-francois-exprime-sa-solidarite-envers-la-guinee\" \/>\n<meta property=\"og:site_name\" content=\"guinee Conakry\" \/>\n<meta property=\"article:published_time\" content=\"2023-12-21T21:39:00+00:00\" \/>\n<meta name=\"author\" content=\"cfeditorfr\" \/>\n<meta name=\"twitter:card\" content=\"summary_large_image\" \/>\n<meta name=\"twitter:label1\" content=\"\u00c9crit par\" \/>\n\t<meta name=\"twitter:data1\" content=\"cfeditorfr\" \/>\n\t<meta name=\"twitter:label2\" content=\"Dur\u00e9e de lecture estim\u00e9e\" \/>\n\t<meta name=\"twitter:data2\" content=\"1 minute\" \/>\n<script type=\"application\/ld+json\" class=\"yoast-schema-graph\">{\"@context\":\"https:\/\/schema.org\",\"@graph\":[{\"@type\":\"Article\",\"@id\":\"https:\/\/www.africa-press.net\/guinee-conakry\/politique\/explosion-du-depot-de-carburant-de-kaloum-le-pape-francois-exprime-sa-solidarite-envers-la-guinee#article\",\"isPartOf\":{\"@id\":\"https:\/\/www.africa-press.net\/guinee-conakry\/politique\/explosion-du-depot-de-carburant-de-kaloum-le-pape-francois-exprime-sa-solidarite-envers-la-guinee\"},\"author\":{\"name\":\"cfeditorfr\",\"@id\":\"https:\/\/www.africa-press.net\/guinee-conakry\/#\/schema\/person\/2b1cf3cd81a31e3cd26889ca66d677f1\"},\"headline\":\"Explosion du d\u00e9p\u00f4t de carburant de Kaloum: le Pape Fran\u00e7ois exprime sa solidarit\u00e9 envers la Guin\u00e9e\",\"datePublished\":\"2023-12-21T21:39:00+00:00\",\"mainEntityOfPage\":{\"@id\":\"https:\/\/www.africa-press.net\/guinee-conakry\/politique\/explosion-du-depot-de-carburant-de-kaloum-le-pape-francois-exprime-sa-solidarite-envers-la-guinee\"},\"wordCount\":316,\"commentCount\":0,\"image\":{\"@id\":\"https:\/\/www.africa-press.net\/guinee-conakry\/politique\/explosion-du-depot-de-carburant-de-kaloum-le-pape-francois-exprime-sa-solidarite-envers-la-guinee#primaryimage\"},\"thumbnailUrl\":\"https:\/\/static.africa-press.net\/conakry\/sites\/63\/2023\/12\/Jokar1703182145.469393.jpg\",\"keywords\":[\"Africa Press\",\"Africa Press-Guin\u00e9e\",\"Guin\u00e9e\"],\"articleSection\":[\"Communaut\u00e9\",\"Toutes les actualit\u00e9s\"],\"inLanguage\":\"fr-FR\",\"potentialAction\":[{\"@type\":\"CommentAction\",\"name\":\"Comment\",\"target\":[\"https:\/\/www.africa-press.net\/guinee-conakry\/politique\/explosion-du-depot-de-carburant-de-kaloum-le-pape-francois-exprime-sa-solidarite-envers-la-guinee#respond\"]}]},{\"@type\":\"WebPage\",\"@id\":\"https:\/\/www.africa-press.net\/guinee-conakry\/politique\/explosion-du-depot-de-carburant-de-kaloum-le-pape-francois-exprime-sa-solidarite-envers-la-guinee\",\"url\":\"https:\/\/www.africa-press.net\/guinee-conakry\/politique\/explosion-du-depot-de-carburant-de-kaloum-le-pape-francois-exprime-sa-solidarite-envers-la-guinee\",\"name\":\"Explosion du d\u00e9p\u00f4t de carburant de Kaloum: le Pape Fran\u00e7ois exprime sa solidarit\u00e9 envers la Guin\u00e9e - guinee Conakry\",\"isPartOf\":{\"@id\":\"https:\/\/www.africa-press.net\/guinee-conakry\/#website\"},\"primaryImageOfPage\":{\"@id\":\"https:\/\/www.africa-press.net\/guinee-conakry\/politique\/explosion-du-depot-de-carburant-de-kaloum-le-pape-francois-exprime-sa-solidarite-envers-la-guinee#primaryimage\"},\"image\":{\"@id\":\"https:\/\/www.africa-press.net\/guinee-conakry\/politique\/explosion-du-depot-de-carburant-de-kaloum-le-pape-francois-exprime-sa-solidarite-envers-la-guinee#primaryimage\"},\"thumbnailUrl\":\"https:\/\/static.africa-press.net\/conakry\/sites\/63\/2023\/12\/Jokar1703182145.469393.jpg\",\"datePublished\":\"2023-12-21T21:39:00+00:00\",\"author\":{\"@id\":\"https:\/\/www.africa-press.net\/guinee-conakry\/#\/schema\/person\/2b1cf3cd81a31e3cd26889ca66d677f1\"},\"breadcrumb\":{\"@id\":\"https:\/\/www.africa-press.net\/guinee-conakry\/politique\/explosion-du-depot-de-carburant-de-kaloum-le-pape-francois-exprime-sa-solidarite-envers-la-guinee#breadcrumb\"},\"inLanguage\":\"fr-FR\",\"potentialAction\":[{\"@type\":\"ReadAction\",\"target\":[\"https:\/\/www.africa-press.net\/guinee-conakry\/politique\/explosion-du-depot-de-carburant-de-kaloum-le-pape-francois-exprime-sa-solidarite-envers-la-guinee\"]}]},{\"@type\":\"ImageObject\",\"inLanguage\":\"fr-FR\",\"@id\":\"https:\/\/www.africa-press.net\/guinee-conakry\/politique\/explosion-du-depot-de-carburant-de-kaloum-le-pape-francois-exprime-sa-solidarite-envers-la-guinee#primaryimage\",\"url\":\"https:\/\/static.africa-press.net\/conakry\/sites\/63\/2023\/12\/Jokar1703182145.469393.jpg\",\"contentUrl\":\"https:\/\/static.africa-press.net\/conakry\/sites\/63\/2023\/12\/Jokar1703182145.469393.jpg\",\"width\":1250,\"height\":703,\"caption\":\"Explosion du d\u00e9p\u00f4t de carburant de Kaloum: le Pape Fran\u00e7ois exprime sa solidarit\u00e9 envers la Guin\u00e9e\"},{\"@type\":\"BreadcrumbList\",\"@id\":\"https:\/\/www.africa-press.net\/guinee-conakry\/politique\/explosion-du-depot-de-carburant-de-kaloum-le-pape-francois-exprime-sa-solidarite-envers-la-guinee#breadcrumb\",\"itemListElement\":[{\"@type\":\"ListItem\",\"position\":1,\"name\":\"Accueil\",\"item\":\"https:\/\/www.africa-press.net\/guinee-conakry\/\"},{\"@type\":\"ListItem\",\"position\":2,\"name\":\"Explosion du d\u00e9p\u00f4t de carburant de Kaloum: le Pape Fran\u00e7ois exprime sa solidarit\u00e9 envers la Guin\u00e9e\"}]},{\"@type\":\"WebSite\",\"@id\":\"https:\/\/www.africa-press.net\/guinee-conakry\/#website\",\"url\":\"https:\/\/www.africa-press.net\/guinee-conakry\/\",\"name\":\"guinee Conakry\",\"description\":\"Just another Africa News Agency Sites site\",\"potentialAction\":[{\"@type\":\"SearchAction\",\"target\":{\"@type\":\"EntryPoint\",\"urlTemplate\":\"https:\/\/www.africa-press.net\/guinee-conakry\/?s={search_term_string}\"},\"query-input\":{\"@type\":\"PropertyValueSpecification\",\"valueRequired\":true,\"valueName\":\"search_term_string\"}}],\"inLanguage\":\"fr-FR\"},{\"@type\":\"Person\",\"@id\":\"https:\/\/www.africa-press.net\/guinee-conakry\/#\/schema\/person\/2b1cf3cd81a31e3cd26889ca66d677f1\",\"name\":\"cfeditorfr\"}]}<\/script>\n<!-- \/ Yoast SEO Premium plugin. -->","yoast_head_json":{"title":"Explosion du d\u00e9p\u00f4t de carburant de Kaloum: le Pape Fran\u00e7ois exprime sa solidarit\u00e9 envers la Guin\u00e9e - guinee Conakry","robots":{"index":"index","follow":"follow","max-snippet":"max-snippet:-1","max-image-preview":"max-image-preview:large","max-video-preview":"max-video-preview:-1"},"canonical":"https:\/\/www.africa-press.net\/guinee-conakry\/politique\/explosion-du-depot-de-carburant-de-kaloum-le-pape-francois-exprime-sa-solidarite-envers-la-guinee","og_locale":"fr_FR","og_type":"article","og_title":"Explosion du d\u00e9p\u00f4t de carburant de Kaloum: le Pape Fran\u00e7ois exprime sa solidarit\u00e9 envers la Guin\u00e9e","og_description":"Africa-Press &#8211; Guin\u00e9e. Lors de l\u2019audience ge\u0301ne\u0301rale du mercredi 20 de\u0301cembre, le Pape Franc\u0327ois s\u2019est tourne\u0301 avec compassion vers la Guine\u0301e, qui a e\u0301te\u0301 touche\u0301e par une trage\u0301die de\u0301vastatrice dans la nuit du 17 au 18 de\u0301cembre 2023. L\u2019explosion du de\u0301po\u0302t central d\u2019hydrocarbures de Kaloum ont engendre\u0301 la perte d\u2019au moins 18 vies et ont [&hellip;]","og_url":"https:\/\/www.africa-press.net\/guinee-conakry\/politique\/explosion-du-depot-de-carburant-de-kaloum-le-pape-francois-exprime-sa-solidarite-envers-la-guinee","og_site_name":"guinee Conakry","article_published_time":"2023-12-21T21:39:00+00:00","author":"cfeditorfr","twitter_card":"summary_large_image","twitter_misc":{"\u00c9crit par":"cfeditorfr","Dur\u00e9e de lecture estim\u00e9e":"1 minute"},"schema":{"@context":"https:\/\/schema.org","@graph":[{"@type":"Article","@id":"https:\/\/www.africa-press.net\/guinee-conakry\/politique\/explosion-du-depot-de-carburant-de-kaloum-le-pape-francois-exprime-sa-solidarite-envers-la-guinee#article","isPartOf":{"@id":"https:\/\/www.africa-press.net\/guinee-conakry\/politique\/explosion-du-depot-de-carburant-de-kaloum-le-pape-francois-exprime-sa-solidarite-envers-la-guinee"},"author":{"name":"cfeditorfr","@id":"https:\/\/www.africa-press.net\/guinee-conakry\/#\/schema\/person\/2b1cf3cd81a31e3cd26889ca66d677f1"},"headline":"Explosion du d\u00e9p\u00f4t de carburant de Kaloum: le Pape Fran\u00e7ois exprime sa solidarit\u00e9 envers la Guin\u00e9e","datePublished":"2023-12-21T21:39:00+00:00","mainEntityOfPage":{"@id":"https:\/\/www.africa-press.net\/guinee-conakry\/politique\/explosion-du-depot-de-carburant-de-kaloum-le-pape-francois-exprime-sa-solidarite-envers-la-guinee"},"wordCount":316,"commentCount":0,"image":{"@id":"https:\/\/www.africa-press.net\/guinee-conakry\/politique\/explosion-du-depot-de-carburant-de-kaloum-le-pape-francois-exprime-sa-solidarite-envers-la-guinee#primaryimage"},"thumbnailUrl":"https:\/\/static.africa-press.net\/conakry\/sites\/63\/2023\/12\/Jokar1703182145.469393.jpg","keywords":["Africa Press","Africa Press-Guin\u00e9e","Guin\u00e9e"],"articleSection":["Communaut\u00e9","Toutes les actualit\u00e9s"],"inLanguage":"fr-FR","potentialAction":[{"@type":"CommentAction","name":"Comment","target":["https:\/\/www.africa-press.net\/guinee-conakry\/politique\/explosion-du-depot-de-carburant-de-kaloum-le-pape-francois-exprime-sa-solidarite-envers-la-guinee#respond"]}]},{"@type":"WebPage","@id":"https:\/\/www.africa-press.net\/guinee-conakry\/politique\/explosion-du-depot-de-carburant-de-kaloum-le-pape-francois-exprime-sa-solidarite-envers-la-guinee","url":"https:\/\/www.africa-press.net\/guinee-conakry\/politique\/explosion-du-depot-de-carburant-de-kaloum-le-pape-francois-exprime-sa-solidarite-envers-la-guinee","name":"Explosion du d\u00e9p\u00f4t de carburant de Kaloum: le Pape Fran\u00e7ois exprime sa solidarit\u00e9 envers la Guin\u00e9e - guinee Conakry","isPartOf":{"@id":"https:\/\/www.africa-press.net\/guinee-conakry\/#website"},"primaryImageOfPage":{"@id":"https:\/\/www.africa-press.net\/guinee-conakry\/politique\/explosion-du-depot-de-carburant-de-kaloum-le-pape-francois-exprime-sa-solidarite-envers-la-guinee#primaryimage"},"image":{"@id":"https:\/\/www.africa-press.net\/guinee-conakry\/politique\/explosion-du-depot-de-carburant-de-kaloum-le-pape-francois-exprime-sa-solidarite-envers-la-guinee#primaryimage"},"thumbnailUrl":"https:\/\/static.africa-press.net\/conakry\/sites\/63\/2023\/12\/Jokar1703182145.469393.jpg","datePublished":"2023-12-21T21:39:00+00:00","author":{"@id":"https:\/\/www.africa-press.net\/guinee-conakry\/#\/schema\/person\/2b1cf3cd81a31e3cd26889ca66d677f1"},"breadcrumb":{"@id":"https:\/\/www.africa-press.net\/guinee-conakry\/politique\/explosion-du-depot-de-carburant-de-kaloum-le-pape-francois-exprime-sa-solidarite-envers-la-guinee#breadcrumb"},"inLanguage":"fr-FR","potentialAction":[{"@type":"ReadAction","target":["https:\/\/www.africa-press.net\/guinee-conakry\/politique\/explosion-du-depot-de-carburant-de-kaloum-le-pape-francois-exprime-sa-solidarite-envers-la-guinee"]}]},{"@type":"ImageObject","inLanguage":"fr-FR","@id":"https:\/\/www.africa-press.net\/guinee-conakry\/politique\/explosion-du-depot-de-carburant-de-kaloum-le-pape-francois-exprime-sa-solidarite-envers-la-guinee#primaryimage","url":"https:\/\/static.africa-press.net\/conakry\/sites\/63\/2023\/12\/Jokar1703182145.469393.jpg","contentUrl":"https:\/\/static.africa-press.net\/conakry\/sites\/63\/2023\/12\/Jokar1703182145.469393.jpg","width":1250,"height":703,"caption":"Explosion du d\u00e9p\u00f4t de carburant de Kaloum: le Pape Fran\u00e7ois exprime sa solidarit\u00e9 envers la Guin\u00e9e"},{"@type":"BreadcrumbList","@id":"https:\/\/www.africa-press.net\/guinee-conakry\/politique\/explosion-du-depot-de-carburant-de-kaloum-le-pape-francois-exprime-sa-solidarite-envers-la-guinee#breadcrumb","itemListElement":[{"@type":"ListItem","position":1,"name":"Accueil","item":"https:\/\/www.africa-press.net\/guinee-conakry\/"},{"@type":"ListItem","position":2,"name":"Explosion du d\u00e9p\u00f4t de carburant de Kaloum: le Pape Fran\u00e7ois exprime sa solidarit\u00e9 envers la Guin\u00e9e"}]},{"@type":"WebSite","@id":"https:\/\/www.africa-press.net\/guinee-conakry\/#website","url":"https:\/\/www.africa-press.net\/guinee-conakry\/","name":"guinee Conakry","description":"Just another Africa News Agency Sites site","potentialAction":[{"@type":"SearchAction","target":{"@type":"EntryPoint","urlTemplate":"https:\/\/www.africa-press.net\/guinee-conakry\/?s={search_term_string}"},"query-input":{"@type":"PropertyValueSpecification","valueRequired":true,"valueName":"search_term_string"}}],"inLanguage":"fr-FR"},{"@type":"Person","@id":"https:\/\/www.africa-press.net\/guinee-conakry\/#\/schema\/person\/2b1cf3cd81a31e3cd26889ca66d677f1","name":"cfeditorfr"}]}},"_links":{"self":[{"href":"https:\/\/www.africa-press.net\/guinee-conakry\/wp-json\/wp\/v2\/posts\/17950","targetHints":{"allow":["GET"]}}],"collection":[{"href":"https:\/\/www.africa-press.net\/guinee-conakry\/wp-json\/wp\/v2\/posts"}],"about":[{"href":"https:\/\/www.africa-press.net\/guinee-conakry\/wp-json\/wp\/v2\/types\/post"}],"author":[{"embeddable":true,"href":"https:\/\/www.africa-press.net\/guinee-conakry\/wp-json\/wp\/v2\/users\/82"}],"replies":[{"embeddable":true,"href":"https:\/\/www.africa-press.net\/guinee-conakry\/wp-json\/wp\/v2\/comments?post=17950"}],"version-history":[{"count":0,"href":"https:\/\/www.africa-press.net\/guinee-conakry\/wp-json\/wp\/v2\/posts\/17950\/revisions"}],"wp:featuredmedia":[{"embeddable":true,"href":"https:\/\/www.africa-press.net\/guinee-conakry\/wp-json\/wp\/v2\/media\/17949"}],"wp:attachment":[{"href":"https:\/\/www.africa-press.net\/guinee-conakry\/wp-json\/wp\/v2\/media?parent=17950"}],"wp:term":[{"taxonomy":"category","embeddable":true,"href":"https:\/\/www.africa-press.net\/guinee-conakry\/wp-json\/wp\/v2\/categories?post=17950"},{"taxonomy":"post_tag","embeddable":true,"href":"https:\/\/www.africa-press.net\/guinee-conakry\/wp-json\/wp\/v2\/tags?post=17950"}],"curies":[{"name":"wp","href":"https:\/\/api.w.org\/{rel}","templated":true}]}}