{"id":18021,"date":"2023-12-24T16:40:00","date_gmt":"2023-12-24T16:40:00","guid":{"rendered":"https:\/\/www.africa-press.net\/guinee-conakry\/politique\/le-gouverneur-de-la-bcrg-affirme-que-lincendie-du-depot-de-kaloum-aura-des-repercussions-economiques-et-sociales-importantes"},"modified":"2023-12-24T16:40:00","modified_gmt":"2023-12-24T16:40:00","slug":"le-gouverneur-de-la-bcrg-affirme-que-lincendie-du-depot-de-kaloum-aura-des-repercussions-economiques-et-sociales-importantes","status":"publish","type":"post","link":"https:\/\/www.africa-press.net\/guinee-conakry\/economie\/le-gouverneur-de-la-bcrg-affirme-que-lincendie-du-depot-de-kaloum-aura-des-repercussions-economiques-et-sociales-importantes","title":{"rendered":"Le gouverneur de la BCRG affirme que l\u2019incendie du d\u00e9p\u00f4t de Kaloum \u2018\u2019aura des r\u00e9percussions \u00e9conomiques et sociales importantes\u2019\u2019"},"content":{"rendered":"<p><span style=\"color: #ff6600\"><strong>Africa-Press &#8211; Guin\u00e9e. <\/strong><\/span><b>A l\u2019occasion de la pre\u0301sentation du projet de Loi des <\/b><b>f<\/b><b>inances initiale 2024 par le gouvernement au Conseil national de la transition (CNT), Dr Karamo Kaba, gouverneur de la Banque centrale de la Re\u0301publique de Guine\u0301e (BCRG) a annonce\u0301 que la croissance e\u0301conomique de notre pays sera affecte\u0301e suite a\u0300 l\u2019incendie du de\u0301po\u0302t d\u2019hydrocarbure<\/b><b>s<\/b><b> de Kaloum.<\/b><\/p>\n<p>L\u2019incendie de l\u2019entrepo\u0302t de carburant a\u0300 Kaloum, entrai\u0302nant l\u2019explosion des compartiments des cuves a\u0300 essence et de lubrifiants a conduit le gouvernement a\u0300 prendre des mesures conservatoires et de se\u0301curite\u0301 qui ont consiste\u0301 en la fermeture des stations-service, des e\u0301coles et l\u2019arre\u0302t du travail dans les secteurs public et prive\u0301 a\u0300 Kaloum.<\/p>\n<p>Le gouverneur de la BCRG estime que ce drame, qui a entrai\u0302ne\u0301 des pertes en vies humaines et la destruction des installations de la Socie\u0301te\u0301 guine\u0301enne des pe\u0301troles (SGP) ainsi que des e\u0301difices publics et prive\u0301s situe\u0301s dans les environs, ne sera pas sans conse\u0301quences sur notre e\u0301conomie.<\/p>\n<p>\u2018\u2019Soyons clairs et lucides, cet incendie aura des re\u0301percussions e\u0301conomiques et sociales importantes. Au plan e\u0301conomique, la croissance sera affecte\u0301e. En effet, si la destruction des installations de la SGP entrai\u0302ne a\u0300 moyen terme une rupture de l\u2019approvisionnement du pays en carburant, cela risque de perturber les secteurs des transports, de l\u2019industrie, du commerce, des services, etc\u2019\u2019, a indique\u0301 Dr Karamo Kaba.<\/p>\n<p>\u2018\u2019L\u2019INS entrevoit ainsi une baisse des importations de pe\u0301trole raffine\u0301 pour le reste de l\u2019anne\u0301e 2023 de l\u2019ordre de 4,2%, et un ralentissement des activite\u0301s de transports d\u2019environ 2 points de pourcentage par rapport a\u0300 une situation normale. Dans ce contexte, la croissance e\u0301conomique pourrait e\u0302tre ampute\u0301e de 0,7 point de pourcentage\u2019\u2019, a-t-il ajoute\u0301.<\/p>\n<p>Au niveau de l\u2019inflation, a-t-il poursuivi, \u2018\u2019cette perturbation pourrait vraisemblablement occasionner une flambe\u0301e des prix a\u0300 la consommation. A\u0300 date, les transports interurbains ont augmente\u0301 de plus de 60% dans l\u2019ensemble du pays et ont triple\u0301 par endroits. Si cette tendance se poursuit, l\u2019inflation en glissement annuel au niveau national pourrait se situer a\u0300 plus de 10% en de\u0301cembre 2023, contre une pre\u0301vision de moins de 5%. Elle pourrait de\u0301passer 15% dans la re\u0301gion de Conakry alors qu\u2019elle se situait a\u0300 8% en novembre 2023\u2019\u2019.<\/p>\n<p>Selon le patron de la BCRG, \u2018\u2019en termes de finances publiques, le budget de l\u2019Etat sera affecte\u0301 par la baisse des recettes lie\u0301es au ralentissement des activite\u0301s, et par la hausse des de\u0301penses sociales lie\u0301es a\u0300 la prise en charge des sinistre\u0301s et a\u0300 la reconstruction des infrastructures endommage\u0301es\u2019\u2019.<\/p>\n<p>Compte tenu de la situation d\u2019urgence, il affirme que \u2018\u2019le gouvernement pourrait envisager l\u2019e\u0301laboration d\u2019un plan de riposte, avec l\u2019appui des partenaires au de\u0301veloppement. Il pourrait e\u0301galement solliciter le soutien des pays voisins pour assurer l\u2019approvisionnement continu du pays en carburant jusqu\u2019a\u0300 la construction de nouvelles infrastructures pe\u0301trolie\u0300res\u2019\u2019.<\/p>\n<p>En attendant, les autorite\u0301s gouvernementales pourraient envisager la transformation de certaines cuves a\u0300 gasoil en cuves a\u0300 essence. Selon le patron de la BCRG, les nouvelles infrastructures pe\u0301trolie\u0300res doivent e\u0302tre construites sur des sites e\u0301loigne\u0301s des habitations, avec les mesures de se\u0301curite\u0301 approprie\u0301es, avant de pre\u0301ciser que \u2018\u2019la SONAP avait commence\u0301 a\u0300 le faire suivant les instructions de la Re\u0301publique a\u0300 Mandiana et a\u0300 Morybaya\u2019\u2019.<\/p>\n<p><b>Pathe\u0301 BAH<\/b><\/p>\n<p><strong>Pour plus d&rsquo;informations et d&rsquo;analyses sur la <a href=\"https:\/\/www.africa-press.net\/guinee-conakry\">Guin\u00e9e<\/a>, suivez <a href=\"https:\/\/www.africa-press.net\/\">Africa-Press<\/a><\/strong><\/p>\n","protected":false},"excerpt":{"rendered":"<p>Africa-Press &#8211; Guin\u00e9e. A l\u2019occasion de la pre\u0301sentation du projet de Loi des finances initiale 2024 par le gouvernement au Conseil national de la transition (CNT), Dr Karamo Kaba, gouverneur de la Banque centrale de la Re\u0301publique de Guine\u0301e (BCRG) a annonce\u0301 que la croissance e\u0301conomique de notre pays sera affecte\u0301e suite a\u0300 l\u2019incendie du [&hellip;]<\/p>\n","protected":false},"author":82,"featured_media":18020,"comment_status":"open","ping_status":"closed","sticky":false,"template":"","format":"standard","meta":{"footnotes":""},"categories":[3,10],"tags":[36,57,58],"class_list":["post-18021","post","type-post","status-publish","format-standard","has-post-thumbnail","hentry","category-economie","category-toutes-les-actualites","tag-africa-press","tag-africa-press-guinee","tag-guinee"],"yoast_head":"<!-- This site is optimized with the Yoast SEO Premium plugin v26.1 (Yoast SEO v27.0) - https:\/\/yoast.com\/product\/yoast-seo-premium-wordpress\/ -->\n<title>Le gouverneur de la BCRG affirme que l\u2019incendie du d\u00e9p\u00f4t de Kaloum \u2018\u2019aura des r\u00e9percussions \u00e9conomiques et sociales importantes\u2019\u2019 - guinee Conakry<\/title>\n<meta name=\"robots\" content=\"index, follow, max-snippet:-1, max-image-preview:large, max-video-preview:-1\" \/>\n<link rel=\"canonical\" href=\"https:\/\/www.africa-press.net\/guinee-conakry\/politique\/le-gouverneur-de-la-bcrg-affirme-que-lincendie-du-depot-de-kaloum-aura-des-repercussions-economiques-et-sociales-importantes\" \/>\n<meta property=\"og:locale\" content=\"fr_FR\" \/>\n<meta property=\"og:type\" content=\"article\" \/>\n<meta property=\"og:title\" content=\"Le gouverneur de la BCRG affirme que l\u2019incendie du d\u00e9p\u00f4t de Kaloum \u2018\u2019aura des r\u00e9percussions \u00e9conomiques et sociales importantes\u2019\u2019\" \/>\n<meta property=\"og:description\" content=\"Africa-Press &#8211; Guin\u00e9e. A l\u2019occasion de la pre\u0301sentation du projet de Loi des finances initiale 2024 par le gouvernement au Conseil national de la transition (CNT), Dr Karamo Kaba, gouverneur de la Banque centrale de la Re\u0301publique de Guine\u0301e (BCRG) a annonce\u0301 que la croissance e\u0301conomique de notre pays sera affecte\u0301e suite a\u0300 l\u2019incendie du [&hellip;]\" \/>\n<meta property=\"og:url\" content=\"https:\/\/www.africa-press.net\/guinee-conakry\/politique\/le-gouverneur-de-la-bcrg-affirme-que-lincendie-du-depot-de-kaloum-aura-des-repercussions-economiques-et-sociales-importantes\" \/>\n<meta property=\"og:site_name\" content=\"guinee Conakry\" \/>\n<meta property=\"article:published_time\" content=\"2023-12-24T16:40:00+00:00\" \/>\n<meta name=\"author\" content=\"cfeditorfr\" \/>\n<meta name=\"twitter:card\" content=\"summary_large_image\" \/>\n<meta name=\"twitter:label1\" content=\"\u00c9crit par\" \/>\n\t<meta name=\"twitter:data1\" content=\"cfeditorfr\" \/>\n\t<meta name=\"twitter:label2\" content=\"Dur\u00e9e de lecture estim\u00e9e\" \/>\n\t<meta name=\"twitter:data2\" content=\"3 minutes\" \/>\n<script type=\"application\/ld+json\" class=\"yoast-schema-graph\">{\"@context\":\"https:\/\/schema.org\",\"@graph\":[{\"@type\":\"Article\",\"@id\":\"https:\/\/www.africa-press.net\/guinee-conakry\/politique\/le-gouverneur-de-la-bcrg-affirme-que-lincendie-du-depot-de-kaloum-aura-des-repercussions-economiques-et-sociales-importantes#article\",\"isPartOf\":{\"@id\":\"https:\/\/www.africa-press.net\/guinee-conakry\/politique\/le-gouverneur-de-la-bcrg-affirme-que-lincendie-du-depot-de-kaloum-aura-des-repercussions-economiques-et-sociales-importantes\"},\"author\":{\"name\":\"cfeditorfr\",\"@id\":\"https:\/\/www.africa-press.net\/guinee-conakry\/#\/schema\/person\/2b1cf3cd81a31e3cd26889ca66d677f1\"},\"headline\":\"Le gouverneur de la BCRG affirme que l\u2019incendie du d\u00e9p\u00f4t de Kaloum \u2018\u2019aura des r\u00e9percussions \u00e9conomiques et sociales importantes\u2019\u2019\",\"datePublished\":\"2023-12-24T16:40:00+00:00\",\"mainEntityOfPage\":{\"@id\":\"https:\/\/www.africa-press.net\/guinee-conakry\/politique\/le-gouverneur-de-la-bcrg-affirme-que-lincendie-du-depot-de-kaloum-aura-des-repercussions-economiques-et-sociales-importantes\"},\"wordCount\":633,\"commentCount\":0,\"image\":{\"@id\":\"https:\/\/www.africa-press.net\/guinee-conakry\/politique\/le-gouverneur-de-la-bcrg-affirme-que-lincendie-du-depot-de-kaloum-aura-des-repercussions-economiques-et-sociales-importantes#primaryimage\"},\"thumbnailUrl\":\"https:\/\/static.africa-press.net\/conakry\/sites\/63\/2023\/12\/Jokar1703423436.771361.jpg\",\"keywords\":[\"Africa Press\",\"Africa Press-Guin\u00e9e\",\"Guin\u00e9e\"],\"articleSection\":[\"\u00c9conomie\",\"Toutes les actualit\u00e9s\"],\"inLanguage\":\"fr-FR\",\"potentialAction\":[{\"@type\":\"CommentAction\",\"name\":\"Comment\",\"target\":[\"https:\/\/www.africa-press.net\/guinee-conakry\/politique\/le-gouverneur-de-la-bcrg-affirme-que-lincendie-du-depot-de-kaloum-aura-des-repercussions-economiques-et-sociales-importantes#respond\"]}]},{\"@type\":\"WebPage\",\"@id\":\"https:\/\/www.africa-press.net\/guinee-conakry\/politique\/le-gouverneur-de-la-bcrg-affirme-que-lincendie-du-depot-de-kaloum-aura-des-repercussions-economiques-et-sociales-importantes\",\"url\":\"https:\/\/www.africa-press.net\/guinee-conakry\/politique\/le-gouverneur-de-la-bcrg-affirme-que-lincendie-du-depot-de-kaloum-aura-des-repercussions-economiques-et-sociales-importantes\",\"name\":\"Le gouverneur de la BCRG affirme que l\u2019incendie du d\u00e9p\u00f4t de Kaloum \u2018\u2019aura des r\u00e9percussions \u00e9conomiques et sociales importantes\u2019\u2019 - guinee Conakry\",\"isPartOf\":{\"@id\":\"https:\/\/www.africa-press.net\/guinee-conakry\/#website\"},\"primaryImageOfPage\":{\"@id\":\"https:\/\/www.africa-press.net\/guinee-conakry\/politique\/le-gouverneur-de-la-bcrg-affirme-que-lincendie-du-depot-de-kaloum-aura-des-repercussions-economiques-et-sociales-importantes#primaryimage\"},\"image\":{\"@id\":\"https:\/\/www.africa-press.net\/guinee-conakry\/politique\/le-gouverneur-de-la-bcrg-affirme-que-lincendie-du-depot-de-kaloum-aura-des-repercussions-economiques-et-sociales-importantes#primaryimage\"},\"thumbnailUrl\":\"https:\/\/static.africa-press.net\/conakry\/sites\/63\/2023\/12\/Jokar1703423436.771361.jpg\",\"datePublished\":\"2023-12-24T16:40:00+00:00\",\"author\":{\"@id\":\"https:\/\/www.africa-press.net\/guinee-conakry\/#\/schema\/person\/2b1cf3cd81a31e3cd26889ca66d677f1\"},\"breadcrumb\":{\"@id\":\"https:\/\/www.africa-press.net\/guinee-conakry\/politique\/le-gouverneur-de-la-bcrg-affirme-que-lincendie-du-depot-de-kaloum-aura-des-repercussions-economiques-et-sociales-importantes#breadcrumb\"},\"inLanguage\":\"fr-FR\",\"potentialAction\":[{\"@type\":\"ReadAction\",\"target\":[\"https:\/\/www.africa-press.net\/guinee-conakry\/politique\/le-gouverneur-de-la-bcrg-affirme-que-lincendie-du-depot-de-kaloum-aura-des-repercussions-economiques-et-sociales-importantes\"]}]},{\"@type\":\"ImageObject\",\"inLanguage\":\"fr-FR\",\"@id\":\"https:\/\/www.africa-press.net\/guinee-conakry\/politique\/le-gouverneur-de-la-bcrg-affirme-que-lincendie-du-depot-de-kaloum-aura-des-repercussions-economiques-et-sociales-importantes#primaryimage\",\"url\":\"https:\/\/static.africa-press.net\/conakry\/sites\/63\/2023\/12\/Jokar1703423436.771361.jpg\",\"contentUrl\":\"https:\/\/static.africa-press.net\/conakry\/sites\/63\/2023\/12\/Jokar1703423436.771361.jpg\",\"width\":640,\"height\":359,\"caption\":\"Le gouverneur de la BCRG affirme que l\u2019incendie du d\u00e9p\u00f4t de Kaloum \u2018\u2019aura des r\u00e9percussions \u00e9conomiques et sociales importantes\u2019\u2019\"},{\"@type\":\"BreadcrumbList\",\"@id\":\"https:\/\/www.africa-press.net\/guinee-conakry\/politique\/le-gouverneur-de-la-bcrg-affirme-que-lincendie-du-depot-de-kaloum-aura-des-repercussions-economiques-et-sociales-importantes#breadcrumb\",\"itemListElement\":[{\"@type\":\"ListItem\",\"position\":1,\"name\":\"Accueil\",\"item\":\"https:\/\/www.africa-press.net\/guinee-conakry\/\"},{\"@type\":\"ListItem\",\"position\":2,\"name\":\"Le gouverneur de la BCRG affirme que l\u2019incendie du d\u00e9p\u00f4t de Kaloum \u2018\u2019aura des r\u00e9percussions \u00e9conomiques et sociales importantes\u2019\u2019\"}]},{\"@type\":\"WebSite\",\"@id\":\"https:\/\/www.africa-press.net\/guinee-conakry\/#website\",\"url\":\"https:\/\/www.africa-press.net\/guinee-conakry\/\",\"name\":\"guinee Conakry\",\"description\":\"Just another Africa News Agency Sites site\",\"potentialAction\":[{\"@type\":\"SearchAction\",\"target\":{\"@type\":\"EntryPoint\",\"urlTemplate\":\"https:\/\/www.africa-press.net\/guinee-conakry\/?s={search_term_string}\"},\"query-input\":{\"@type\":\"PropertyValueSpecification\",\"valueRequired\":true,\"valueName\":\"search_term_string\"}}],\"inLanguage\":\"fr-FR\"},{\"@type\":\"Person\",\"@id\":\"https:\/\/www.africa-press.net\/guinee-conakry\/#\/schema\/person\/2b1cf3cd81a31e3cd26889ca66d677f1\",\"name\":\"cfeditorfr\"}]}<\/script>\n<!-- \/ Yoast SEO Premium plugin. -->","yoast_head_json":{"title":"Le gouverneur de la BCRG affirme que l\u2019incendie du d\u00e9p\u00f4t de Kaloum \u2018\u2019aura des r\u00e9percussions \u00e9conomiques et sociales importantes\u2019\u2019 - guinee Conakry","robots":{"index":"index","follow":"follow","max-snippet":"max-snippet:-1","max-image-preview":"max-image-preview:large","max-video-preview":"max-video-preview:-1"},"canonical":"https:\/\/www.africa-press.net\/guinee-conakry\/politique\/le-gouverneur-de-la-bcrg-affirme-que-lincendie-du-depot-de-kaloum-aura-des-repercussions-economiques-et-sociales-importantes","og_locale":"fr_FR","og_type":"article","og_title":"Le gouverneur de la BCRG affirme que l\u2019incendie du d\u00e9p\u00f4t de Kaloum \u2018\u2019aura des r\u00e9percussions \u00e9conomiques et sociales importantes\u2019\u2019","og_description":"Africa-Press &#8211; Guin\u00e9e. A l\u2019occasion de la pre\u0301sentation du projet de Loi des finances initiale 2024 par le gouvernement au Conseil national de la transition (CNT), Dr Karamo Kaba, gouverneur de la Banque centrale de la Re\u0301publique de Guine\u0301e (BCRG) a annonce\u0301 que la croissance e\u0301conomique de notre pays sera affecte\u0301e suite a\u0300 l\u2019incendie du [&hellip;]","og_url":"https:\/\/www.africa-press.net\/guinee-conakry\/politique\/le-gouverneur-de-la-bcrg-affirme-que-lincendie-du-depot-de-kaloum-aura-des-repercussions-economiques-et-sociales-importantes","og_site_name":"guinee Conakry","article_published_time":"2023-12-24T16:40:00+00:00","author":"cfeditorfr","twitter_card":"summary_large_image","twitter_misc":{"\u00c9crit par":"cfeditorfr","Dur\u00e9e de lecture estim\u00e9e":"3 minutes"},"schema":{"@context":"https:\/\/schema.org","@graph":[{"@type":"Article","@id":"https:\/\/www.africa-press.net\/guinee-conakry\/politique\/le-gouverneur-de-la-bcrg-affirme-que-lincendie-du-depot-de-kaloum-aura-des-repercussions-economiques-et-sociales-importantes#article","isPartOf":{"@id":"https:\/\/www.africa-press.net\/guinee-conakry\/politique\/le-gouverneur-de-la-bcrg-affirme-que-lincendie-du-depot-de-kaloum-aura-des-repercussions-economiques-et-sociales-importantes"},"author":{"name":"cfeditorfr","@id":"https:\/\/www.africa-press.net\/guinee-conakry\/#\/schema\/person\/2b1cf3cd81a31e3cd26889ca66d677f1"},"headline":"Le gouverneur de la BCRG affirme que l\u2019incendie du d\u00e9p\u00f4t de Kaloum \u2018\u2019aura des r\u00e9percussions \u00e9conomiques et sociales importantes\u2019\u2019","datePublished":"2023-12-24T16:40:00+00:00","mainEntityOfPage":{"@id":"https:\/\/www.africa-press.net\/guinee-conakry\/politique\/le-gouverneur-de-la-bcrg-affirme-que-lincendie-du-depot-de-kaloum-aura-des-repercussions-economiques-et-sociales-importantes"},"wordCount":633,"commentCount":0,"image":{"@id":"https:\/\/www.africa-press.net\/guinee-conakry\/politique\/le-gouverneur-de-la-bcrg-affirme-que-lincendie-du-depot-de-kaloum-aura-des-repercussions-economiques-et-sociales-importantes#primaryimage"},"thumbnailUrl":"https:\/\/static.africa-press.net\/conakry\/sites\/63\/2023\/12\/Jokar1703423436.771361.jpg","keywords":["Africa Press","Africa Press-Guin\u00e9e","Guin\u00e9e"],"articleSection":["\u00c9conomie","Toutes les actualit\u00e9s"],"inLanguage":"fr-FR","potentialAction":[{"@type":"CommentAction","name":"Comment","target":["https:\/\/www.africa-press.net\/guinee-conakry\/politique\/le-gouverneur-de-la-bcrg-affirme-que-lincendie-du-depot-de-kaloum-aura-des-repercussions-economiques-et-sociales-importantes#respond"]}]},{"@type":"WebPage","@id":"https:\/\/www.africa-press.net\/guinee-conakry\/politique\/le-gouverneur-de-la-bcrg-affirme-que-lincendie-du-depot-de-kaloum-aura-des-repercussions-economiques-et-sociales-importantes","url":"https:\/\/www.africa-press.net\/guinee-conakry\/politique\/le-gouverneur-de-la-bcrg-affirme-que-lincendie-du-depot-de-kaloum-aura-des-repercussions-economiques-et-sociales-importantes","name":"Le gouverneur de la BCRG affirme que l\u2019incendie du d\u00e9p\u00f4t de Kaloum \u2018\u2019aura des r\u00e9percussions \u00e9conomiques et sociales importantes\u2019\u2019 - guinee Conakry","isPartOf":{"@id":"https:\/\/www.africa-press.net\/guinee-conakry\/#website"},"primaryImageOfPage":{"@id":"https:\/\/www.africa-press.net\/guinee-conakry\/politique\/le-gouverneur-de-la-bcrg-affirme-que-lincendie-du-depot-de-kaloum-aura-des-repercussions-economiques-et-sociales-importantes#primaryimage"},"image":{"@id":"https:\/\/www.africa-press.net\/guinee-conakry\/politique\/le-gouverneur-de-la-bcrg-affirme-que-lincendie-du-depot-de-kaloum-aura-des-repercussions-economiques-et-sociales-importantes#primaryimage"},"thumbnailUrl":"https:\/\/static.africa-press.net\/conakry\/sites\/63\/2023\/12\/Jokar1703423436.771361.jpg","datePublished":"2023-12-24T16:40:00+00:00","author":{"@id":"https:\/\/www.africa-press.net\/guinee-conakry\/#\/schema\/person\/2b1cf3cd81a31e3cd26889ca66d677f1"},"breadcrumb":{"@id":"https:\/\/www.africa-press.net\/guinee-conakry\/politique\/le-gouverneur-de-la-bcrg-affirme-que-lincendie-du-depot-de-kaloum-aura-des-repercussions-economiques-et-sociales-importantes#breadcrumb"},"inLanguage":"fr-FR","potentialAction":[{"@type":"ReadAction","target":["https:\/\/www.africa-press.net\/guinee-conakry\/politique\/le-gouverneur-de-la-bcrg-affirme-que-lincendie-du-depot-de-kaloum-aura-des-repercussions-economiques-et-sociales-importantes"]}]},{"@type":"ImageObject","inLanguage":"fr-FR","@id":"https:\/\/www.africa-press.net\/guinee-conakry\/politique\/le-gouverneur-de-la-bcrg-affirme-que-lincendie-du-depot-de-kaloum-aura-des-repercussions-economiques-et-sociales-importantes#primaryimage","url":"https:\/\/static.africa-press.net\/conakry\/sites\/63\/2023\/12\/Jokar1703423436.771361.jpg","contentUrl":"https:\/\/static.africa-press.net\/conakry\/sites\/63\/2023\/12\/Jokar1703423436.771361.jpg","width":640,"height":359,"caption":"Le gouverneur de la BCRG affirme que l\u2019incendie du d\u00e9p\u00f4t de Kaloum \u2018\u2019aura des r\u00e9percussions \u00e9conomiques et sociales importantes\u2019\u2019"},{"@type":"BreadcrumbList","@id":"https:\/\/www.africa-press.net\/guinee-conakry\/politique\/le-gouverneur-de-la-bcrg-affirme-que-lincendie-du-depot-de-kaloum-aura-des-repercussions-economiques-et-sociales-importantes#breadcrumb","itemListElement":[{"@type":"ListItem","position":1,"name":"Accueil","item":"https:\/\/www.africa-press.net\/guinee-conakry\/"},{"@type":"ListItem","position":2,"name":"Le gouverneur de la BCRG affirme que l\u2019incendie du d\u00e9p\u00f4t de Kaloum \u2018\u2019aura des r\u00e9percussions \u00e9conomiques et sociales importantes\u2019\u2019"}]},{"@type":"WebSite","@id":"https:\/\/www.africa-press.net\/guinee-conakry\/#website","url":"https:\/\/www.africa-press.net\/guinee-conakry\/","name":"guinee Conakry","description":"Just another Africa News Agency Sites site","potentialAction":[{"@type":"SearchAction","target":{"@type":"EntryPoint","urlTemplate":"https:\/\/www.africa-press.net\/guinee-conakry\/?s={search_term_string}"},"query-input":{"@type":"PropertyValueSpecification","valueRequired":true,"valueName":"search_term_string"}}],"inLanguage":"fr-FR"},{"@type":"Person","@id":"https:\/\/www.africa-press.net\/guinee-conakry\/#\/schema\/person\/2b1cf3cd81a31e3cd26889ca66d677f1","name":"cfeditorfr"}]}},"_links":{"self":[{"href":"https:\/\/www.africa-press.net\/guinee-conakry\/wp-json\/wp\/v2\/posts\/18021","targetHints":{"allow":["GET"]}}],"collection":[{"href":"https:\/\/www.africa-press.net\/guinee-conakry\/wp-json\/wp\/v2\/posts"}],"about":[{"href":"https:\/\/www.africa-press.net\/guinee-conakry\/wp-json\/wp\/v2\/types\/post"}],"author":[{"embeddable":true,"href":"https:\/\/www.africa-press.net\/guinee-conakry\/wp-json\/wp\/v2\/users\/82"}],"replies":[{"embeddable":true,"href":"https:\/\/www.africa-press.net\/guinee-conakry\/wp-json\/wp\/v2\/comments?post=18021"}],"version-history":[{"count":0,"href":"https:\/\/www.africa-press.net\/guinee-conakry\/wp-json\/wp\/v2\/posts\/18021\/revisions"}],"wp:featuredmedia":[{"embeddable":true,"href":"https:\/\/www.africa-press.net\/guinee-conakry\/wp-json\/wp\/v2\/media\/18020"}],"wp:attachment":[{"href":"https:\/\/www.africa-press.net\/guinee-conakry\/wp-json\/wp\/v2\/media?parent=18021"}],"wp:term":[{"taxonomy":"category","embeddable":true,"href":"https:\/\/www.africa-press.net\/guinee-conakry\/wp-json\/wp\/v2\/categories?post=18021"},{"taxonomy":"post_tag","embeddable":true,"href":"https:\/\/www.africa-press.net\/guinee-conakry\/wp-json\/wp\/v2\/tags?post=18021"}],"curies":[{"name":"wp","href":"https:\/\/api.w.org\/{rel}","templated":true}]}}