{"id":18027,"date":"2023-12-25T16:36:00","date_gmt":"2023-12-25T16:36:00","guid":{"rendered":"https:\/\/www.africa-press.net\/guinee-conakry\/politique\/dalein-ou-le-merite-de-la-clarte-et-de-la-clairvoyance"},"modified":"2023-12-25T16:36:00","modified_gmt":"2023-12-25T16:36:00","slug":"dalein-ou-le-merite-de-la-clarte-et-de-la-clairvoyance","status":"publish","type":"post","link":"https:\/\/www.africa-press.net\/guinee-conakry\/dossiers\/dalein-ou-le-merite-de-la-clarte-et-de-la-clairvoyance","title":{"rendered":"Dalein ou le m\u00e9rite de la clart\u00e9 et de la clairvoyance\u00a0!"},"content":{"rendered":"<p><span style=\"color: #ff6600\"><strong>Africa-Press &#8211; Guin\u00e9e. <\/strong><\/span><b>Intelligence vive, culture immense et expe\u0301rience solide et vastement varie\u0301e, Cellou Dalein Diallo re\u0301habilite\u0301 par le temps avec des qualite\u0301s d\u2019une profonde humilite\u0301 et forte sagesse cre\u0301dibilisent davantage son statut de rassembleur et d\u2019homme capable d\u2019ouverture. <\/b><\/p>\n<p>Il impressionne et forge en lui, avec le temps qui court, un grand respect et et re\u0301pand dans son entourage l\u2019espe\u0301rance, la perse\u0301ve\u0301rance, la re\u0301silience et la foi.<\/p>\n<p>Sa liberte\u0301 d\u2019esprit, son ouverture intellectuelle, sa tre\u0300s profonde volonte\u0301 d\u2019unir et servir et sa curieuse soif d\u2019offrir le meilleur de lui pour le meilleur des mondes font de lui, le bon et cre\u0301dible choix pour son pays, devenu orphelin et abandonne\u0301 dans les mains de ne\u0301ophytes qui s\u2019essaient a\u0300 tout, sans jamais rien re\u0301ussir, malheureusement.<\/p>\n<p>L\u2019e\u0301chec de la gouvernance actuelle, donne raison au leader de l\u2019UFDG et renforce son capital sympathie. Ce que Cellou voit assis, les yeux ferme\u0301s, toute la Guine\u0301e, debout, ne le verra pas. Il a un don divin au myste\u0300re impe\u0301ne\u0301trable. C\u2019est un e\u0301lu Dieu.<\/p>\n<p>Dans sa vision d\u2019une Guine\u0301e de tous, avec tous, Cellou, de\u0301ja\u0300, fait preuve de missionnaire de\u0301voue\u0301, de militant des bonnes causes et de de\u0301fenseur de la justice sociale et de l\u2019e\u0301quilibre national.<\/p>\n<p>C\u2019est pourquoi, l\u2019homme n\u2019he\u0301sitera pas, demain, une fois e\u0301lu Pre\u0301sident de la Re\u0301publique de chercher a\u0300 rassembler des gens diffe\u0301rents et de satisfaire a\u0300 la diversite\u0301 de la Guine\u0301e avec des choix qui portent en eux-me\u0302mes cette aspiration a\u0300 la diffe\u0301rence et ce de\u0301sir de multitudes d\u2019opinions dans une de\u0301mocratie respectueuse, dans une gouvernance vertueuse et porteuse d\u2019espe\u0301rances vraies.<\/p>\n<p>Le Guine\u0301en a compris et le temps a fini par imposer sa re\u0300gle. Le mensonge n\u2019a plus sa place dans notre socie\u0301te\u0301. Les rancunes et ranc\u0153urs ne servent plus. Seul le me\u0301rite compte et seul le temps paie.<\/p>\n<p>La place de Cellou, ce n\u2019est ni l\u2019exil, ni la retraite provoque\u0301e par une meute haineuse et trompeuse.<\/p>\n<p>Sa place, c\u2019est dans l\u2019E\u0301tat. Son ro\u0302le, c\u2019est de diriger. Et sa vocation, c\u2019est de provoquer le miracle, construire et garantir un avenir cohe\u0301rent, de valeurs et de principes immuables que le temps ne saura de\u0301faire.<\/p>\n<p>Acceptons le destin de l\u2019homme. Dieu, a de\u0301ja\u0300, tout trace\u0301. Il n\u2019obe\u0301it qu\u2019a\u0300 la volonte\u0301 du temps.<\/p>\n<p>Demain nous re\u0301serve, de belles et agre\u0301ables surprises !<\/p>\n<p><b>Par Marouane Camara<\/b><\/p>\n<p>Editorialiste<\/p>\n<p><strong>Pour plus d&rsquo;informations et d&rsquo;analyses sur la <a href=\"https:\/\/www.africa-press.net\/guinee-conakry\">Guin\u00e9e<\/a>, suivez <a href=\"https:\/\/www.africa-press.net\/\">Africa-Press<\/a><\/strong><\/p>\n","protected":false},"excerpt":{"rendered":"<p>Africa-Press &#8211; Guin\u00e9e. Intelligence vive, culture immense et expe\u0301rience solide et vastement varie\u0301e, Cellou Dalein Diallo re\u0301habilite\u0301 par le temps avec des qualite\u0301s d\u2019une profonde humilite\u0301 et forte sagesse cre\u0301dibilisent davantage son statut de rassembleur et d\u2019homme capable d\u2019ouverture. Il impressionne et forge en lui, avec le temps qui court, un grand respect et et [&hellip;]<\/p>\n","protected":false},"author":82,"featured_media":18026,"comment_status":"open","ping_status":"closed","sticky":false,"template":"","format":"standard","meta":{"footnotes":""},"categories":[7,10],"tags":[36,57,58],"class_list":["post-18027","post","type-post","status-publish","format-standard","has-post-thumbnail","hentry","category-dossiers","category-toutes-les-actualites","tag-africa-press","tag-africa-press-guinee","tag-guinee"],"yoast_head":"<!-- This site is optimized with the Yoast SEO Premium plugin v26.1 (Yoast SEO v27.0) - https:\/\/yoast.com\/product\/yoast-seo-premium-wordpress\/ -->\n<title>Dalein ou le m\u00e9rite de la clart\u00e9 et de la clairvoyance\u00a0! - guinee Conakry<\/title>\n<meta name=\"robots\" content=\"index, follow, max-snippet:-1, max-image-preview:large, max-video-preview:-1\" \/>\n<link rel=\"canonical\" href=\"https:\/\/www.africa-press.net\/guinee-conakry\/politique\/dalein-ou-le-merite-de-la-clarte-et-de-la-clairvoyance\" \/>\n<meta property=\"og:locale\" content=\"fr_FR\" \/>\n<meta property=\"og:type\" content=\"article\" \/>\n<meta property=\"og:title\" content=\"Dalein ou le m\u00e9rite de la clart\u00e9 et de la clairvoyance\u00a0!\" \/>\n<meta property=\"og:description\" content=\"Africa-Press &#8211; Guin\u00e9e. Intelligence vive, culture immense et expe\u0301rience solide et vastement varie\u0301e, Cellou Dalein Diallo re\u0301habilite\u0301 par le temps avec des qualite\u0301s d\u2019une profonde humilite\u0301 et forte sagesse cre\u0301dibilisent davantage son statut de rassembleur et d\u2019homme capable d\u2019ouverture. Il impressionne et forge en lui, avec le temps qui court, un grand respect et et [&hellip;]\" \/>\n<meta property=\"og:url\" content=\"https:\/\/www.africa-press.net\/guinee-conakry\/politique\/dalein-ou-le-merite-de-la-clarte-et-de-la-clairvoyance\" \/>\n<meta property=\"og:site_name\" content=\"guinee Conakry\" \/>\n<meta property=\"article:published_time\" content=\"2023-12-25T16:36:00+00:00\" \/>\n<meta name=\"author\" content=\"cfeditorfr\" \/>\n<meta name=\"twitter:card\" content=\"summary_large_image\" \/>\n<meta name=\"twitter:label1\" content=\"\u00c9crit par\" \/>\n\t<meta name=\"twitter:data1\" content=\"cfeditorfr\" \/>\n\t<meta name=\"twitter:label2\" content=\"Dur\u00e9e de lecture estim\u00e9e\" \/>\n\t<meta name=\"twitter:data2\" content=\"2 minutes\" \/>\n<script type=\"application\/ld+json\" class=\"yoast-schema-graph\">{\"@context\":\"https:\/\/schema.org\",\"@graph\":[{\"@type\":\"Article\",\"@id\":\"https:\/\/www.africa-press.net\/guinee-conakry\/politique\/dalein-ou-le-merite-de-la-clarte-et-de-la-clairvoyance#article\",\"isPartOf\":{\"@id\":\"https:\/\/www.africa-press.net\/guinee-conakry\/politique\/dalein-ou-le-merite-de-la-clarte-et-de-la-clairvoyance\"},\"author\":{\"name\":\"cfeditorfr\",\"@id\":\"https:\/\/www.africa-press.net\/guinee-conakry\/#\/schema\/person\/2b1cf3cd81a31e3cd26889ca66d677f1\"},\"headline\":\"Dalein ou le m\u00e9rite de la clart\u00e9 et de la clairvoyance\u00a0!\",\"datePublished\":\"2023-12-25T16:36:00+00:00\",\"mainEntityOfPage\":{\"@id\":\"https:\/\/www.africa-press.net\/guinee-conakry\/politique\/dalein-ou-le-merite-de-la-clarte-et-de-la-clairvoyance\"},\"wordCount\":484,\"commentCount\":0,\"image\":{\"@id\":\"https:\/\/www.africa-press.net\/guinee-conakry\/politique\/dalein-ou-le-merite-de-la-clarte-et-de-la-clairvoyance#primaryimage\"},\"thumbnailUrl\":\"https:\/\/static.africa-press.net\/conakry\/sites\/63\/2023\/12\/Jokar1703509600.394296.jpg\",\"keywords\":[\"Africa Press\",\"Africa Press-Guin\u00e9e\",\"Guin\u00e9e\"],\"articleSection\":[\"Dossiers\",\"Toutes les actualit\u00e9s\"],\"inLanguage\":\"fr-FR\",\"potentialAction\":[{\"@type\":\"CommentAction\",\"name\":\"Comment\",\"target\":[\"https:\/\/www.africa-press.net\/guinee-conakry\/politique\/dalein-ou-le-merite-de-la-clarte-et-de-la-clairvoyance#respond\"]}]},{\"@type\":\"WebPage\",\"@id\":\"https:\/\/www.africa-press.net\/guinee-conakry\/politique\/dalein-ou-le-merite-de-la-clarte-et-de-la-clairvoyance\",\"url\":\"https:\/\/www.africa-press.net\/guinee-conakry\/politique\/dalein-ou-le-merite-de-la-clarte-et-de-la-clairvoyance\",\"name\":\"Dalein ou le m\u00e9rite de la clart\u00e9 et de la clairvoyance\u00a0! - guinee Conakry\",\"isPartOf\":{\"@id\":\"https:\/\/www.africa-press.net\/guinee-conakry\/#website\"},\"primaryImageOfPage\":{\"@id\":\"https:\/\/www.africa-press.net\/guinee-conakry\/politique\/dalein-ou-le-merite-de-la-clarte-et-de-la-clairvoyance#primaryimage\"},\"image\":{\"@id\":\"https:\/\/www.africa-press.net\/guinee-conakry\/politique\/dalein-ou-le-merite-de-la-clarte-et-de-la-clairvoyance#primaryimage\"},\"thumbnailUrl\":\"https:\/\/static.africa-press.net\/conakry\/sites\/63\/2023\/12\/Jokar1703509600.394296.jpg\",\"datePublished\":\"2023-12-25T16:36:00+00:00\",\"author\":{\"@id\":\"https:\/\/www.africa-press.net\/guinee-conakry\/#\/schema\/person\/2b1cf3cd81a31e3cd26889ca66d677f1\"},\"breadcrumb\":{\"@id\":\"https:\/\/www.africa-press.net\/guinee-conakry\/politique\/dalein-ou-le-merite-de-la-clarte-et-de-la-clairvoyance#breadcrumb\"},\"inLanguage\":\"fr-FR\",\"potentialAction\":[{\"@type\":\"ReadAction\",\"target\":[\"https:\/\/www.africa-press.net\/guinee-conakry\/politique\/dalein-ou-le-merite-de-la-clarte-et-de-la-clairvoyance\"]}]},{\"@type\":\"ImageObject\",\"inLanguage\":\"fr-FR\",\"@id\":\"https:\/\/www.africa-press.net\/guinee-conakry\/politique\/dalein-ou-le-merite-de-la-clarte-et-de-la-clairvoyance#primaryimage\",\"url\":\"https:\/\/static.africa-press.net\/conakry\/sites\/63\/2023\/12\/Jokar1703509600.394296.jpg\",\"contentUrl\":\"https:\/\/static.africa-press.net\/conakry\/sites\/63\/2023\/12\/Jokar1703509600.394296.jpg\",\"width\":1024,\"height\":1024,\"caption\":\"Dalein ou le m\u00e9rite de la clart\u00e9 et de la clairvoyance\u00a0!\"},{\"@type\":\"BreadcrumbList\",\"@id\":\"https:\/\/www.africa-press.net\/guinee-conakry\/politique\/dalein-ou-le-merite-de-la-clarte-et-de-la-clairvoyance#breadcrumb\",\"itemListElement\":[{\"@type\":\"ListItem\",\"position\":1,\"name\":\"Accueil\",\"item\":\"https:\/\/www.africa-press.net\/guinee-conakry\/\"},{\"@type\":\"ListItem\",\"position\":2,\"name\":\"Dalein ou le m\u00e9rite de la clart\u00e9 et de la clairvoyance\u00a0!\"}]},{\"@type\":\"WebSite\",\"@id\":\"https:\/\/www.africa-press.net\/guinee-conakry\/#website\",\"url\":\"https:\/\/www.africa-press.net\/guinee-conakry\/\",\"name\":\"guinee Conakry\",\"description\":\"Just another Africa News Agency Sites site\",\"potentialAction\":[{\"@type\":\"SearchAction\",\"target\":{\"@type\":\"EntryPoint\",\"urlTemplate\":\"https:\/\/www.africa-press.net\/guinee-conakry\/?s={search_term_string}\"},\"query-input\":{\"@type\":\"PropertyValueSpecification\",\"valueRequired\":true,\"valueName\":\"search_term_string\"}}],\"inLanguage\":\"fr-FR\"},{\"@type\":\"Person\",\"@id\":\"https:\/\/www.africa-press.net\/guinee-conakry\/#\/schema\/person\/2b1cf3cd81a31e3cd26889ca66d677f1\",\"name\":\"cfeditorfr\"}]}<\/script>\n<!-- \/ Yoast SEO Premium plugin. -->","yoast_head_json":{"title":"Dalein ou le m\u00e9rite de la clart\u00e9 et de la clairvoyance\u00a0! - guinee Conakry","robots":{"index":"index","follow":"follow","max-snippet":"max-snippet:-1","max-image-preview":"max-image-preview:large","max-video-preview":"max-video-preview:-1"},"canonical":"https:\/\/www.africa-press.net\/guinee-conakry\/politique\/dalein-ou-le-merite-de-la-clarte-et-de-la-clairvoyance","og_locale":"fr_FR","og_type":"article","og_title":"Dalein ou le m\u00e9rite de la clart\u00e9 et de la clairvoyance\u00a0!","og_description":"Africa-Press &#8211; Guin\u00e9e. Intelligence vive, culture immense et expe\u0301rience solide et vastement varie\u0301e, Cellou Dalein Diallo re\u0301habilite\u0301 par le temps avec des qualite\u0301s d\u2019une profonde humilite\u0301 et forte sagesse cre\u0301dibilisent davantage son statut de rassembleur et d\u2019homme capable d\u2019ouverture. Il impressionne et forge en lui, avec le temps qui court, un grand respect et et [&hellip;]","og_url":"https:\/\/www.africa-press.net\/guinee-conakry\/politique\/dalein-ou-le-merite-de-la-clarte-et-de-la-clairvoyance","og_site_name":"guinee Conakry","article_published_time":"2023-12-25T16:36:00+00:00","author":"cfeditorfr","twitter_card":"summary_large_image","twitter_misc":{"\u00c9crit par":"cfeditorfr","Dur\u00e9e de lecture estim\u00e9e":"2 minutes"},"schema":{"@context":"https:\/\/schema.org","@graph":[{"@type":"Article","@id":"https:\/\/www.africa-press.net\/guinee-conakry\/politique\/dalein-ou-le-merite-de-la-clarte-et-de-la-clairvoyance#article","isPartOf":{"@id":"https:\/\/www.africa-press.net\/guinee-conakry\/politique\/dalein-ou-le-merite-de-la-clarte-et-de-la-clairvoyance"},"author":{"name":"cfeditorfr","@id":"https:\/\/www.africa-press.net\/guinee-conakry\/#\/schema\/person\/2b1cf3cd81a31e3cd26889ca66d677f1"},"headline":"Dalein ou le m\u00e9rite de la clart\u00e9 et de la clairvoyance\u00a0!","datePublished":"2023-12-25T16:36:00+00:00","mainEntityOfPage":{"@id":"https:\/\/www.africa-press.net\/guinee-conakry\/politique\/dalein-ou-le-merite-de-la-clarte-et-de-la-clairvoyance"},"wordCount":484,"commentCount":0,"image":{"@id":"https:\/\/www.africa-press.net\/guinee-conakry\/politique\/dalein-ou-le-merite-de-la-clarte-et-de-la-clairvoyance#primaryimage"},"thumbnailUrl":"https:\/\/static.africa-press.net\/conakry\/sites\/63\/2023\/12\/Jokar1703509600.394296.jpg","keywords":["Africa Press","Africa Press-Guin\u00e9e","Guin\u00e9e"],"articleSection":["Dossiers","Toutes les actualit\u00e9s"],"inLanguage":"fr-FR","potentialAction":[{"@type":"CommentAction","name":"Comment","target":["https:\/\/www.africa-press.net\/guinee-conakry\/politique\/dalein-ou-le-merite-de-la-clarte-et-de-la-clairvoyance#respond"]}]},{"@type":"WebPage","@id":"https:\/\/www.africa-press.net\/guinee-conakry\/politique\/dalein-ou-le-merite-de-la-clarte-et-de-la-clairvoyance","url":"https:\/\/www.africa-press.net\/guinee-conakry\/politique\/dalein-ou-le-merite-de-la-clarte-et-de-la-clairvoyance","name":"Dalein ou le m\u00e9rite de la clart\u00e9 et de la clairvoyance\u00a0! - guinee Conakry","isPartOf":{"@id":"https:\/\/www.africa-press.net\/guinee-conakry\/#website"},"primaryImageOfPage":{"@id":"https:\/\/www.africa-press.net\/guinee-conakry\/politique\/dalein-ou-le-merite-de-la-clarte-et-de-la-clairvoyance#primaryimage"},"image":{"@id":"https:\/\/www.africa-press.net\/guinee-conakry\/politique\/dalein-ou-le-merite-de-la-clarte-et-de-la-clairvoyance#primaryimage"},"thumbnailUrl":"https:\/\/static.africa-press.net\/conakry\/sites\/63\/2023\/12\/Jokar1703509600.394296.jpg","datePublished":"2023-12-25T16:36:00+00:00","author":{"@id":"https:\/\/www.africa-press.net\/guinee-conakry\/#\/schema\/person\/2b1cf3cd81a31e3cd26889ca66d677f1"},"breadcrumb":{"@id":"https:\/\/www.africa-press.net\/guinee-conakry\/politique\/dalein-ou-le-merite-de-la-clarte-et-de-la-clairvoyance#breadcrumb"},"inLanguage":"fr-FR","potentialAction":[{"@type":"ReadAction","target":["https:\/\/www.africa-press.net\/guinee-conakry\/politique\/dalein-ou-le-merite-de-la-clarte-et-de-la-clairvoyance"]}]},{"@type":"ImageObject","inLanguage":"fr-FR","@id":"https:\/\/www.africa-press.net\/guinee-conakry\/politique\/dalein-ou-le-merite-de-la-clarte-et-de-la-clairvoyance#primaryimage","url":"https:\/\/static.africa-press.net\/conakry\/sites\/63\/2023\/12\/Jokar1703509600.394296.jpg","contentUrl":"https:\/\/static.africa-press.net\/conakry\/sites\/63\/2023\/12\/Jokar1703509600.394296.jpg","width":1024,"height":1024,"caption":"Dalein ou le m\u00e9rite de la clart\u00e9 et de la clairvoyance\u00a0!"},{"@type":"BreadcrumbList","@id":"https:\/\/www.africa-press.net\/guinee-conakry\/politique\/dalein-ou-le-merite-de-la-clarte-et-de-la-clairvoyance#breadcrumb","itemListElement":[{"@type":"ListItem","position":1,"name":"Accueil","item":"https:\/\/www.africa-press.net\/guinee-conakry\/"},{"@type":"ListItem","position":2,"name":"Dalein ou le m\u00e9rite de la clart\u00e9 et de la clairvoyance\u00a0!"}]},{"@type":"WebSite","@id":"https:\/\/www.africa-press.net\/guinee-conakry\/#website","url":"https:\/\/www.africa-press.net\/guinee-conakry\/","name":"guinee Conakry","description":"Just another Africa News Agency Sites site","potentialAction":[{"@type":"SearchAction","target":{"@type":"EntryPoint","urlTemplate":"https:\/\/www.africa-press.net\/guinee-conakry\/?s={search_term_string}"},"query-input":{"@type":"PropertyValueSpecification","valueRequired":true,"valueName":"search_term_string"}}],"inLanguage":"fr-FR"},{"@type":"Person","@id":"https:\/\/www.africa-press.net\/guinee-conakry\/#\/schema\/person\/2b1cf3cd81a31e3cd26889ca66d677f1","name":"cfeditorfr"}]}},"_links":{"self":[{"href":"https:\/\/www.africa-press.net\/guinee-conakry\/wp-json\/wp\/v2\/posts\/18027","targetHints":{"allow":["GET"]}}],"collection":[{"href":"https:\/\/www.africa-press.net\/guinee-conakry\/wp-json\/wp\/v2\/posts"}],"about":[{"href":"https:\/\/www.africa-press.net\/guinee-conakry\/wp-json\/wp\/v2\/types\/post"}],"author":[{"embeddable":true,"href":"https:\/\/www.africa-press.net\/guinee-conakry\/wp-json\/wp\/v2\/users\/82"}],"replies":[{"embeddable":true,"href":"https:\/\/www.africa-press.net\/guinee-conakry\/wp-json\/wp\/v2\/comments?post=18027"}],"version-history":[{"count":0,"href":"https:\/\/www.africa-press.net\/guinee-conakry\/wp-json\/wp\/v2\/posts\/18027\/revisions"}],"wp:featuredmedia":[{"embeddable":true,"href":"https:\/\/www.africa-press.net\/guinee-conakry\/wp-json\/wp\/v2\/media\/18026"}],"wp:attachment":[{"href":"https:\/\/www.africa-press.net\/guinee-conakry\/wp-json\/wp\/v2\/media?parent=18027"}],"wp:term":[{"taxonomy":"category","embeddable":true,"href":"https:\/\/www.africa-press.net\/guinee-conakry\/wp-json\/wp\/v2\/categories?post=18027"},{"taxonomy":"post_tag","embeddable":true,"href":"https:\/\/www.africa-press.net\/guinee-conakry\/wp-json\/wp\/v2\/tags?post=18027"}],"curies":[{"name":"wp","href":"https:\/\/api.w.org\/{rel}","templated":true}]}}