{"id":18039,"date":"2023-12-25T18:06:00","date_gmt":"2023-12-25T18:06:00","guid":{"rendered":"https:\/\/www.africa-press.net\/guinee-conakry\/politique\/incendie-au-depot-de-coronthie-les-activites-culturelles-de-fin-dannee-plus-ou-moins-impactees"},"modified":"2023-12-25T18:06:00","modified_gmt":"2023-12-25T18:06:00","slug":"incendie-au-depot-de-coronthie-les-activites-culturelles-de-fin-dannee-plus-ou-moins-impactees","status":"publish","type":"post","link":"https:\/\/www.africa-press.net\/guinee-conakry\/culture-et-art\/incendie-au-depot-de-coronthie-les-activites-culturelles-de-fin-dannee-plus-ou-moins-impactees","title":{"rendered":"Incendie au d\u00e9p\u00f4t de Coronthie : les activit\u00e9s culturelles de fin d\u2019ann\u00e9e plus ou moins impact\u00e9es"},"content":{"rendered":"<p><span style=\"color: #ff6600\"><strong>Africa-Press &#8211; Guin\u00e9e. <\/strong><\/span>L\u2019incendie survenu dans la nuit du 17 au 18 de\u0301cembre a\u0300 Kaloum a provoque\u0301 d\u2019e\u0301normes de\u0301ga\u0302ts et des pertes en vies humaines. Suite a\u0300 cette trage\u0301die, les autorite\u0301s ont pris des mesures comme les conge\u0301s anticipe\u0301s dans les e\u0301tablissements scolaires. Me\u0302me si la fermeture des lieux de spectacle n\u2019a pas e\u0301te\u0301 mentionne\u0301e dans la communication du gouvernement, plusieurs e\u0301ve\u0300nements culturels font l\u2019objet de report volontaire ou s\u2019appre\u0302tent a\u0300 e\u0302tre reporte\u0301s.<\/p>\n<p>De\u0301ja\u0300, certains e\u0301ve\u0301nements comme la cinquie\u0300me e\u0301dition de la foire internationale de Guine\u0301e, initialement pre\u0301vue du 20 de\u0301cembre 2023 au 14 janvier 2024 et le concert de\u0301dicace du double album de l\u2019artiste Yama Se\u0301ga, pre\u0301vu le 24 de\u0301cembre ont reporte\u0301 a\u0300 une date ulte\u0301rieure.<\/p>\n<p>Outre ces deux e\u0301ve\u0300nements, plusieurs autres ont e\u0301te\u0301 reporte\u0301s au mois de janvier ou de\u0301cale\u0301s de quelques jours en raison des trois jours de deuil national de\u0301cre\u0301te\u0301s par le gouvernement. C\u2019est le cas de la cinquie\u0300me e\u0301dition de l\u2019e\u0301ve\u0301nement Magic Park et du festival Milles maquis. \u00ab L\u2019e\u0301ve\u0301nement Milles maquis e\u0301tait pre\u0301vu du 21 de\u0301cembre au 7 janvier au Belve\u0301de\u0300re. De\u0301ja\u0300 vous savez que nous sommes en deuil pour trois jours. Mais nous sommes sur les pre\u0301paratifs, nous sommes en train de tout mettre en place pour que le dimanche on puisse commencer \u00bb a indique\u0301 Daouda Cisse\u0301, Charge\u0301 des Ope\u0301rations de la CPP, cre\u0301atrice d\u2019e\u0301ve\u0301nements.<\/p>\n<p>Au de\u0301partement de tutelle, on ne peut parler d\u2019impact du drame. Aucun e\u0301ve\u0301nement n\u2019e\u0301tant pre\u0301vu apre\u0300s la 19e e\u0301dition du FENAC (Festival National des Arts et Culture). \u00ab La seule et unique activite\u0301 que le de\u0301partement avait planifie\u0301e c\u2019e\u0301tait le FENAC qui a e\u0301te\u0301 exe\u0301cute\u0301 a\u0300 100%. Aucune autre activite\u0301 n\u2019est pre\u0301vue pour nous en cette fin d\u2019anne\u0301e \u00bb, a confirme\u0301 un membre de la cellule de communication.<\/p>\n<p>A l\u2019Office National du Tourisme, c\u2019est le me\u0302me son de cloche. Dans les ho\u0302tels, a\u0300 part le report de quelques e\u0301ve\u0301nements de trois a\u0300 quatre jours, les autres activite\u0301s se poursuivent normalement. \u00ab Il y avait des e\u0301ve\u0301nements qui e\u0301taient pre\u0301vus mais qui ont e\u0301te\u0301 reporte\u0301s a\u0300 une date ulte\u0301rieure pour certains, et d\u2019autres auront lieu les 30 et 31 de\u0301cembre. En ce qui concerne les logements (dans les ho\u0302tels), on a toujours des arrive\u0301es. Disons qu\u2019a\u0300 part quelques e\u0301ve\u0300nements repousse\u0301s pour quelques jours, les autres activite\u0301s se de\u0301roulent bien. Nous avons des contrats avec beaucoup de socie\u0301te\u0301s qui envoient des clients qui sont a\u0300 Kaloum&#8230;\u00bb, nous a confie\u0301 un responsable d\u2019un ho\u0302tel de la place.<\/p>\n<p><strong>Pour plus d&rsquo;informations et d&rsquo;analyses sur la <a href=\"https:\/\/www.africa-press.net\/guinee-conakry\">Guin\u00e9e<\/a>, suivez <a href=\"https:\/\/www.africa-press.net\/\">Africa-Press<\/a><\/strong><\/p>\n","protected":false},"excerpt":{"rendered":"<p>Africa-Press &#8211; Guin\u00e9e. L\u2019incendie survenu dans la nuit du 17 au 18 de\u0301cembre a\u0300 Kaloum a provoque\u0301 d\u2019e\u0301normes de\u0301ga\u0302ts et des pertes en vies humaines. Suite a\u0300 cette trage\u0301die, les autorite\u0301s ont pris des mesures comme les conge\u0301s anticipe\u0301s dans les e\u0301tablissements scolaires. Me\u0302me si la fermeture des lieux de spectacle n\u2019a pas e\u0301te\u0301 mentionne\u0301e [&hellip;]<\/p>\n","protected":false},"author":82,"featured_media":18038,"comment_status":"open","ping_status":"closed","sticky":false,"template":"","format":"standard","meta":{"footnotes":""},"categories":[21,5,10],"tags":[36,57,58],"class_list":["post-18039","post","type-post","status-publish","format-standard","has-post-thumbnail","hentry","category-communaute","category-culture-et-art","category-toutes-les-actualites","tag-africa-press","tag-africa-press-guinee","tag-guinee"],"yoast_head":"<!-- This site is optimized with the Yoast SEO Premium plugin v26.1 (Yoast SEO v27.0) - https:\/\/yoast.com\/product\/yoast-seo-premium-wordpress\/ -->\n<title>Incendie au d\u00e9p\u00f4t de Coronthie : les activit\u00e9s culturelles de fin d\u2019ann\u00e9e plus ou moins impact\u00e9es - guinee Conakry<\/title>\n<meta name=\"robots\" content=\"index, follow, max-snippet:-1, max-image-preview:large, max-video-preview:-1\" \/>\n<link rel=\"canonical\" href=\"https:\/\/www.africa-press.net\/guinee-conakry\/politique\/incendie-au-depot-de-coronthie-les-activites-culturelles-de-fin-dannee-plus-ou-moins-impactees\" \/>\n<meta property=\"og:locale\" content=\"fr_FR\" \/>\n<meta property=\"og:type\" content=\"article\" \/>\n<meta property=\"og:title\" content=\"Incendie au d\u00e9p\u00f4t de Coronthie : les activit\u00e9s culturelles de fin d\u2019ann\u00e9e plus ou moins impact\u00e9es\" \/>\n<meta property=\"og:description\" content=\"Africa-Press &#8211; Guin\u00e9e. L\u2019incendie survenu dans la nuit du 17 au 18 de\u0301cembre a\u0300 Kaloum a provoque\u0301 d\u2019e\u0301normes de\u0301ga\u0302ts et des pertes en vies humaines. Suite a\u0300 cette trage\u0301die, les autorite\u0301s ont pris des mesures comme les conge\u0301s anticipe\u0301s dans les e\u0301tablissements scolaires. Me\u0302me si la fermeture des lieux de spectacle n\u2019a pas e\u0301te\u0301 mentionne\u0301e [&hellip;]\" \/>\n<meta property=\"og:url\" content=\"https:\/\/www.africa-press.net\/guinee-conakry\/politique\/incendie-au-depot-de-coronthie-les-activites-culturelles-de-fin-dannee-plus-ou-moins-impactees\" \/>\n<meta property=\"og:site_name\" content=\"guinee Conakry\" \/>\n<meta property=\"article:published_time\" content=\"2023-12-25T18:06:00+00:00\" \/>\n<meta name=\"author\" content=\"cfeditorfr\" \/>\n<meta name=\"twitter:card\" content=\"summary_large_image\" \/>\n<meta name=\"twitter:label1\" content=\"\u00c9crit par\" \/>\n\t<meta name=\"twitter:data1\" content=\"cfeditorfr\" \/>\n\t<meta name=\"twitter:label2\" content=\"Dur\u00e9e de lecture estim\u00e9e\" \/>\n\t<meta name=\"twitter:data2\" content=\"3 minutes\" \/>\n<script type=\"application\/ld+json\" class=\"yoast-schema-graph\">{\"@context\":\"https:\/\/schema.org\",\"@graph\":[{\"@type\":\"Article\",\"@id\":\"https:\/\/www.africa-press.net\/guinee-conakry\/politique\/incendie-au-depot-de-coronthie-les-activites-culturelles-de-fin-dannee-plus-ou-moins-impactees#article\",\"isPartOf\":{\"@id\":\"https:\/\/www.africa-press.net\/guinee-conakry\/politique\/incendie-au-depot-de-coronthie-les-activites-culturelles-de-fin-dannee-plus-ou-moins-impactees\"},\"author\":{\"name\":\"cfeditorfr\",\"@id\":\"https:\/\/www.africa-press.net\/guinee-conakry\/#\/schema\/person\/2b1cf3cd81a31e3cd26889ca66d677f1\"},\"headline\":\"Incendie au d\u00e9p\u00f4t de Coronthie : les activit\u00e9s culturelles de fin d\u2019ann\u00e9e plus ou moins impact\u00e9es\",\"datePublished\":\"2023-12-25T18:06:00+00:00\",\"mainEntityOfPage\":{\"@id\":\"https:\/\/www.africa-press.net\/guinee-conakry\/politique\/incendie-au-depot-de-coronthie-les-activites-culturelles-de-fin-dannee-plus-ou-moins-impactees\"},\"wordCount\":538,\"commentCount\":0,\"image\":{\"@id\":\"https:\/\/www.africa-press.net\/guinee-conakry\/politique\/incendie-au-depot-de-coronthie-les-activites-culturelles-de-fin-dannee-plus-ou-moins-impactees#primaryimage\"},\"thumbnailUrl\":\"https:\/\/static.africa-press.net\/conakry\/sites\/63\/2023\/12\/Jokar1703514970.719788.jpg\",\"keywords\":[\"Africa Press\",\"Africa Press-Guin\u00e9e\",\"Guin\u00e9e\"],\"articleSection\":[\"Communaut\u00e9\",\"Culture et Art\",\"Toutes les actualit\u00e9s\"],\"inLanguage\":\"fr-FR\",\"potentialAction\":[{\"@type\":\"CommentAction\",\"name\":\"Comment\",\"target\":[\"https:\/\/www.africa-press.net\/guinee-conakry\/politique\/incendie-au-depot-de-coronthie-les-activites-culturelles-de-fin-dannee-plus-ou-moins-impactees#respond\"]}]},{\"@type\":\"WebPage\",\"@id\":\"https:\/\/www.africa-press.net\/guinee-conakry\/politique\/incendie-au-depot-de-coronthie-les-activites-culturelles-de-fin-dannee-plus-ou-moins-impactees\",\"url\":\"https:\/\/www.africa-press.net\/guinee-conakry\/politique\/incendie-au-depot-de-coronthie-les-activites-culturelles-de-fin-dannee-plus-ou-moins-impactees\",\"name\":\"Incendie au d\u00e9p\u00f4t de Coronthie : les activit\u00e9s culturelles de fin d\u2019ann\u00e9e plus ou moins impact\u00e9es - guinee Conakry\",\"isPartOf\":{\"@id\":\"https:\/\/www.africa-press.net\/guinee-conakry\/#website\"},\"primaryImageOfPage\":{\"@id\":\"https:\/\/www.africa-press.net\/guinee-conakry\/politique\/incendie-au-depot-de-coronthie-les-activites-culturelles-de-fin-dannee-plus-ou-moins-impactees#primaryimage\"},\"image\":{\"@id\":\"https:\/\/www.africa-press.net\/guinee-conakry\/politique\/incendie-au-depot-de-coronthie-les-activites-culturelles-de-fin-dannee-plus-ou-moins-impactees#primaryimage\"},\"thumbnailUrl\":\"https:\/\/static.africa-press.net\/conakry\/sites\/63\/2023\/12\/Jokar1703514970.719788.jpg\",\"datePublished\":\"2023-12-25T18:06:00+00:00\",\"author\":{\"@id\":\"https:\/\/www.africa-press.net\/guinee-conakry\/#\/schema\/person\/2b1cf3cd81a31e3cd26889ca66d677f1\"},\"breadcrumb\":{\"@id\":\"https:\/\/www.africa-press.net\/guinee-conakry\/politique\/incendie-au-depot-de-coronthie-les-activites-culturelles-de-fin-dannee-plus-ou-moins-impactees#breadcrumb\"},\"inLanguage\":\"fr-FR\",\"potentialAction\":[{\"@type\":\"ReadAction\",\"target\":[\"https:\/\/www.africa-press.net\/guinee-conakry\/politique\/incendie-au-depot-de-coronthie-les-activites-culturelles-de-fin-dannee-plus-ou-moins-impactees\"]}]},{\"@type\":\"ImageObject\",\"inLanguage\":\"fr-FR\",\"@id\":\"https:\/\/www.africa-press.net\/guinee-conakry\/politique\/incendie-au-depot-de-coronthie-les-activites-culturelles-de-fin-dannee-plus-ou-moins-impactees#primaryimage\",\"url\":\"https:\/\/static.africa-press.net\/conakry\/sites\/63\/2023\/12\/Jokar1703514970.719788.jpg\",\"contentUrl\":\"https:\/\/static.africa-press.net\/conakry\/sites\/63\/2023\/12\/Jokar1703514970.719788.jpg\",\"width\":2462,\"height\":1389,\"caption\":\"Incendie au d\u00e9p\u00f4t de Coronthie : les activit\u00e9s culturelles de fin d\u2019ann\u00e9e plus ou moins impact\u00e9es\"},{\"@type\":\"BreadcrumbList\",\"@id\":\"https:\/\/www.africa-press.net\/guinee-conakry\/politique\/incendie-au-depot-de-coronthie-les-activites-culturelles-de-fin-dannee-plus-ou-moins-impactees#breadcrumb\",\"itemListElement\":[{\"@type\":\"ListItem\",\"position\":1,\"name\":\"Accueil\",\"item\":\"https:\/\/www.africa-press.net\/guinee-conakry\/\"},{\"@type\":\"ListItem\",\"position\":2,\"name\":\"Incendie au d\u00e9p\u00f4t de Coronthie : les activit\u00e9s culturelles de fin d\u2019ann\u00e9e plus ou moins impact\u00e9es\"}]},{\"@type\":\"WebSite\",\"@id\":\"https:\/\/www.africa-press.net\/guinee-conakry\/#website\",\"url\":\"https:\/\/www.africa-press.net\/guinee-conakry\/\",\"name\":\"guinee Conakry\",\"description\":\"Just another Africa News Agency Sites site\",\"potentialAction\":[{\"@type\":\"SearchAction\",\"target\":{\"@type\":\"EntryPoint\",\"urlTemplate\":\"https:\/\/www.africa-press.net\/guinee-conakry\/?s={search_term_string}\"},\"query-input\":{\"@type\":\"PropertyValueSpecification\",\"valueRequired\":true,\"valueName\":\"search_term_string\"}}],\"inLanguage\":\"fr-FR\"},{\"@type\":\"Person\",\"@id\":\"https:\/\/www.africa-press.net\/guinee-conakry\/#\/schema\/person\/2b1cf3cd81a31e3cd26889ca66d677f1\",\"name\":\"cfeditorfr\"}]}<\/script>\n<!-- \/ Yoast SEO Premium plugin. -->","yoast_head_json":{"title":"Incendie au d\u00e9p\u00f4t de Coronthie : les activit\u00e9s culturelles de fin d\u2019ann\u00e9e plus ou moins impact\u00e9es - guinee Conakry","robots":{"index":"index","follow":"follow","max-snippet":"max-snippet:-1","max-image-preview":"max-image-preview:large","max-video-preview":"max-video-preview:-1"},"canonical":"https:\/\/www.africa-press.net\/guinee-conakry\/politique\/incendie-au-depot-de-coronthie-les-activites-culturelles-de-fin-dannee-plus-ou-moins-impactees","og_locale":"fr_FR","og_type":"article","og_title":"Incendie au d\u00e9p\u00f4t de Coronthie : les activit\u00e9s culturelles de fin d\u2019ann\u00e9e plus ou moins impact\u00e9es","og_description":"Africa-Press &#8211; Guin\u00e9e. L\u2019incendie survenu dans la nuit du 17 au 18 de\u0301cembre a\u0300 Kaloum a provoque\u0301 d\u2019e\u0301normes de\u0301ga\u0302ts et des pertes en vies humaines. Suite a\u0300 cette trage\u0301die, les autorite\u0301s ont pris des mesures comme les conge\u0301s anticipe\u0301s dans les e\u0301tablissements scolaires. Me\u0302me si la fermeture des lieux de spectacle n\u2019a pas e\u0301te\u0301 mentionne\u0301e [&hellip;]","og_url":"https:\/\/www.africa-press.net\/guinee-conakry\/politique\/incendie-au-depot-de-coronthie-les-activites-culturelles-de-fin-dannee-plus-ou-moins-impactees","og_site_name":"guinee Conakry","article_published_time":"2023-12-25T18:06:00+00:00","author":"cfeditorfr","twitter_card":"summary_large_image","twitter_misc":{"\u00c9crit par":"cfeditorfr","Dur\u00e9e de lecture estim\u00e9e":"3 minutes"},"schema":{"@context":"https:\/\/schema.org","@graph":[{"@type":"Article","@id":"https:\/\/www.africa-press.net\/guinee-conakry\/politique\/incendie-au-depot-de-coronthie-les-activites-culturelles-de-fin-dannee-plus-ou-moins-impactees#article","isPartOf":{"@id":"https:\/\/www.africa-press.net\/guinee-conakry\/politique\/incendie-au-depot-de-coronthie-les-activites-culturelles-de-fin-dannee-plus-ou-moins-impactees"},"author":{"name":"cfeditorfr","@id":"https:\/\/www.africa-press.net\/guinee-conakry\/#\/schema\/person\/2b1cf3cd81a31e3cd26889ca66d677f1"},"headline":"Incendie au d\u00e9p\u00f4t de Coronthie : les activit\u00e9s culturelles de fin d\u2019ann\u00e9e plus ou moins impact\u00e9es","datePublished":"2023-12-25T18:06:00+00:00","mainEntityOfPage":{"@id":"https:\/\/www.africa-press.net\/guinee-conakry\/politique\/incendie-au-depot-de-coronthie-les-activites-culturelles-de-fin-dannee-plus-ou-moins-impactees"},"wordCount":538,"commentCount":0,"image":{"@id":"https:\/\/www.africa-press.net\/guinee-conakry\/politique\/incendie-au-depot-de-coronthie-les-activites-culturelles-de-fin-dannee-plus-ou-moins-impactees#primaryimage"},"thumbnailUrl":"https:\/\/static.africa-press.net\/conakry\/sites\/63\/2023\/12\/Jokar1703514970.719788.jpg","keywords":["Africa Press","Africa Press-Guin\u00e9e","Guin\u00e9e"],"articleSection":["Communaut\u00e9","Culture et Art","Toutes les actualit\u00e9s"],"inLanguage":"fr-FR","potentialAction":[{"@type":"CommentAction","name":"Comment","target":["https:\/\/www.africa-press.net\/guinee-conakry\/politique\/incendie-au-depot-de-coronthie-les-activites-culturelles-de-fin-dannee-plus-ou-moins-impactees#respond"]}]},{"@type":"WebPage","@id":"https:\/\/www.africa-press.net\/guinee-conakry\/politique\/incendie-au-depot-de-coronthie-les-activites-culturelles-de-fin-dannee-plus-ou-moins-impactees","url":"https:\/\/www.africa-press.net\/guinee-conakry\/politique\/incendie-au-depot-de-coronthie-les-activites-culturelles-de-fin-dannee-plus-ou-moins-impactees","name":"Incendie au d\u00e9p\u00f4t de Coronthie : les activit\u00e9s culturelles de fin d\u2019ann\u00e9e plus ou moins impact\u00e9es - guinee Conakry","isPartOf":{"@id":"https:\/\/www.africa-press.net\/guinee-conakry\/#website"},"primaryImageOfPage":{"@id":"https:\/\/www.africa-press.net\/guinee-conakry\/politique\/incendie-au-depot-de-coronthie-les-activites-culturelles-de-fin-dannee-plus-ou-moins-impactees#primaryimage"},"image":{"@id":"https:\/\/www.africa-press.net\/guinee-conakry\/politique\/incendie-au-depot-de-coronthie-les-activites-culturelles-de-fin-dannee-plus-ou-moins-impactees#primaryimage"},"thumbnailUrl":"https:\/\/static.africa-press.net\/conakry\/sites\/63\/2023\/12\/Jokar1703514970.719788.jpg","datePublished":"2023-12-25T18:06:00+00:00","author":{"@id":"https:\/\/www.africa-press.net\/guinee-conakry\/#\/schema\/person\/2b1cf3cd81a31e3cd26889ca66d677f1"},"breadcrumb":{"@id":"https:\/\/www.africa-press.net\/guinee-conakry\/politique\/incendie-au-depot-de-coronthie-les-activites-culturelles-de-fin-dannee-plus-ou-moins-impactees#breadcrumb"},"inLanguage":"fr-FR","potentialAction":[{"@type":"ReadAction","target":["https:\/\/www.africa-press.net\/guinee-conakry\/politique\/incendie-au-depot-de-coronthie-les-activites-culturelles-de-fin-dannee-plus-ou-moins-impactees"]}]},{"@type":"ImageObject","inLanguage":"fr-FR","@id":"https:\/\/www.africa-press.net\/guinee-conakry\/politique\/incendie-au-depot-de-coronthie-les-activites-culturelles-de-fin-dannee-plus-ou-moins-impactees#primaryimage","url":"https:\/\/static.africa-press.net\/conakry\/sites\/63\/2023\/12\/Jokar1703514970.719788.jpg","contentUrl":"https:\/\/static.africa-press.net\/conakry\/sites\/63\/2023\/12\/Jokar1703514970.719788.jpg","width":2462,"height":1389,"caption":"Incendie au d\u00e9p\u00f4t de Coronthie : les activit\u00e9s culturelles de fin d\u2019ann\u00e9e plus ou moins impact\u00e9es"},{"@type":"BreadcrumbList","@id":"https:\/\/www.africa-press.net\/guinee-conakry\/politique\/incendie-au-depot-de-coronthie-les-activites-culturelles-de-fin-dannee-plus-ou-moins-impactees#breadcrumb","itemListElement":[{"@type":"ListItem","position":1,"name":"Accueil","item":"https:\/\/www.africa-press.net\/guinee-conakry\/"},{"@type":"ListItem","position":2,"name":"Incendie au d\u00e9p\u00f4t de Coronthie : les activit\u00e9s culturelles de fin d\u2019ann\u00e9e plus ou moins impact\u00e9es"}]},{"@type":"WebSite","@id":"https:\/\/www.africa-press.net\/guinee-conakry\/#website","url":"https:\/\/www.africa-press.net\/guinee-conakry\/","name":"guinee Conakry","description":"Just another Africa News Agency Sites site","potentialAction":[{"@type":"SearchAction","target":{"@type":"EntryPoint","urlTemplate":"https:\/\/www.africa-press.net\/guinee-conakry\/?s={search_term_string}"},"query-input":{"@type":"PropertyValueSpecification","valueRequired":true,"valueName":"search_term_string"}}],"inLanguage":"fr-FR"},{"@type":"Person","@id":"https:\/\/www.africa-press.net\/guinee-conakry\/#\/schema\/person\/2b1cf3cd81a31e3cd26889ca66d677f1","name":"cfeditorfr"}]}},"_links":{"self":[{"href":"https:\/\/www.africa-press.net\/guinee-conakry\/wp-json\/wp\/v2\/posts\/18039","targetHints":{"allow":["GET"]}}],"collection":[{"href":"https:\/\/www.africa-press.net\/guinee-conakry\/wp-json\/wp\/v2\/posts"}],"about":[{"href":"https:\/\/www.africa-press.net\/guinee-conakry\/wp-json\/wp\/v2\/types\/post"}],"author":[{"embeddable":true,"href":"https:\/\/www.africa-press.net\/guinee-conakry\/wp-json\/wp\/v2\/users\/82"}],"replies":[{"embeddable":true,"href":"https:\/\/www.africa-press.net\/guinee-conakry\/wp-json\/wp\/v2\/comments?post=18039"}],"version-history":[{"count":0,"href":"https:\/\/www.africa-press.net\/guinee-conakry\/wp-json\/wp\/v2\/posts\/18039\/revisions"}],"wp:featuredmedia":[{"embeddable":true,"href":"https:\/\/www.africa-press.net\/guinee-conakry\/wp-json\/wp\/v2\/media\/18038"}],"wp:attachment":[{"href":"https:\/\/www.africa-press.net\/guinee-conakry\/wp-json\/wp\/v2\/media?parent=18039"}],"wp:term":[{"taxonomy":"category","embeddable":true,"href":"https:\/\/www.africa-press.net\/guinee-conakry\/wp-json\/wp\/v2\/categories?post=18039"},{"taxonomy":"post_tag","embeddable":true,"href":"https:\/\/www.africa-press.net\/guinee-conakry\/wp-json\/wp\/v2\/tags?post=18039"}],"curies":[{"name":"wp","href":"https:\/\/api.w.org\/{rel}","templated":true}]}}