{"id":18041,"date":"2023-12-25T18:07:00","date_gmt":"2023-12-25T18:07:00","guid":{"rendered":"https:\/\/www.africa-press.net\/guinee-conakry\/politique\/noel-en-guinee-dalein-appelle-les-chretiens-a-garder-espoir-malgre-les-epreuves-du-moment"},"modified":"2023-12-25T18:07:00","modified_gmt":"2023-12-25T18:07:00","slug":"noel-en-guinee-dalein-appelle-les-chretiens-a-garder-espoir-malgre-les-epreuves-du-moment","status":"publish","type":"post","link":"https:\/\/www.africa-press.net\/guinee-conakry\/politique\/noel-en-guinee-dalein-appelle-les-chretiens-a-garder-espoir-malgre-les-epreuves-du-moment","title":{"rendered":"No\u00ebl en Guin\u00e9e : Dalein appelle les chr\u00e9tiens \u00e0 garder espoir malgr\u00e9 les \u00e9preuves du moment"},"content":{"rendered":"<p><span style=\"color: #ff6600\"><strong>Africa-Press &#8211; Guin\u00e9e. <\/strong><\/span>L\u2019ancien Premier ministre, Cellou Dalein Diallo, prie pour que la paix, la liberte\u0301 et la se\u0301curite\u0301 re\u0300gnent en Guine\u0301e. A\u0300 l\u2019occasion de la ce\u0301le\u0301bration de Noe\u0308l, le pre\u0301sident de l\u2019Union des Forces De\u0301mocratiques de Guine\u0301e (UFDG) s\u2019est adresse\u0301 a\u0300 la communaute\u0301 chre\u0301tienne de Guine\u0301e. Lisez ce qu\u2019il leur a laisse\u0301 sur son compte Facebook.<\/p>\n<p>\u00ab Je souhaite un joyeux Noe\u0308l aux fide\u0300les chre\u0301tiens de Guine\u0301e et m\u2019associe a\u0300 leurs prie\u0300res pour que la paix, la liberte\u0301 et la se\u0301curite\u0301 re\u0300gnent dans notre pays. Malgre\u0301 les e\u0301preuves que nous traversons, les violences et les injustices que nous subissons, gardons la lumie\u0300re de l\u2019espoir. Puissions-nous trouver du re\u0301confort dans l\u2019unite\u0301 d\u2019action, la fraternite\u0301 et la solidarite\u0301. Joyeux Noe\u0308l a\u0300 vous et a\u0300 vos familles ! \u00bb<\/p>\n<p><strong>Pour plus d&rsquo;informations et d&rsquo;analyses sur la <a href=\"https:\/\/www.africa-press.net\/guinee-conakry\">Guin\u00e9e<\/a>, suivez <a href=\"https:\/\/www.africa-press.net\/\">Africa-Press<\/a><\/strong><\/p>\n","protected":false},"excerpt":{"rendered":"<p>Africa-Press &#8211; Guin\u00e9e. L\u2019ancien Premier ministre, Cellou Dalein Diallo, prie pour que la paix, la liberte\u0301 et la se\u0301curite\u0301 re\u0300gnent en Guine\u0301e. A\u0300 l\u2019occasion de la ce\u0301le\u0301bration de Noe\u0308l, le pre\u0301sident de l\u2019Union des Forces De\u0301mocratiques de Guine\u0301e (UFDG) s\u2019est adresse\u0301 a\u0300 la communaute\u0301 chre\u0301tienne de Guine\u0301e. Lisez ce qu\u2019il leur a laisse\u0301 sur son [&hellip;]<\/p>\n","protected":false},"author":82,"featured_media":18040,"comment_status":"open","ping_status":"closed","sticky":false,"template":"","format":"standard","meta":{"footnotes":""},"categories":[21,2,10],"tags":[36,57,58],"class_list":["post-18041","post","type-post","status-publish","format-standard","has-post-thumbnail","hentry","category-communaute","category-politique","category-toutes-les-actualites","tag-africa-press","tag-africa-press-guinee","tag-guinee"],"yoast_head":"<!-- This site is optimized with the Yoast SEO Premium plugin v26.1 (Yoast SEO v27.0) - https:\/\/yoast.com\/product\/yoast-seo-premium-wordpress\/ -->\n<title>No\u00ebl en Guin\u00e9e : Dalein appelle les chr\u00e9tiens \u00e0 garder espoir malgr\u00e9 les \u00e9preuves du moment - guinee Conakry<\/title>\n<meta name=\"robots\" content=\"index, follow, max-snippet:-1, max-image-preview:large, max-video-preview:-1\" \/>\n<link rel=\"canonical\" href=\"https:\/\/www.africa-press.net\/guinee-conakry\/politique\/noel-en-guinee-dalein-appelle-les-chretiens-a-garder-espoir-malgre-les-epreuves-du-moment\" \/>\n<meta property=\"og:locale\" content=\"fr_FR\" \/>\n<meta property=\"og:type\" content=\"article\" \/>\n<meta property=\"og:title\" content=\"No\u00ebl en Guin\u00e9e : Dalein appelle les chr\u00e9tiens \u00e0 garder espoir malgr\u00e9 les \u00e9preuves du moment\" \/>\n<meta property=\"og:description\" content=\"Africa-Press &#8211; Guin\u00e9e. L\u2019ancien Premier ministre, Cellou Dalein Diallo, prie pour que la paix, la liberte\u0301 et la se\u0301curite\u0301 re\u0300gnent en Guine\u0301e. A\u0300 l\u2019occasion de la ce\u0301le\u0301bration de Noe\u0308l, le pre\u0301sident de l\u2019Union des Forces De\u0301mocratiques de Guine\u0301e (UFDG) s\u2019est adresse\u0301 a\u0300 la communaute\u0301 chre\u0301tienne de Guine\u0301e. Lisez ce qu\u2019il leur a laisse\u0301 sur son [&hellip;]\" \/>\n<meta property=\"og:url\" content=\"https:\/\/www.africa-press.net\/guinee-conakry\/politique\/noel-en-guinee-dalein-appelle-les-chretiens-a-garder-espoir-malgre-les-epreuves-du-moment\" \/>\n<meta property=\"og:site_name\" content=\"guinee Conakry\" \/>\n<meta property=\"article:published_time\" content=\"2023-12-25T18:07:00+00:00\" \/>\n<meta name=\"author\" content=\"cfeditorfr\" \/>\n<meta name=\"twitter:card\" content=\"summary_large_image\" \/>\n<meta name=\"twitter:label1\" content=\"\u00c9crit par\" \/>\n\t<meta name=\"twitter:data1\" content=\"cfeditorfr\" \/>\n\t<meta name=\"twitter:label2\" content=\"Dur\u00e9e de lecture estim\u00e9e\" \/>\n\t<meta name=\"twitter:data2\" content=\"1 minute\" \/>\n<script type=\"application\/ld+json\" class=\"yoast-schema-graph\">{\"@context\":\"https:\/\/schema.org\",\"@graph\":[{\"@type\":\"Article\",\"@id\":\"https:\/\/www.africa-press.net\/guinee-conakry\/politique\/noel-en-guinee-dalein-appelle-les-chretiens-a-garder-espoir-malgre-les-epreuves-du-moment#article\",\"isPartOf\":{\"@id\":\"https:\/\/www.africa-press.net\/guinee-conakry\/politique\/noel-en-guinee-dalein-appelle-les-chretiens-a-garder-espoir-malgre-les-epreuves-du-moment\"},\"author\":{\"name\":\"cfeditorfr\",\"@id\":\"https:\/\/www.africa-press.net\/guinee-conakry\/#\/schema\/person\/2b1cf3cd81a31e3cd26889ca66d677f1\"},\"headline\":\"No\u00ebl en Guin\u00e9e : Dalein appelle les chr\u00e9tiens \u00e0 garder espoir malgr\u00e9 les \u00e9preuves du moment\",\"datePublished\":\"2023-12-25T18:07:00+00:00\",\"mainEntityOfPage\":{\"@id\":\"https:\/\/www.africa-press.net\/guinee-conakry\/politique\/noel-en-guinee-dalein-appelle-les-chretiens-a-garder-espoir-malgre-les-epreuves-du-moment\"},\"wordCount\":186,\"commentCount\":0,\"image\":{\"@id\":\"https:\/\/www.africa-press.net\/guinee-conakry\/politique\/noel-en-guinee-dalein-appelle-les-chretiens-a-garder-espoir-malgre-les-epreuves-du-moment#primaryimage\"},\"thumbnailUrl\":\"https:\/\/static.africa-press.net\/conakry\/sites\/63\/2023\/12\/Jokar1703515071.610904.jpg\",\"keywords\":[\"Africa Press\",\"Africa Press-Guin\u00e9e\",\"Guin\u00e9e\"],\"articleSection\":[\"Communaut\u00e9\",\"Politique\",\"Toutes les actualit\u00e9s\"],\"inLanguage\":\"fr-FR\",\"potentialAction\":[{\"@type\":\"CommentAction\",\"name\":\"Comment\",\"target\":[\"https:\/\/www.africa-press.net\/guinee-conakry\/politique\/noel-en-guinee-dalein-appelle-les-chretiens-a-garder-espoir-malgre-les-epreuves-du-moment#respond\"]}]},{\"@type\":\"WebPage\",\"@id\":\"https:\/\/www.africa-press.net\/guinee-conakry\/politique\/noel-en-guinee-dalein-appelle-les-chretiens-a-garder-espoir-malgre-les-epreuves-du-moment\",\"url\":\"https:\/\/www.africa-press.net\/guinee-conakry\/politique\/noel-en-guinee-dalein-appelle-les-chretiens-a-garder-espoir-malgre-les-epreuves-du-moment\",\"name\":\"No\u00ebl en Guin\u00e9e : Dalein appelle les chr\u00e9tiens \u00e0 garder espoir malgr\u00e9 les \u00e9preuves du moment - guinee Conakry\",\"isPartOf\":{\"@id\":\"https:\/\/www.africa-press.net\/guinee-conakry\/#website\"},\"primaryImageOfPage\":{\"@id\":\"https:\/\/www.africa-press.net\/guinee-conakry\/politique\/noel-en-guinee-dalein-appelle-les-chretiens-a-garder-espoir-malgre-les-epreuves-du-moment#primaryimage\"},\"image\":{\"@id\":\"https:\/\/www.africa-press.net\/guinee-conakry\/politique\/noel-en-guinee-dalein-appelle-les-chretiens-a-garder-espoir-malgre-les-epreuves-du-moment#primaryimage\"},\"thumbnailUrl\":\"https:\/\/static.africa-press.net\/conakry\/sites\/63\/2023\/12\/Jokar1703515071.610904.jpg\",\"datePublished\":\"2023-12-25T18:07:00+00:00\",\"author\":{\"@id\":\"https:\/\/www.africa-press.net\/guinee-conakry\/#\/schema\/person\/2b1cf3cd81a31e3cd26889ca66d677f1\"},\"breadcrumb\":{\"@id\":\"https:\/\/www.africa-press.net\/guinee-conakry\/politique\/noel-en-guinee-dalein-appelle-les-chretiens-a-garder-espoir-malgre-les-epreuves-du-moment#breadcrumb\"},\"inLanguage\":\"fr-FR\",\"potentialAction\":[{\"@type\":\"ReadAction\",\"target\":[\"https:\/\/www.africa-press.net\/guinee-conakry\/politique\/noel-en-guinee-dalein-appelle-les-chretiens-a-garder-espoir-malgre-les-epreuves-du-moment\"]}]},{\"@type\":\"ImageObject\",\"inLanguage\":\"fr-FR\",\"@id\":\"https:\/\/www.africa-press.net\/guinee-conakry\/politique\/noel-en-guinee-dalein-appelle-les-chretiens-a-garder-espoir-malgre-les-epreuves-du-moment#primaryimage\",\"url\":\"https:\/\/static.africa-press.net\/conakry\/sites\/63\/2023\/12\/Jokar1703515071.610904.jpg\",\"contentUrl\":\"https:\/\/static.africa-press.net\/conakry\/sites\/63\/2023\/12\/Jokar1703515071.610904.jpg\",\"width\":682,\"height\":563,\"caption\":\"No\u00ebl en Guin\u00e9e : Dalein appelle les chr\u00e9tiens \u00e0 garder espoir malgr\u00e9 les \u00e9preuves du moment\"},{\"@type\":\"BreadcrumbList\",\"@id\":\"https:\/\/www.africa-press.net\/guinee-conakry\/politique\/noel-en-guinee-dalein-appelle-les-chretiens-a-garder-espoir-malgre-les-epreuves-du-moment#breadcrumb\",\"itemListElement\":[{\"@type\":\"ListItem\",\"position\":1,\"name\":\"Accueil\",\"item\":\"https:\/\/www.africa-press.net\/guinee-conakry\/\"},{\"@type\":\"ListItem\",\"position\":2,\"name\":\"No\u00ebl en Guin\u00e9e : Dalein appelle les chr\u00e9tiens \u00e0 garder espoir malgr\u00e9 les \u00e9preuves du moment\"}]},{\"@type\":\"WebSite\",\"@id\":\"https:\/\/www.africa-press.net\/guinee-conakry\/#website\",\"url\":\"https:\/\/www.africa-press.net\/guinee-conakry\/\",\"name\":\"guinee Conakry\",\"description\":\"Just another Africa News Agency Sites site\",\"potentialAction\":[{\"@type\":\"SearchAction\",\"target\":{\"@type\":\"EntryPoint\",\"urlTemplate\":\"https:\/\/www.africa-press.net\/guinee-conakry\/?s={search_term_string}\"},\"query-input\":{\"@type\":\"PropertyValueSpecification\",\"valueRequired\":true,\"valueName\":\"search_term_string\"}}],\"inLanguage\":\"fr-FR\"},{\"@type\":\"Person\",\"@id\":\"https:\/\/www.africa-press.net\/guinee-conakry\/#\/schema\/person\/2b1cf3cd81a31e3cd26889ca66d677f1\",\"name\":\"cfeditorfr\"}]}<\/script>\n<!-- \/ Yoast SEO Premium plugin. -->","yoast_head_json":{"title":"No\u00ebl en Guin\u00e9e : Dalein appelle les chr\u00e9tiens \u00e0 garder espoir malgr\u00e9 les \u00e9preuves du moment - guinee Conakry","robots":{"index":"index","follow":"follow","max-snippet":"max-snippet:-1","max-image-preview":"max-image-preview:large","max-video-preview":"max-video-preview:-1"},"canonical":"https:\/\/www.africa-press.net\/guinee-conakry\/politique\/noel-en-guinee-dalein-appelle-les-chretiens-a-garder-espoir-malgre-les-epreuves-du-moment","og_locale":"fr_FR","og_type":"article","og_title":"No\u00ebl en Guin\u00e9e : Dalein appelle les chr\u00e9tiens \u00e0 garder espoir malgr\u00e9 les \u00e9preuves du moment","og_description":"Africa-Press &#8211; Guin\u00e9e. L\u2019ancien Premier ministre, Cellou Dalein Diallo, prie pour que la paix, la liberte\u0301 et la se\u0301curite\u0301 re\u0300gnent en Guine\u0301e. A\u0300 l\u2019occasion de la ce\u0301le\u0301bration de Noe\u0308l, le pre\u0301sident de l\u2019Union des Forces De\u0301mocratiques de Guine\u0301e (UFDG) s\u2019est adresse\u0301 a\u0300 la communaute\u0301 chre\u0301tienne de Guine\u0301e. Lisez ce qu\u2019il leur a laisse\u0301 sur son [&hellip;]","og_url":"https:\/\/www.africa-press.net\/guinee-conakry\/politique\/noel-en-guinee-dalein-appelle-les-chretiens-a-garder-espoir-malgre-les-epreuves-du-moment","og_site_name":"guinee Conakry","article_published_time":"2023-12-25T18:07:00+00:00","author":"cfeditorfr","twitter_card":"summary_large_image","twitter_misc":{"\u00c9crit par":"cfeditorfr","Dur\u00e9e de lecture estim\u00e9e":"1 minute"},"schema":{"@context":"https:\/\/schema.org","@graph":[{"@type":"Article","@id":"https:\/\/www.africa-press.net\/guinee-conakry\/politique\/noel-en-guinee-dalein-appelle-les-chretiens-a-garder-espoir-malgre-les-epreuves-du-moment#article","isPartOf":{"@id":"https:\/\/www.africa-press.net\/guinee-conakry\/politique\/noel-en-guinee-dalein-appelle-les-chretiens-a-garder-espoir-malgre-les-epreuves-du-moment"},"author":{"name":"cfeditorfr","@id":"https:\/\/www.africa-press.net\/guinee-conakry\/#\/schema\/person\/2b1cf3cd81a31e3cd26889ca66d677f1"},"headline":"No\u00ebl en Guin\u00e9e : Dalein appelle les chr\u00e9tiens \u00e0 garder espoir malgr\u00e9 les \u00e9preuves du moment","datePublished":"2023-12-25T18:07:00+00:00","mainEntityOfPage":{"@id":"https:\/\/www.africa-press.net\/guinee-conakry\/politique\/noel-en-guinee-dalein-appelle-les-chretiens-a-garder-espoir-malgre-les-epreuves-du-moment"},"wordCount":186,"commentCount":0,"image":{"@id":"https:\/\/www.africa-press.net\/guinee-conakry\/politique\/noel-en-guinee-dalein-appelle-les-chretiens-a-garder-espoir-malgre-les-epreuves-du-moment#primaryimage"},"thumbnailUrl":"https:\/\/static.africa-press.net\/conakry\/sites\/63\/2023\/12\/Jokar1703515071.610904.jpg","keywords":["Africa Press","Africa Press-Guin\u00e9e","Guin\u00e9e"],"articleSection":["Communaut\u00e9","Politique","Toutes les actualit\u00e9s"],"inLanguage":"fr-FR","potentialAction":[{"@type":"CommentAction","name":"Comment","target":["https:\/\/www.africa-press.net\/guinee-conakry\/politique\/noel-en-guinee-dalein-appelle-les-chretiens-a-garder-espoir-malgre-les-epreuves-du-moment#respond"]}]},{"@type":"WebPage","@id":"https:\/\/www.africa-press.net\/guinee-conakry\/politique\/noel-en-guinee-dalein-appelle-les-chretiens-a-garder-espoir-malgre-les-epreuves-du-moment","url":"https:\/\/www.africa-press.net\/guinee-conakry\/politique\/noel-en-guinee-dalein-appelle-les-chretiens-a-garder-espoir-malgre-les-epreuves-du-moment","name":"No\u00ebl en Guin\u00e9e : Dalein appelle les chr\u00e9tiens \u00e0 garder espoir malgr\u00e9 les \u00e9preuves du moment - guinee Conakry","isPartOf":{"@id":"https:\/\/www.africa-press.net\/guinee-conakry\/#website"},"primaryImageOfPage":{"@id":"https:\/\/www.africa-press.net\/guinee-conakry\/politique\/noel-en-guinee-dalein-appelle-les-chretiens-a-garder-espoir-malgre-les-epreuves-du-moment#primaryimage"},"image":{"@id":"https:\/\/www.africa-press.net\/guinee-conakry\/politique\/noel-en-guinee-dalein-appelle-les-chretiens-a-garder-espoir-malgre-les-epreuves-du-moment#primaryimage"},"thumbnailUrl":"https:\/\/static.africa-press.net\/conakry\/sites\/63\/2023\/12\/Jokar1703515071.610904.jpg","datePublished":"2023-12-25T18:07:00+00:00","author":{"@id":"https:\/\/www.africa-press.net\/guinee-conakry\/#\/schema\/person\/2b1cf3cd81a31e3cd26889ca66d677f1"},"breadcrumb":{"@id":"https:\/\/www.africa-press.net\/guinee-conakry\/politique\/noel-en-guinee-dalein-appelle-les-chretiens-a-garder-espoir-malgre-les-epreuves-du-moment#breadcrumb"},"inLanguage":"fr-FR","potentialAction":[{"@type":"ReadAction","target":["https:\/\/www.africa-press.net\/guinee-conakry\/politique\/noel-en-guinee-dalein-appelle-les-chretiens-a-garder-espoir-malgre-les-epreuves-du-moment"]}]},{"@type":"ImageObject","inLanguage":"fr-FR","@id":"https:\/\/www.africa-press.net\/guinee-conakry\/politique\/noel-en-guinee-dalein-appelle-les-chretiens-a-garder-espoir-malgre-les-epreuves-du-moment#primaryimage","url":"https:\/\/static.africa-press.net\/conakry\/sites\/63\/2023\/12\/Jokar1703515071.610904.jpg","contentUrl":"https:\/\/static.africa-press.net\/conakry\/sites\/63\/2023\/12\/Jokar1703515071.610904.jpg","width":682,"height":563,"caption":"No\u00ebl en Guin\u00e9e : Dalein appelle les chr\u00e9tiens \u00e0 garder espoir malgr\u00e9 les \u00e9preuves du moment"},{"@type":"BreadcrumbList","@id":"https:\/\/www.africa-press.net\/guinee-conakry\/politique\/noel-en-guinee-dalein-appelle-les-chretiens-a-garder-espoir-malgre-les-epreuves-du-moment#breadcrumb","itemListElement":[{"@type":"ListItem","position":1,"name":"Accueil","item":"https:\/\/www.africa-press.net\/guinee-conakry\/"},{"@type":"ListItem","position":2,"name":"No\u00ebl en Guin\u00e9e : Dalein appelle les chr\u00e9tiens \u00e0 garder espoir malgr\u00e9 les \u00e9preuves du moment"}]},{"@type":"WebSite","@id":"https:\/\/www.africa-press.net\/guinee-conakry\/#website","url":"https:\/\/www.africa-press.net\/guinee-conakry\/","name":"guinee Conakry","description":"Just another Africa News Agency Sites site","potentialAction":[{"@type":"SearchAction","target":{"@type":"EntryPoint","urlTemplate":"https:\/\/www.africa-press.net\/guinee-conakry\/?s={search_term_string}"},"query-input":{"@type":"PropertyValueSpecification","valueRequired":true,"valueName":"search_term_string"}}],"inLanguage":"fr-FR"},{"@type":"Person","@id":"https:\/\/www.africa-press.net\/guinee-conakry\/#\/schema\/person\/2b1cf3cd81a31e3cd26889ca66d677f1","name":"cfeditorfr"}]}},"_links":{"self":[{"href":"https:\/\/www.africa-press.net\/guinee-conakry\/wp-json\/wp\/v2\/posts\/18041","targetHints":{"allow":["GET"]}}],"collection":[{"href":"https:\/\/www.africa-press.net\/guinee-conakry\/wp-json\/wp\/v2\/posts"}],"about":[{"href":"https:\/\/www.africa-press.net\/guinee-conakry\/wp-json\/wp\/v2\/types\/post"}],"author":[{"embeddable":true,"href":"https:\/\/www.africa-press.net\/guinee-conakry\/wp-json\/wp\/v2\/users\/82"}],"replies":[{"embeddable":true,"href":"https:\/\/www.africa-press.net\/guinee-conakry\/wp-json\/wp\/v2\/comments?post=18041"}],"version-history":[{"count":0,"href":"https:\/\/www.africa-press.net\/guinee-conakry\/wp-json\/wp\/v2\/posts\/18041\/revisions"}],"wp:featuredmedia":[{"embeddable":true,"href":"https:\/\/www.africa-press.net\/guinee-conakry\/wp-json\/wp\/v2\/media\/18040"}],"wp:attachment":[{"href":"https:\/\/www.africa-press.net\/guinee-conakry\/wp-json\/wp\/v2\/media?parent=18041"}],"wp:term":[{"taxonomy":"category","embeddable":true,"href":"https:\/\/www.africa-press.net\/guinee-conakry\/wp-json\/wp\/v2\/categories?post=18041"},{"taxonomy":"post_tag","embeddable":true,"href":"https:\/\/www.africa-press.net\/guinee-conakry\/wp-json\/wp\/v2\/tags?post=18041"}],"curies":[{"name":"wp","href":"https:\/\/api.w.org\/{rel}","templated":true}]}}