{"id":18051,"date":"2023-12-26T17:35:00","date_gmt":"2023-12-26T17:35:00","guid":{"rendered":"https:\/\/www.africa-press.net\/guinee-conakry\/politique\/explosion-a-kaloum-les-forces-sociales-reclament-une-commission-denquete-internationale-pour-determiner-les-causes-du-drame"},"modified":"2023-12-26T17:35:00","modified_gmt":"2023-12-26T17:35:00","slug":"explosion-a-kaloum-les-forces-sociales-reclament-une-commission-denquete-internationale-pour-determiner-les-causes-du-drame","status":"publish","type":"post","link":"https:\/\/www.africa-press.net\/guinee-conakry\/toutes-les-actualites\/explosion-a-kaloum-les-forces-sociales-reclament-une-commission-denquete-internationale-pour-determiner-les-causes-du-drame","title":{"rendered":"Explosion \u00e0 Kaloum\u00a0: les Forces sociales r\u00e9clament une commission d\u2019enqu\u00eate internationale pour d\u00e9terminer les causes du drame"},"content":{"rendered":"<p><span style=\"color: #ff6600\"><strong>Africa-Press &#8211; Guin\u00e9e. <\/strong><\/span><b>La socie\u0301te\u0301 civile a\u0300 travers sa diversite\u0301 incarne\u0301e dans les Forces Sociales de Guine\u0301e, en plus de son engagement humanitaire, sa solidarite\u0301 aux victimes et sa reconnaissance pour tous les efforts consentis dans la gestion de la crise relative a\u0300 l\u2019incendie survenu au de\u0301po\u0302t central des hydrocarbures de Guine\u0301e, reste tre\u0300s attache\u0301e au droit a\u0300 la ve\u0301rite\u0301 sur les causes de ce drame ine\u0301dit et a\u0300 la re\u0301paration pour ses diffe\u0301rentes cate\u0301gories de victimes.<\/b><\/p>\n<p><b>Ainsi, les Forces Sociales de Guine\u0301e<\/b> se re\u0301jouissent, de la<b> prise en compte de certaines de leurs propositions par l\u2019Etat et ses partenaires<\/b> dans la gestion a\u0300 court termes de la crise. Par la me\u0302me occasion, la socie\u0301te\u0301 civile note avec inte\u0301re\u0302t une certaine maitrise du sinistre par la circonscription de l\u2019incendie avec l\u2019appui des pays amis et partenaires au comite\u0301 de crise mis en place a\u0300 cet effet.<\/p>\n<p>De me\u0302me, elle salue et encourage d\u2019avantage l\u2019attention solidaire apporte\u0301e aux sinistre\u0301s et a\u0300 l\u2019Etat a\u0300 travers des assistances humanitaires, sanitaires, alimentaires, financie\u0300res, logistiques et psychologiques par les diffe\u0301rents acteurs du pays, les pays voisins et les partenaires au de\u0301veloppement.<\/p>\n<p>Cependant, les Forces Sociales de Guine\u0301e regrettent et de\u0301noncent avec vigueur les conclusions ha\u0302tives et tendancieuses faites sur les causes du drame par le Ministre porte-parole du gouvernement et la Direction de Communication et de l\u2019Information (DCI) de la Pre\u0301sidence, pendant que des enque\u0302tes sont annonce\u0301es.<\/p>\n<p>Cette attitude pre\u0301tentieuse et me\u0301prisante de la se\u0301paration du pouvoir de la part de ces autorite\u0301s de Transition, reste pre\u0301occupante pour la socie\u0301te\u0301 civile, avec un silence absolu et coupable du Pre\u0301sident de la Transition, Pre\u0301sident de l\u2019organe d\u2019orientation et de de\u0301cision de la Transition (CNRD), qui a fait son adresse a\u0300 la nation des jours apre\u0300s l\u2019e\u0301ve\u0300nement, sans placer un seul mot sur sa volonte\u0301 de contribuer a\u0300 faire la lumie\u0300re sur cette trage\u0301die.<\/p>\n<p>En conse\u0301quence, les <b>Forces Sociales de Guine\u0301e, <\/b>engage\u0301es sans re\u0301serve par les moyens le\u0301gaux a\u0300<b> l\u2019e\u0301tablissement de la ve\u0301rite\u0301 sur les origines du drame et la re\u0301paration de tous les pre\u0301judices :<\/b><\/p>\n<p>Regrettent le silence intole\u0301rable des multinationales ou compagnies actionnaires du de\u0301po\u0302t et co-responsables de sa gestion, alors que des de\u0301faillances de gestion sont indexe\u0301es comme causes par le porte-parole du gouvernement et la Direction de Communication et de l\u2019Information (DCI) de la Pre\u0301sidence ;<\/p>\n<p>Interpellent, ainsi, lesdits actionnaires de la Socie\u0301te\u0301 Guine\u0301enne de Pe\u0301trole, pour leur part de responsabilite\u0301 dans la manifestation de la ve\u0301rite\u0301 face a\u0300 l\u2019ampleur des de\u0301ga\u0302ts avec des pertes en vies humaines et des disparitions au nombre inconnu, sans compter les conse\u0301quences e\u0301cologiques et sanitaires. Toutefois, la Socie\u0301te\u0301 Civile se re\u0301serve le droit a\u0300 se constituer partie civile devant les tribunaux pour la manifestation de la ve\u0301rite\u0301 et la re\u0301paration des pre\u0301judices;<\/p>\n<p>Demandent la mise en place d\u2019une commission d\u2019enque\u0302te internationale pour de\u0301terminer de fac\u0327on inde\u0301pendante les causes du drame face a\u0300 sa complexite\u0301 et a\u0300 une certaine conclusion ha\u0302tive de la part de l\u2019Exe\u0301cutif aux affaires du pays sous le silence complice des actionnaires de la Socie\u0301te\u0301 Guine\u0301enne de Pe\u0301trole ;<\/p>\n<p>Re\u0301affirment leur appel au re\u0301tablissement sans de\u0301lais du droit des Guine\u0301ens a\u0300 l\u2019information par l\u2019acce\u0300s a\u0300 l\u2019internet et aux me\u0301dia prive\u0301s qui sont bloque\u0301s par les autorite\u0301s de Transition depuis des semaines de fac\u0327on arrogante et inopportune.<\/p>\n<p>Enfin, les Forces Sociales de Guine\u0301e, invitent l\u2019ensemble des victimes a\u0300 faire enregistrer de fac\u0327on inde\u0301pendante (par voie d\u2019huissier) les pertes et pre\u0301judices qu\u2019elles ont subi pour des fins de poursuites et de re\u0301paration au moment opportun.<\/p>\n<p>Conakry,<b> le 25 de\u0301cembre 2023<\/b><\/p>\n<p><b>La Coordination du FFSG<\/b><\/p>\n<p><strong>Pour plus d&rsquo;informations et d&rsquo;analyses sur la <a href=\"https:\/\/www.africa-press.net\/guinee-conakry\">Guin\u00e9e<\/a>, suivez <a href=\"https:\/\/www.africa-press.net\/\">Africa-Press<\/a><\/strong><\/p>\n","protected":false},"excerpt":{"rendered":"<p>Africa-Press &#8211; Guin\u00e9e. La socie\u0301te\u0301 civile a\u0300 travers sa diversite\u0301 incarne\u0301e dans les Forces Sociales de Guine\u0301e, en plus de son engagement humanitaire, sa solidarite\u0301 aux victimes et sa reconnaissance pour tous les efforts consentis dans la gestion de la crise relative a\u0300 l\u2019incendie survenu au de\u0301po\u0302t central des hydrocarbures de Guine\u0301e, reste tre\u0300s attache\u0301e [&hellip;]<\/p>\n","protected":false},"author":82,"featured_media":18050,"comment_status":"open","ping_status":"closed","sticky":false,"template":"","format":"standard","meta":{"footnotes":""},"categories":[21,56,10],"tags":[36,57,58],"class_list":["post-18051","post","type-post","status-publish","format-standard","has-post-thumbnail","hentry","category-communaute","category-to-homepage","category-toutes-les-actualites","tag-africa-press","tag-africa-press-guinee","tag-guinee"],"yoast_head":"<!-- This site is optimized with the Yoast SEO Premium plugin v26.1 (Yoast SEO v27.0) - https:\/\/yoast.com\/product\/yoast-seo-premium-wordpress\/ -->\n<title>Explosion \u00e0 Kaloum\u00a0: les Forces sociales r\u00e9clament une commission d\u2019enqu\u00eate internationale pour d\u00e9terminer les causes du drame - guinee Conakry<\/title>\n<meta name=\"robots\" content=\"index, follow, max-snippet:-1, max-image-preview:large, max-video-preview:-1\" \/>\n<link rel=\"canonical\" href=\"https:\/\/www.africa-press.net\/guinee-conakry\/politique\/explosion-a-kaloum-les-forces-sociales-reclament-une-commission-denquete-internationale-pour-determiner-les-causes-du-drame\" \/>\n<meta property=\"og:locale\" content=\"fr_FR\" \/>\n<meta property=\"og:type\" content=\"article\" \/>\n<meta property=\"og:title\" content=\"Explosion \u00e0 Kaloum\u00a0: les Forces sociales r\u00e9clament une commission d\u2019enqu\u00eate internationale pour d\u00e9terminer les causes du drame\" \/>\n<meta property=\"og:description\" content=\"Africa-Press &#8211; Guin\u00e9e. La socie\u0301te\u0301 civile a\u0300 travers sa diversite\u0301 incarne\u0301e dans les Forces Sociales de Guine\u0301e, en plus de son engagement humanitaire, sa solidarite\u0301 aux victimes et sa reconnaissance pour tous les efforts consentis dans la gestion de la crise relative a\u0300 l\u2019incendie survenu au de\u0301po\u0302t central des hydrocarbures de Guine\u0301e, reste tre\u0300s attache\u0301e [&hellip;]\" \/>\n<meta property=\"og:url\" content=\"https:\/\/www.africa-press.net\/guinee-conakry\/politique\/explosion-a-kaloum-les-forces-sociales-reclament-une-commission-denquete-internationale-pour-determiner-les-causes-du-drame\" \/>\n<meta property=\"og:site_name\" content=\"guinee Conakry\" \/>\n<meta property=\"article:published_time\" content=\"2023-12-26T17:35:00+00:00\" \/>\n<meta name=\"author\" content=\"cfeditorfr\" \/>\n<meta name=\"twitter:card\" content=\"summary_large_image\" \/>\n<meta name=\"twitter:label1\" content=\"\u00c9crit par\" \/>\n\t<meta name=\"twitter:data1\" content=\"cfeditorfr\" \/>\n\t<meta name=\"twitter:label2\" content=\"Dur\u00e9e de lecture estim\u00e9e\" \/>\n\t<meta name=\"twitter:data2\" content=\"4 minutes\" \/>\n<script type=\"application\/ld+json\" class=\"yoast-schema-graph\">{\"@context\":\"https:\/\/schema.org\",\"@graph\":[{\"@type\":\"Article\",\"@id\":\"https:\/\/www.africa-press.net\/guinee-conakry\/politique\/explosion-a-kaloum-les-forces-sociales-reclament-une-commission-denquete-internationale-pour-determiner-les-causes-du-drame#article\",\"isPartOf\":{\"@id\":\"https:\/\/www.africa-press.net\/guinee-conakry\/politique\/explosion-a-kaloum-les-forces-sociales-reclament-une-commission-denquete-internationale-pour-determiner-les-causes-du-drame\"},\"author\":{\"name\":\"cfeditorfr\",\"@id\":\"https:\/\/www.africa-press.net\/guinee-conakry\/#\/schema\/person\/2b1cf3cd81a31e3cd26889ca66d677f1\"},\"headline\":\"Explosion \u00e0 Kaloum\u00a0: les Forces sociales r\u00e9clament une commission d\u2019enqu\u00eate internationale pour d\u00e9terminer les causes du drame\",\"datePublished\":\"2023-12-26T17:35:00+00:00\",\"mainEntityOfPage\":{\"@id\":\"https:\/\/www.africa-press.net\/guinee-conakry\/politique\/explosion-a-kaloum-les-forces-sociales-reclament-une-commission-denquete-internationale-pour-determiner-les-causes-du-drame\"},\"wordCount\":738,\"commentCount\":0,\"image\":{\"@id\":\"https:\/\/www.africa-press.net\/guinee-conakry\/politique\/explosion-a-kaloum-les-forces-sociales-reclament-une-commission-denquete-internationale-pour-determiner-les-causes-du-drame#primaryimage\"},\"thumbnailUrl\":\"https:\/\/static.africa-press.net\/conakry\/sites\/63\/2023\/12\/Jokar1703599532.676355.jpg\",\"keywords\":[\"Africa Press\",\"Africa Press-Guin\u00e9e\",\"Guin\u00e9e\"],\"articleSection\":[\"Communaut\u00e9\",\"to-homepage\",\"Toutes les actualit\u00e9s\"],\"inLanguage\":\"fr-FR\",\"potentialAction\":[{\"@type\":\"CommentAction\",\"name\":\"Comment\",\"target\":[\"https:\/\/www.africa-press.net\/guinee-conakry\/politique\/explosion-a-kaloum-les-forces-sociales-reclament-une-commission-denquete-internationale-pour-determiner-les-causes-du-drame#respond\"]}]},{\"@type\":\"WebPage\",\"@id\":\"https:\/\/www.africa-press.net\/guinee-conakry\/politique\/explosion-a-kaloum-les-forces-sociales-reclament-une-commission-denquete-internationale-pour-determiner-les-causes-du-drame\",\"url\":\"https:\/\/www.africa-press.net\/guinee-conakry\/politique\/explosion-a-kaloum-les-forces-sociales-reclament-une-commission-denquete-internationale-pour-determiner-les-causes-du-drame\",\"name\":\"Explosion \u00e0 Kaloum\u00a0: les Forces sociales r\u00e9clament une commission d\u2019enqu\u00eate internationale pour d\u00e9terminer les causes du drame - guinee Conakry\",\"isPartOf\":{\"@id\":\"https:\/\/www.africa-press.net\/guinee-conakry\/#website\"},\"primaryImageOfPage\":{\"@id\":\"https:\/\/www.africa-press.net\/guinee-conakry\/politique\/explosion-a-kaloum-les-forces-sociales-reclament-une-commission-denquete-internationale-pour-determiner-les-causes-du-drame#primaryimage\"},\"image\":{\"@id\":\"https:\/\/www.africa-press.net\/guinee-conakry\/politique\/explosion-a-kaloum-les-forces-sociales-reclament-une-commission-denquete-internationale-pour-determiner-les-causes-du-drame#primaryimage\"},\"thumbnailUrl\":\"https:\/\/static.africa-press.net\/conakry\/sites\/63\/2023\/12\/Jokar1703599532.676355.jpg\",\"datePublished\":\"2023-12-26T17:35:00+00:00\",\"author\":{\"@id\":\"https:\/\/www.africa-press.net\/guinee-conakry\/#\/schema\/person\/2b1cf3cd81a31e3cd26889ca66d677f1\"},\"breadcrumb\":{\"@id\":\"https:\/\/www.africa-press.net\/guinee-conakry\/politique\/explosion-a-kaloum-les-forces-sociales-reclament-une-commission-denquete-internationale-pour-determiner-les-causes-du-drame#breadcrumb\"},\"inLanguage\":\"fr-FR\",\"potentialAction\":[{\"@type\":\"ReadAction\",\"target\":[\"https:\/\/www.africa-press.net\/guinee-conakry\/politique\/explosion-a-kaloum-les-forces-sociales-reclament-une-commission-denquete-internationale-pour-determiner-les-causes-du-drame\"]}]},{\"@type\":\"ImageObject\",\"inLanguage\":\"fr-FR\",\"@id\":\"https:\/\/www.africa-press.net\/guinee-conakry\/politique\/explosion-a-kaloum-les-forces-sociales-reclament-une-commission-denquete-internationale-pour-determiner-les-causes-du-drame#primaryimage\",\"url\":\"https:\/\/static.africa-press.net\/conakry\/sites\/63\/2023\/12\/Jokar1703599532.676355.jpg\",\"contentUrl\":\"https:\/\/static.africa-press.net\/conakry\/sites\/63\/2023\/12\/Jokar1703599532.676355.jpg\",\"width\":1024,\"height\":560,\"caption\":\"Explosion \u00e0 Kaloum\u00a0: les Forces sociales r\u00e9clament une commission d\u2019enqu\u00eate internationale pour d\u00e9terminer les causes du drame\"},{\"@type\":\"BreadcrumbList\",\"@id\":\"https:\/\/www.africa-press.net\/guinee-conakry\/politique\/explosion-a-kaloum-les-forces-sociales-reclament-une-commission-denquete-internationale-pour-determiner-les-causes-du-drame#breadcrumb\",\"itemListElement\":[{\"@type\":\"ListItem\",\"position\":1,\"name\":\"Accueil\",\"item\":\"https:\/\/www.africa-press.net\/guinee-conakry\/\"},{\"@type\":\"ListItem\",\"position\":2,\"name\":\"Explosion \u00e0 Kaloum\u00a0: les Forces sociales r\u00e9clament une commission d\u2019enqu\u00eate internationale pour d\u00e9terminer les causes du drame\"}]},{\"@type\":\"WebSite\",\"@id\":\"https:\/\/www.africa-press.net\/guinee-conakry\/#website\",\"url\":\"https:\/\/www.africa-press.net\/guinee-conakry\/\",\"name\":\"guinee Conakry\",\"description\":\"Just another Africa News Agency Sites site\",\"potentialAction\":[{\"@type\":\"SearchAction\",\"target\":{\"@type\":\"EntryPoint\",\"urlTemplate\":\"https:\/\/www.africa-press.net\/guinee-conakry\/?s={search_term_string}\"},\"query-input\":{\"@type\":\"PropertyValueSpecification\",\"valueRequired\":true,\"valueName\":\"search_term_string\"}}],\"inLanguage\":\"fr-FR\"},{\"@type\":\"Person\",\"@id\":\"https:\/\/www.africa-press.net\/guinee-conakry\/#\/schema\/person\/2b1cf3cd81a31e3cd26889ca66d677f1\",\"name\":\"cfeditorfr\"}]}<\/script>\n<!-- \/ Yoast SEO Premium plugin. -->","yoast_head_json":{"title":"Explosion \u00e0 Kaloum\u00a0: les Forces sociales r\u00e9clament une commission d\u2019enqu\u00eate internationale pour d\u00e9terminer les causes du drame - guinee Conakry","robots":{"index":"index","follow":"follow","max-snippet":"max-snippet:-1","max-image-preview":"max-image-preview:large","max-video-preview":"max-video-preview:-1"},"canonical":"https:\/\/www.africa-press.net\/guinee-conakry\/politique\/explosion-a-kaloum-les-forces-sociales-reclament-une-commission-denquete-internationale-pour-determiner-les-causes-du-drame","og_locale":"fr_FR","og_type":"article","og_title":"Explosion \u00e0 Kaloum\u00a0: les Forces sociales r\u00e9clament une commission d\u2019enqu\u00eate internationale pour d\u00e9terminer les causes du drame","og_description":"Africa-Press &#8211; Guin\u00e9e. La socie\u0301te\u0301 civile a\u0300 travers sa diversite\u0301 incarne\u0301e dans les Forces Sociales de Guine\u0301e, en plus de son engagement humanitaire, sa solidarite\u0301 aux victimes et sa reconnaissance pour tous les efforts consentis dans la gestion de la crise relative a\u0300 l\u2019incendie survenu au de\u0301po\u0302t central des hydrocarbures de Guine\u0301e, reste tre\u0300s attache\u0301e [&hellip;]","og_url":"https:\/\/www.africa-press.net\/guinee-conakry\/politique\/explosion-a-kaloum-les-forces-sociales-reclament-une-commission-denquete-internationale-pour-determiner-les-causes-du-drame","og_site_name":"guinee Conakry","article_published_time":"2023-12-26T17:35:00+00:00","author":"cfeditorfr","twitter_card":"summary_large_image","twitter_misc":{"\u00c9crit par":"cfeditorfr","Dur\u00e9e de lecture estim\u00e9e":"4 minutes"},"schema":{"@context":"https:\/\/schema.org","@graph":[{"@type":"Article","@id":"https:\/\/www.africa-press.net\/guinee-conakry\/politique\/explosion-a-kaloum-les-forces-sociales-reclament-une-commission-denquete-internationale-pour-determiner-les-causes-du-drame#article","isPartOf":{"@id":"https:\/\/www.africa-press.net\/guinee-conakry\/politique\/explosion-a-kaloum-les-forces-sociales-reclament-une-commission-denquete-internationale-pour-determiner-les-causes-du-drame"},"author":{"name":"cfeditorfr","@id":"https:\/\/www.africa-press.net\/guinee-conakry\/#\/schema\/person\/2b1cf3cd81a31e3cd26889ca66d677f1"},"headline":"Explosion \u00e0 Kaloum\u00a0: les Forces sociales r\u00e9clament une commission d\u2019enqu\u00eate internationale pour d\u00e9terminer les causes du drame","datePublished":"2023-12-26T17:35:00+00:00","mainEntityOfPage":{"@id":"https:\/\/www.africa-press.net\/guinee-conakry\/politique\/explosion-a-kaloum-les-forces-sociales-reclament-une-commission-denquete-internationale-pour-determiner-les-causes-du-drame"},"wordCount":738,"commentCount":0,"image":{"@id":"https:\/\/www.africa-press.net\/guinee-conakry\/politique\/explosion-a-kaloum-les-forces-sociales-reclament-une-commission-denquete-internationale-pour-determiner-les-causes-du-drame#primaryimage"},"thumbnailUrl":"https:\/\/static.africa-press.net\/conakry\/sites\/63\/2023\/12\/Jokar1703599532.676355.jpg","keywords":["Africa Press","Africa Press-Guin\u00e9e","Guin\u00e9e"],"articleSection":["Communaut\u00e9","to-homepage","Toutes les actualit\u00e9s"],"inLanguage":"fr-FR","potentialAction":[{"@type":"CommentAction","name":"Comment","target":["https:\/\/www.africa-press.net\/guinee-conakry\/politique\/explosion-a-kaloum-les-forces-sociales-reclament-une-commission-denquete-internationale-pour-determiner-les-causes-du-drame#respond"]}]},{"@type":"WebPage","@id":"https:\/\/www.africa-press.net\/guinee-conakry\/politique\/explosion-a-kaloum-les-forces-sociales-reclament-une-commission-denquete-internationale-pour-determiner-les-causes-du-drame","url":"https:\/\/www.africa-press.net\/guinee-conakry\/politique\/explosion-a-kaloum-les-forces-sociales-reclament-une-commission-denquete-internationale-pour-determiner-les-causes-du-drame","name":"Explosion \u00e0 Kaloum\u00a0: les Forces sociales r\u00e9clament une commission d\u2019enqu\u00eate internationale pour d\u00e9terminer les causes du drame - guinee Conakry","isPartOf":{"@id":"https:\/\/www.africa-press.net\/guinee-conakry\/#website"},"primaryImageOfPage":{"@id":"https:\/\/www.africa-press.net\/guinee-conakry\/politique\/explosion-a-kaloum-les-forces-sociales-reclament-une-commission-denquete-internationale-pour-determiner-les-causes-du-drame#primaryimage"},"image":{"@id":"https:\/\/www.africa-press.net\/guinee-conakry\/politique\/explosion-a-kaloum-les-forces-sociales-reclament-une-commission-denquete-internationale-pour-determiner-les-causes-du-drame#primaryimage"},"thumbnailUrl":"https:\/\/static.africa-press.net\/conakry\/sites\/63\/2023\/12\/Jokar1703599532.676355.jpg","datePublished":"2023-12-26T17:35:00+00:00","author":{"@id":"https:\/\/www.africa-press.net\/guinee-conakry\/#\/schema\/person\/2b1cf3cd81a31e3cd26889ca66d677f1"},"breadcrumb":{"@id":"https:\/\/www.africa-press.net\/guinee-conakry\/politique\/explosion-a-kaloum-les-forces-sociales-reclament-une-commission-denquete-internationale-pour-determiner-les-causes-du-drame#breadcrumb"},"inLanguage":"fr-FR","potentialAction":[{"@type":"ReadAction","target":["https:\/\/www.africa-press.net\/guinee-conakry\/politique\/explosion-a-kaloum-les-forces-sociales-reclament-une-commission-denquete-internationale-pour-determiner-les-causes-du-drame"]}]},{"@type":"ImageObject","inLanguage":"fr-FR","@id":"https:\/\/www.africa-press.net\/guinee-conakry\/politique\/explosion-a-kaloum-les-forces-sociales-reclament-une-commission-denquete-internationale-pour-determiner-les-causes-du-drame#primaryimage","url":"https:\/\/static.africa-press.net\/conakry\/sites\/63\/2023\/12\/Jokar1703599532.676355.jpg","contentUrl":"https:\/\/static.africa-press.net\/conakry\/sites\/63\/2023\/12\/Jokar1703599532.676355.jpg","width":1024,"height":560,"caption":"Explosion \u00e0 Kaloum\u00a0: les Forces sociales r\u00e9clament une commission d\u2019enqu\u00eate internationale pour d\u00e9terminer les causes du drame"},{"@type":"BreadcrumbList","@id":"https:\/\/www.africa-press.net\/guinee-conakry\/politique\/explosion-a-kaloum-les-forces-sociales-reclament-une-commission-denquete-internationale-pour-determiner-les-causes-du-drame#breadcrumb","itemListElement":[{"@type":"ListItem","position":1,"name":"Accueil","item":"https:\/\/www.africa-press.net\/guinee-conakry\/"},{"@type":"ListItem","position":2,"name":"Explosion \u00e0 Kaloum\u00a0: les Forces sociales r\u00e9clament une commission d\u2019enqu\u00eate internationale pour d\u00e9terminer les causes du drame"}]},{"@type":"WebSite","@id":"https:\/\/www.africa-press.net\/guinee-conakry\/#website","url":"https:\/\/www.africa-press.net\/guinee-conakry\/","name":"guinee Conakry","description":"Just another Africa News Agency Sites site","potentialAction":[{"@type":"SearchAction","target":{"@type":"EntryPoint","urlTemplate":"https:\/\/www.africa-press.net\/guinee-conakry\/?s={search_term_string}"},"query-input":{"@type":"PropertyValueSpecification","valueRequired":true,"valueName":"search_term_string"}}],"inLanguage":"fr-FR"},{"@type":"Person","@id":"https:\/\/www.africa-press.net\/guinee-conakry\/#\/schema\/person\/2b1cf3cd81a31e3cd26889ca66d677f1","name":"cfeditorfr"}]}},"_links":{"self":[{"href":"https:\/\/www.africa-press.net\/guinee-conakry\/wp-json\/wp\/v2\/posts\/18051","targetHints":{"allow":["GET"]}}],"collection":[{"href":"https:\/\/www.africa-press.net\/guinee-conakry\/wp-json\/wp\/v2\/posts"}],"about":[{"href":"https:\/\/www.africa-press.net\/guinee-conakry\/wp-json\/wp\/v2\/types\/post"}],"author":[{"embeddable":true,"href":"https:\/\/www.africa-press.net\/guinee-conakry\/wp-json\/wp\/v2\/users\/82"}],"replies":[{"embeddable":true,"href":"https:\/\/www.africa-press.net\/guinee-conakry\/wp-json\/wp\/v2\/comments?post=18051"}],"version-history":[{"count":0,"href":"https:\/\/www.africa-press.net\/guinee-conakry\/wp-json\/wp\/v2\/posts\/18051\/revisions"}],"wp:featuredmedia":[{"embeddable":true,"href":"https:\/\/www.africa-press.net\/guinee-conakry\/wp-json\/wp\/v2\/media\/18050"}],"wp:attachment":[{"href":"https:\/\/www.africa-press.net\/guinee-conakry\/wp-json\/wp\/v2\/media?parent=18051"}],"wp:term":[{"taxonomy":"category","embeddable":true,"href":"https:\/\/www.africa-press.net\/guinee-conakry\/wp-json\/wp\/v2\/categories?post=18051"},{"taxonomy":"post_tag","embeddable":true,"href":"https:\/\/www.africa-press.net\/guinee-conakry\/wp-json\/wp\/v2\/tags?post=18051"}],"curies":[{"name":"wp","href":"https:\/\/api.w.org\/{rel}","templated":true}]}}