{"id":18065,"date":"2023-12-26T17:47:00","date_gmt":"2023-12-26T17:47:00","guid":{"rendered":"https:\/\/www.africa-press.net\/guinee-conakry\/politique\/le-general-amara-camara-aux-guineens-nous-traversons-des-moments-assez-particuliers"},"modified":"2023-12-26T17:47:00","modified_gmt":"2023-12-26T17:47:00","slug":"le-general-amara-camara-aux-guineens-nous-traversons-des-moments-assez-particuliers","status":"publish","type":"post","link":"https:\/\/www.africa-press.net\/guinee-conakry\/toutes-les-actualites\/le-general-amara-camara-aux-guineens-nous-traversons-des-moments-assez-particuliers","title":{"rendered":"Le g\u00e9n\u00e9ral Amara Camara aux guin\u00e9ens\u00a0: \u2018\u2019Nous traversons des moments assez particuliers\u2018\u2019"},"content":{"rendered":"<p><span style=\"color: #ff6600\"><strong>Africa-Press &#8211; Guin\u00e9e. <\/strong><\/span><b>Le ge\u0301ne\u0301ral Amara Camara, ministre secre\u0301taire ge\u0301ne\u0301ral de la pre\u0301sidence de la Re\u0301publique, e\u0301tait ce lundi 25 de\u0301cembre aux co\u0302te\u0301s du chef de l\u2019Etat, le colonel Mamadi Doumbouya, sur le site de de\u0301po\u0302t <\/b><b>d\u2019hydrocarbures de Kaloum<\/b><b> ravage\u0301 par un incendie meurtrier. <\/b><\/p>\n<p>Le bilan fourni par le gouvernement a\u0300 la date du 22 de\u0301cembre fait e\u0301tat de 23 morts depuis le de\u0301but de la crise, 285 blesse\u0301s admis dans les structures sanitaires dont 243 ont regagne\u0301 leurs familles apre\u0300s avoir be\u0301ne\u0301ficie\u0301 d\u2019une prise en charge me\u0301dicale gratuite.<\/p>\n<p>En attendant les conclusions des enque\u0302tes en cours, la zone impacte\u0301e du sinistre reste ferme\u0301e au public, selon les autorite\u0301s, pour des raisons de se\u0301curite\u0301 et d\u2019enque\u0302tes, a\u0300 l\u2019exception des services spe\u0301cialise\u0301s.<\/p>\n<p>\u2018\u2019Le pre\u0301sident de la Re\u0301publique a effectue\u0301 une visite de terrain. Il y a une semaine qu\u2019un tragique incendie a frappe\u0301 le de\u0301po\u0302t d\u2019hydrocarbures de Kaloum. Sa visite a commence\u0301 par les lieux de l\u2019incendie pour toucher du doigt les re\u0301alite\u0301s du terrain\u2019\u2019, rapporte le porte-parole du colonel Doumbouya.<\/p>\n<p>Ensuite, souligne-t-il, \u2018\u2019il a communie\u0301 avec les sapeurs-pompiers guine\u0301ens et e\u0301trangers qui e\u0301taient sur le terrain. Il a aussi communie\u0301 avec les fide\u0300les chre\u0301tiens qui fe\u0302taient Noel pour rappeler dans la foi et la solidarite\u0301 que le peuple de Guine\u0301e est reste\u0301 main dans la main afin d\u2019e\u0301teindre le feu\u2019\u2019.<\/p>\n<p>\u2018\u2019Il s\u2019est rendu au chevet des victimes a\u0300 l\u2019ho\u0302pital Donka, au camp Samory, a\u0300 l\u2019ho\u0302pital Ignace Deen. Il a vu les malades et leurs familles ainsi que les e\u0301quipes et salue\u0301 le personnel me\u0301dical qui est sur le terrain depuis les premie\u0300res heure pour sauver des vies\u2019\u2019, renche\u0301rit le ge\u0301ne\u0301ral Amara Camara.<\/p>\n<p>La sortie du pre\u0301sident de la transition une semaine apre\u0300s le drame a\u0300 Kaloum est loin d\u2019e\u0302tre le fruit du hasard. \u2018\u2019Il tenait a\u0300 dire au peuple de Guine\u0301e que nous traversons des moments assez particuliers. Mais dans l\u2019union, la foi, la solidarite\u0301, nous allons les surmonter\u2019\u2019, rassure le ministre secre\u0301taire ge\u0301ne\u0301ral de la pre\u0301sidence de la Re\u0301publique.<\/p>\n<p><b>Boussouriou Doumba<\/b><\/p>\n<p><strong>Pour plus d&rsquo;informations et d&rsquo;analyses sur la <a href=\"https:\/\/www.africa-press.net\/guinee-conakry\">Guin\u00e9e<\/a>, suivez <a href=\"https:\/\/www.africa-press.net\/\">Africa-Press<\/a><\/strong><\/p>\n","protected":false},"excerpt":{"rendered":"<p>Africa-Press &#8211; Guin\u00e9e. Le ge\u0301ne\u0301ral Amara Camara, ministre secre\u0301taire ge\u0301ne\u0301ral de la pre\u0301sidence de la Re\u0301publique, e\u0301tait ce lundi 25 de\u0301cembre aux co\u0302te\u0301s du chef de l\u2019Etat, le colonel Mamadi Doumbouya, sur le site de de\u0301po\u0302t d\u2019hydrocarbures de Kaloum ravage\u0301 par un incendie meurtrier. Le bilan fourni par le gouvernement a\u0300 la date du 22 [&hellip;]<\/p>\n","protected":false},"author":82,"featured_media":18064,"comment_status":"open","ping_status":"closed","sticky":false,"template":"","format":"standard","meta":{"footnotes":""},"categories":[21,10],"tags":[36,57,58],"class_list":["post-18065","post","type-post","status-publish","format-standard","has-post-thumbnail","hentry","category-communaute","category-toutes-les-actualites","tag-africa-press","tag-africa-press-guinee","tag-guinee"],"yoast_head":"<!-- This site is optimized with the Yoast SEO Premium plugin v26.1 (Yoast SEO v27.0) - https:\/\/yoast.com\/product\/yoast-seo-premium-wordpress\/ -->\n<title>Le g\u00e9n\u00e9ral Amara Camara aux guin\u00e9ens\u00a0: \u2018\u2019Nous traversons des moments assez particuliers\u2018\u2019 - guinee Conakry<\/title>\n<meta name=\"robots\" content=\"index, follow, max-snippet:-1, max-image-preview:large, max-video-preview:-1\" \/>\n<link rel=\"canonical\" href=\"https:\/\/www.africa-press.net\/guinee-conakry\/politique\/le-general-amara-camara-aux-guineens-nous-traversons-des-moments-assez-particuliers\" \/>\n<meta property=\"og:locale\" content=\"fr_FR\" \/>\n<meta property=\"og:type\" content=\"article\" \/>\n<meta property=\"og:title\" content=\"Le g\u00e9n\u00e9ral Amara Camara aux guin\u00e9ens\u00a0: \u2018\u2019Nous traversons des moments assez particuliers\u2018\u2019\" \/>\n<meta property=\"og:description\" content=\"Africa-Press &#8211; Guin\u00e9e. Le ge\u0301ne\u0301ral Amara Camara, ministre secre\u0301taire ge\u0301ne\u0301ral de la pre\u0301sidence de la Re\u0301publique, e\u0301tait ce lundi 25 de\u0301cembre aux co\u0302te\u0301s du chef de l\u2019Etat, le colonel Mamadi Doumbouya, sur le site de de\u0301po\u0302t d\u2019hydrocarbures de Kaloum ravage\u0301 par un incendie meurtrier. Le bilan fourni par le gouvernement a\u0300 la date du 22 [&hellip;]\" \/>\n<meta property=\"og:url\" content=\"https:\/\/www.africa-press.net\/guinee-conakry\/politique\/le-general-amara-camara-aux-guineens-nous-traversons-des-moments-assez-particuliers\" \/>\n<meta property=\"og:site_name\" content=\"guinee Conakry\" \/>\n<meta property=\"article:published_time\" content=\"2023-12-26T17:47:00+00:00\" \/>\n<meta name=\"author\" content=\"cfeditorfr\" \/>\n<meta name=\"twitter:card\" content=\"summary_large_image\" \/>\n<meta name=\"twitter:label1\" content=\"\u00c9crit par\" \/>\n\t<meta name=\"twitter:data1\" content=\"cfeditorfr\" \/>\n\t<meta name=\"twitter:label2\" content=\"Dur\u00e9e de lecture estim\u00e9e\" \/>\n\t<meta name=\"twitter:data2\" content=\"2 minutes\" \/>\n<script type=\"application\/ld+json\" class=\"yoast-schema-graph\">{\"@context\":\"https:\/\/schema.org\",\"@graph\":[{\"@type\":\"Article\",\"@id\":\"https:\/\/www.africa-press.net\/guinee-conakry\/politique\/le-general-amara-camara-aux-guineens-nous-traversons-des-moments-assez-particuliers#article\",\"isPartOf\":{\"@id\":\"https:\/\/www.africa-press.net\/guinee-conakry\/politique\/le-general-amara-camara-aux-guineens-nous-traversons-des-moments-assez-particuliers\"},\"author\":{\"name\":\"cfeditorfr\",\"@id\":\"https:\/\/www.africa-press.net\/guinee-conakry\/#\/schema\/person\/2b1cf3cd81a31e3cd26889ca66d677f1\"},\"headline\":\"Le g\u00e9n\u00e9ral Amara Camara aux guin\u00e9ens\u00a0: \u2018\u2019Nous traversons des moments assez particuliers\u2018\u2019\",\"datePublished\":\"2023-12-26T17:47:00+00:00\",\"mainEntityOfPage\":{\"@id\":\"https:\/\/www.africa-press.net\/guinee-conakry\/politique\/le-general-amara-camara-aux-guineens-nous-traversons-des-moments-assez-particuliers\"},\"wordCount\":430,\"commentCount\":0,\"image\":{\"@id\":\"https:\/\/www.africa-press.net\/guinee-conakry\/politique\/le-general-amara-camara-aux-guineens-nous-traversons-des-moments-assez-particuliers#primaryimage\"},\"thumbnailUrl\":\"https:\/\/static.africa-press.net\/conakry\/sites\/63\/2023\/12\/Jokar1703600273.314312.jpg\",\"keywords\":[\"Africa Press\",\"Africa Press-Guin\u00e9e\",\"Guin\u00e9e\"],\"articleSection\":[\"Communaut\u00e9\",\"Toutes les actualit\u00e9s\"],\"inLanguage\":\"fr-FR\",\"potentialAction\":[{\"@type\":\"CommentAction\",\"name\":\"Comment\",\"target\":[\"https:\/\/www.africa-press.net\/guinee-conakry\/politique\/le-general-amara-camara-aux-guineens-nous-traversons-des-moments-assez-particuliers#respond\"]}]},{\"@type\":\"WebPage\",\"@id\":\"https:\/\/www.africa-press.net\/guinee-conakry\/politique\/le-general-amara-camara-aux-guineens-nous-traversons-des-moments-assez-particuliers\",\"url\":\"https:\/\/www.africa-press.net\/guinee-conakry\/politique\/le-general-amara-camara-aux-guineens-nous-traversons-des-moments-assez-particuliers\",\"name\":\"Le g\u00e9n\u00e9ral Amara Camara aux guin\u00e9ens\u00a0: \u2018\u2019Nous traversons des moments assez particuliers\u2018\u2019 - guinee Conakry\",\"isPartOf\":{\"@id\":\"https:\/\/www.africa-press.net\/guinee-conakry\/#website\"},\"primaryImageOfPage\":{\"@id\":\"https:\/\/www.africa-press.net\/guinee-conakry\/politique\/le-general-amara-camara-aux-guineens-nous-traversons-des-moments-assez-particuliers#primaryimage\"},\"image\":{\"@id\":\"https:\/\/www.africa-press.net\/guinee-conakry\/politique\/le-general-amara-camara-aux-guineens-nous-traversons-des-moments-assez-particuliers#primaryimage\"},\"thumbnailUrl\":\"https:\/\/static.africa-press.net\/conakry\/sites\/63\/2023\/12\/Jokar1703600273.314312.jpg\",\"datePublished\":\"2023-12-26T17:47:00+00:00\",\"author\":{\"@id\":\"https:\/\/www.africa-press.net\/guinee-conakry\/#\/schema\/person\/2b1cf3cd81a31e3cd26889ca66d677f1\"},\"breadcrumb\":{\"@id\":\"https:\/\/www.africa-press.net\/guinee-conakry\/politique\/le-general-amara-camara-aux-guineens-nous-traversons-des-moments-assez-particuliers#breadcrumb\"},\"inLanguage\":\"fr-FR\",\"potentialAction\":[{\"@type\":\"ReadAction\",\"target\":[\"https:\/\/www.africa-press.net\/guinee-conakry\/politique\/le-general-amara-camara-aux-guineens-nous-traversons-des-moments-assez-particuliers\"]}]},{\"@type\":\"ImageObject\",\"inLanguage\":\"fr-FR\",\"@id\":\"https:\/\/www.africa-press.net\/guinee-conakry\/politique\/le-general-amara-camara-aux-guineens-nous-traversons-des-moments-assez-particuliers#primaryimage\",\"url\":\"https:\/\/static.africa-press.net\/conakry\/sites\/63\/2023\/12\/Jokar1703600273.314312.jpg\",\"contentUrl\":\"https:\/\/static.africa-press.net\/conakry\/sites\/63\/2023\/12\/Jokar1703600273.314312.jpg\",\"width\":1024,\"height\":683,\"caption\":\"Le g\u00e9n\u00e9ral Amara Camara aux guin\u00e9ens\u00a0: \u2018\u2019Nous traversons des moments assez particuliers\u2018\u2019\"},{\"@type\":\"BreadcrumbList\",\"@id\":\"https:\/\/www.africa-press.net\/guinee-conakry\/politique\/le-general-amara-camara-aux-guineens-nous-traversons-des-moments-assez-particuliers#breadcrumb\",\"itemListElement\":[{\"@type\":\"ListItem\",\"position\":1,\"name\":\"Accueil\",\"item\":\"https:\/\/www.africa-press.net\/guinee-conakry\/\"},{\"@type\":\"ListItem\",\"position\":2,\"name\":\"Le g\u00e9n\u00e9ral Amara Camara aux guin\u00e9ens\u00a0: \u2018\u2019Nous traversons des moments assez particuliers\u2018\u2019\"}]},{\"@type\":\"WebSite\",\"@id\":\"https:\/\/www.africa-press.net\/guinee-conakry\/#website\",\"url\":\"https:\/\/www.africa-press.net\/guinee-conakry\/\",\"name\":\"guinee Conakry\",\"description\":\"Just another Africa News Agency Sites site\",\"potentialAction\":[{\"@type\":\"SearchAction\",\"target\":{\"@type\":\"EntryPoint\",\"urlTemplate\":\"https:\/\/www.africa-press.net\/guinee-conakry\/?s={search_term_string}\"},\"query-input\":{\"@type\":\"PropertyValueSpecification\",\"valueRequired\":true,\"valueName\":\"search_term_string\"}}],\"inLanguage\":\"fr-FR\"},{\"@type\":\"Person\",\"@id\":\"https:\/\/www.africa-press.net\/guinee-conakry\/#\/schema\/person\/2b1cf3cd81a31e3cd26889ca66d677f1\",\"name\":\"cfeditorfr\"}]}<\/script>\n<!-- \/ Yoast SEO Premium plugin. -->","yoast_head_json":{"title":"Le g\u00e9n\u00e9ral Amara Camara aux guin\u00e9ens\u00a0: \u2018\u2019Nous traversons des moments assez particuliers\u2018\u2019 - guinee Conakry","robots":{"index":"index","follow":"follow","max-snippet":"max-snippet:-1","max-image-preview":"max-image-preview:large","max-video-preview":"max-video-preview:-1"},"canonical":"https:\/\/www.africa-press.net\/guinee-conakry\/politique\/le-general-amara-camara-aux-guineens-nous-traversons-des-moments-assez-particuliers","og_locale":"fr_FR","og_type":"article","og_title":"Le g\u00e9n\u00e9ral Amara Camara aux guin\u00e9ens\u00a0: \u2018\u2019Nous traversons des moments assez particuliers\u2018\u2019","og_description":"Africa-Press &#8211; Guin\u00e9e. Le ge\u0301ne\u0301ral Amara Camara, ministre secre\u0301taire ge\u0301ne\u0301ral de la pre\u0301sidence de la Re\u0301publique, e\u0301tait ce lundi 25 de\u0301cembre aux co\u0302te\u0301s du chef de l\u2019Etat, le colonel Mamadi Doumbouya, sur le site de de\u0301po\u0302t d\u2019hydrocarbures de Kaloum ravage\u0301 par un incendie meurtrier. Le bilan fourni par le gouvernement a\u0300 la date du 22 [&hellip;]","og_url":"https:\/\/www.africa-press.net\/guinee-conakry\/politique\/le-general-amara-camara-aux-guineens-nous-traversons-des-moments-assez-particuliers","og_site_name":"guinee Conakry","article_published_time":"2023-12-26T17:47:00+00:00","author":"cfeditorfr","twitter_card":"summary_large_image","twitter_misc":{"\u00c9crit par":"cfeditorfr","Dur\u00e9e de lecture estim\u00e9e":"2 minutes"},"schema":{"@context":"https:\/\/schema.org","@graph":[{"@type":"Article","@id":"https:\/\/www.africa-press.net\/guinee-conakry\/politique\/le-general-amara-camara-aux-guineens-nous-traversons-des-moments-assez-particuliers#article","isPartOf":{"@id":"https:\/\/www.africa-press.net\/guinee-conakry\/politique\/le-general-amara-camara-aux-guineens-nous-traversons-des-moments-assez-particuliers"},"author":{"name":"cfeditorfr","@id":"https:\/\/www.africa-press.net\/guinee-conakry\/#\/schema\/person\/2b1cf3cd81a31e3cd26889ca66d677f1"},"headline":"Le g\u00e9n\u00e9ral Amara Camara aux guin\u00e9ens\u00a0: \u2018\u2019Nous traversons des moments assez particuliers\u2018\u2019","datePublished":"2023-12-26T17:47:00+00:00","mainEntityOfPage":{"@id":"https:\/\/www.africa-press.net\/guinee-conakry\/politique\/le-general-amara-camara-aux-guineens-nous-traversons-des-moments-assez-particuliers"},"wordCount":430,"commentCount":0,"image":{"@id":"https:\/\/www.africa-press.net\/guinee-conakry\/politique\/le-general-amara-camara-aux-guineens-nous-traversons-des-moments-assez-particuliers#primaryimage"},"thumbnailUrl":"https:\/\/static.africa-press.net\/conakry\/sites\/63\/2023\/12\/Jokar1703600273.314312.jpg","keywords":["Africa Press","Africa Press-Guin\u00e9e","Guin\u00e9e"],"articleSection":["Communaut\u00e9","Toutes les actualit\u00e9s"],"inLanguage":"fr-FR","potentialAction":[{"@type":"CommentAction","name":"Comment","target":["https:\/\/www.africa-press.net\/guinee-conakry\/politique\/le-general-amara-camara-aux-guineens-nous-traversons-des-moments-assez-particuliers#respond"]}]},{"@type":"WebPage","@id":"https:\/\/www.africa-press.net\/guinee-conakry\/politique\/le-general-amara-camara-aux-guineens-nous-traversons-des-moments-assez-particuliers","url":"https:\/\/www.africa-press.net\/guinee-conakry\/politique\/le-general-amara-camara-aux-guineens-nous-traversons-des-moments-assez-particuliers","name":"Le g\u00e9n\u00e9ral Amara Camara aux guin\u00e9ens\u00a0: \u2018\u2019Nous traversons des moments assez particuliers\u2018\u2019 - guinee Conakry","isPartOf":{"@id":"https:\/\/www.africa-press.net\/guinee-conakry\/#website"},"primaryImageOfPage":{"@id":"https:\/\/www.africa-press.net\/guinee-conakry\/politique\/le-general-amara-camara-aux-guineens-nous-traversons-des-moments-assez-particuliers#primaryimage"},"image":{"@id":"https:\/\/www.africa-press.net\/guinee-conakry\/politique\/le-general-amara-camara-aux-guineens-nous-traversons-des-moments-assez-particuliers#primaryimage"},"thumbnailUrl":"https:\/\/static.africa-press.net\/conakry\/sites\/63\/2023\/12\/Jokar1703600273.314312.jpg","datePublished":"2023-12-26T17:47:00+00:00","author":{"@id":"https:\/\/www.africa-press.net\/guinee-conakry\/#\/schema\/person\/2b1cf3cd81a31e3cd26889ca66d677f1"},"breadcrumb":{"@id":"https:\/\/www.africa-press.net\/guinee-conakry\/politique\/le-general-amara-camara-aux-guineens-nous-traversons-des-moments-assez-particuliers#breadcrumb"},"inLanguage":"fr-FR","potentialAction":[{"@type":"ReadAction","target":["https:\/\/www.africa-press.net\/guinee-conakry\/politique\/le-general-amara-camara-aux-guineens-nous-traversons-des-moments-assez-particuliers"]}]},{"@type":"ImageObject","inLanguage":"fr-FR","@id":"https:\/\/www.africa-press.net\/guinee-conakry\/politique\/le-general-amara-camara-aux-guineens-nous-traversons-des-moments-assez-particuliers#primaryimage","url":"https:\/\/static.africa-press.net\/conakry\/sites\/63\/2023\/12\/Jokar1703600273.314312.jpg","contentUrl":"https:\/\/static.africa-press.net\/conakry\/sites\/63\/2023\/12\/Jokar1703600273.314312.jpg","width":1024,"height":683,"caption":"Le g\u00e9n\u00e9ral Amara Camara aux guin\u00e9ens\u00a0: \u2018\u2019Nous traversons des moments assez particuliers\u2018\u2019"},{"@type":"BreadcrumbList","@id":"https:\/\/www.africa-press.net\/guinee-conakry\/politique\/le-general-amara-camara-aux-guineens-nous-traversons-des-moments-assez-particuliers#breadcrumb","itemListElement":[{"@type":"ListItem","position":1,"name":"Accueil","item":"https:\/\/www.africa-press.net\/guinee-conakry\/"},{"@type":"ListItem","position":2,"name":"Le g\u00e9n\u00e9ral Amara Camara aux guin\u00e9ens\u00a0: \u2018\u2019Nous traversons des moments assez particuliers\u2018\u2019"}]},{"@type":"WebSite","@id":"https:\/\/www.africa-press.net\/guinee-conakry\/#website","url":"https:\/\/www.africa-press.net\/guinee-conakry\/","name":"guinee Conakry","description":"Just another Africa News Agency Sites site","potentialAction":[{"@type":"SearchAction","target":{"@type":"EntryPoint","urlTemplate":"https:\/\/www.africa-press.net\/guinee-conakry\/?s={search_term_string}"},"query-input":{"@type":"PropertyValueSpecification","valueRequired":true,"valueName":"search_term_string"}}],"inLanguage":"fr-FR"},{"@type":"Person","@id":"https:\/\/www.africa-press.net\/guinee-conakry\/#\/schema\/person\/2b1cf3cd81a31e3cd26889ca66d677f1","name":"cfeditorfr"}]}},"_links":{"self":[{"href":"https:\/\/www.africa-press.net\/guinee-conakry\/wp-json\/wp\/v2\/posts\/18065","targetHints":{"allow":["GET"]}}],"collection":[{"href":"https:\/\/www.africa-press.net\/guinee-conakry\/wp-json\/wp\/v2\/posts"}],"about":[{"href":"https:\/\/www.africa-press.net\/guinee-conakry\/wp-json\/wp\/v2\/types\/post"}],"author":[{"embeddable":true,"href":"https:\/\/www.africa-press.net\/guinee-conakry\/wp-json\/wp\/v2\/users\/82"}],"replies":[{"embeddable":true,"href":"https:\/\/www.africa-press.net\/guinee-conakry\/wp-json\/wp\/v2\/comments?post=18065"}],"version-history":[{"count":0,"href":"https:\/\/www.africa-press.net\/guinee-conakry\/wp-json\/wp\/v2\/posts\/18065\/revisions"}],"wp:featuredmedia":[{"embeddable":true,"href":"https:\/\/www.africa-press.net\/guinee-conakry\/wp-json\/wp\/v2\/media\/18064"}],"wp:attachment":[{"href":"https:\/\/www.africa-press.net\/guinee-conakry\/wp-json\/wp\/v2\/media?parent=18065"}],"wp:term":[{"taxonomy":"category","embeddable":true,"href":"https:\/\/www.africa-press.net\/guinee-conakry\/wp-json\/wp\/v2\/categories?post=18065"},{"taxonomy":"post_tag","embeddable":true,"href":"https:\/\/www.africa-press.net\/guinee-conakry\/wp-json\/wp\/v2\/tags?post=18065"}],"curies":[{"name":"wp","href":"https:\/\/api.w.org\/{rel}","templated":true}]}}