{"id":18077,"date":"2023-12-26T17:55:00","date_gmt":"2023-12-26T17:55:00","guid":{"rendered":"https:\/\/www.africa-press.net\/guinee-conakry\/politique\/le-colonel-doumbouya-au-chevet-des-victimes-du-drame-de-kaloum-et-a-la-cathedrale-sainte-marie-de-conakry"},"modified":"2023-12-26T17:55:00","modified_gmt":"2023-12-26T17:55:00","slug":"le-colonel-doumbouya-au-chevet-des-victimes-du-drame-de-kaloum-et-a-la-cathedrale-sainte-marie-de-conakry","status":"publish","type":"post","link":"https:\/\/www.africa-press.net\/guinee-conakry\/politique\/le-colonel-doumbouya-au-chevet-des-victimes-du-drame-de-kaloum-et-a-la-cathedrale-sainte-marie-de-conakry","title":{"rendered":"Le colonel Doumbouya au chevet des victimes du drame de Kaloum et \u00e0 la cath\u00e9drale Sainte-Marie de Conakry"},"content":{"rendered":"<p><span style=\"color: #ff6600\"><strong>Africa-Press &#8211; Guin\u00e9e. <\/strong><\/span><b>Apre\u0300s avoir pre\u0301sente\u0301 ses condole\u0301ances au peuple de Guine\u0301e et exprime\u0301 sa profonde compassion aux victimes de l\u2019incendie survenu au de\u0301po\u0302t d\u2019hydrocarbures de Kaloum, Son Excellence le Colonel Mamadi Doumbouya, suite au travail de coordination entame\u0301 avec le Comite\u0301 de crise, a choisi le lundi 25 de\u0301cembre 2023, jour de Noe\u0308l, pour se rendre sur le site du sinistre, situe\u0301 au quartier Coronthie.<\/b><\/p>\n<p>Sur place, en compagnie des pompiers, tant du public que du prive\u0301 et du personnel de la Socie\u0301te\u0301 Guine\u0301enne de Pe\u0301trole (SGP), le Chef de l\u2019E\u0301tat a pris la mesure de la re\u0301alite\u0301 du terrain. Il leur a re\u0301affirme\u0301 son soutien et la reconnaissance totale du peuple de Guine\u0301e pour les efforts louables qu\u2019ils ont fournis de\u0300s les premie\u0300res heures de l\u2019incendie.<\/p>\n<p>Pour le Pre\u0301sident Colonel Mamadi Doumbouya, cette se\u0301rie de visites qu\u2019il entreprend aujourd\u2019hui marque la solidarite\u0301 et la communion envers le peuple de Guine\u0301e que tous doivent avoir en ces moments de difficulte\u0301s. En cette journe\u0301e de Noe\u0308l, il a appele\u0301 le peuple a\u0300 se joindre a\u0300 la ce\u0301le\u0301bration de la Nativite\u0301 pour prier et avoir des pense\u0301es pieuses a\u0300 l\u2019endroit des victimes de l\u2019incendie de\u0301vastateur.<\/p>\n<p>Apre\u0300s avoir visite\u0301 les lieux du drame, le Chef de l\u2019E\u0301tat s\u2019est rendu a\u0300 la Cathe\u0301drale Sainte-Marie de Conakry, rejoignant les fide\u0300les chre\u0301tiens pour ce\u0301le\u0301brer la naissance de l\u2019enfant Je\u0301sus.<\/p>\n<p>Aux co\u0302te\u0301s des dirigeants de l\u2019e\u0301glise catholique et des fide\u0300les, le Pre\u0301sident a activement participe\u0301 a\u0300 l\u2019Eucharistie, partageant des moments de communion avec Dieu et la communaute\u0301 chre\u0301tienne.<\/p>\n<p>L\u2019Archeve\u0302que Me\u0301tropolitain de Conakry, Monseigneur Vincent Koulibaly, a saisi cette opportunite\u0301 pour appeler les Guine\u0301ens a\u0300 la re\u0301conciliation et a\u0300 rejeter toute forme d\u2019intole\u0301rance.<\/p>\n<p>Par la suite, le Pre\u0301sident Doumbouya a rendu visite aux victimes hospitalise\u0301es. Sa pre\u0301sence re\u0301confortante, ses gestes apaisants et ses paroles de soutien ont apporte\u0301 un soulagement tant aux sinistre\u0301s qu\u2019au personnel me\u0301dical. Cette magnanimite\u0301 a e\u0301te\u0301 salue\u0301e non seulement par les responsables me\u0301dicaux et les victimes, mais aussi par les ministres de la Se\u0301curite\u0301 et de la Sante\u0301, membres du Comite\u0301 de crise institue\u0301 a\u0300 cet effet.<\/p>\n<p>Cette se\u0301rie de visites montre l\u2019engagement du Pre\u0301sident de la Re\u0301publique, Pe\u0300re de la Nation, le Colonel Mamadi Doumbouya, dans la solidarite\u0301, la compassion envers son peuple en situation difficile et illustre si besoin en e\u0301tait, sa volonte\u0301 d\u2019asseoir la cohe\u0301sion sociale, favoriser le vivre-ensemble dans le respect de la lai\u0308cite\u0301 re\u0301publicaine. Sa proximite\u0301 avec les citoyens dans ces moments difficiles te\u0301moigne de son engagement pour le bien-e\u0302tre de tous.<\/p>\n<p><b>DCI-PRG<\/b><\/p>\n<p><strong>Pour plus d&rsquo;informations et d&rsquo;analyses sur la <a href=\"https:\/\/www.africa-press.net\/guinee-conakry\">Guin\u00e9e<\/a>, suivez <a href=\"https:\/\/www.africa-press.net\/\">Africa-Press<\/a><\/strong><\/p>\n","protected":false},"excerpt":{"rendered":"<p>Africa-Press &#8211; Guin\u00e9e. Apre\u0300s avoir pre\u0301sente\u0301 ses condole\u0301ances au peuple de Guine\u0301e et exprime\u0301 sa profonde compassion aux victimes de l\u2019incendie survenu au de\u0301po\u0302t d\u2019hydrocarbures de Kaloum, Son Excellence le Colonel Mamadi Doumbouya, suite au travail de coordination entame\u0301 avec le Comite\u0301 de crise, a choisi le lundi 25 de\u0301cembre 2023, jour de Noe\u0308l, pour [&hellip;]<\/p>\n","protected":false},"author":82,"featured_media":18076,"comment_status":"open","ping_status":"closed","sticky":false,"template":"","format":"standard","meta":{"footnotes":""},"categories":[21,2,10],"tags":[36,57,58],"class_list":["post-18077","post","type-post","status-publish","format-standard","has-post-thumbnail","hentry","category-communaute","category-politique","category-toutes-les-actualites","tag-africa-press","tag-africa-press-guinee","tag-guinee"],"yoast_head":"<!-- This site is optimized with the Yoast SEO Premium plugin v26.1 (Yoast SEO v27.0) - https:\/\/yoast.com\/product\/yoast-seo-premium-wordpress\/ -->\n<title>Le colonel Doumbouya au chevet des victimes du drame de Kaloum et \u00e0 la cath\u00e9drale Sainte-Marie de Conakry - guinee Conakry<\/title>\n<meta name=\"robots\" content=\"index, follow, max-snippet:-1, max-image-preview:large, max-video-preview:-1\" \/>\n<link rel=\"canonical\" href=\"https:\/\/www.africa-press.net\/guinee-conakry\/politique\/le-colonel-doumbouya-au-chevet-des-victimes-du-drame-de-kaloum-et-a-la-cathedrale-sainte-marie-de-conakry\" \/>\n<meta property=\"og:locale\" content=\"fr_FR\" \/>\n<meta property=\"og:type\" content=\"article\" \/>\n<meta property=\"og:title\" content=\"Le colonel Doumbouya au chevet des victimes du drame de Kaloum et \u00e0 la cath\u00e9drale Sainte-Marie de Conakry\" \/>\n<meta property=\"og:description\" content=\"Africa-Press &#8211; Guin\u00e9e. Apre\u0300s avoir pre\u0301sente\u0301 ses condole\u0301ances au peuple de Guine\u0301e et exprime\u0301 sa profonde compassion aux victimes de l\u2019incendie survenu au de\u0301po\u0302t d\u2019hydrocarbures de Kaloum, Son Excellence le Colonel Mamadi Doumbouya, suite au travail de coordination entame\u0301 avec le Comite\u0301 de crise, a choisi le lundi 25 de\u0301cembre 2023, jour de Noe\u0308l, pour [&hellip;]\" \/>\n<meta property=\"og:url\" content=\"https:\/\/www.africa-press.net\/guinee-conakry\/politique\/le-colonel-doumbouya-au-chevet-des-victimes-du-drame-de-kaloum-et-a-la-cathedrale-sainte-marie-de-conakry\" \/>\n<meta property=\"og:site_name\" content=\"guinee Conakry\" \/>\n<meta property=\"article:published_time\" content=\"2023-12-26T17:55:00+00:00\" \/>\n<meta name=\"author\" content=\"cfeditorfr\" \/>\n<meta name=\"twitter:card\" content=\"summary_large_image\" \/>\n<meta name=\"twitter:label1\" content=\"\u00c9crit par\" \/>\n\t<meta name=\"twitter:data1\" content=\"cfeditorfr\" \/>\n\t<meta name=\"twitter:label2\" content=\"Dur\u00e9e de lecture estim\u00e9e\" \/>\n\t<meta name=\"twitter:data2\" content=\"3 minutes\" \/>\n<script type=\"application\/ld+json\" class=\"yoast-schema-graph\">{\"@context\":\"https:\/\/schema.org\",\"@graph\":[{\"@type\":\"Article\",\"@id\":\"https:\/\/www.africa-press.net\/guinee-conakry\/politique\/le-colonel-doumbouya-au-chevet-des-victimes-du-drame-de-kaloum-et-a-la-cathedrale-sainte-marie-de-conakry#article\",\"isPartOf\":{\"@id\":\"https:\/\/www.africa-press.net\/guinee-conakry\/politique\/le-colonel-doumbouya-au-chevet-des-victimes-du-drame-de-kaloum-et-a-la-cathedrale-sainte-marie-de-conakry\"},\"author\":{\"name\":\"cfeditorfr\",\"@id\":\"https:\/\/www.africa-press.net\/guinee-conakry\/#\/schema\/person\/2b1cf3cd81a31e3cd26889ca66d677f1\"},\"headline\":\"Le colonel Doumbouya au chevet des victimes du drame de Kaloum et \u00e0 la cath\u00e9drale Sainte-Marie de Conakry\",\"datePublished\":\"2023-12-26T17:55:00+00:00\",\"mainEntityOfPage\":{\"@id\":\"https:\/\/www.africa-press.net\/guinee-conakry\/politique\/le-colonel-doumbouya-au-chevet-des-victimes-du-drame-de-kaloum-et-a-la-cathedrale-sainte-marie-de-conakry\"},\"wordCount\":530,\"commentCount\":0,\"image\":{\"@id\":\"https:\/\/www.africa-press.net\/guinee-conakry\/politique\/le-colonel-doumbouya-au-chevet-des-victimes-du-drame-de-kaloum-et-a-la-cathedrale-sainte-marie-de-conakry#primaryimage\"},\"thumbnailUrl\":\"https:\/\/static.africa-press.net\/conakry\/sites\/63\/2023\/12\/Jokar1703600733.151441.jpg\",\"keywords\":[\"Africa Press\",\"Africa Press-Guin\u00e9e\",\"Guin\u00e9e\"],\"articleSection\":[\"Communaut\u00e9\",\"Politique\",\"Toutes les actualit\u00e9s\"],\"inLanguage\":\"fr-FR\",\"potentialAction\":[{\"@type\":\"CommentAction\",\"name\":\"Comment\",\"target\":[\"https:\/\/www.africa-press.net\/guinee-conakry\/politique\/le-colonel-doumbouya-au-chevet-des-victimes-du-drame-de-kaloum-et-a-la-cathedrale-sainte-marie-de-conakry#respond\"]}]},{\"@type\":\"WebPage\",\"@id\":\"https:\/\/www.africa-press.net\/guinee-conakry\/politique\/le-colonel-doumbouya-au-chevet-des-victimes-du-drame-de-kaloum-et-a-la-cathedrale-sainte-marie-de-conakry\",\"url\":\"https:\/\/www.africa-press.net\/guinee-conakry\/politique\/le-colonel-doumbouya-au-chevet-des-victimes-du-drame-de-kaloum-et-a-la-cathedrale-sainte-marie-de-conakry\",\"name\":\"Le colonel Doumbouya au chevet des victimes du drame de Kaloum et \u00e0 la cath\u00e9drale Sainte-Marie de Conakry - guinee Conakry\",\"isPartOf\":{\"@id\":\"https:\/\/www.africa-press.net\/guinee-conakry\/#website\"},\"primaryImageOfPage\":{\"@id\":\"https:\/\/www.africa-press.net\/guinee-conakry\/politique\/le-colonel-doumbouya-au-chevet-des-victimes-du-drame-de-kaloum-et-a-la-cathedrale-sainte-marie-de-conakry#primaryimage\"},\"image\":{\"@id\":\"https:\/\/www.africa-press.net\/guinee-conakry\/politique\/le-colonel-doumbouya-au-chevet-des-victimes-du-drame-de-kaloum-et-a-la-cathedrale-sainte-marie-de-conakry#primaryimage\"},\"thumbnailUrl\":\"https:\/\/static.africa-press.net\/conakry\/sites\/63\/2023\/12\/Jokar1703600733.151441.jpg\",\"datePublished\":\"2023-12-26T17:55:00+00:00\",\"author\":{\"@id\":\"https:\/\/www.africa-press.net\/guinee-conakry\/#\/schema\/person\/2b1cf3cd81a31e3cd26889ca66d677f1\"},\"breadcrumb\":{\"@id\":\"https:\/\/www.africa-press.net\/guinee-conakry\/politique\/le-colonel-doumbouya-au-chevet-des-victimes-du-drame-de-kaloum-et-a-la-cathedrale-sainte-marie-de-conakry#breadcrumb\"},\"inLanguage\":\"fr-FR\",\"potentialAction\":[{\"@type\":\"ReadAction\",\"target\":[\"https:\/\/www.africa-press.net\/guinee-conakry\/politique\/le-colonel-doumbouya-au-chevet-des-victimes-du-drame-de-kaloum-et-a-la-cathedrale-sainte-marie-de-conakry\"]}]},{\"@type\":\"ImageObject\",\"inLanguage\":\"fr-FR\",\"@id\":\"https:\/\/www.africa-press.net\/guinee-conakry\/politique\/le-colonel-doumbouya-au-chevet-des-victimes-du-drame-de-kaloum-et-a-la-cathedrale-sainte-marie-de-conakry#primaryimage\",\"url\":\"https:\/\/static.africa-press.net\/conakry\/sites\/63\/2023\/12\/Jokar1703600733.151441.jpg\",\"contentUrl\":\"https:\/\/static.africa-press.net\/conakry\/sites\/63\/2023\/12\/Jokar1703600733.151441.jpg\",\"width\":1024,\"height\":683,\"caption\":\"Le colonel Doumbouya au chevet des victimes du drame de Kaloum et \u00e0 la cath\u00e9drale Sainte-Marie de Conakry\"},{\"@type\":\"BreadcrumbList\",\"@id\":\"https:\/\/www.africa-press.net\/guinee-conakry\/politique\/le-colonel-doumbouya-au-chevet-des-victimes-du-drame-de-kaloum-et-a-la-cathedrale-sainte-marie-de-conakry#breadcrumb\",\"itemListElement\":[{\"@type\":\"ListItem\",\"position\":1,\"name\":\"Accueil\",\"item\":\"https:\/\/www.africa-press.net\/guinee-conakry\/\"},{\"@type\":\"ListItem\",\"position\":2,\"name\":\"Le colonel Doumbouya au chevet des victimes du drame de Kaloum et \u00e0 la cath\u00e9drale Sainte-Marie de Conakry\"}]},{\"@type\":\"WebSite\",\"@id\":\"https:\/\/www.africa-press.net\/guinee-conakry\/#website\",\"url\":\"https:\/\/www.africa-press.net\/guinee-conakry\/\",\"name\":\"guinee Conakry\",\"description\":\"Just another Africa News Agency Sites site\",\"potentialAction\":[{\"@type\":\"SearchAction\",\"target\":{\"@type\":\"EntryPoint\",\"urlTemplate\":\"https:\/\/www.africa-press.net\/guinee-conakry\/?s={search_term_string}\"},\"query-input\":{\"@type\":\"PropertyValueSpecification\",\"valueRequired\":true,\"valueName\":\"search_term_string\"}}],\"inLanguage\":\"fr-FR\"},{\"@type\":\"Person\",\"@id\":\"https:\/\/www.africa-press.net\/guinee-conakry\/#\/schema\/person\/2b1cf3cd81a31e3cd26889ca66d677f1\",\"name\":\"cfeditorfr\"}]}<\/script>\n<!-- \/ Yoast SEO Premium plugin. -->","yoast_head_json":{"title":"Le colonel Doumbouya au chevet des victimes du drame de Kaloum et \u00e0 la cath\u00e9drale Sainte-Marie de Conakry - guinee Conakry","robots":{"index":"index","follow":"follow","max-snippet":"max-snippet:-1","max-image-preview":"max-image-preview:large","max-video-preview":"max-video-preview:-1"},"canonical":"https:\/\/www.africa-press.net\/guinee-conakry\/politique\/le-colonel-doumbouya-au-chevet-des-victimes-du-drame-de-kaloum-et-a-la-cathedrale-sainte-marie-de-conakry","og_locale":"fr_FR","og_type":"article","og_title":"Le colonel Doumbouya au chevet des victimes du drame de Kaloum et \u00e0 la cath\u00e9drale Sainte-Marie de Conakry","og_description":"Africa-Press &#8211; Guin\u00e9e. Apre\u0300s avoir pre\u0301sente\u0301 ses condole\u0301ances au peuple de Guine\u0301e et exprime\u0301 sa profonde compassion aux victimes de l\u2019incendie survenu au de\u0301po\u0302t d\u2019hydrocarbures de Kaloum, Son Excellence le Colonel Mamadi Doumbouya, suite au travail de coordination entame\u0301 avec le Comite\u0301 de crise, a choisi le lundi 25 de\u0301cembre 2023, jour de Noe\u0308l, pour [&hellip;]","og_url":"https:\/\/www.africa-press.net\/guinee-conakry\/politique\/le-colonel-doumbouya-au-chevet-des-victimes-du-drame-de-kaloum-et-a-la-cathedrale-sainte-marie-de-conakry","og_site_name":"guinee Conakry","article_published_time":"2023-12-26T17:55:00+00:00","author":"cfeditorfr","twitter_card":"summary_large_image","twitter_misc":{"\u00c9crit par":"cfeditorfr","Dur\u00e9e de lecture estim\u00e9e":"3 minutes"},"schema":{"@context":"https:\/\/schema.org","@graph":[{"@type":"Article","@id":"https:\/\/www.africa-press.net\/guinee-conakry\/politique\/le-colonel-doumbouya-au-chevet-des-victimes-du-drame-de-kaloum-et-a-la-cathedrale-sainte-marie-de-conakry#article","isPartOf":{"@id":"https:\/\/www.africa-press.net\/guinee-conakry\/politique\/le-colonel-doumbouya-au-chevet-des-victimes-du-drame-de-kaloum-et-a-la-cathedrale-sainte-marie-de-conakry"},"author":{"name":"cfeditorfr","@id":"https:\/\/www.africa-press.net\/guinee-conakry\/#\/schema\/person\/2b1cf3cd81a31e3cd26889ca66d677f1"},"headline":"Le colonel Doumbouya au chevet des victimes du drame de Kaloum et \u00e0 la cath\u00e9drale Sainte-Marie de Conakry","datePublished":"2023-12-26T17:55:00+00:00","mainEntityOfPage":{"@id":"https:\/\/www.africa-press.net\/guinee-conakry\/politique\/le-colonel-doumbouya-au-chevet-des-victimes-du-drame-de-kaloum-et-a-la-cathedrale-sainte-marie-de-conakry"},"wordCount":530,"commentCount":0,"image":{"@id":"https:\/\/www.africa-press.net\/guinee-conakry\/politique\/le-colonel-doumbouya-au-chevet-des-victimes-du-drame-de-kaloum-et-a-la-cathedrale-sainte-marie-de-conakry#primaryimage"},"thumbnailUrl":"https:\/\/static.africa-press.net\/conakry\/sites\/63\/2023\/12\/Jokar1703600733.151441.jpg","keywords":["Africa Press","Africa Press-Guin\u00e9e","Guin\u00e9e"],"articleSection":["Communaut\u00e9","Politique","Toutes les actualit\u00e9s"],"inLanguage":"fr-FR","potentialAction":[{"@type":"CommentAction","name":"Comment","target":["https:\/\/www.africa-press.net\/guinee-conakry\/politique\/le-colonel-doumbouya-au-chevet-des-victimes-du-drame-de-kaloum-et-a-la-cathedrale-sainte-marie-de-conakry#respond"]}]},{"@type":"WebPage","@id":"https:\/\/www.africa-press.net\/guinee-conakry\/politique\/le-colonel-doumbouya-au-chevet-des-victimes-du-drame-de-kaloum-et-a-la-cathedrale-sainte-marie-de-conakry","url":"https:\/\/www.africa-press.net\/guinee-conakry\/politique\/le-colonel-doumbouya-au-chevet-des-victimes-du-drame-de-kaloum-et-a-la-cathedrale-sainte-marie-de-conakry","name":"Le colonel Doumbouya au chevet des victimes du drame de Kaloum et \u00e0 la cath\u00e9drale Sainte-Marie de Conakry - guinee Conakry","isPartOf":{"@id":"https:\/\/www.africa-press.net\/guinee-conakry\/#website"},"primaryImageOfPage":{"@id":"https:\/\/www.africa-press.net\/guinee-conakry\/politique\/le-colonel-doumbouya-au-chevet-des-victimes-du-drame-de-kaloum-et-a-la-cathedrale-sainte-marie-de-conakry#primaryimage"},"image":{"@id":"https:\/\/www.africa-press.net\/guinee-conakry\/politique\/le-colonel-doumbouya-au-chevet-des-victimes-du-drame-de-kaloum-et-a-la-cathedrale-sainte-marie-de-conakry#primaryimage"},"thumbnailUrl":"https:\/\/static.africa-press.net\/conakry\/sites\/63\/2023\/12\/Jokar1703600733.151441.jpg","datePublished":"2023-12-26T17:55:00+00:00","author":{"@id":"https:\/\/www.africa-press.net\/guinee-conakry\/#\/schema\/person\/2b1cf3cd81a31e3cd26889ca66d677f1"},"breadcrumb":{"@id":"https:\/\/www.africa-press.net\/guinee-conakry\/politique\/le-colonel-doumbouya-au-chevet-des-victimes-du-drame-de-kaloum-et-a-la-cathedrale-sainte-marie-de-conakry#breadcrumb"},"inLanguage":"fr-FR","potentialAction":[{"@type":"ReadAction","target":["https:\/\/www.africa-press.net\/guinee-conakry\/politique\/le-colonel-doumbouya-au-chevet-des-victimes-du-drame-de-kaloum-et-a-la-cathedrale-sainte-marie-de-conakry"]}]},{"@type":"ImageObject","inLanguage":"fr-FR","@id":"https:\/\/www.africa-press.net\/guinee-conakry\/politique\/le-colonel-doumbouya-au-chevet-des-victimes-du-drame-de-kaloum-et-a-la-cathedrale-sainte-marie-de-conakry#primaryimage","url":"https:\/\/static.africa-press.net\/conakry\/sites\/63\/2023\/12\/Jokar1703600733.151441.jpg","contentUrl":"https:\/\/static.africa-press.net\/conakry\/sites\/63\/2023\/12\/Jokar1703600733.151441.jpg","width":1024,"height":683,"caption":"Le colonel Doumbouya au chevet des victimes du drame de Kaloum et \u00e0 la cath\u00e9drale Sainte-Marie de Conakry"},{"@type":"BreadcrumbList","@id":"https:\/\/www.africa-press.net\/guinee-conakry\/politique\/le-colonel-doumbouya-au-chevet-des-victimes-du-drame-de-kaloum-et-a-la-cathedrale-sainte-marie-de-conakry#breadcrumb","itemListElement":[{"@type":"ListItem","position":1,"name":"Accueil","item":"https:\/\/www.africa-press.net\/guinee-conakry\/"},{"@type":"ListItem","position":2,"name":"Le colonel Doumbouya au chevet des victimes du drame de Kaloum et \u00e0 la cath\u00e9drale Sainte-Marie de Conakry"}]},{"@type":"WebSite","@id":"https:\/\/www.africa-press.net\/guinee-conakry\/#website","url":"https:\/\/www.africa-press.net\/guinee-conakry\/","name":"guinee Conakry","description":"Just another Africa News Agency Sites site","potentialAction":[{"@type":"SearchAction","target":{"@type":"EntryPoint","urlTemplate":"https:\/\/www.africa-press.net\/guinee-conakry\/?s={search_term_string}"},"query-input":{"@type":"PropertyValueSpecification","valueRequired":true,"valueName":"search_term_string"}}],"inLanguage":"fr-FR"},{"@type":"Person","@id":"https:\/\/www.africa-press.net\/guinee-conakry\/#\/schema\/person\/2b1cf3cd81a31e3cd26889ca66d677f1","name":"cfeditorfr"}]}},"_links":{"self":[{"href":"https:\/\/www.africa-press.net\/guinee-conakry\/wp-json\/wp\/v2\/posts\/18077","targetHints":{"allow":["GET"]}}],"collection":[{"href":"https:\/\/www.africa-press.net\/guinee-conakry\/wp-json\/wp\/v2\/posts"}],"about":[{"href":"https:\/\/www.africa-press.net\/guinee-conakry\/wp-json\/wp\/v2\/types\/post"}],"author":[{"embeddable":true,"href":"https:\/\/www.africa-press.net\/guinee-conakry\/wp-json\/wp\/v2\/users\/82"}],"replies":[{"embeddable":true,"href":"https:\/\/www.africa-press.net\/guinee-conakry\/wp-json\/wp\/v2\/comments?post=18077"}],"version-history":[{"count":0,"href":"https:\/\/www.africa-press.net\/guinee-conakry\/wp-json\/wp\/v2\/posts\/18077\/revisions"}],"wp:featuredmedia":[{"embeddable":true,"href":"https:\/\/www.africa-press.net\/guinee-conakry\/wp-json\/wp\/v2\/media\/18076"}],"wp:attachment":[{"href":"https:\/\/www.africa-press.net\/guinee-conakry\/wp-json\/wp\/v2\/media?parent=18077"}],"wp:term":[{"taxonomy":"category","embeddable":true,"href":"https:\/\/www.africa-press.net\/guinee-conakry\/wp-json\/wp\/v2\/categories?post=18077"},{"taxonomy":"post_tag","embeddable":true,"href":"https:\/\/www.africa-press.net\/guinee-conakry\/wp-json\/wp\/v2\/tags?post=18077"}],"curies":[{"name":"wp","href":"https:\/\/api.w.org\/{rel}","templated":true}]}}