{"id":18081,"date":"2023-12-27T16:33:00","date_gmt":"2023-12-27T16:33:00","guid":{"rendered":"https:\/\/www.africa-press.net\/guinee-conakry\/politique\/dalein-pas-pret-a-quitter-la-tete-de-lufdg-jai-la-capacite-danimer-le-parti-pendant-des-annees-encore"},"modified":"2023-12-27T16:33:00","modified_gmt":"2023-12-27T16:33:00","slug":"dalein-pas-pret-a-quitter-la-tete-de-lufdg-jai-la-capacite-danimer-le-parti-pendant-des-annees-encore","status":"publish","type":"post","link":"https:\/\/www.africa-press.net\/guinee-conakry\/politique\/dalein-pas-pret-a-quitter-la-tete-de-lufdg-jai-la-capacite-danimer-le-parti-pendant-des-annees-encore","title":{"rendered":"Dalein pas pr\u00eat \u00e0 quitter la t\u00eate de l\u2019UFDG\u00a0: \u2018\u2019J\u2019ai la capacit\u00e9 d\u2019animer le parti pendant des ann\u00e9es encore\u2019\u2019"},"content":{"rendered":"<p><span style=\"color: #ff6600\"><strong>Africa-Press &#8211; Guin\u00e9e. <\/strong><\/span><b>Le pre\u0301sident de l\u2019Union des forces de\u0301mocratiques de Guine\u0301e (UFDG) assure qu\u2019il n\u2019a jamais empe\u0302che\u0301 un candidat de briguer la te\u0302te de son parti. Cellou Dalein Diallo assure que la formation politique qu\u2019il dirige ne connaitra pas le me\u0302me sort que le PDG de Se\u0301kou Toure\u0301, le PUP de Lansana Conte\u0301 et le RPG d\u2019Alpha Conde\u0301. <\/b><\/p>\n<p>\u2018\u2019Un parti politique n\u2019est pas un Etat. Un parti politique est une association re\u0301gie par les statuts et re\u0300glements inte\u0301rieurs. Il n\u2019est pas pre\u0301vu de limitation de mandats dans toutes les associations, tous les partis politiques. Nous organisons re\u0301gulie\u0300rement les congre\u0300s et tous les responsables ont la capacite\u0301, la possibilite\u0301 de se pre\u0301senter a\u0300 la place du pre\u0301sident. Je suis ouvert. S\u2019il y a quelqu\u2019un qui estime qu\u2019il a la confiance de nos militants au point d\u2019e\u0302tre e\u0301lu pre\u0301sident du parti, je m\u2019inclinerais. Je suis un de\u0301mocrate convaincu\u2019\u2019, indique-t-il celui qui a passe\u0301 16 ans de\u0301ja\u0300 a\u0300 la te\u0302te de l\u2019UFDG.<\/p>\n<p>Ajoutant que \u2018\u2019je n\u2019ai jamais empe\u0302che\u0301, ni dans les textes, ni dans les faits quelqu\u2019un d\u2019e\u0302tre candidat a\u0300 un poste de responsabilite\u0301 au niveau du parti. Ce n\u2019est pas possible. On ne peut pas se battre pour la de\u0301mocratie, manifester, mourir pour c\u0327a et qu\u2019a\u0300 l\u2019inte\u0301rieur de la structure, se permettre de dire que personne n\u2019a le droit d\u2019e\u0302tre candidat a\u0300 un poste de responsabilite\u0301\u2019\u2019.<\/p>\n<p>Dalein affirme qu\u2019il \u2018\u2019y a des structures du parti qui sont mises en place par consensus. Mais le pre\u0301sident est e\u0301lu a\u0300 un congre\u0300s. J\u2019ai e\u0301te\u0301 e\u0301lu a\u0300 l\u2019issue de deux congre\u0300s, je n\u2019ai pas eu de rival. C\u2019est vrai que quelqu\u2019un ne s\u2019est pas porte\u0301 candidat mais personne n\u2019e\u0301tait prive\u0301 de ce droit\u2019\u2019.<\/p>\n<p>A la question de savoir s\u2019il compte continuer a\u0300 diriger l\u2019UFDG pendant des anne\u0301es encore, Cellou Dalein Diallo re\u0301pond : \u2018\u2019Je surveille ma sante\u0301. Si J\u2019ai la capacite\u0301 physique et intellectuelle de diriger le parti ainsi que la confiance des militants, je ne refuserai pas d\u2019e\u0302tre re\u0301e\u0301lu\u2019\u2019.<\/p>\n<p>A ceux pensent que sa formation politique risque le me\u0302me sort que le PDG, le PUP et le RPG, il lance : \u2018\u2019Ce risque n\u2019existe pas au niveau de l\u2019UFDG. Le parti survivra au pre\u0301sident. J\u2019y re\u0301fle\u0301chis et je m\u2019y pre\u0301pare. Parce que je ne suis pas e\u0301ternel. Aujourd\u2019hui, mes indicateurs de sante\u0301 m\u2019indiquent que j\u2019ai encore la capacite\u0301 d\u2019animer le parti pendant des anne\u0301es encore. La confiance des guine\u0301ens ne fait que se renforcer. Je ne peux pas trahir en disant que je vous abandonne. Certains sont venus au niveau du parti a\u0300 cause de leur confiance en moi. Tant que cette confiance, je la sentirai avec la sante\u0301 physique et intellectuelle, naturellement, je continuerai a\u0300 me pre\u0301senter pour e\u0302tre e\u0301lu\u2019\u2019.<\/p>\n<p>\u2018\u2019J\u2019ai vu le PDG, le PUP s\u2019effondrer et le RPG e\u0301clater, c\u0327a n\u2019arrivera pas a\u0300 l\u2019UFDG. Je prendrai toutes les dispositions pour que le parti survive a\u0300 son pre\u0301sident\u2019\u2019, s\u2019engage l\u2019ancien Premier ministre dans \u00ab On refait le monde \u00bb sur Djoma.<\/p>\n<p><b>Boussouriou Doumba<\/b><\/p>\n<p><strong>Pour plus d&rsquo;informations et d&rsquo;analyses sur la <a href=\"https:\/\/www.africa-press.net\/guinee-conakry\">Guin\u00e9e<\/a>, suivez <a href=\"https:\/\/www.africa-press.net\/\">Africa-Press<\/a><\/strong><\/p>\n","protected":false},"excerpt":{"rendered":"<p>Africa-Press &#8211; Guin\u00e9e. Le pre\u0301sident de l\u2019Union des forces de\u0301mocratiques de Guine\u0301e (UFDG) assure qu\u2019il n\u2019a jamais empe\u0302che\u0301 un candidat de briguer la te\u0302te de son parti. Cellou Dalein Diallo assure que la formation politique qu\u2019il dirige ne connaitra pas le me\u0302me sort que le PDG de Se\u0301kou Toure\u0301, le PUP de Lansana Conte\u0301 et [&hellip;]<\/p>\n","protected":false},"author":82,"featured_media":18080,"comment_status":"open","ping_status":"closed","sticky":false,"template":"","format":"standard","meta":{"footnotes":""},"categories":[2,56,10],"tags":[36,57,58],"class_list":["post-18081","post","type-post","status-publish","format-standard","has-post-thumbnail","hentry","category-politique","category-to-homepage","category-toutes-les-actualites","tag-africa-press","tag-africa-press-guinee","tag-guinee"],"yoast_head":"<!-- This site is optimized with the Yoast SEO Premium plugin v26.1 (Yoast SEO v27.0) - https:\/\/yoast.com\/product\/yoast-seo-premium-wordpress\/ -->\n<title>Dalein pas pr\u00eat \u00e0 quitter la t\u00eate de l\u2019UFDG\u00a0: \u2018\u2019J\u2019ai la capacit\u00e9 d\u2019animer le parti pendant des ann\u00e9es encore\u2019\u2019 - guinee Conakry<\/title>\n<meta name=\"robots\" content=\"index, follow, max-snippet:-1, max-image-preview:large, max-video-preview:-1\" \/>\n<link rel=\"canonical\" href=\"https:\/\/www.africa-press.net\/guinee-conakry\/politique\/dalein-pas-pret-a-quitter-la-tete-de-lufdg-jai-la-capacite-danimer-le-parti-pendant-des-annees-encore\" \/>\n<meta property=\"og:locale\" content=\"fr_FR\" \/>\n<meta property=\"og:type\" content=\"article\" \/>\n<meta property=\"og:title\" content=\"Dalein pas pr\u00eat \u00e0 quitter la t\u00eate de l\u2019UFDG\u00a0: \u2018\u2019J\u2019ai la capacit\u00e9 d\u2019animer le parti pendant des ann\u00e9es encore\u2019\u2019\" \/>\n<meta property=\"og:description\" content=\"Africa-Press &#8211; Guin\u00e9e. Le pre\u0301sident de l\u2019Union des forces de\u0301mocratiques de Guine\u0301e (UFDG) assure qu\u2019il n\u2019a jamais empe\u0302che\u0301 un candidat de briguer la te\u0302te de son parti. Cellou Dalein Diallo assure que la formation politique qu\u2019il dirige ne connaitra pas le me\u0302me sort que le PDG de Se\u0301kou Toure\u0301, le PUP de Lansana Conte\u0301 et [&hellip;]\" \/>\n<meta property=\"og:url\" content=\"https:\/\/www.africa-press.net\/guinee-conakry\/politique\/dalein-pas-pret-a-quitter-la-tete-de-lufdg-jai-la-capacite-danimer-le-parti-pendant-des-annees-encore\" \/>\n<meta property=\"og:site_name\" content=\"guinee Conakry\" \/>\n<meta property=\"article:published_time\" content=\"2023-12-27T16:33:00+00:00\" \/>\n<meta name=\"author\" content=\"cfeditorfr\" \/>\n<meta name=\"twitter:card\" content=\"summary_large_image\" \/>\n<meta name=\"twitter:label1\" content=\"\u00c9crit par\" \/>\n\t<meta name=\"twitter:data1\" content=\"cfeditorfr\" \/>\n\t<meta name=\"twitter:label2\" content=\"Dur\u00e9e de lecture estim\u00e9e\" \/>\n\t<meta name=\"twitter:data2\" content=\"3 minutes\" \/>\n<script type=\"application\/ld+json\" class=\"yoast-schema-graph\">{\"@context\":\"https:\/\/schema.org\",\"@graph\":[{\"@type\":\"Article\",\"@id\":\"https:\/\/www.africa-press.net\/guinee-conakry\/politique\/dalein-pas-pret-a-quitter-la-tete-de-lufdg-jai-la-capacite-danimer-le-parti-pendant-des-annees-encore#article\",\"isPartOf\":{\"@id\":\"https:\/\/www.africa-press.net\/guinee-conakry\/politique\/dalein-pas-pret-a-quitter-la-tete-de-lufdg-jai-la-capacite-danimer-le-parti-pendant-des-annees-encore\"},\"author\":{\"name\":\"cfeditorfr\",\"@id\":\"https:\/\/www.africa-press.net\/guinee-conakry\/#\/schema\/person\/2b1cf3cd81a31e3cd26889ca66d677f1\"},\"headline\":\"Dalein pas pr\u00eat \u00e0 quitter la t\u00eate de l\u2019UFDG\u00a0: \u2018\u2019J\u2019ai la capacit\u00e9 d\u2019animer le parti pendant des ann\u00e9es encore\u2019\u2019\",\"datePublished\":\"2023-12-27T16:33:00+00:00\",\"mainEntityOfPage\":{\"@id\":\"https:\/\/www.africa-press.net\/guinee-conakry\/politique\/dalein-pas-pret-a-quitter-la-tete-de-lufdg-jai-la-capacite-danimer-le-parti-pendant-des-annees-encore\"},\"wordCount\":626,\"commentCount\":0,\"image\":{\"@id\":\"https:\/\/www.africa-press.net\/guinee-conakry\/politique\/dalein-pas-pret-a-quitter-la-tete-de-lufdg-jai-la-capacite-danimer-le-parti-pendant-des-annees-encore#primaryimage\"},\"thumbnailUrl\":\"https:\/\/static.africa-press.net\/conakry\/sites\/63\/2023\/12\/Jokar1703682229.159785.jpg\",\"keywords\":[\"Africa Press\",\"Africa Press-Guin\u00e9e\",\"Guin\u00e9e\"],\"articleSection\":[\"Politique\",\"to-homepage\",\"Toutes les actualit\u00e9s\"],\"inLanguage\":\"fr-FR\",\"potentialAction\":[{\"@type\":\"CommentAction\",\"name\":\"Comment\",\"target\":[\"https:\/\/www.africa-press.net\/guinee-conakry\/politique\/dalein-pas-pret-a-quitter-la-tete-de-lufdg-jai-la-capacite-danimer-le-parti-pendant-des-annees-encore#respond\"]}]},{\"@type\":\"WebPage\",\"@id\":\"https:\/\/www.africa-press.net\/guinee-conakry\/politique\/dalein-pas-pret-a-quitter-la-tete-de-lufdg-jai-la-capacite-danimer-le-parti-pendant-des-annees-encore\",\"url\":\"https:\/\/www.africa-press.net\/guinee-conakry\/politique\/dalein-pas-pret-a-quitter-la-tete-de-lufdg-jai-la-capacite-danimer-le-parti-pendant-des-annees-encore\",\"name\":\"Dalein pas pr\u00eat \u00e0 quitter la t\u00eate de l\u2019UFDG\u00a0: \u2018\u2019J\u2019ai la capacit\u00e9 d\u2019animer le parti pendant des ann\u00e9es encore\u2019\u2019 - guinee Conakry\",\"isPartOf\":{\"@id\":\"https:\/\/www.africa-press.net\/guinee-conakry\/#website\"},\"primaryImageOfPage\":{\"@id\":\"https:\/\/www.africa-press.net\/guinee-conakry\/politique\/dalein-pas-pret-a-quitter-la-tete-de-lufdg-jai-la-capacite-danimer-le-parti-pendant-des-annees-encore#primaryimage\"},\"image\":{\"@id\":\"https:\/\/www.africa-press.net\/guinee-conakry\/politique\/dalein-pas-pret-a-quitter-la-tete-de-lufdg-jai-la-capacite-danimer-le-parti-pendant-des-annees-encore#primaryimage\"},\"thumbnailUrl\":\"https:\/\/static.africa-press.net\/conakry\/sites\/63\/2023\/12\/Jokar1703682229.159785.jpg\",\"datePublished\":\"2023-12-27T16:33:00+00:00\",\"author\":{\"@id\":\"https:\/\/www.africa-press.net\/guinee-conakry\/#\/schema\/person\/2b1cf3cd81a31e3cd26889ca66d677f1\"},\"breadcrumb\":{\"@id\":\"https:\/\/www.africa-press.net\/guinee-conakry\/politique\/dalein-pas-pret-a-quitter-la-tete-de-lufdg-jai-la-capacite-danimer-le-parti-pendant-des-annees-encore#breadcrumb\"},\"inLanguage\":\"fr-FR\",\"potentialAction\":[{\"@type\":\"ReadAction\",\"target\":[\"https:\/\/www.africa-press.net\/guinee-conakry\/politique\/dalein-pas-pret-a-quitter-la-tete-de-lufdg-jai-la-capacite-danimer-le-parti-pendant-des-annees-encore\"]}]},{\"@type\":\"ImageObject\",\"inLanguage\":\"fr-FR\",\"@id\":\"https:\/\/www.africa-press.net\/guinee-conakry\/politique\/dalein-pas-pret-a-quitter-la-tete-de-lufdg-jai-la-capacite-danimer-le-parti-pendant-des-annees-encore#primaryimage\",\"url\":\"https:\/\/static.africa-press.net\/conakry\/sites\/63\/2023\/12\/Jokar1703682229.159785.jpg\",\"contentUrl\":\"https:\/\/static.africa-press.net\/conakry\/sites\/63\/2023\/12\/Jokar1703682229.159785.jpg\",\"width\":1024,\"height\":578,\"caption\":\"Dalein pas pr\u00eat \u00e0 quitter la t\u00eate de l\u2019UFDG\u00a0: \u2018\u2019J\u2019ai la capacit\u00e9 d\u2019animer le parti pendant des ann\u00e9es encore\u2019\u2019\"},{\"@type\":\"BreadcrumbList\",\"@id\":\"https:\/\/www.africa-press.net\/guinee-conakry\/politique\/dalein-pas-pret-a-quitter-la-tete-de-lufdg-jai-la-capacite-danimer-le-parti-pendant-des-annees-encore#breadcrumb\",\"itemListElement\":[{\"@type\":\"ListItem\",\"position\":1,\"name\":\"Accueil\",\"item\":\"https:\/\/www.africa-press.net\/guinee-conakry\/\"},{\"@type\":\"ListItem\",\"position\":2,\"name\":\"Dalein pas pr\u00eat \u00e0 quitter la t\u00eate de l\u2019UFDG\u00a0: \u2018\u2019J\u2019ai la capacit\u00e9 d\u2019animer le parti pendant des ann\u00e9es encore\u2019\u2019\"}]},{\"@type\":\"WebSite\",\"@id\":\"https:\/\/www.africa-press.net\/guinee-conakry\/#website\",\"url\":\"https:\/\/www.africa-press.net\/guinee-conakry\/\",\"name\":\"guinee Conakry\",\"description\":\"Just another Africa News Agency Sites site\",\"potentialAction\":[{\"@type\":\"SearchAction\",\"target\":{\"@type\":\"EntryPoint\",\"urlTemplate\":\"https:\/\/www.africa-press.net\/guinee-conakry\/?s={search_term_string}\"},\"query-input\":{\"@type\":\"PropertyValueSpecification\",\"valueRequired\":true,\"valueName\":\"search_term_string\"}}],\"inLanguage\":\"fr-FR\"},{\"@type\":\"Person\",\"@id\":\"https:\/\/www.africa-press.net\/guinee-conakry\/#\/schema\/person\/2b1cf3cd81a31e3cd26889ca66d677f1\",\"name\":\"cfeditorfr\"}]}<\/script>\n<!-- \/ Yoast SEO Premium plugin. -->","yoast_head_json":{"title":"Dalein pas pr\u00eat \u00e0 quitter la t\u00eate de l\u2019UFDG\u00a0: \u2018\u2019J\u2019ai la capacit\u00e9 d\u2019animer le parti pendant des ann\u00e9es encore\u2019\u2019 - guinee Conakry","robots":{"index":"index","follow":"follow","max-snippet":"max-snippet:-1","max-image-preview":"max-image-preview:large","max-video-preview":"max-video-preview:-1"},"canonical":"https:\/\/www.africa-press.net\/guinee-conakry\/politique\/dalein-pas-pret-a-quitter-la-tete-de-lufdg-jai-la-capacite-danimer-le-parti-pendant-des-annees-encore","og_locale":"fr_FR","og_type":"article","og_title":"Dalein pas pr\u00eat \u00e0 quitter la t\u00eate de l\u2019UFDG\u00a0: \u2018\u2019J\u2019ai la capacit\u00e9 d\u2019animer le parti pendant des ann\u00e9es encore\u2019\u2019","og_description":"Africa-Press &#8211; Guin\u00e9e. Le pre\u0301sident de l\u2019Union des forces de\u0301mocratiques de Guine\u0301e (UFDG) assure qu\u2019il n\u2019a jamais empe\u0302che\u0301 un candidat de briguer la te\u0302te de son parti. Cellou Dalein Diallo assure que la formation politique qu\u2019il dirige ne connaitra pas le me\u0302me sort que le PDG de Se\u0301kou Toure\u0301, le PUP de Lansana Conte\u0301 et [&hellip;]","og_url":"https:\/\/www.africa-press.net\/guinee-conakry\/politique\/dalein-pas-pret-a-quitter-la-tete-de-lufdg-jai-la-capacite-danimer-le-parti-pendant-des-annees-encore","og_site_name":"guinee Conakry","article_published_time":"2023-12-27T16:33:00+00:00","author":"cfeditorfr","twitter_card":"summary_large_image","twitter_misc":{"\u00c9crit par":"cfeditorfr","Dur\u00e9e de lecture estim\u00e9e":"3 minutes"},"schema":{"@context":"https:\/\/schema.org","@graph":[{"@type":"Article","@id":"https:\/\/www.africa-press.net\/guinee-conakry\/politique\/dalein-pas-pret-a-quitter-la-tete-de-lufdg-jai-la-capacite-danimer-le-parti-pendant-des-annees-encore#article","isPartOf":{"@id":"https:\/\/www.africa-press.net\/guinee-conakry\/politique\/dalein-pas-pret-a-quitter-la-tete-de-lufdg-jai-la-capacite-danimer-le-parti-pendant-des-annees-encore"},"author":{"name":"cfeditorfr","@id":"https:\/\/www.africa-press.net\/guinee-conakry\/#\/schema\/person\/2b1cf3cd81a31e3cd26889ca66d677f1"},"headline":"Dalein pas pr\u00eat \u00e0 quitter la t\u00eate de l\u2019UFDG\u00a0: \u2018\u2019J\u2019ai la capacit\u00e9 d\u2019animer le parti pendant des ann\u00e9es encore\u2019\u2019","datePublished":"2023-12-27T16:33:00+00:00","mainEntityOfPage":{"@id":"https:\/\/www.africa-press.net\/guinee-conakry\/politique\/dalein-pas-pret-a-quitter-la-tete-de-lufdg-jai-la-capacite-danimer-le-parti-pendant-des-annees-encore"},"wordCount":626,"commentCount":0,"image":{"@id":"https:\/\/www.africa-press.net\/guinee-conakry\/politique\/dalein-pas-pret-a-quitter-la-tete-de-lufdg-jai-la-capacite-danimer-le-parti-pendant-des-annees-encore#primaryimage"},"thumbnailUrl":"https:\/\/static.africa-press.net\/conakry\/sites\/63\/2023\/12\/Jokar1703682229.159785.jpg","keywords":["Africa Press","Africa Press-Guin\u00e9e","Guin\u00e9e"],"articleSection":["Politique","to-homepage","Toutes les actualit\u00e9s"],"inLanguage":"fr-FR","potentialAction":[{"@type":"CommentAction","name":"Comment","target":["https:\/\/www.africa-press.net\/guinee-conakry\/politique\/dalein-pas-pret-a-quitter-la-tete-de-lufdg-jai-la-capacite-danimer-le-parti-pendant-des-annees-encore#respond"]}]},{"@type":"WebPage","@id":"https:\/\/www.africa-press.net\/guinee-conakry\/politique\/dalein-pas-pret-a-quitter-la-tete-de-lufdg-jai-la-capacite-danimer-le-parti-pendant-des-annees-encore","url":"https:\/\/www.africa-press.net\/guinee-conakry\/politique\/dalein-pas-pret-a-quitter-la-tete-de-lufdg-jai-la-capacite-danimer-le-parti-pendant-des-annees-encore","name":"Dalein pas pr\u00eat \u00e0 quitter la t\u00eate de l\u2019UFDG\u00a0: \u2018\u2019J\u2019ai la capacit\u00e9 d\u2019animer le parti pendant des ann\u00e9es encore\u2019\u2019 - guinee Conakry","isPartOf":{"@id":"https:\/\/www.africa-press.net\/guinee-conakry\/#website"},"primaryImageOfPage":{"@id":"https:\/\/www.africa-press.net\/guinee-conakry\/politique\/dalein-pas-pret-a-quitter-la-tete-de-lufdg-jai-la-capacite-danimer-le-parti-pendant-des-annees-encore#primaryimage"},"image":{"@id":"https:\/\/www.africa-press.net\/guinee-conakry\/politique\/dalein-pas-pret-a-quitter-la-tete-de-lufdg-jai-la-capacite-danimer-le-parti-pendant-des-annees-encore#primaryimage"},"thumbnailUrl":"https:\/\/static.africa-press.net\/conakry\/sites\/63\/2023\/12\/Jokar1703682229.159785.jpg","datePublished":"2023-12-27T16:33:00+00:00","author":{"@id":"https:\/\/www.africa-press.net\/guinee-conakry\/#\/schema\/person\/2b1cf3cd81a31e3cd26889ca66d677f1"},"breadcrumb":{"@id":"https:\/\/www.africa-press.net\/guinee-conakry\/politique\/dalein-pas-pret-a-quitter-la-tete-de-lufdg-jai-la-capacite-danimer-le-parti-pendant-des-annees-encore#breadcrumb"},"inLanguage":"fr-FR","potentialAction":[{"@type":"ReadAction","target":["https:\/\/www.africa-press.net\/guinee-conakry\/politique\/dalein-pas-pret-a-quitter-la-tete-de-lufdg-jai-la-capacite-danimer-le-parti-pendant-des-annees-encore"]}]},{"@type":"ImageObject","inLanguage":"fr-FR","@id":"https:\/\/www.africa-press.net\/guinee-conakry\/politique\/dalein-pas-pret-a-quitter-la-tete-de-lufdg-jai-la-capacite-danimer-le-parti-pendant-des-annees-encore#primaryimage","url":"https:\/\/static.africa-press.net\/conakry\/sites\/63\/2023\/12\/Jokar1703682229.159785.jpg","contentUrl":"https:\/\/static.africa-press.net\/conakry\/sites\/63\/2023\/12\/Jokar1703682229.159785.jpg","width":1024,"height":578,"caption":"Dalein pas pr\u00eat \u00e0 quitter la t\u00eate de l\u2019UFDG\u00a0: \u2018\u2019J\u2019ai la capacit\u00e9 d\u2019animer le parti pendant des ann\u00e9es encore\u2019\u2019"},{"@type":"BreadcrumbList","@id":"https:\/\/www.africa-press.net\/guinee-conakry\/politique\/dalein-pas-pret-a-quitter-la-tete-de-lufdg-jai-la-capacite-danimer-le-parti-pendant-des-annees-encore#breadcrumb","itemListElement":[{"@type":"ListItem","position":1,"name":"Accueil","item":"https:\/\/www.africa-press.net\/guinee-conakry\/"},{"@type":"ListItem","position":2,"name":"Dalein pas pr\u00eat \u00e0 quitter la t\u00eate de l\u2019UFDG\u00a0: \u2018\u2019J\u2019ai la capacit\u00e9 d\u2019animer le parti pendant des ann\u00e9es encore\u2019\u2019"}]},{"@type":"WebSite","@id":"https:\/\/www.africa-press.net\/guinee-conakry\/#website","url":"https:\/\/www.africa-press.net\/guinee-conakry\/","name":"guinee Conakry","description":"Just another Africa News Agency Sites site","potentialAction":[{"@type":"SearchAction","target":{"@type":"EntryPoint","urlTemplate":"https:\/\/www.africa-press.net\/guinee-conakry\/?s={search_term_string}"},"query-input":{"@type":"PropertyValueSpecification","valueRequired":true,"valueName":"search_term_string"}}],"inLanguage":"fr-FR"},{"@type":"Person","@id":"https:\/\/www.africa-press.net\/guinee-conakry\/#\/schema\/person\/2b1cf3cd81a31e3cd26889ca66d677f1","name":"cfeditorfr"}]}},"_links":{"self":[{"href":"https:\/\/www.africa-press.net\/guinee-conakry\/wp-json\/wp\/v2\/posts\/18081","targetHints":{"allow":["GET"]}}],"collection":[{"href":"https:\/\/www.africa-press.net\/guinee-conakry\/wp-json\/wp\/v2\/posts"}],"about":[{"href":"https:\/\/www.africa-press.net\/guinee-conakry\/wp-json\/wp\/v2\/types\/post"}],"author":[{"embeddable":true,"href":"https:\/\/www.africa-press.net\/guinee-conakry\/wp-json\/wp\/v2\/users\/82"}],"replies":[{"embeddable":true,"href":"https:\/\/www.africa-press.net\/guinee-conakry\/wp-json\/wp\/v2\/comments?post=18081"}],"version-history":[{"count":0,"href":"https:\/\/www.africa-press.net\/guinee-conakry\/wp-json\/wp\/v2\/posts\/18081\/revisions"}],"wp:featuredmedia":[{"embeddable":true,"href":"https:\/\/www.africa-press.net\/guinee-conakry\/wp-json\/wp\/v2\/media\/18080"}],"wp:attachment":[{"href":"https:\/\/www.africa-press.net\/guinee-conakry\/wp-json\/wp\/v2\/media?parent=18081"}],"wp:term":[{"taxonomy":"category","embeddable":true,"href":"https:\/\/www.africa-press.net\/guinee-conakry\/wp-json\/wp\/v2\/categories?post=18081"},{"taxonomy":"post_tag","embeddable":true,"href":"https:\/\/www.africa-press.net\/guinee-conakry\/wp-json\/wp\/v2\/tags?post=18081"}],"curies":[{"name":"wp","href":"https:\/\/api.w.org\/{rel}","templated":true}]}}