{"id":18088,"date":"2023-12-27T20:23:00","date_gmt":"2023-12-27T20:23:00","guid":{"rendered":"https:\/\/www.africa-press.net\/guinee-conakry\/politique\/la-guinee-a-lheure-du-plan-de-relance-post-incendie"},"modified":"2023-12-27T20:23:00","modified_gmt":"2023-12-27T20:23:00","slug":"la-guinee-a-lheure-du-plan-de-relance-post-incendie","status":"publish","type":"post","link":"https:\/\/www.africa-press.net\/guinee-conakry\/economie\/la-guinee-a-lheure-du-plan-de-relance-post-incendie","title":{"rendered":"La Guin\u00e9e\u00a0\u00e0 l\u2019heure du plan de relance post incendie\u00a0!"},"content":{"rendered":"<p><span style=\"color: #ff6600\"><strong>Africa-Press &#8211; Guin\u00e9e. <\/strong><\/span><b>Comme vous le savez bien, la Guine\u0301e a ve\u0301cu une des tre\u0300s grandes trage\u0301dies de son histoire suite a\u0300 un important incendie qui s\u2019est de\u0301clare\u0301 dans le principal de\u0301po\u0302t d\u2019hydrocarbures de la Socie\u0301te\u0301 guine\u0301enne de pe\u0301trole (SGP)<\/b><b>, <\/b><b>sis a\u0300 Kaloum.<\/b><\/p>\n<p>De ce fait, l\u2019on de\u0301nombre en plus des morts et des blesse\u0301s, d\u2019importants de\u0301ga\u0302ts mate\u0301riels aux alentours du lieu d\u2019explosion (a\u0300 plus d\u2019un kilome\u0300tre selon France 24). Si les conse\u0301quences e\u0301conomiques sont e\u0301normes (ralentissement de l\u2019activite\u0301 e\u0301conomique, spe\u0301culation sur les produits pe\u0301troliers notamment l\u2019essence, l\u2019instauration d\u2019un climat de me\u0301fiance, perte de confiance des agents e\u0301conomiques quant a\u0300 la re\u0301alisation des pre\u0301visions e\u0301conomiques, etc.), il est de notre devoir de rappeler la forte chai\u0302ne de solidarite\u0301 aupre\u0300s des sinistre\u0301s et cela, sous toutes les formes d\u2019assistance. Et si les guine\u0301ens de toutes obe\u0301diences politiques confondues se donnaient les mains de cette fac\u0327on chaque fois qu\u2019un des leurs est touche\u0301, on ne serait pas a\u0300 ce stade.<\/p>\n<p>L\u2019objectif de ce papier est autre. Puisqu\u2019il est de coutume de ne pas revenir sur ce qui a de\u0301ja\u0300 e\u0301te\u0301 dit par les autres e\u0301conomistes sur le sujet. En d\u2019autres termes, nous allons nous e\u0301vertuer a\u0300 toucher du doigt un seul pan dans notre intervention a\u0300 savoir ce que nous devons faire dans un futur tre\u0300s proche en vue de renverser la situation de notre e\u0301conomie qui se trouve dans un tournant de\u0301cisif.<\/p>\n<p>Tout d\u2019abord, il faudrait savoir qu\u2019en raison d\u2019une conjoncture internationale difficile, l\u2019Etat guine\u0301en devra compter globalement sur lui-me\u0302me pour relancer son e\u0301conomie. Nul besoin de rappeler que nous sommes largement tributaires de l\u2019e\u0301volution des hydrocarbures car, notre e\u0301conomie est extravertie. C\u2019est pourquoi, nous avons longtemps soutenu que nous sommes victimes d\u2019une inflation importe\u0301e.<\/p>\n<p>Pour ce faire, le pays doit e\u0302tre en mesure d\u2019e\u0301laborer un plan de relance capable d\u2019apporter une re\u0301ponse positive a\u0300 la situation actuelle. Pour nous, ce plan devra force\u0301ment impliquer tous les guine\u0301ens d\u2019ou\u0300 qu\u2019ils soient afin de produire un document strate\u0301gique en rapport avec nos re\u0301alite\u0301s locales.<\/p>\n<p>Nous avons plus que jamais besoin d\u2019une Guine\u0301e soude\u0301e et solidaire devant l\u2019impe\u0301ratif de de\u0301veloppement e\u0301conomique combine\u0301 avec la fragilite\u0301 de notre E\u0301tat car, c\u2019est ensemble que nous pourrons gagner ce pari sur le plan international.<\/p>\n<p>De me\u0302me, nous devons malheureusement saper les efforts consentis jusque-la\u0300 sur le plan macroe\u0301conomique pour utiliser le budget et la monnaie afin de re\u0301pondre a\u0300 ce choc exoge\u0300ne. Cette solution devrait nous permettre de maintenir notre dynamisme e\u0301conomique, incompatible avec un arre\u0302t brusque ou momentane\u0301 de notre e\u0301conomie et des conse\u0301quences que cela engendrera surtout qu\u2019elle est fortement domine\u0301e a\u0300 part entie\u0300re par le secteur informel.<\/p>\n<p>Cette mesure permettra a\u0300 moyen et a\u0300 long termes d\u2019augmenter la re\u0301silience e\u0301conomique et sociale de notre population, tant du co\u0302te\u0301 de la demande que de l\u2019offre et offrir ainsi a\u0300 notre population en majorite\u0301 jeune les meilleures opportunite\u0301s en termes d\u2019emplois de\u0301cents.<\/p>\n<p><b>Safayiou DIALLO<\/b><\/p>\n<p><b>Citoyen guine\u0301en<\/b><\/p>\n<p><b>diallo.safayiou@gmail.com<\/b><\/p>\n<p><strong>Pour plus d&rsquo;informations et d&rsquo;analyses sur la <a href=\"https:\/\/www.africa-press.net\/guinee-conakry\">Guin\u00e9e<\/a>, suivez <a href=\"https:\/\/www.africa-press.net\/\">Africa-Press<\/a><\/strong><\/p>\n","protected":false},"excerpt":{"rendered":"<p>Africa-Press &#8211; Guin\u00e9e. Comme vous le savez bien, la Guine\u0301e a ve\u0301cu une des tre\u0300s grandes trage\u0301dies de son histoire suite a\u0300 un important incendie qui s\u2019est de\u0301clare\u0301 dans le principal de\u0301po\u0302t d\u2019hydrocarbures de la Socie\u0301te\u0301 guine\u0301enne de pe\u0301trole (SGP), sis a\u0300 Kaloum. De ce fait, l\u2019on de\u0301nombre en plus des morts et des blesse\u0301s, [&hellip;]<\/p>\n","protected":false},"author":82,"featured_media":18087,"comment_status":"open","ping_status":"closed","sticky":false,"template":"","format":"standard","meta":{"footnotes":""},"categories":[3,10],"tags":[36,57,58],"class_list":["post-18088","post","type-post","status-publish","format-standard","has-post-thumbnail","hentry","category-economie","category-toutes-les-actualites","tag-africa-press","tag-africa-press-guinee","tag-guinee"],"yoast_head":"<!-- This site is optimized with the Yoast SEO Premium plugin v26.1 (Yoast SEO v27.0) - https:\/\/yoast.com\/product\/yoast-seo-premium-wordpress\/ -->\n<title>La Guin\u00e9e\u00a0\u00e0 l\u2019heure du plan de relance post incendie\u00a0! - guinee Conakry<\/title>\n<meta name=\"robots\" content=\"index, follow, max-snippet:-1, max-image-preview:large, max-video-preview:-1\" \/>\n<link rel=\"canonical\" href=\"https:\/\/www.africa-press.net\/guinee-conakry\/politique\/la-guinee-a-lheure-du-plan-de-relance-post-incendie\" \/>\n<meta property=\"og:locale\" content=\"fr_FR\" \/>\n<meta property=\"og:type\" content=\"article\" \/>\n<meta property=\"og:title\" content=\"La Guin\u00e9e\u00a0\u00e0 l\u2019heure du plan de relance post incendie\u00a0!\" \/>\n<meta property=\"og:description\" content=\"Africa-Press &#8211; Guin\u00e9e. Comme vous le savez bien, la Guine\u0301e a ve\u0301cu une des tre\u0300s grandes trage\u0301dies de son histoire suite a\u0300 un important incendie qui s\u2019est de\u0301clare\u0301 dans le principal de\u0301po\u0302t d\u2019hydrocarbures de la Socie\u0301te\u0301 guine\u0301enne de pe\u0301trole (SGP), sis a\u0300 Kaloum. De ce fait, l\u2019on de\u0301nombre en plus des morts et des blesse\u0301s, [&hellip;]\" \/>\n<meta property=\"og:url\" content=\"https:\/\/www.africa-press.net\/guinee-conakry\/politique\/la-guinee-a-lheure-du-plan-de-relance-post-incendie\" \/>\n<meta property=\"og:site_name\" content=\"guinee Conakry\" \/>\n<meta property=\"article:published_time\" content=\"2023-12-27T20:23:00+00:00\" \/>\n<meta name=\"author\" content=\"cfeditorfr\" \/>\n<meta name=\"twitter:card\" content=\"summary_large_image\" \/>\n<meta name=\"twitter:label1\" content=\"\u00c9crit par\" \/>\n\t<meta name=\"twitter:data1\" content=\"cfeditorfr\" \/>\n\t<meta name=\"twitter:label2\" content=\"Dur\u00e9e de lecture estim\u00e9e\" \/>\n\t<meta name=\"twitter:data2\" content=\"3 minutes\" \/>\n<script type=\"application\/ld+json\" class=\"yoast-schema-graph\">{\"@context\":\"https:\/\/schema.org\",\"@graph\":[{\"@type\":\"Article\",\"@id\":\"https:\/\/www.africa-press.net\/guinee-conakry\/politique\/la-guinee-a-lheure-du-plan-de-relance-post-incendie#article\",\"isPartOf\":{\"@id\":\"https:\/\/www.africa-press.net\/guinee-conakry\/politique\/la-guinee-a-lheure-du-plan-de-relance-post-incendie\"},\"author\":{\"name\":\"cfeditorfr\",\"@id\":\"https:\/\/www.africa-press.net\/guinee-conakry\/#\/schema\/person\/2b1cf3cd81a31e3cd26889ca66d677f1\"},\"headline\":\"La Guin\u00e9e\u00a0\u00e0 l\u2019heure du plan de relance post incendie\u00a0!\",\"datePublished\":\"2023-12-27T20:23:00+00:00\",\"mainEntityOfPage\":{\"@id\":\"https:\/\/www.africa-press.net\/guinee-conakry\/politique\/la-guinee-a-lheure-du-plan-de-relance-post-incendie\"},\"wordCount\":618,\"commentCount\":0,\"image\":{\"@id\":\"https:\/\/www.africa-press.net\/guinee-conakry\/politique\/la-guinee-a-lheure-du-plan-de-relance-post-incendie#primaryimage\"},\"thumbnailUrl\":\"https:\/\/static.africa-press.net\/conakry\/sites\/63\/2023\/12\/Jokar1703696003.924653.jpg\",\"keywords\":[\"Africa Press\",\"Africa Press-Guin\u00e9e\",\"Guin\u00e9e\"],\"articleSection\":[\"\u00c9conomie\",\"Toutes les actualit\u00e9s\"],\"inLanguage\":\"fr-FR\",\"potentialAction\":[{\"@type\":\"CommentAction\",\"name\":\"Comment\",\"target\":[\"https:\/\/www.africa-press.net\/guinee-conakry\/politique\/la-guinee-a-lheure-du-plan-de-relance-post-incendie#respond\"]}]},{\"@type\":\"WebPage\",\"@id\":\"https:\/\/www.africa-press.net\/guinee-conakry\/politique\/la-guinee-a-lheure-du-plan-de-relance-post-incendie\",\"url\":\"https:\/\/www.africa-press.net\/guinee-conakry\/politique\/la-guinee-a-lheure-du-plan-de-relance-post-incendie\",\"name\":\"La Guin\u00e9e\u00a0\u00e0 l\u2019heure du plan de relance post incendie\u00a0! - guinee Conakry\",\"isPartOf\":{\"@id\":\"https:\/\/www.africa-press.net\/guinee-conakry\/#website\"},\"primaryImageOfPage\":{\"@id\":\"https:\/\/www.africa-press.net\/guinee-conakry\/politique\/la-guinee-a-lheure-du-plan-de-relance-post-incendie#primaryimage\"},\"image\":{\"@id\":\"https:\/\/www.africa-press.net\/guinee-conakry\/politique\/la-guinee-a-lheure-du-plan-de-relance-post-incendie#primaryimage\"},\"thumbnailUrl\":\"https:\/\/static.africa-press.net\/conakry\/sites\/63\/2023\/12\/Jokar1703696003.924653.jpg\",\"datePublished\":\"2023-12-27T20:23:00+00:00\",\"author\":{\"@id\":\"https:\/\/www.africa-press.net\/guinee-conakry\/#\/schema\/person\/2b1cf3cd81a31e3cd26889ca66d677f1\"},\"breadcrumb\":{\"@id\":\"https:\/\/www.africa-press.net\/guinee-conakry\/politique\/la-guinee-a-lheure-du-plan-de-relance-post-incendie#breadcrumb\"},\"inLanguage\":\"fr-FR\",\"potentialAction\":[{\"@type\":\"ReadAction\",\"target\":[\"https:\/\/www.africa-press.net\/guinee-conakry\/politique\/la-guinee-a-lheure-du-plan-de-relance-post-incendie\"]}]},{\"@type\":\"ImageObject\",\"inLanguage\":\"fr-FR\",\"@id\":\"https:\/\/www.africa-press.net\/guinee-conakry\/politique\/la-guinee-a-lheure-du-plan-de-relance-post-incendie#primaryimage\",\"url\":\"https:\/\/static.africa-press.net\/conakry\/sites\/63\/2023\/12\/Jokar1703696003.924653.jpg\",\"contentUrl\":\"https:\/\/static.africa-press.net\/conakry\/sites\/63\/2023\/12\/Jokar1703696003.924653.jpg\",\"width\":1000,\"height\":699,\"caption\":\"La Guin\u00e9e\u00a0\u00e0 l\u2019heure du plan de relance post incendie\u00a0!\"},{\"@type\":\"BreadcrumbList\",\"@id\":\"https:\/\/www.africa-press.net\/guinee-conakry\/politique\/la-guinee-a-lheure-du-plan-de-relance-post-incendie#breadcrumb\",\"itemListElement\":[{\"@type\":\"ListItem\",\"position\":1,\"name\":\"Accueil\",\"item\":\"https:\/\/www.africa-press.net\/guinee-conakry\/\"},{\"@type\":\"ListItem\",\"position\":2,\"name\":\"La Guin\u00e9e\u00a0\u00e0 l\u2019heure du plan de relance post incendie\u00a0!\"}]},{\"@type\":\"WebSite\",\"@id\":\"https:\/\/www.africa-press.net\/guinee-conakry\/#website\",\"url\":\"https:\/\/www.africa-press.net\/guinee-conakry\/\",\"name\":\"guinee Conakry\",\"description\":\"Just another Africa News Agency Sites site\",\"potentialAction\":[{\"@type\":\"SearchAction\",\"target\":{\"@type\":\"EntryPoint\",\"urlTemplate\":\"https:\/\/www.africa-press.net\/guinee-conakry\/?s={search_term_string}\"},\"query-input\":{\"@type\":\"PropertyValueSpecification\",\"valueRequired\":true,\"valueName\":\"search_term_string\"}}],\"inLanguage\":\"fr-FR\"},{\"@type\":\"Person\",\"@id\":\"https:\/\/www.africa-press.net\/guinee-conakry\/#\/schema\/person\/2b1cf3cd81a31e3cd26889ca66d677f1\",\"name\":\"cfeditorfr\"}]}<\/script>\n<!-- \/ Yoast SEO Premium plugin. -->","yoast_head_json":{"title":"La Guin\u00e9e\u00a0\u00e0 l\u2019heure du plan de relance post incendie\u00a0! - guinee Conakry","robots":{"index":"index","follow":"follow","max-snippet":"max-snippet:-1","max-image-preview":"max-image-preview:large","max-video-preview":"max-video-preview:-1"},"canonical":"https:\/\/www.africa-press.net\/guinee-conakry\/politique\/la-guinee-a-lheure-du-plan-de-relance-post-incendie","og_locale":"fr_FR","og_type":"article","og_title":"La Guin\u00e9e\u00a0\u00e0 l\u2019heure du plan de relance post incendie\u00a0!","og_description":"Africa-Press &#8211; Guin\u00e9e. Comme vous le savez bien, la Guine\u0301e a ve\u0301cu une des tre\u0300s grandes trage\u0301dies de son histoire suite a\u0300 un important incendie qui s\u2019est de\u0301clare\u0301 dans le principal de\u0301po\u0302t d\u2019hydrocarbures de la Socie\u0301te\u0301 guine\u0301enne de pe\u0301trole (SGP), sis a\u0300 Kaloum. De ce fait, l\u2019on de\u0301nombre en plus des morts et des blesse\u0301s, [&hellip;]","og_url":"https:\/\/www.africa-press.net\/guinee-conakry\/politique\/la-guinee-a-lheure-du-plan-de-relance-post-incendie","og_site_name":"guinee Conakry","article_published_time":"2023-12-27T20:23:00+00:00","author":"cfeditorfr","twitter_card":"summary_large_image","twitter_misc":{"\u00c9crit par":"cfeditorfr","Dur\u00e9e de lecture estim\u00e9e":"3 minutes"},"schema":{"@context":"https:\/\/schema.org","@graph":[{"@type":"Article","@id":"https:\/\/www.africa-press.net\/guinee-conakry\/politique\/la-guinee-a-lheure-du-plan-de-relance-post-incendie#article","isPartOf":{"@id":"https:\/\/www.africa-press.net\/guinee-conakry\/politique\/la-guinee-a-lheure-du-plan-de-relance-post-incendie"},"author":{"name":"cfeditorfr","@id":"https:\/\/www.africa-press.net\/guinee-conakry\/#\/schema\/person\/2b1cf3cd81a31e3cd26889ca66d677f1"},"headline":"La Guin\u00e9e\u00a0\u00e0 l\u2019heure du plan de relance post incendie\u00a0!","datePublished":"2023-12-27T20:23:00+00:00","mainEntityOfPage":{"@id":"https:\/\/www.africa-press.net\/guinee-conakry\/politique\/la-guinee-a-lheure-du-plan-de-relance-post-incendie"},"wordCount":618,"commentCount":0,"image":{"@id":"https:\/\/www.africa-press.net\/guinee-conakry\/politique\/la-guinee-a-lheure-du-plan-de-relance-post-incendie#primaryimage"},"thumbnailUrl":"https:\/\/static.africa-press.net\/conakry\/sites\/63\/2023\/12\/Jokar1703696003.924653.jpg","keywords":["Africa Press","Africa Press-Guin\u00e9e","Guin\u00e9e"],"articleSection":["\u00c9conomie","Toutes les actualit\u00e9s"],"inLanguage":"fr-FR","potentialAction":[{"@type":"CommentAction","name":"Comment","target":["https:\/\/www.africa-press.net\/guinee-conakry\/politique\/la-guinee-a-lheure-du-plan-de-relance-post-incendie#respond"]}]},{"@type":"WebPage","@id":"https:\/\/www.africa-press.net\/guinee-conakry\/politique\/la-guinee-a-lheure-du-plan-de-relance-post-incendie","url":"https:\/\/www.africa-press.net\/guinee-conakry\/politique\/la-guinee-a-lheure-du-plan-de-relance-post-incendie","name":"La Guin\u00e9e\u00a0\u00e0 l\u2019heure du plan de relance post incendie\u00a0! - guinee Conakry","isPartOf":{"@id":"https:\/\/www.africa-press.net\/guinee-conakry\/#website"},"primaryImageOfPage":{"@id":"https:\/\/www.africa-press.net\/guinee-conakry\/politique\/la-guinee-a-lheure-du-plan-de-relance-post-incendie#primaryimage"},"image":{"@id":"https:\/\/www.africa-press.net\/guinee-conakry\/politique\/la-guinee-a-lheure-du-plan-de-relance-post-incendie#primaryimage"},"thumbnailUrl":"https:\/\/static.africa-press.net\/conakry\/sites\/63\/2023\/12\/Jokar1703696003.924653.jpg","datePublished":"2023-12-27T20:23:00+00:00","author":{"@id":"https:\/\/www.africa-press.net\/guinee-conakry\/#\/schema\/person\/2b1cf3cd81a31e3cd26889ca66d677f1"},"breadcrumb":{"@id":"https:\/\/www.africa-press.net\/guinee-conakry\/politique\/la-guinee-a-lheure-du-plan-de-relance-post-incendie#breadcrumb"},"inLanguage":"fr-FR","potentialAction":[{"@type":"ReadAction","target":["https:\/\/www.africa-press.net\/guinee-conakry\/politique\/la-guinee-a-lheure-du-plan-de-relance-post-incendie"]}]},{"@type":"ImageObject","inLanguage":"fr-FR","@id":"https:\/\/www.africa-press.net\/guinee-conakry\/politique\/la-guinee-a-lheure-du-plan-de-relance-post-incendie#primaryimage","url":"https:\/\/static.africa-press.net\/conakry\/sites\/63\/2023\/12\/Jokar1703696003.924653.jpg","contentUrl":"https:\/\/static.africa-press.net\/conakry\/sites\/63\/2023\/12\/Jokar1703696003.924653.jpg","width":1000,"height":699,"caption":"La Guin\u00e9e\u00a0\u00e0 l\u2019heure du plan de relance post incendie\u00a0!"},{"@type":"BreadcrumbList","@id":"https:\/\/www.africa-press.net\/guinee-conakry\/politique\/la-guinee-a-lheure-du-plan-de-relance-post-incendie#breadcrumb","itemListElement":[{"@type":"ListItem","position":1,"name":"Accueil","item":"https:\/\/www.africa-press.net\/guinee-conakry\/"},{"@type":"ListItem","position":2,"name":"La Guin\u00e9e\u00a0\u00e0 l\u2019heure du plan de relance post incendie\u00a0!"}]},{"@type":"WebSite","@id":"https:\/\/www.africa-press.net\/guinee-conakry\/#website","url":"https:\/\/www.africa-press.net\/guinee-conakry\/","name":"guinee Conakry","description":"Just another Africa News Agency Sites site","potentialAction":[{"@type":"SearchAction","target":{"@type":"EntryPoint","urlTemplate":"https:\/\/www.africa-press.net\/guinee-conakry\/?s={search_term_string}"},"query-input":{"@type":"PropertyValueSpecification","valueRequired":true,"valueName":"search_term_string"}}],"inLanguage":"fr-FR"},{"@type":"Person","@id":"https:\/\/www.africa-press.net\/guinee-conakry\/#\/schema\/person\/2b1cf3cd81a31e3cd26889ca66d677f1","name":"cfeditorfr"}]}},"_links":{"self":[{"href":"https:\/\/www.africa-press.net\/guinee-conakry\/wp-json\/wp\/v2\/posts\/18088","targetHints":{"allow":["GET"]}}],"collection":[{"href":"https:\/\/www.africa-press.net\/guinee-conakry\/wp-json\/wp\/v2\/posts"}],"about":[{"href":"https:\/\/www.africa-press.net\/guinee-conakry\/wp-json\/wp\/v2\/types\/post"}],"author":[{"embeddable":true,"href":"https:\/\/www.africa-press.net\/guinee-conakry\/wp-json\/wp\/v2\/users\/82"}],"replies":[{"embeddable":true,"href":"https:\/\/www.africa-press.net\/guinee-conakry\/wp-json\/wp\/v2\/comments?post=18088"}],"version-history":[{"count":0,"href":"https:\/\/www.africa-press.net\/guinee-conakry\/wp-json\/wp\/v2\/posts\/18088\/revisions"}],"wp:featuredmedia":[{"embeddable":true,"href":"https:\/\/www.africa-press.net\/guinee-conakry\/wp-json\/wp\/v2\/media\/18087"}],"wp:attachment":[{"href":"https:\/\/www.africa-press.net\/guinee-conakry\/wp-json\/wp\/v2\/media?parent=18088"}],"wp:term":[{"taxonomy":"category","embeddable":true,"href":"https:\/\/www.africa-press.net\/guinee-conakry\/wp-json\/wp\/v2\/categories?post=18088"},{"taxonomy":"post_tag","embeddable":true,"href":"https:\/\/www.africa-press.net\/guinee-conakry\/wp-json\/wp\/v2\/tags?post=18088"}],"curies":[{"name":"wp","href":"https:\/\/api.w.org\/{rel}","templated":true}]}}