{"id":18090,"date":"2023-12-28T07:30:00","date_gmt":"2023-12-28T07:30:00","guid":{"rendered":"https:\/\/www.africa-press.net\/guinee-conakry\/politique\/la-guinee-dignement-representee-a-la-conference-internationale-scientifique-au-maroc"},"modified":"2023-12-28T07:30:00","modified_gmt":"2023-12-28T07:30:00","slug":"la-guinee-dignement-representee-a-la-conference-internationale-scientifique-au-maroc","status":"publish","type":"post","link":"https:\/\/www.africa-press.net\/guinee-conakry\/toutes-les-actualites\/la-guinee-dignement-representee-a-la-conference-internationale-scientifique-au-maroc","title":{"rendered":"La Guin\u00e9e dignement repr\u00e9sent\u00e9e \u00e0 la Conf\u00e9rence Internationale Scientifique au Maroc"},"content":{"rendered":"<p><span style=\"color: #ff6600\"><strong>Africa-Press &#8211; Guin\u00e9e. <\/strong><\/span><b>Deux docteurs guine\u0301ens, Dr. Ibrahim Mansare\u0301 (Consultant en finance participative et spe\u0301cialiste du monde arabe) et Dr. Alioune Bah (affilie\u0301 au <\/b><b>Centre de recherches en philosophie allemande et contemporaine de l\u2019universite\u0301 de Strasbourg, dirige le master philosophie a\u0300 l\u2019Universite\u0301 de Ge\u0301ne\u0301ral Lansana <\/b><b>Conde\u0301 de Sonfonia-Conakry), participent a\u0300 cette confe\u0301rence internationale au Maroc. <\/b><\/p>\n<p>Celle-ci rassemble une cinquantaine d\u2019universitaires, venant de quinze pays d\u2019Europe, d\u2019Afrique, d\u2019Ame\u0301rique et du Moyen-Orient, organise\u0301e et soutenue par l\u2019Institute for Epistemological Studies-Europe l\u2019IESE \u2013 Bruxelles et des institutions marocaines.<\/p>\n<p>Dr. Mansare\u0301 explore <b>la diplomatie religieuse entre les oule\u0301mas guine\u0301ens, le Maroc et la Guine\u0301e aux 18e et 19e sie\u0300cles, visant a\u0300 raviver la diplomatie cultuelle<\/b>. Dr. Bah aborde \u00ab <b>Cheikh Maelainin : l\u2019application des principes de justice et de charite\u0301<\/b><b> \u00bb<\/b>.<\/p>\n<p>Par ailleurs, la participation d\u2019e\u0301minentes personnalite\u0301s marocaines, dont Saad Dine Outmane, souligne l\u2019importance de l\u2019e\u0301ve\u0301nement, re\u0301unissant chercheurs, scientifiques, et de\u0301cideurs pour discuter des enjeux des sciences humaines, l\u2019he\u0301ritage du re\u0301formateur Cheikh Maelainin.<\/p>\n<p>En plus, les travaux aboutiront a\u0300 des conclusions strate\u0301giques, orientant les pouvoirs publics, offrant des opportunite\u0301s au Maroc et discutant des contraintes d\u2019une diplomatie religieuse Maroc-Afrique et la promotion des enseignements e\u0301thiques l\u2019islam.<\/p>\n<p><b>Youssouf KOUROUMA<\/b><\/p>\n<p>Juriste<\/p>\n<p><strong>Pour plus d&rsquo;informations et d&rsquo;analyses sur la <a href=\"https:\/\/www.africa-press.net\/guinee-conakry\">Guin\u00e9e<\/a>, suivez <a href=\"https:\/\/www.africa-press.net\/\">Africa-Press<\/a><\/strong><\/p>\n","protected":false},"excerpt":{"rendered":"<p>Africa-Press &#8211; Guin\u00e9e. Deux docteurs guine\u0301ens, Dr. Ibrahim Mansare\u0301 (Consultant en finance participative et spe\u0301cialiste du monde arabe) et Dr. Alioune Bah (affilie\u0301 au Centre de recherches en philosophie allemande et contemporaine de l\u2019universite\u0301 de Strasbourg, dirige le master philosophie a\u0300 l\u2019Universite\u0301 de Ge\u0301ne\u0301ral Lansana Conde\u0301 de Sonfonia-Conakry), participent a\u0300 cette confe\u0301rence internationale au Maroc. [&hellip;]<\/p>\n","protected":false},"author":82,"featured_media":18089,"comment_status":"open","ping_status":"closed","sticky":false,"template":"","format":"standard","meta":{"footnotes":""},"categories":[21,56,10],"tags":[36,57,58],"class_list":["post-18090","post","type-post","status-publish","format-standard","has-post-thumbnail","hentry","category-communaute","category-to-homepage","category-toutes-les-actualites","tag-africa-press","tag-africa-press-guinee","tag-guinee"],"yoast_head":"<!-- This site is optimized with the Yoast SEO Premium plugin v26.1 (Yoast SEO v27.0) - https:\/\/yoast.com\/product\/yoast-seo-premium-wordpress\/ -->\n<title>La Guin\u00e9e dignement repr\u00e9sent\u00e9e \u00e0 la Conf\u00e9rence Internationale Scientifique au Maroc - guinee Conakry<\/title>\n<meta name=\"robots\" content=\"index, follow, max-snippet:-1, max-image-preview:large, max-video-preview:-1\" \/>\n<link rel=\"canonical\" href=\"https:\/\/www.africa-press.net\/guinee-conakry\/politique\/la-guinee-dignement-representee-a-la-conference-internationale-scientifique-au-maroc\" \/>\n<meta property=\"og:locale\" content=\"fr_FR\" \/>\n<meta property=\"og:type\" content=\"article\" \/>\n<meta property=\"og:title\" content=\"La Guin\u00e9e dignement repr\u00e9sent\u00e9e \u00e0 la Conf\u00e9rence Internationale Scientifique au Maroc\" \/>\n<meta property=\"og:description\" content=\"Africa-Press &#8211; Guin\u00e9e. Deux docteurs guine\u0301ens, Dr. Ibrahim Mansare\u0301 (Consultant en finance participative et spe\u0301cialiste du monde arabe) et Dr. Alioune Bah (affilie\u0301 au Centre de recherches en philosophie allemande et contemporaine de l\u2019universite\u0301 de Strasbourg, dirige le master philosophie a\u0300 l\u2019Universite\u0301 de Ge\u0301ne\u0301ral Lansana Conde\u0301 de Sonfonia-Conakry), participent a\u0300 cette confe\u0301rence internationale au Maroc. [&hellip;]\" \/>\n<meta property=\"og:url\" content=\"https:\/\/www.africa-press.net\/guinee-conakry\/politique\/la-guinee-dignement-representee-a-la-conference-internationale-scientifique-au-maroc\" \/>\n<meta property=\"og:site_name\" content=\"guinee Conakry\" \/>\n<meta property=\"article:published_time\" content=\"2023-12-28T07:30:00+00:00\" \/>\n<meta name=\"author\" content=\"cfeditorfr\" \/>\n<meta name=\"twitter:card\" content=\"summary_large_image\" \/>\n<meta name=\"twitter:label1\" content=\"\u00c9crit par\" \/>\n\t<meta name=\"twitter:data1\" content=\"cfeditorfr\" \/>\n\t<meta name=\"twitter:label2\" content=\"Dur\u00e9e de lecture estim\u00e9e\" \/>\n\t<meta name=\"twitter:data2\" content=\"1 minute\" \/>\n<script type=\"application\/ld+json\" class=\"yoast-schema-graph\">{\"@context\":\"https:\/\/schema.org\",\"@graph\":[{\"@type\":\"Article\",\"@id\":\"https:\/\/www.africa-press.net\/guinee-conakry\/politique\/la-guinee-dignement-representee-a-la-conference-internationale-scientifique-au-maroc#article\",\"isPartOf\":{\"@id\":\"https:\/\/www.africa-press.net\/guinee-conakry\/politique\/la-guinee-dignement-representee-a-la-conference-internationale-scientifique-au-maroc\"},\"author\":{\"name\":\"cfeditorfr\",\"@id\":\"https:\/\/www.africa-press.net\/guinee-conakry\/#\/schema\/person\/2b1cf3cd81a31e3cd26889ca66d677f1\"},\"headline\":\"La Guin\u00e9e dignement repr\u00e9sent\u00e9e \u00e0 la Conf\u00e9rence Internationale Scientifique au Maroc\",\"datePublished\":\"2023-12-28T07:30:00+00:00\",\"mainEntityOfPage\":{\"@id\":\"https:\/\/www.africa-press.net\/guinee-conakry\/politique\/la-guinee-dignement-representee-a-la-conference-internationale-scientifique-au-maroc\"},\"wordCount\":256,\"commentCount\":0,\"image\":{\"@id\":\"https:\/\/www.africa-press.net\/guinee-conakry\/politique\/la-guinee-dignement-representee-a-la-conference-internationale-scientifique-au-maroc#primaryimage\"},\"thumbnailUrl\":\"https:\/\/static.africa-press.net\/conakry\/sites\/63\/2023\/12\/Jokar1703736012.661503.jpg\",\"keywords\":[\"Africa Press\",\"Africa Press-Guin\u00e9e\",\"Guin\u00e9e\"],\"articleSection\":[\"Communaut\u00e9\",\"to-homepage\",\"Toutes les actualit\u00e9s\"],\"inLanguage\":\"fr-FR\",\"potentialAction\":[{\"@type\":\"CommentAction\",\"name\":\"Comment\",\"target\":[\"https:\/\/www.africa-press.net\/guinee-conakry\/politique\/la-guinee-dignement-representee-a-la-conference-internationale-scientifique-au-maroc#respond\"]}]},{\"@type\":\"WebPage\",\"@id\":\"https:\/\/www.africa-press.net\/guinee-conakry\/politique\/la-guinee-dignement-representee-a-la-conference-internationale-scientifique-au-maroc\",\"url\":\"https:\/\/www.africa-press.net\/guinee-conakry\/politique\/la-guinee-dignement-representee-a-la-conference-internationale-scientifique-au-maroc\",\"name\":\"La Guin\u00e9e dignement repr\u00e9sent\u00e9e \u00e0 la Conf\u00e9rence Internationale Scientifique au Maroc - guinee Conakry\",\"isPartOf\":{\"@id\":\"https:\/\/www.africa-press.net\/guinee-conakry\/#website\"},\"primaryImageOfPage\":{\"@id\":\"https:\/\/www.africa-press.net\/guinee-conakry\/politique\/la-guinee-dignement-representee-a-la-conference-internationale-scientifique-au-maroc#primaryimage\"},\"image\":{\"@id\":\"https:\/\/www.africa-press.net\/guinee-conakry\/politique\/la-guinee-dignement-representee-a-la-conference-internationale-scientifique-au-maroc#primaryimage\"},\"thumbnailUrl\":\"https:\/\/static.africa-press.net\/conakry\/sites\/63\/2023\/12\/Jokar1703736012.661503.jpg\",\"datePublished\":\"2023-12-28T07:30:00+00:00\",\"author\":{\"@id\":\"https:\/\/www.africa-press.net\/guinee-conakry\/#\/schema\/person\/2b1cf3cd81a31e3cd26889ca66d677f1\"},\"breadcrumb\":{\"@id\":\"https:\/\/www.africa-press.net\/guinee-conakry\/politique\/la-guinee-dignement-representee-a-la-conference-internationale-scientifique-au-maroc#breadcrumb\"},\"inLanguage\":\"fr-FR\",\"potentialAction\":[{\"@type\":\"ReadAction\",\"target\":[\"https:\/\/www.africa-press.net\/guinee-conakry\/politique\/la-guinee-dignement-representee-a-la-conference-internationale-scientifique-au-maroc\"]}]},{\"@type\":\"ImageObject\",\"inLanguage\":\"fr-FR\",\"@id\":\"https:\/\/www.africa-press.net\/guinee-conakry\/politique\/la-guinee-dignement-representee-a-la-conference-internationale-scientifique-au-maroc#primaryimage\",\"url\":\"https:\/\/static.africa-press.net\/conakry\/sites\/63\/2023\/12\/Jokar1703736012.661503.jpg\",\"contentUrl\":\"https:\/\/static.africa-press.net\/conakry\/sites\/63\/2023\/12\/Jokar1703736012.661503.jpg\",\"width\":584,\"height\":365,\"caption\":\"La Guin\u00e9e dignement repr\u00e9sent\u00e9e \u00e0 la Conf\u00e9rence Internationale Scientifique au Maroc\"},{\"@type\":\"BreadcrumbList\",\"@id\":\"https:\/\/www.africa-press.net\/guinee-conakry\/politique\/la-guinee-dignement-representee-a-la-conference-internationale-scientifique-au-maroc#breadcrumb\",\"itemListElement\":[{\"@type\":\"ListItem\",\"position\":1,\"name\":\"Accueil\",\"item\":\"https:\/\/www.africa-press.net\/guinee-conakry\/\"},{\"@type\":\"ListItem\",\"position\":2,\"name\":\"La Guin\u00e9e dignement repr\u00e9sent\u00e9e \u00e0 la Conf\u00e9rence Internationale Scientifique au Maroc\"}]},{\"@type\":\"WebSite\",\"@id\":\"https:\/\/www.africa-press.net\/guinee-conakry\/#website\",\"url\":\"https:\/\/www.africa-press.net\/guinee-conakry\/\",\"name\":\"guinee Conakry\",\"description\":\"Just another Africa News Agency Sites site\",\"potentialAction\":[{\"@type\":\"SearchAction\",\"target\":{\"@type\":\"EntryPoint\",\"urlTemplate\":\"https:\/\/www.africa-press.net\/guinee-conakry\/?s={search_term_string}\"},\"query-input\":{\"@type\":\"PropertyValueSpecification\",\"valueRequired\":true,\"valueName\":\"search_term_string\"}}],\"inLanguage\":\"fr-FR\"},{\"@type\":\"Person\",\"@id\":\"https:\/\/www.africa-press.net\/guinee-conakry\/#\/schema\/person\/2b1cf3cd81a31e3cd26889ca66d677f1\",\"name\":\"cfeditorfr\"}]}<\/script>\n<!-- \/ Yoast SEO Premium plugin. -->","yoast_head_json":{"title":"La Guin\u00e9e dignement repr\u00e9sent\u00e9e \u00e0 la Conf\u00e9rence Internationale Scientifique au Maroc - guinee Conakry","robots":{"index":"index","follow":"follow","max-snippet":"max-snippet:-1","max-image-preview":"max-image-preview:large","max-video-preview":"max-video-preview:-1"},"canonical":"https:\/\/www.africa-press.net\/guinee-conakry\/politique\/la-guinee-dignement-representee-a-la-conference-internationale-scientifique-au-maroc","og_locale":"fr_FR","og_type":"article","og_title":"La Guin\u00e9e dignement repr\u00e9sent\u00e9e \u00e0 la Conf\u00e9rence Internationale Scientifique au Maroc","og_description":"Africa-Press &#8211; Guin\u00e9e. Deux docteurs guine\u0301ens, Dr. Ibrahim Mansare\u0301 (Consultant en finance participative et spe\u0301cialiste du monde arabe) et Dr. Alioune Bah (affilie\u0301 au Centre de recherches en philosophie allemande et contemporaine de l\u2019universite\u0301 de Strasbourg, dirige le master philosophie a\u0300 l\u2019Universite\u0301 de Ge\u0301ne\u0301ral Lansana Conde\u0301 de Sonfonia-Conakry), participent a\u0300 cette confe\u0301rence internationale au Maroc. [&hellip;]","og_url":"https:\/\/www.africa-press.net\/guinee-conakry\/politique\/la-guinee-dignement-representee-a-la-conference-internationale-scientifique-au-maroc","og_site_name":"guinee Conakry","article_published_time":"2023-12-28T07:30:00+00:00","author":"cfeditorfr","twitter_card":"summary_large_image","twitter_misc":{"\u00c9crit par":"cfeditorfr","Dur\u00e9e de lecture estim\u00e9e":"1 minute"},"schema":{"@context":"https:\/\/schema.org","@graph":[{"@type":"Article","@id":"https:\/\/www.africa-press.net\/guinee-conakry\/politique\/la-guinee-dignement-representee-a-la-conference-internationale-scientifique-au-maroc#article","isPartOf":{"@id":"https:\/\/www.africa-press.net\/guinee-conakry\/politique\/la-guinee-dignement-representee-a-la-conference-internationale-scientifique-au-maroc"},"author":{"name":"cfeditorfr","@id":"https:\/\/www.africa-press.net\/guinee-conakry\/#\/schema\/person\/2b1cf3cd81a31e3cd26889ca66d677f1"},"headline":"La Guin\u00e9e dignement repr\u00e9sent\u00e9e \u00e0 la Conf\u00e9rence Internationale Scientifique au Maroc","datePublished":"2023-12-28T07:30:00+00:00","mainEntityOfPage":{"@id":"https:\/\/www.africa-press.net\/guinee-conakry\/politique\/la-guinee-dignement-representee-a-la-conference-internationale-scientifique-au-maroc"},"wordCount":256,"commentCount":0,"image":{"@id":"https:\/\/www.africa-press.net\/guinee-conakry\/politique\/la-guinee-dignement-representee-a-la-conference-internationale-scientifique-au-maroc#primaryimage"},"thumbnailUrl":"https:\/\/static.africa-press.net\/conakry\/sites\/63\/2023\/12\/Jokar1703736012.661503.jpg","keywords":["Africa Press","Africa Press-Guin\u00e9e","Guin\u00e9e"],"articleSection":["Communaut\u00e9","to-homepage","Toutes les actualit\u00e9s"],"inLanguage":"fr-FR","potentialAction":[{"@type":"CommentAction","name":"Comment","target":["https:\/\/www.africa-press.net\/guinee-conakry\/politique\/la-guinee-dignement-representee-a-la-conference-internationale-scientifique-au-maroc#respond"]}]},{"@type":"WebPage","@id":"https:\/\/www.africa-press.net\/guinee-conakry\/politique\/la-guinee-dignement-representee-a-la-conference-internationale-scientifique-au-maroc","url":"https:\/\/www.africa-press.net\/guinee-conakry\/politique\/la-guinee-dignement-representee-a-la-conference-internationale-scientifique-au-maroc","name":"La Guin\u00e9e dignement repr\u00e9sent\u00e9e \u00e0 la Conf\u00e9rence Internationale Scientifique au Maroc - guinee Conakry","isPartOf":{"@id":"https:\/\/www.africa-press.net\/guinee-conakry\/#website"},"primaryImageOfPage":{"@id":"https:\/\/www.africa-press.net\/guinee-conakry\/politique\/la-guinee-dignement-representee-a-la-conference-internationale-scientifique-au-maroc#primaryimage"},"image":{"@id":"https:\/\/www.africa-press.net\/guinee-conakry\/politique\/la-guinee-dignement-representee-a-la-conference-internationale-scientifique-au-maroc#primaryimage"},"thumbnailUrl":"https:\/\/static.africa-press.net\/conakry\/sites\/63\/2023\/12\/Jokar1703736012.661503.jpg","datePublished":"2023-12-28T07:30:00+00:00","author":{"@id":"https:\/\/www.africa-press.net\/guinee-conakry\/#\/schema\/person\/2b1cf3cd81a31e3cd26889ca66d677f1"},"breadcrumb":{"@id":"https:\/\/www.africa-press.net\/guinee-conakry\/politique\/la-guinee-dignement-representee-a-la-conference-internationale-scientifique-au-maroc#breadcrumb"},"inLanguage":"fr-FR","potentialAction":[{"@type":"ReadAction","target":["https:\/\/www.africa-press.net\/guinee-conakry\/politique\/la-guinee-dignement-representee-a-la-conference-internationale-scientifique-au-maroc"]}]},{"@type":"ImageObject","inLanguage":"fr-FR","@id":"https:\/\/www.africa-press.net\/guinee-conakry\/politique\/la-guinee-dignement-representee-a-la-conference-internationale-scientifique-au-maroc#primaryimage","url":"https:\/\/static.africa-press.net\/conakry\/sites\/63\/2023\/12\/Jokar1703736012.661503.jpg","contentUrl":"https:\/\/static.africa-press.net\/conakry\/sites\/63\/2023\/12\/Jokar1703736012.661503.jpg","width":584,"height":365,"caption":"La Guin\u00e9e dignement repr\u00e9sent\u00e9e \u00e0 la Conf\u00e9rence Internationale Scientifique au Maroc"},{"@type":"BreadcrumbList","@id":"https:\/\/www.africa-press.net\/guinee-conakry\/politique\/la-guinee-dignement-representee-a-la-conference-internationale-scientifique-au-maroc#breadcrumb","itemListElement":[{"@type":"ListItem","position":1,"name":"Accueil","item":"https:\/\/www.africa-press.net\/guinee-conakry\/"},{"@type":"ListItem","position":2,"name":"La Guin\u00e9e dignement repr\u00e9sent\u00e9e \u00e0 la Conf\u00e9rence Internationale Scientifique au Maroc"}]},{"@type":"WebSite","@id":"https:\/\/www.africa-press.net\/guinee-conakry\/#website","url":"https:\/\/www.africa-press.net\/guinee-conakry\/","name":"guinee Conakry","description":"Just another Africa News Agency Sites site","potentialAction":[{"@type":"SearchAction","target":{"@type":"EntryPoint","urlTemplate":"https:\/\/www.africa-press.net\/guinee-conakry\/?s={search_term_string}"},"query-input":{"@type":"PropertyValueSpecification","valueRequired":true,"valueName":"search_term_string"}}],"inLanguage":"fr-FR"},{"@type":"Person","@id":"https:\/\/www.africa-press.net\/guinee-conakry\/#\/schema\/person\/2b1cf3cd81a31e3cd26889ca66d677f1","name":"cfeditorfr"}]}},"_links":{"self":[{"href":"https:\/\/www.africa-press.net\/guinee-conakry\/wp-json\/wp\/v2\/posts\/18090","targetHints":{"allow":["GET"]}}],"collection":[{"href":"https:\/\/www.africa-press.net\/guinee-conakry\/wp-json\/wp\/v2\/posts"}],"about":[{"href":"https:\/\/www.africa-press.net\/guinee-conakry\/wp-json\/wp\/v2\/types\/post"}],"author":[{"embeddable":true,"href":"https:\/\/www.africa-press.net\/guinee-conakry\/wp-json\/wp\/v2\/users\/82"}],"replies":[{"embeddable":true,"href":"https:\/\/www.africa-press.net\/guinee-conakry\/wp-json\/wp\/v2\/comments?post=18090"}],"version-history":[{"count":0,"href":"https:\/\/www.africa-press.net\/guinee-conakry\/wp-json\/wp\/v2\/posts\/18090\/revisions"}],"wp:featuredmedia":[{"embeddable":true,"href":"https:\/\/www.africa-press.net\/guinee-conakry\/wp-json\/wp\/v2\/media\/18089"}],"wp:attachment":[{"href":"https:\/\/www.africa-press.net\/guinee-conakry\/wp-json\/wp\/v2\/media?parent=18090"}],"wp:term":[{"taxonomy":"category","embeddable":true,"href":"https:\/\/www.africa-press.net\/guinee-conakry\/wp-json\/wp\/v2\/categories?post=18090"},{"taxonomy":"post_tag","embeddable":true,"href":"https:\/\/www.africa-press.net\/guinee-conakry\/wp-json\/wp\/v2\/tags?post=18090"}],"curies":[{"name":"wp","href":"https:\/\/api.w.org\/{rel}","templated":true}]}}