{"id":18102,"date":"2024-01-02T22:38:00","date_gmt":"2024-01-02T22:38:00","guid":{"rendered":"https:\/\/www.africa-press.net\/guinee-conakry\/politique\/le-commandant-alya-camara-au-colonel-doumbouya-merci-de-mavoir-accorde-la-liberte"},"modified":"2024-01-02T22:38:00","modified_gmt":"2024-01-02T22:38:00","slug":"le-commandant-alya-camara-au-colonel-doumbouya-merci-de-mavoir-accorde-la-liberte","status":"publish","type":"post","link":"https:\/\/www.africa-press.net\/guinee-conakry\/politique\/le-commandant-alya-camara-au-colonel-doumbouya-merci-de-mavoir-accorde-la-liberte","title":{"rendered":"Le commandant Alya Camara au colonel Doumbouya\u00a0: \u2018\u2019Merci de m\u2019avoir accord\u00e9 la libert\u00e9\u2019\u2019"},"content":{"rendered":"<p><span style=\"color: #ff6600\"><strong>Africa-Press &#8211; Guin\u00e9e. <\/strong><\/span><b>De\u0301tenu depuis plus d\u2019une anne\u0301e, le commandant Alya Camara a recouvre\u0301 sa liberte\u0301. Radie\u0301 des effectifs de l\u2019arme\u0301e, l\u2019ancien chef des ope\u0301rations des forces spe\u0301ciales a passe\u0301 le re\u0301veillon de nouvel an au palais Mohamed V en compagnie du colonel Mamadi Doumbouya et de sa famille. <\/b><\/p>\n<p>L\u2019officier qui e\u0301tait accuse\u0301 d\u2019avoir soustrait l\u2019ordinateur portable d\u2019Alpha Conde\u0301 lors du coup d\u2019Etat du 5 septembre, a exprime\u0301 ses remerciements au colonel Mamadi Doumbouya.<\/p>\n<p>\u2018\u2019Merci au pre\u0301sident de la Re\u0301publique de m\u2019avoir accorde\u0301 la liberte\u0301 et de m\u2019avoir donne\u0301 la chance de revoir ma famille qui souffrait autant que moi\u2019\u2019, de\u0301clare-t-il d\u2019une <b>voix teinte\u0301e de tristesse<\/b>.<\/p>\n<p>Ajoutant que \u2018\u2019je suis de\u0301passe\u0301 de joie. Je le remercie since\u0300rement. Qu\u2019il sache que je suis dans son esprit de jour et de nuit. Je remercie tout le monde (&#8230;)\u201d.<\/p>\n<p>Quant au capitaine Michel Lamah des forces spe\u0301ciales, <b>donne\u0301 pour mort sur les re\u0301seaux sociaux<\/b><b>, il est re\u0301apparu aux co\u0302te\u0301s du colonel Doumbouya pour faire taire les rumeurs.<\/b><\/p>\n<p>\u2018\u2019Je pre\u0301sente mes meilleurs v\u0153ux au pre\u0301sident de la Re\u0301publique. Je le remercie pour tout ce qu\u2019il fait pour le peuple, pour ma famille et moi. Les mots me manquent. Que Dieu nous prote\u0300ge tous et nous guide\u2019\u2019, souligne celui qui e\u0301tait au volant du 4\u00d74 a\u0300 bord duquel Alpha Conde\u0301 a e\u0301te\u0301 embarque\u0301 apre\u0300s le coup d\u2019Etat.<\/p>\n<p>S\u2019exprimant en marge de la rencontre, le ge\u0301ne\u0301ral Amara Camara a tenu a\u0300 remercier \u2018\u2019le colonel Doumbouya pour le banquet et le fait de partager ces moments de convivialite\u0301\u2019\u2019. Il a salue\u0301 \u2018\u2019le leadership du chef de l\u2019Etat pour toutes les actions qu\u2019il pose pour le bien-e\u0302tre de la population\u2019\u2019.<\/p>\n<p><b>Boussouriou Doumba<\/b><\/p>\n<p><strong>Pour plus d&rsquo;informations et d&rsquo;analyses sur la <a href=\"https:\/\/www.africa-press.net\/guinee-conakry\">Guin\u00e9e<\/a>, suivez <a href=\"https:\/\/www.africa-press.net\/\">Africa-Press<\/a><\/strong><\/p>\n","protected":false},"excerpt":{"rendered":"<p>Africa-Press &#8211; Guin\u00e9e. De\u0301tenu depuis plus d\u2019une anne\u0301e, le commandant Alya Camara a recouvre\u0301 sa liberte\u0301. Radie\u0301 des effectifs de l\u2019arme\u0301e, l\u2019ancien chef des ope\u0301rations des forces spe\u0301ciales a passe\u0301 le re\u0301veillon de nouvel an au palais Mohamed V en compagnie du colonel Mamadi Doumbouya et de sa famille. L\u2019officier qui e\u0301tait accuse\u0301 d\u2019avoir soustrait [&hellip;]<\/p>\n","protected":false},"author":82,"featured_media":18101,"comment_status":"open","ping_status":"closed","sticky":false,"template":"","format":"standard","meta":{"footnotes":""},"categories":[21,2,56,10],"tags":[36,57,58],"class_list":["post-18102","post","type-post","status-publish","format-standard","has-post-thumbnail","hentry","category-communaute","category-politique","category-to-homepage","category-toutes-les-actualites","tag-africa-press","tag-africa-press-guinee","tag-guinee"],"yoast_head":"<!-- This site is optimized with the Yoast SEO Premium plugin v26.1 (Yoast SEO v27.0) - https:\/\/yoast.com\/product\/yoast-seo-premium-wordpress\/ -->\n<title>Le commandant Alya Camara au colonel Doumbouya\u00a0: \u2018\u2019Merci de m\u2019avoir accord\u00e9 la libert\u00e9\u2019\u2019 - guinee Conakry<\/title>\n<meta name=\"robots\" content=\"index, follow, max-snippet:-1, max-image-preview:large, max-video-preview:-1\" \/>\n<link rel=\"canonical\" href=\"https:\/\/www.africa-press.net\/guinee-conakry\/politique\/le-commandant-alya-camara-au-colonel-doumbouya-merci-de-mavoir-accorde-la-liberte\" \/>\n<meta property=\"og:locale\" content=\"fr_FR\" \/>\n<meta property=\"og:type\" content=\"article\" \/>\n<meta property=\"og:title\" content=\"Le commandant Alya Camara au colonel Doumbouya\u00a0: \u2018\u2019Merci de m\u2019avoir accord\u00e9 la libert\u00e9\u2019\u2019\" \/>\n<meta property=\"og:description\" content=\"Africa-Press &#8211; Guin\u00e9e. De\u0301tenu depuis plus d\u2019une anne\u0301e, le commandant Alya Camara a recouvre\u0301 sa liberte\u0301. Radie\u0301 des effectifs de l\u2019arme\u0301e, l\u2019ancien chef des ope\u0301rations des forces spe\u0301ciales a passe\u0301 le re\u0301veillon de nouvel an au palais Mohamed V en compagnie du colonel Mamadi Doumbouya et de sa famille. L\u2019officier qui e\u0301tait accuse\u0301 d\u2019avoir soustrait [&hellip;]\" \/>\n<meta property=\"og:url\" content=\"https:\/\/www.africa-press.net\/guinee-conakry\/politique\/le-commandant-alya-camara-au-colonel-doumbouya-merci-de-mavoir-accorde-la-liberte\" \/>\n<meta property=\"og:site_name\" content=\"guinee Conakry\" \/>\n<meta property=\"article:published_time\" content=\"2024-01-02T22:38:00+00:00\" \/>\n<meta name=\"author\" content=\"cfeditorfr\" \/>\n<meta name=\"twitter:card\" content=\"summary_large_image\" \/>\n<meta name=\"twitter:label1\" content=\"\u00c9crit par\" \/>\n\t<meta name=\"twitter:data1\" content=\"cfeditorfr\" \/>\n\t<meta name=\"twitter:label2\" content=\"Dur\u00e9e de lecture estim\u00e9e\" \/>\n\t<meta name=\"twitter:data2\" content=\"2 minutes\" \/>\n<script type=\"application\/ld+json\" class=\"yoast-schema-graph\">{\"@context\":\"https:\/\/schema.org\",\"@graph\":[{\"@type\":\"Article\",\"@id\":\"https:\/\/www.africa-press.net\/guinee-conakry\/politique\/le-commandant-alya-camara-au-colonel-doumbouya-merci-de-mavoir-accorde-la-liberte#article\",\"isPartOf\":{\"@id\":\"https:\/\/www.africa-press.net\/guinee-conakry\/politique\/le-commandant-alya-camara-au-colonel-doumbouya-merci-de-mavoir-accorde-la-liberte\"},\"author\":{\"name\":\"cfeditorfr\",\"@id\":\"https:\/\/www.africa-press.net\/guinee-conakry\/#\/schema\/person\/2b1cf3cd81a31e3cd26889ca66d677f1\"},\"headline\":\"Le commandant Alya Camara au colonel Doumbouya\u00a0: \u2018\u2019Merci de m\u2019avoir accord\u00e9 la libert\u00e9\u2019\u2019\",\"datePublished\":\"2024-01-02T22:38:00+00:00\",\"mainEntityOfPage\":{\"@id\":\"https:\/\/www.africa-press.net\/guinee-conakry\/politique\/le-commandant-alya-camara-au-colonel-doumbouya-merci-de-mavoir-accorde-la-liberte\"},\"wordCount\":345,\"commentCount\":0,\"image\":{\"@id\":\"https:\/\/www.africa-press.net\/guinee-conakry\/politique\/le-commandant-alya-camara-au-colonel-doumbouya-merci-de-mavoir-accorde-la-liberte#primaryimage\"},\"thumbnailUrl\":\"https:\/\/static.africa-press.net\/conakry\/sites\/63\/2024\/01\/Jokar1704222523.54503.jpg\",\"keywords\":[\"Africa Press\",\"Africa Press-Guin\u00e9e\",\"Guin\u00e9e\"],\"articleSection\":[\"Communaut\u00e9\",\"Politique\",\"to-homepage\",\"Toutes les actualit\u00e9s\"],\"inLanguage\":\"fr-FR\",\"potentialAction\":[{\"@type\":\"CommentAction\",\"name\":\"Comment\",\"target\":[\"https:\/\/www.africa-press.net\/guinee-conakry\/politique\/le-commandant-alya-camara-au-colonel-doumbouya-merci-de-mavoir-accorde-la-liberte#respond\"]}]},{\"@type\":\"WebPage\",\"@id\":\"https:\/\/www.africa-press.net\/guinee-conakry\/politique\/le-commandant-alya-camara-au-colonel-doumbouya-merci-de-mavoir-accorde-la-liberte\",\"url\":\"https:\/\/www.africa-press.net\/guinee-conakry\/politique\/le-commandant-alya-camara-au-colonel-doumbouya-merci-de-mavoir-accorde-la-liberte\",\"name\":\"Le commandant Alya Camara au colonel Doumbouya\u00a0: \u2018\u2019Merci de m\u2019avoir accord\u00e9 la libert\u00e9\u2019\u2019 - guinee Conakry\",\"isPartOf\":{\"@id\":\"https:\/\/www.africa-press.net\/guinee-conakry\/#website\"},\"primaryImageOfPage\":{\"@id\":\"https:\/\/www.africa-press.net\/guinee-conakry\/politique\/le-commandant-alya-camara-au-colonel-doumbouya-merci-de-mavoir-accorde-la-liberte#primaryimage\"},\"image\":{\"@id\":\"https:\/\/www.africa-press.net\/guinee-conakry\/politique\/le-commandant-alya-camara-au-colonel-doumbouya-merci-de-mavoir-accorde-la-liberte#primaryimage\"},\"thumbnailUrl\":\"https:\/\/static.africa-press.net\/conakry\/sites\/63\/2024\/01\/Jokar1704222523.54503.jpg\",\"datePublished\":\"2024-01-02T22:38:00+00:00\",\"author\":{\"@id\":\"https:\/\/www.africa-press.net\/guinee-conakry\/#\/schema\/person\/2b1cf3cd81a31e3cd26889ca66d677f1\"},\"breadcrumb\":{\"@id\":\"https:\/\/www.africa-press.net\/guinee-conakry\/politique\/le-commandant-alya-camara-au-colonel-doumbouya-merci-de-mavoir-accorde-la-liberte#breadcrumb\"},\"inLanguage\":\"fr-FR\",\"potentialAction\":[{\"@type\":\"ReadAction\",\"target\":[\"https:\/\/www.africa-press.net\/guinee-conakry\/politique\/le-commandant-alya-camara-au-colonel-doumbouya-merci-de-mavoir-accorde-la-liberte\"]}]},{\"@type\":\"ImageObject\",\"inLanguage\":\"fr-FR\",\"@id\":\"https:\/\/www.africa-press.net\/guinee-conakry\/politique\/le-commandant-alya-camara-au-colonel-doumbouya-merci-de-mavoir-accorde-la-liberte#primaryimage\",\"url\":\"https:\/\/static.africa-press.net\/conakry\/sites\/63\/2024\/01\/Jokar1704222523.54503.jpg\",\"contentUrl\":\"https:\/\/static.africa-press.net\/conakry\/sites\/63\/2024\/01\/Jokar1704222523.54503.jpg\",\"width\":960,\"height\":640,\"caption\":\"Le commandant Alya Camara au colonel Doumbouya\u00a0: \u2018\u2019Merci de m\u2019avoir accord\u00e9 la libert\u00e9\u2019\u2019\"},{\"@type\":\"BreadcrumbList\",\"@id\":\"https:\/\/www.africa-press.net\/guinee-conakry\/politique\/le-commandant-alya-camara-au-colonel-doumbouya-merci-de-mavoir-accorde-la-liberte#breadcrumb\",\"itemListElement\":[{\"@type\":\"ListItem\",\"position\":1,\"name\":\"Accueil\",\"item\":\"https:\/\/www.africa-press.net\/guinee-conakry\/\"},{\"@type\":\"ListItem\",\"position\":2,\"name\":\"Le commandant Alya Camara au colonel Doumbouya\u00a0: \u2018\u2019Merci de m\u2019avoir accord\u00e9 la libert\u00e9\u2019\u2019\"}]},{\"@type\":\"WebSite\",\"@id\":\"https:\/\/www.africa-press.net\/guinee-conakry\/#website\",\"url\":\"https:\/\/www.africa-press.net\/guinee-conakry\/\",\"name\":\"guinee Conakry\",\"description\":\"Just another Africa News Agency Sites site\",\"potentialAction\":[{\"@type\":\"SearchAction\",\"target\":{\"@type\":\"EntryPoint\",\"urlTemplate\":\"https:\/\/www.africa-press.net\/guinee-conakry\/?s={search_term_string}\"},\"query-input\":{\"@type\":\"PropertyValueSpecification\",\"valueRequired\":true,\"valueName\":\"search_term_string\"}}],\"inLanguage\":\"fr-FR\"},{\"@type\":\"Person\",\"@id\":\"https:\/\/www.africa-press.net\/guinee-conakry\/#\/schema\/person\/2b1cf3cd81a31e3cd26889ca66d677f1\",\"name\":\"cfeditorfr\"}]}<\/script>\n<!-- \/ Yoast SEO Premium plugin. -->","yoast_head_json":{"title":"Le commandant Alya Camara au colonel Doumbouya\u00a0: \u2018\u2019Merci de m\u2019avoir accord\u00e9 la libert\u00e9\u2019\u2019 - guinee Conakry","robots":{"index":"index","follow":"follow","max-snippet":"max-snippet:-1","max-image-preview":"max-image-preview:large","max-video-preview":"max-video-preview:-1"},"canonical":"https:\/\/www.africa-press.net\/guinee-conakry\/politique\/le-commandant-alya-camara-au-colonel-doumbouya-merci-de-mavoir-accorde-la-liberte","og_locale":"fr_FR","og_type":"article","og_title":"Le commandant Alya Camara au colonel Doumbouya\u00a0: \u2018\u2019Merci de m\u2019avoir accord\u00e9 la libert\u00e9\u2019\u2019","og_description":"Africa-Press &#8211; Guin\u00e9e. De\u0301tenu depuis plus d\u2019une anne\u0301e, le commandant Alya Camara a recouvre\u0301 sa liberte\u0301. Radie\u0301 des effectifs de l\u2019arme\u0301e, l\u2019ancien chef des ope\u0301rations des forces spe\u0301ciales a passe\u0301 le re\u0301veillon de nouvel an au palais Mohamed V en compagnie du colonel Mamadi Doumbouya et de sa famille. L\u2019officier qui e\u0301tait accuse\u0301 d\u2019avoir soustrait [&hellip;]","og_url":"https:\/\/www.africa-press.net\/guinee-conakry\/politique\/le-commandant-alya-camara-au-colonel-doumbouya-merci-de-mavoir-accorde-la-liberte","og_site_name":"guinee Conakry","article_published_time":"2024-01-02T22:38:00+00:00","author":"cfeditorfr","twitter_card":"summary_large_image","twitter_misc":{"\u00c9crit par":"cfeditorfr","Dur\u00e9e de lecture estim\u00e9e":"2 minutes"},"schema":{"@context":"https:\/\/schema.org","@graph":[{"@type":"Article","@id":"https:\/\/www.africa-press.net\/guinee-conakry\/politique\/le-commandant-alya-camara-au-colonel-doumbouya-merci-de-mavoir-accorde-la-liberte#article","isPartOf":{"@id":"https:\/\/www.africa-press.net\/guinee-conakry\/politique\/le-commandant-alya-camara-au-colonel-doumbouya-merci-de-mavoir-accorde-la-liberte"},"author":{"name":"cfeditorfr","@id":"https:\/\/www.africa-press.net\/guinee-conakry\/#\/schema\/person\/2b1cf3cd81a31e3cd26889ca66d677f1"},"headline":"Le commandant Alya Camara au colonel Doumbouya\u00a0: \u2018\u2019Merci de m\u2019avoir accord\u00e9 la libert\u00e9\u2019\u2019","datePublished":"2024-01-02T22:38:00+00:00","mainEntityOfPage":{"@id":"https:\/\/www.africa-press.net\/guinee-conakry\/politique\/le-commandant-alya-camara-au-colonel-doumbouya-merci-de-mavoir-accorde-la-liberte"},"wordCount":345,"commentCount":0,"image":{"@id":"https:\/\/www.africa-press.net\/guinee-conakry\/politique\/le-commandant-alya-camara-au-colonel-doumbouya-merci-de-mavoir-accorde-la-liberte#primaryimage"},"thumbnailUrl":"https:\/\/static.africa-press.net\/conakry\/sites\/63\/2024\/01\/Jokar1704222523.54503.jpg","keywords":["Africa Press","Africa Press-Guin\u00e9e","Guin\u00e9e"],"articleSection":["Communaut\u00e9","Politique","to-homepage","Toutes les actualit\u00e9s"],"inLanguage":"fr-FR","potentialAction":[{"@type":"CommentAction","name":"Comment","target":["https:\/\/www.africa-press.net\/guinee-conakry\/politique\/le-commandant-alya-camara-au-colonel-doumbouya-merci-de-mavoir-accorde-la-liberte#respond"]}]},{"@type":"WebPage","@id":"https:\/\/www.africa-press.net\/guinee-conakry\/politique\/le-commandant-alya-camara-au-colonel-doumbouya-merci-de-mavoir-accorde-la-liberte","url":"https:\/\/www.africa-press.net\/guinee-conakry\/politique\/le-commandant-alya-camara-au-colonel-doumbouya-merci-de-mavoir-accorde-la-liberte","name":"Le commandant Alya Camara au colonel Doumbouya\u00a0: \u2018\u2019Merci de m\u2019avoir accord\u00e9 la libert\u00e9\u2019\u2019 - guinee Conakry","isPartOf":{"@id":"https:\/\/www.africa-press.net\/guinee-conakry\/#website"},"primaryImageOfPage":{"@id":"https:\/\/www.africa-press.net\/guinee-conakry\/politique\/le-commandant-alya-camara-au-colonel-doumbouya-merci-de-mavoir-accorde-la-liberte#primaryimage"},"image":{"@id":"https:\/\/www.africa-press.net\/guinee-conakry\/politique\/le-commandant-alya-camara-au-colonel-doumbouya-merci-de-mavoir-accorde-la-liberte#primaryimage"},"thumbnailUrl":"https:\/\/static.africa-press.net\/conakry\/sites\/63\/2024\/01\/Jokar1704222523.54503.jpg","datePublished":"2024-01-02T22:38:00+00:00","author":{"@id":"https:\/\/www.africa-press.net\/guinee-conakry\/#\/schema\/person\/2b1cf3cd81a31e3cd26889ca66d677f1"},"breadcrumb":{"@id":"https:\/\/www.africa-press.net\/guinee-conakry\/politique\/le-commandant-alya-camara-au-colonel-doumbouya-merci-de-mavoir-accorde-la-liberte#breadcrumb"},"inLanguage":"fr-FR","potentialAction":[{"@type":"ReadAction","target":["https:\/\/www.africa-press.net\/guinee-conakry\/politique\/le-commandant-alya-camara-au-colonel-doumbouya-merci-de-mavoir-accorde-la-liberte"]}]},{"@type":"ImageObject","inLanguage":"fr-FR","@id":"https:\/\/www.africa-press.net\/guinee-conakry\/politique\/le-commandant-alya-camara-au-colonel-doumbouya-merci-de-mavoir-accorde-la-liberte#primaryimage","url":"https:\/\/static.africa-press.net\/conakry\/sites\/63\/2024\/01\/Jokar1704222523.54503.jpg","contentUrl":"https:\/\/static.africa-press.net\/conakry\/sites\/63\/2024\/01\/Jokar1704222523.54503.jpg","width":960,"height":640,"caption":"Le commandant Alya Camara au colonel Doumbouya\u00a0: \u2018\u2019Merci de m\u2019avoir accord\u00e9 la libert\u00e9\u2019\u2019"},{"@type":"BreadcrumbList","@id":"https:\/\/www.africa-press.net\/guinee-conakry\/politique\/le-commandant-alya-camara-au-colonel-doumbouya-merci-de-mavoir-accorde-la-liberte#breadcrumb","itemListElement":[{"@type":"ListItem","position":1,"name":"Accueil","item":"https:\/\/www.africa-press.net\/guinee-conakry\/"},{"@type":"ListItem","position":2,"name":"Le commandant Alya Camara au colonel Doumbouya\u00a0: \u2018\u2019Merci de m\u2019avoir accord\u00e9 la libert\u00e9\u2019\u2019"}]},{"@type":"WebSite","@id":"https:\/\/www.africa-press.net\/guinee-conakry\/#website","url":"https:\/\/www.africa-press.net\/guinee-conakry\/","name":"guinee Conakry","description":"Just another Africa News Agency Sites site","potentialAction":[{"@type":"SearchAction","target":{"@type":"EntryPoint","urlTemplate":"https:\/\/www.africa-press.net\/guinee-conakry\/?s={search_term_string}"},"query-input":{"@type":"PropertyValueSpecification","valueRequired":true,"valueName":"search_term_string"}}],"inLanguage":"fr-FR"},{"@type":"Person","@id":"https:\/\/www.africa-press.net\/guinee-conakry\/#\/schema\/person\/2b1cf3cd81a31e3cd26889ca66d677f1","name":"cfeditorfr"}]}},"_links":{"self":[{"href":"https:\/\/www.africa-press.net\/guinee-conakry\/wp-json\/wp\/v2\/posts\/18102","targetHints":{"allow":["GET"]}}],"collection":[{"href":"https:\/\/www.africa-press.net\/guinee-conakry\/wp-json\/wp\/v2\/posts"}],"about":[{"href":"https:\/\/www.africa-press.net\/guinee-conakry\/wp-json\/wp\/v2\/types\/post"}],"author":[{"embeddable":true,"href":"https:\/\/www.africa-press.net\/guinee-conakry\/wp-json\/wp\/v2\/users\/82"}],"replies":[{"embeddable":true,"href":"https:\/\/www.africa-press.net\/guinee-conakry\/wp-json\/wp\/v2\/comments?post=18102"}],"version-history":[{"count":0,"href":"https:\/\/www.africa-press.net\/guinee-conakry\/wp-json\/wp\/v2\/posts\/18102\/revisions"}],"wp:featuredmedia":[{"embeddable":true,"href":"https:\/\/www.africa-press.net\/guinee-conakry\/wp-json\/wp\/v2\/media\/18101"}],"wp:attachment":[{"href":"https:\/\/www.africa-press.net\/guinee-conakry\/wp-json\/wp\/v2\/media?parent=18102"}],"wp:term":[{"taxonomy":"category","embeddable":true,"href":"https:\/\/www.africa-press.net\/guinee-conakry\/wp-json\/wp\/v2\/categories?post=18102"},{"taxonomy":"post_tag","embeddable":true,"href":"https:\/\/www.africa-press.net\/guinee-conakry\/wp-json\/wp\/v2\/tags?post=18102"}],"curies":[{"name":"wp","href":"https:\/\/api.w.org\/{rel}","templated":true}]}}