{"id":18107,"date":"2024-01-03T06:19:00","date_gmt":"2024-01-03T06:19:00","guid":{"rendered":"https:\/\/www.africa-press.net\/guinee-conakry\/politique\/bogola-haba-estime-que-la-liberation-de-alya-camara-prouve-la-volonte-du-colonel-doumbouya-a-maintenir-lunite-de-nos-forces-de-defense-et-de-securite"},"modified":"2024-01-03T06:19:00","modified_gmt":"2024-01-03T06:19:00","slug":"bogola-haba-estime-que-la-liberation-de-alya-camara-prouve-la-volonte-du-colonel-doumbouya-a-maintenir-lunite-de-nos-forces-de-defense-et-de-securite","status":"publish","type":"post","link":"https:\/\/www.africa-press.net\/guinee-conakry\/politique\/bogola-haba-estime-que-la-liberation-de-alya-camara-prouve-la-volonte-du-colonel-doumbouya-a-maintenir-lunite-de-nos-forces-de-defense-et-de-securite","title":{"rendered":"Bogola Haba estime que la lib\u00e9ration de Alya Camara prouve \u2018\u2019la volont\u00e9 du colonel Doumbouya \u00e0 maintenir l\u2019unit\u00e9 de nos forces de d\u00e9fense et de s\u00e9curit\u00e9\u2019\u2019"},"content":{"rendered":"<p><span style=\"color: #ff6600\"><strong>Africa-Press &#8211; Guin\u00e9e. <\/strong><\/span><b>L\u2019ex<\/b><b>\u2013<\/b><b>chef des ope\u0301rations des forces spe\u0301ciales<\/b><b>, le commandant Aly<\/b><b>a <\/b><b>Camara,<\/b> <b>radie\u0301 des effectifs de l\u2019arme\u0301e guine\u0301enne, <\/b><b>a refait surface aux <\/b><b>colonel Mamadi Doumbouya<\/b><b> dans la nuit du 31 de\u0301cembre<\/b><b> apre\u0300s plus d\u2019un an <\/b><b>de de\u0301tention<\/b><b>. Un<\/b><b> acte <\/b><b>hautement salue\u0301 par Bogola Haba, soutien de la junte militaire.<\/b><\/p>\n<p>Le coordinateur du Front national pour la de\u0301fense de la transition se dit heureux de constater le retour du commandant Alya Camara aupre\u0300s de sa famille. \u2018\u2019Toute action de liberte\u0301 est salutaire pour nous les humains. C\u2018est une action importante par rapport au travail que le pre\u0301sident de la Re\u0301publique est en train de faire pour l\u2019unite\u0301 de nos forces de de\u0301fense et de se\u0301curite\u0301\u2019\u2019, indique Bogola Haba.<\/p>\n<p>Ce soutien de la junte assure que l\u2019unite\u0301 au sein des forces de de\u0301fense et de se\u0301curite\u0301 est primordiale pour la re\u0301ussite de la transition.<\/p>\n<p>\u2018\u2019Nous sommes tous d\u2019accord que la colonne verte\u0301brale de cette transition, c\u2019est l\u2019ensemble de nos forces de de\u0301fense et de se\u0301curite\u0301. Leur unite\u0301 est importante, la discipline en son sein est importante. C\u2019est pourquoi, nous demandons a\u0300 tous ceux, de pre\u0300s ou de loin, qui en sont membres de garder cette maxime de la grande muette, la discipline autour de leur chef pour la re\u0301ussite de la transition\u2019\u2019, indique M. Haba.<\/p>\n<p>Pour lui, \u2018\u2019le cas de Alia Camara vient confirmer la volonte\u0301 du colonel Doumbouya a\u0300 maintenir l\u2019unite\u0301 de nos forces de de\u0301fense et de se\u0301curite\u0301\u2019\u2019.<\/p>\n<p><b>Pathe\u0301 BAH<\/b><\/p>\n<p><strong>Pour plus d&rsquo;informations et d&rsquo;analyses sur la <a href=\"https:\/\/www.africa-press.net\/guinee-conakry\">Guin\u00e9e<\/a>, suivez <a href=\"https:\/\/www.africa-press.net\/\">Africa-Press<\/a><\/strong><\/p>\n","protected":false},"excerpt":{"rendered":"<p>Africa-Press &#8211; Guin\u00e9e. L\u2019ex\u2013chef des ope\u0301rations des forces spe\u0301ciales, le commandant Alya Camara, radie\u0301 des effectifs de l\u2019arme\u0301e guine\u0301enne, a refait surface aux colonel Mamadi Doumbouya dans la nuit du 31 de\u0301cembre apre\u0300s plus d\u2019un an de de\u0301tention. Un acte hautement salue\u0301 par Bogola Haba, soutien de la junte militaire. Le coordinateur du Front national [&hellip;]<\/p>\n","protected":false},"author":82,"featured_media":18106,"comment_status":"open","ping_status":"closed","sticky":false,"template":"","format":"standard","meta":{"footnotes":""},"categories":[21,2,10],"tags":[36,57,58],"class_list":["post-18107","post","type-post","status-publish","format-standard","has-post-thumbnail","hentry","category-communaute","category-politique","category-toutes-les-actualites","tag-africa-press","tag-africa-press-guinee","tag-guinee"],"yoast_head":"<!-- This site is optimized with the Yoast SEO Premium plugin v26.1 (Yoast SEO v27.0) - https:\/\/yoast.com\/product\/yoast-seo-premium-wordpress\/ -->\n<title>Bogola Haba estime que la lib\u00e9ration de Alya Camara prouve \u2018\u2019la volont\u00e9 du colonel Doumbouya \u00e0 maintenir l\u2019unit\u00e9 de nos forces de d\u00e9fense et de s\u00e9curit\u00e9\u2019\u2019 - guinee Conakry<\/title>\n<meta name=\"robots\" content=\"index, follow, max-snippet:-1, max-image-preview:large, max-video-preview:-1\" \/>\n<link rel=\"canonical\" href=\"https:\/\/www.africa-press.net\/guinee-conakry\/politique\/bogola-haba-estime-que-la-liberation-de-alya-camara-prouve-la-volonte-du-colonel-doumbouya-a-maintenir-lunite-de-nos-forces-de-defense-et-de-securite\" \/>\n<meta property=\"og:locale\" content=\"fr_FR\" \/>\n<meta property=\"og:type\" content=\"article\" \/>\n<meta property=\"og:title\" content=\"Bogola Haba estime que la lib\u00e9ration de Alya Camara prouve \u2018\u2019la volont\u00e9 du colonel Doumbouya \u00e0 maintenir l\u2019unit\u00e9 de nos forces de d\u00e9fense et de s\u00e9curit\u00e9\u2019\u2019\" \/>\n<meta property=\"og:description\" content=\"Africa-Press &#8211; Guin\u00e9e. L\u2019ex\u2013chef des ope\u0301rations des forces spe\u0301ciales, le commandant Alya Camara, radie\u0301 des effectifs de l\u2019arme\u0301e guine\u0301enne, a refait surface aux colonel Mamadi Doumbouya dans la nuit du 31 de\u0301cembre apre\u0300s plus d\u2019un an de de\u0301tention. Un acte hautement salue\u0301 par Bogola Haba, soutien de la junte militaire. Le coordinateur du Front national [&hellip;]\" \/>\n<meta property=\"og:url\" content=\"https:\/\/www.africa-press.net\/guinee-conakry\/politique\/bogola-haba-estime-que-la-liberation-de-alya-camara-prouve-la-volonte-du-colonel-doumbouya-a-maintenir-lunite-de-nos-forces-de-defense-et-de-securite\" \/>\n<meta property=\"og:site_name\" content=\"guinee Conakry\" \/>\n<meta property=\"article:published_time\" content=\"2024-01-03T06:19:00+00:00\" \/>\n<meta name=\"author\" content=\"cfeditorfr\" \/>\n<meta name=\"twitter:card\" content=\"summary_large_image\" \/>\n<meta name=\"twitter:label1\" content=\"\u00c9crit par\" \/>\n\t<meta name=\"twitter:data1\" content=\"cfeditorfr\" \/>\n\t<meta name=\"twitter:label2\" content=\"Dur\u00e9e de lecture estim\u00e9e\" \/>\n\t<meta name=\"twitter:data2\" content=\"1 minute\" \/>\n<script type=\"application\/ld+json\" class=\"yoast-schema-graph\">{\"@context\":\"https:\/\/schema.org\",\"@graph\":[{\"@type\":\"Article\",\"@id\":\"https:\/\/www.africa-press.net\/guinee-conakry\/politique\/bogola-haba-estime-que-la-liberation-de-alya-camara-prouve-la-volonte-du-colonel-doumbouya-a-maintenir-lunite-de-nos-forces-de-defense-et-de-securite#article\",\"isPartOf\":{\"@id\":\"https:\/\/www.africa-press.net\/guinee-conakry\/politique\/bogola-haba-estime-que-la-liberation-de-alya-camara-prouve-la-volonte-du-colonel-doumbouya-a-maintenir-lunite-de-nos-forces-de-defense-et-de-securite\"},\"author\":{\"name\":\"cfeditorfr\",\"@id\":\"https:\/\/www.africa-press.net\/guinee-conakry\/#\/schema\/person\/2b1cf3cd81a31e3cd26889ca66d677f1\"},\"headline\":\"Bogola Haba estime que la lib\u00e9ration de Alya Camara prouve \u2018\u2019la volont\u00e9 du colonel Doumbouya \u00e0 maintenir l\u2019unit\u00e9 de nos forces de d\u00e9fense et de s\u00e9curit\u00e9\u2019\u2019\",\"datePublished\":\"2024-01-03T06:19:00+00:00\",\"mainEntityOfPage\":{\"@id\":\"https:\/\/www.africa-press.net\/guinee-conakry\/politique\/bogola-haba-estime-que-la-liberation-de-alya-camara-prouve-la-volonte-du-colonel-doumbouya-a-maintenir-lunite-de-nos-forces-de-defense-et-de-securite\"},\"wordCount\":319,\"commentCount\":0,\"image\":{\"@id\":\"https:\/\/www.africa-press.net\/guinee-conakry\/politique\/bogola-haba-estime-que-la-liberation-de-alya-camara-prouve-la-volonte-du-colonel-doumbouya-a-maintenir-lunite-de-nos-forces-de-defense-et-de-securite#primaryimage\"},\"thumbnailUrl\":\"https:\/\/static.africa-press.net\/conakry\/sites\/63\/2024\/01\/Jokar1704250175.012766.jpg\",\"keywords\":[\"Africa Press\",\"Africa Press-Guin\u00e9e\",\"Guin\u00e9e\"],\"articleSection\":[\"Communaut\u00e9\",\"Politique\",\"Toutes les actualit\u00e9s\"],\"inLanguage\":\"fr-FR\",\"potentialAction\":[{\"@type\":\"CommentAction\",\"name\":\"Comment\",\"target\":[\"https:\/\/www.africa-press.net\/guinee-conakry\/politique\/bogola-haba-estime-que-la-liberation-de-alya-camara-prouve-la-volonte-du-colonel-doumbouya-a-maintenir-lunite-de-nos-forces-de-defense-et-de-securite#respond\"]}]},{\"@type\":\"WebPage\",\"@id\":\"https:\/\/www.africa-press.net\/guinee-conakry\/politique\/bogola-haba-estime-que-la-liberation-de-alya-camara-prouve-la-volonte-du-colonel-doumbouya-a-maintenir-lunite-de-nos-forces-de-defense-et-de-securite\",\"url\":\"https:\/\/www.africa-press.net\/guinee-conakry\/politique\/bogola-haba-estime-que-la-liberation-de-alya-camara-prouve-la-volonte-du-colonel-doumbouya-a-maintenir-lunite-de-nos-forces-de-defense-et-de-securite\",\"name\":\"Bogola Haba estime que la lib\u00e9ration de Alya Camara prouve \u2018\u2019la volont\u00e9 du colonel Doumbouya \u00e0 maintenir l\u2019unit\u00e9 de nos forces de d\u00e9fense et de s\u00e9curit\u00e9\u2019\u2019 - guinee Conakry\",\"isPartOf\":{\"@id\":\"https:\/\/www.africa-press.net\/guinee-conakry\/#website\"},\"primaryImageOfPage\":{\"@id\":\"https:\/\/www.africa-press.net\/guinee-conakry\/politique\/bogola-haba-estime-que-la-liberation-de-alya-camara-prouve-la-volonte-du-colonel-doumbouya-a-maintenir-lunite-de-nos-forces-de-defense-et-de-securite#primaryimage\"},\"image\":{\"@id\":\"https:\/\/www.africa-press.net\/guinee-conakry\/politique\/bogola-haba-estime-que-la-liberation-de-alya-camara-prouve-la-volonte-du-colonel-doumbouya-a-maintenir-lunite-de-nos-forces-de-defense-et-de-securite#primaryimage\"},\"thumbnailUrl\":\"https:\/\/static.africa-press.net\/conakry\/sites\/63\/2024\/01\/Jokar1704250175.012766.jpg\",\"datePublished\":\"2024-01-03T06:19:00+00:00\",\"author\":{\"@id\":\"https:\/\/www.africa-press.net\/guinee-conakry\/#\/schema\/person\/2b1cf3cd81a31e3cd26889ca66d677f1\"},\"breadcrumb\":{\"@id\":\"https:\/\/www.africa-press.net\/guinee-conakry\/politique\/bogola-haba-estime-que-la-liberation-de-alya-camara-prouve-la-volonte-du-colonel-doumbouya-a-maintenir-lunite-de-nos-forces-de-defense-et-de-securite#breadcrumb\"},\"inLanguage\":\"fr-FR\",\"potentialAction\":[{\"@type\":\"ReadAction\",\"target\":[\"https:\/\/www.africa-press.net\/guinee-conakry\/politique\/bogola-haba-estime-que-la-liberation-de-alya-camara-prouve-la-volonte-du-colonel-doumbouya-a-maintenir-lunite-de-nos-forces-de-defense-et-de-securite\"]}]},{\"@type\":\"ImageObject\",\"inLanguage\":\"fr-FR\",\"@id\":\"https:\/\/www.africa-press.net\/guinee-conakry\/politique\/bogola-haba-estime-que-la-liberation-de-alya-camara-prouve-la-volonte-du-colonel-doumbouya-a-maintenir-lunite-de-nos-forces-de-defense-et-de-securite#primaryimage\",\"url\":\"https:\/\/static.africa-press.net\/conakry\/sites\/63\/2024\/01\/Jokar1704250175.012766.jpg\",\"contentUrl\":\"https:\/\/static.africa-press.net\/conakry\/sites\/63\/2024\/01\/Jokar1704250175.012766.jpg\",\"width\":960,\"height\":640,\"caption\":\"Bogola Haba estime que la lib\u00e9ration de Alya Camara prouve \u2018\u2019la volont\u00e9 du colonel Doumbouya \u00e0 maintenir l\u2019unit\u00e9 de nos forces de d\u00e9fense et de s\u00e9curit\u00e9\u2019\u2019\"},{\"@type\":\"BreadcrumbList\",\"@id\":\"https:\/\/www.africa-press.net\/guinee-conakry\/politique\/bogola-haba-estime-que-la-liberation-de-alya-camara-prouve-la-volonte-du-colonel-doumbouya-a-maintenir-lunite-de-nos-forces-de-defense-et-de-securite#breadcrumb\",\"itemListElement\":[{\"@type\":\"ListItem\",\"position\":1,\"name\":\"Accueil\",\"item\":\"https:\/\/www.africa-press.net\/guinee-conakry\/\"},{\"@type\":\"ListItem\",\"position\":2,\"name\":\"Bogola Haba estime que la lib\u00e9ration de Alya Camara prouve \u2018\u2019la volont\u00e9 du colonel Doumbouya \u00e0 maintenir l\u2019unit\u00e9 de nos forces de d\u00e9fense et de s\u00e9curit\u00e9\u2019\u2019\"}]},{\"@type\":\"WebSite\",\"@id\":\"https:\/\/www.africa-press.net\/guinee-conakry\/#website\",\"url\":\"https:\/\/www.africa-press.net\/guinee-conakry\/\",\"name\":\"guinee Conakry\",\"description\":\"Just another Africa News Agency Sites site\",\"potentialAction\":[{\"@type\":\"SearchAction\",\"target\":{\"@type\":\"EntryPoint\",\"urlTemplate\":\"https:\/\/www.africa-press.net\/guinee-conakry\/?s={search_term_string}\"},\"query-input\":{\"@type\":\"PropertyValueSpecification\",\"valueRequired\":true,\"valueName\":\"search_term_string\"}}],\"inLanguage\":\"fr-FR\"},{\"@type\":\"Person\",\"@id\":\"https:\/\/www.africa-press.net\/guinee-conakry\/#\/schema\/person\/2b1cf3cd81a31e3cd26889ca66d677f1\",\"name\":\"cfeditorfr\"}]}<\/script>\n<!-- \/ Yoast SEO Premium plugin. -->","yoast_head_json":{"title":"Bogola Haba estime que la lib\u00e9ration de Alya Camara prouve \u2018\u2019la volont\u00e9 du colonel Doumbouya \u00e0 maintenir l\u2019unit\u00e9 de nos forces de d\u00e9fense et de s\u00e9curit\u00e9\u2019\u2019 - guinee Conakry","robots":{"index":"index","follow":"follow","max-snippet":"max-snippet:-1","max-image-preview":"max-image-preview:large","max-video-preview":"max-video-preview:-1"},"canonical":"https:\/\/www.africa-press.net\/guinee-conakry\/politique\/bogola-haba-estime-que-la-liberation-de-alya-camara-prouve-la-volonte-du-colonel-doumbouya-a-maintenir-lunite-de-nos-forces-de-defense-et-de-securite","og_locale":"fr_FR","og_type":"article","og_title":"Bogola Haba estime que la lib\u00e9ration de Alya Camara prouve \u2018\u2019la volont\u00e9 du colonel Doumbouya \u00e0 maintenir l\u2019unit\u00e9 de nos forces de d\u00e9fense et de s\u00e9curit\u00e9\u2019\u2019","og_description":"Africa-Press &#8211; Guin\u00e9e. L\u2019ex\u2013chef des ope\u0301rations des forces spe\u0301ciales, le commandant Alya Camara, radie\u0301 des effectifs de l\u2019arme\u0301e guine\u0301enne, a refait surface aux colonel Mamadi Doumbouya dans la nuit du 31 de\u0301cembre apre\u0300s plus d\u2019un an de de\u0301tention. Un acte hautement salue\u0301 par Bogola Haba, soutien de la junte militaire. Le coordinateur du Front national [&hellip;]","og_url":"https:\/\/www.africa-press.net\/guinee-conakry\/politique\/bogola-haba-estime-que-la-liberation-de-alya-camara-prouve-la-volonte-du-colonel-doumbouya-a-maintenir-lunite-de-nos-forces-de-defense-et-de-securite","og_site_name":"guinee Conakry","article_published_time":"2024-01-03T06:19:00+00:00","author":"cfeditorfr","twitter_card":"summary_large_image","twitter_misc":{"\u00c9crit par":"cfeditorfr","Dur\u00e9e de lecture estim\u00e9e":"1 minute"},"schema":{"@context":"https:\/\/schema.org","@graph":[{"@type":"Article","@id":"https:\/\/www.africa-press.net\/guinee-conakry\/politique\/bogola-haba-estime-que-la-liberation-de-alya-camara-prouve-la-volonte-du-colonel-doumbouya-a-maintenir-lunite-de-nos-forces-de-defense-et-de-securite#article","isPartOf":{"@id":"https:\/\/www.africa-press.net\/guinee-conakry\/politique\/bogola-haba-estime-que-la-liberation-de-alya-camara-prouve-la-volonte-du-colonel-doumbouya-a-maintenir-lunite-de-nos-forces-de-defense-et-de-securite"},"author":{"name":"cfeditorfr","@id":"https:\/\/www.africa-press.net\/guinee-conakry\/#\/schema\/person\/2b1cf3cd81a31e3cd26889ca66d677f1"},"headline":"Bogola Haba estime que la lib\u00e9ration de Alya Camara prouve \u2018\u2019la volont\u00e9 du colonel Doumbouya \u00e0 maintenir l\u2019unit\u00e9 de nos forces de d\u00e9fense et de s\u00e9curit\u00e9\u2019\u2019","datePublished":"2024-01-03T06:19:00+00:00","mainEntityOfPage":{"@id":"https:\/\/www.africa-press.net\/guinee-conakry\/politique\/bogola-haba-estime-que-la-liberation-de-alya-camara-prouve-la-volonte-du-colonel-doumbouya-a-maintenir-lunite-de-nos-forces-de-defense-et-de-securite"},"wordCount":319,"commentCount":0,"image":{"@id":"https:\/\/www.africa-press.net\/guinee-conakry\/politique\/bogola-haba-estime-que-la-liberation-de-alya-camara-prouve-la-volonte-du-colonel-doumbouya-a-maintenir-lunite-de-nos-forces-de-defense-et-de-securite#primaryimage"},"thumbnailUrl":"https:\/\/static.africa-press.net\/conakry\/sites\/63\/2024\/01\/Jokar1704250175.012766.jpg","keywords":["Africa Press","Africa Press-Guin\u00e9e","Guin\u00e9e"],"articleSection":["Communaut\u00e9","Politique","Toutes les actualit\u00e9s"],"inLanguage":"fr-FR","potentialAction":[{"@type":"CommentAction","name":"Comment","target":["https:\/\/www.africa-press.net\/guinee-conakry\/politique\/bogola-haba-estime-que-la-liberation-de-alya-camara-prouve-la-volonte-du-colonel-doumbouya-a-maintenir-lunite-de-nos-forces-de-defense-et-de-securite#respond"]}]},{"@type":"WebPage","@id":"https:\/\/www.africa-press.net\/guinee-conakry\/politique\/bogola-haba-estime-que-la-liberation-de-alya-camara-prouve-la-volonte-du-colonel-doumbouya-a-maintenir-lunite-de-nos-forces-de-defense-et-de-securite","url":"https:\/\/www.africa-press.net\/guinee-conakry\/politique\/bogola-haba-estime-que-la-liberation-de-alya-camara-prouve-la-volonte-du-colonel-doumbouya-a-maintenir-lunite-de-nos-forces-de-defense-et-de-securite","name":"Bogola Haba estime que la lib\u00e9ration de Alya Camara prouve \u2018\u2019la volont\u00e9 du colonel Doumbouya \u00e0 maintenir l\u2019unit\u00e9 de nos forces de d\u00e9fense et de s\u00e9curit\u00e9\u2019\u2019 - guinee Conakry","isPartOf":{"@id":"https:\/\/www.africa-press.net\/guinee-conakry\/#website"},"primaryImageOfPage":{"@id":"https:\/\/www.africa-press.net\/guinee-conakry\/politique\/bogola-haba-estime-que-la-liberation-de-alya-camara-prouve-la-volonte-du-colonel-doumbouya-a-maintenir-lunite-de-nos-forces-de-defense-et-de-securite#primaryimage"},"image":{"@id":"https:\/\/www.africa-press.net\/guinee-conakry\/politique\/bogola-haba-estime-que-la-liberation-de-alya-camara-prouve-la-volonte-du-colonel-doumbouya-a-maintenir-lunite-de-nos-forces-de-defense-et-de-securite#primaryimage"},"thumbnailUrl":"https:\/\/static.africa-press.net\/conakry\/sites\/63\/2024\/01\/Jokar1704250175.012766.jpg","datePublished":"2024-01-03T06:19:00+00:00","author":{"@id":"https:\/\/www.africa-press.net\/guinee-conakry\/#\/schema\/person\/2b1cf3cd81a31e3cd26889ca66d677f1"},"breadcrumb":{"@id":"https:\/\/www.africa-press.net\/guinee-conakry\/politique\/bogola-haba-estime-que-la-liberation-de-alya-camara-prouve-la-volonte-du-colonel-doumbouya-a-maintenir-lunite-de-nos-forces-de-defense-et-de-securite#breadcrumb"},"inLanguage":"fr-FR","potentialAction":[{"@type":"ReadAction","target":["https:\/\/www.africa-press.net\/guinee-conakry\/politique\/bogola-haba-estime-que-la-liberation-de-alya-camara-prouve-la-volonte-du-colonel-doumbouya-a-maintenir-lunite-de-nos-forces-de-defense-et-de-securite"]}]},{"@type":"ImageObject","inLanguage":"fr-FR","@id":"https:\/\/www.africa-press.net\/guinee-conakry\/politique\/bogola-haba-estime-que-la-liberation-de-alya-camara-prouve-la-volonte-du-colonel-doumbouya-a-maintenir-lunite-de-nos-forces-de-defense-et-de-securite#primaryimage","url":"https:\/\/static.africa-press.net\/conakry\/sites\/63\/2024\/01\/Jokar1704250175.012766.jpg","contentUrl":"https:\/\/static.africa-press.net\/conakry\/sites\/63\/2024\/01\/Jokar1704250175.012766.jpg","width":960,"height":640,"caption":"Bogola Haba estime que la lib\u00e9ration de Alya Camara prouve \u2018\u2019la volont\u00e9 du colonel Doumbouya \u00e0 maintenir l\u2019unit\u00e9 de nos forces de d\u00e9fense et de s\u00e9curit\u00e9\u2019\u2019"},{"@type":"BreadcrumbList","@id":"https:\/\/www.africa-press.net\/guinee-conakry\/politique\/bogola-haba-estime-que-la-liberation-de-alya-camara-prouve-la-volonte-du-colonel-doumbouya-a-maintenir-lunite-de-nos-forces-de-defense-et-de-securite#breadcrumb","itemListElement":[{"@type":"ListItem","position":1,"name":"Accueil","item":"https:\/\/www.africa-press.net\/guinee-conakry\/"},{"@type":"ListItem","position":2,"name":"Bogola Haba estime que la lib\u00e9ration de Alya Camara prouve \u2018\u2019la volont\u00e9 du colonel Doumbouya \u00e0 maintenir l\u2019unit\u00e9 de nos forces de d\u00e9fense et de s\u00e9curit\u00e9\u2019\u2019"}]},{"@type":"WebSite","@id":"https:\/\/www.africa-press.net\/guinee-conakry\/#website","url":"https:\/\/www.africa-press.net\/guinee-conakry\/","name":"guinee Conakry","description":"Just another Africa News Agency Sites site","potentialAction":[{"@type":"SearchAction","target":{"@type":"EntryPoint","urlTemplate":"https:\/\/www.africa-press.net\/guinee-conakry\/?s={search_term_string}"},"query-input":{"@type":"PropertyValueSpecification","valueRequired":true,"valueName":"search_term_string"}}],"inLanguage":"fr-FR"},{"@type":"Person","@id":"https:\/\/www.africa-press.net\/guinee-conakry\/#\/schema\/person\/2b1cf3cd81a31e3cd26889ca66d677f1","name":"cfeditorfr"}]}},"_links":{"self":[{"href":"https:\/\/www.africa-press.net\/guinee-conakry\/wp-json\/wp\/v2\/posts\/18107","targetHints":{"allow":["GET"]}}],"collection":[{"href":"https:\/\/www.africa-press.net\/guinee-conakry\/wp-json\/wp\/v2\/posts"}],"about":[{"href":"https:\/\/www.africa-press.net\/guinee-conakry\/wp-json\/wp\/v2\/types\/post"}],"author":[{"embeddable":true,"href":"https:\/\/www.africa-press.net\/guinee-conakry\/wp-json\/wp\/v2\/users\/82"}],"replies":[{"embeddable":true,"href":"https:\/\/www.africa-press.net\/guinee-conakry\/wp-json\/wp\/v2\/comments?post=18107"}],"version-history":[{"count":0,"href":"https:\/\/www.africa-press.net\/guinee-conakry\/wp-json\/wp\/v2\/posts\/18107\/revisions"}],"wp:featuredmedia":[{"embeddable":true,"href":"https:\/\/www.africa-press.net\/guinee-conakry\/wp-json\/wp\/v2\/media\/18106"}],"wp:attachment":[{"href":"https:\/\/www.africa-press.net\/guinee-conakry\/wp-json\/wp\/v2\/media?parent=18107"}],"wp:term":[{"taxonomy":"category","embeddable":true,"href":"https:\/\/www.africa-press.net\/guinee-conakry\/wp-json\/wp\/v2\/categories?post=18107"},{"taxonomy":"post_tag","embeddable":true,"href":"https:\/\/www.africa-press.net\/guinee-conakry\/wp-json\/wp\/v2\/tags?post=18107"}],"curies":[{"name":"wp","href":"https:\/\/api.w.org\/{rel}","templated":true}]}}