{"id":18109,"date":"2024-01-03T06:20:00","date_gmt":"2024-01-03T06:20:00","guid":{"rendered":"https:\/\/www.africa-press.net\/guinee-conakry\/politique\/quand-dalein-parle-du-mouvement-quittons-le-pays"},"modified":"2024-01-03T06:20:00","modified_gmt":"2024-01-03T06:20:00","slug":"quand-dalein-parle-du-mouvement-quittons-le-pays","status":"publish","type":"post","link":"https:\/\/www.africa-press.net\/guinee-conakry\/economie\/quand-dalein-parle-du-mouvement-quittons-le-pays","title":{"rendered":"Quand Dalein parle du mouvement \u00ab\u00a0Quittons le pays\u00a0!\u00a0\u00bb"},"content":{"rendered":"<p><span style=\"color: #ff6600\"><strong>Africa-Press &#8211; Guin\u00e9e. <\/strong><\/span><b>Dans son discours de nouvel an, l\u2019ancien Premier ministre Cellou Dalein Diallo a e\u0301voque\u0301 les raisons qui poussent bon nombre de jeunes a\u0300 quitter la Guine\u0301e pour aller a\u0300 la recherche de l\u2019eldorado.<\/b><\/p>\n<p>Le pre\u0301sident de l\u2019UFDG fait remarquer que \u2018\u2019l\u2019anne\u0301e 2023 a e\u0301te\u0301 aussi marque\u0301e par un de\u0301part massif de notre jeunesse pour l\u2019e\u0301tranger, notamment a\u0300 destination de l\u2019Europe via le Maghreb et la Me\u0301diterrane\u0301e, et de l\u2019Ame\u0301rique du Nord via le Nicaragua et le Mexique\u2019\u2019.<\/p>\n<p>Selon Dalein, ces jeunes, e\u0301crase\u0301s par \u2018\u2019le cho\u0302mage, la pre\u0301carite\u0301 des conditions de vie et les restrictions des liberte\u0301s, n\u2019ont pas he\u0301site\u0301 a\u0300 traduire en musique l\u2019envie pressante de partir\u2019\u2019.<\/p>\n<p>\u2018\u2019\u00ab Quittons le pays ! \u00bb, ce slogan chante\u0301 en ch\u0153ur par les jeunes guine\u0301ens, est l\u2019e\u0301cho de cette volonte\u0301 de fuir l\u2019inhospitalite\u0301 politique, le cho\u0302mage ende\u0301mique et la pauvrete\u0301, fle\u0301aux aggrave\u0301s par l\u2019incapacite\u0301 des pouvoirs publics a\u0300 prendre en charge les questions vitales de l\u2019e\u0301ducation, du de\u0301veloppement rural et de l\u2019industrialisation de notre pays\u2019\u2019, souligne l\u2019ancien Premier ministre.<\/p>\n<p>De l\u2019avis du leader de l\u2019UFDG, \u2018\u2019pour une grande partie de la jeunesse guine\u0301enne, la Guine\u0301e se de\u0301finit comme une absence d\u2019opportunite\u0301s, une socie\u0301te\u0301 de gale\u0300re, ou\u0300 la vie ne peut avoir de sens qu\u2019au prix d\u2019insertions dans les re\u0301seaux de privile\u0300ge, de corruption, de trafic d\u2019influence et de banditisme\u2019\u2019.<\/p>\n<p>Il demeure convaincu qu\u2019une \u2018\u2019Guine\u0301e ou\u0300 prospe\u0300rent la de\u0301linquance et l\u2019injustice n\u2019est pas celle que nous voulons le\u0301guer a\u0300 nos enfants. La Guine\u0301e que nous voulons pour 2024 et les anne\u0301es a\u0300 venir est celle qui offre a\u0300 sa jeunesse une solide formation, des emplois de\u0301cents et de bonnes perspectives d\u2019e\u0301panouissement\u2019\u2019.<\/p>\n<p>Dalein ambitionne de ba\u0302tir une Guine\u0301e re\u0301concilie\u0301e avec sa jeunesse, fie\u0300re de son histoire, confiante en son avenir et a\u0300 me\u0302me de garantir l\u2019e\u0301galite\u0301 des droits et des chances entre tous les fils du pays.<\/p>\n<p>\u2018\u2019Une Guine\u0301e capable de fe\u0301de\u0301rer les e\u0301nergies, les compe\u0301tences, les connaissances pour constituer une puissance publique viable et repre\u0301sentative de tous. Cette Guine\u0301e ne pourra e\u0302tre l\u2019\u0153uvre d\u2019un seul homme ou d\u2019un groupe particulier et ne pourra se construire dans la haine, l\u2019exclusion et la violence\u2019\u2019, assure-t-il.<\/p>\n<p>Il estime que \u2018\u2019c\u2019est par le sens retrouve\u0301 du dialogue, du compromis et de l\u2019intelligence de nos inte\u0301re\u0302ts communs que nous pouvons faire de notre pays un lieu d\u2019espe\u0301rance ou\u0300 la vie vaut la peine d\u2019e\u0302tre ve\u0301cue pour tous. Le dialogue avec les forces repre\u0301sentatives de notre socie\u0301te\u0301 est consubstantiel au succe\u0300s de la transition et de ce fait, exige des de\u0301tenteurs du pouvoir actuel, courage et de\u0301passement de soi pour le salut de la nation\u2019\u2019.<\/p>\n<p><b>Pathe\u0301 BAH<\/b><\/p>\n<p><strong>Pour plus d&rsquo;informations et d&rsquo;analyses sur la <a href=\"https:\/\/www.africa-press.net\/guinee-conakry\">Guin\u00e9e<\/a>, suivez <a href=\"https:\/\/www.africa-press.net\/\">Africa-Press<\/a><\/strong><\/p>\n","protected":false},"excerpt":{"rendered":"<p>Africa-Press &#8211; Guin\u00e9e. Dans son discours de nouvel an, l\u2019ancien Premier ministre Cellou Dalein Diallo a e\u0301voque\u0301 les raisons qui poussent bon nombre de jeunes a\u0300 quitter la Guine\u0301e pour aller a\u0300 la recherche de l\u2019eldorado. Le pre\u0301sident de l\u2019UFDG fait remarquer que \u2018\u2019l\u2019anne\u0301e 2023 a e\u0301te\u0301 aussi marque\u0301e par un de\u0301part massif de notre [&hellip;]<\/p>\n","protected":false},"author":82,"featured_media":18108,"comment_status":"open","ping_status":"closed","sticky":false,"template":"","format":"standard","meta":{"footnotes":""},"categories":[3,10],"tags":[36,57,58],"class_list":["post-18109","post","type-post","status-publish","format-standard","has-post-thumbnail","hentry","category-economie","category-toutes-les-actualites","tag-africa-press","tag-africa-press-guinee","tag-guinee"],"yoast_head":"<!-- This site is optimized with the Yoast SEO Premium plugin v26.1 (Yoast SEO v27.0) - https:\/\/yoast.com\/product\/yoast-seo-premium-wordpress\/ -->\n<title>Quand Dalein parle du mouvement \u00ab\u00a0Quittons le pays\u00a0!\u00a0\u00bb - guinee Conakry<\/title>\n<meta name=\"robots\" content=\"index, follow, max-snippet:-1, max-image-preview:large, max-video-preview:-1\" \/>\n<link rel=\"canonical\" href=\"https:\/\/www.africa-press.net\/guinee-conakry\/politique\/quand-dalein-parle-du-mouvement-quittons-le-pays\" \/>\n<meta property=\"og:locale\" content=\"fr_FR\" \/>\n<meta property=\"og:type\" content=\"article\" \/>\n<meta property=\"og:title\" content=\"Quand Dalein parle du mouvement \u00ab\u00a0Quittons le pays\u00a0!\u00a0\u00bb\" \/>\n<meta property=\"og:description\" content=\"Africa-Press &#8211; Guin\u00e9e. Dans son discours de nouvel an, l\u2019ancien Premier ministre Cellou Dalein Diallo a e\u0301voque\u0301 les raisons qui poussent bon nombre de jeunes a\u0300 quitter la Guine\u0301e pour aller a\u0300 la recherche de l\u2019eldorado. Le pre\u0301sident de l\u2019UFDG fait remarquer que \u2018\u2019l\u2019anne\u0301e 2023 a e\u0301te\u0301 aussi marque\u0301e par un de\u0301part massif de notre [&hellip;]\" \/>\n<meta property=\"og:url\" content=\"https:\/\/www.africa-press.net\/guinee-conakry\/politique\/quand-dalein-parle-du-mouvement-quittons-le-pays\" \/>\n<meta property=\"og:site_name\" content=\"guinee Conakry\" \/>\n<meta property=\"article:published_time\" content=\"2024-01-03T06:20:00+00:00\" \/>\n<meta name=\"author\" content=\"cfeditorfr\" \/>\n<meta name=\"twitter:card\" content=\"summary_large_image\" \/>\n<meta name=\"twitter:label1\" content=\"\u00c9crit par\" \/>\n\t<meta name=\"twitter:data1\" content=\"cfeditorfr\" \/>\n\t<meta name=\"twitter:label2\" content=\"Dur\u00e9e de lecture estim\u00e9e\" \/>\n\t<meta name=\"twitter:data2\" content=\"3 minutes\" \/>\n<script type=\"application\/ld+json\" class=\"yoast-schema-graph\">{\"@context\":\"https:\/\/schema.org\",\"@graph\":[{\"@type\":\"Article\",\"@id\":\"https:\/\/www.africa-press.net\/guinee-conakry\/politique\/quand-dalein-parle-du-mouvement-quittons-le-pays#article\",\"isPartOf\":{\"@id\":\"https:\/\/www.africa-press.net\/guinee-conakry\/politique\/quand-dalein-parle-du-mouvement-quittons-le-pays\"},\"author\":{\"name\":\"cfeditorfr\",\"@id\":\"https:\/\/www.africa-press.net\/guinee-conakry\/#\/schema\/person\/2b1cf3cd81a31e3cd26889ca66d677f1\"},\"headline\":\"Quand Dalein parle du mouvement \u00ab\u00a0Quittons le pays\u00a0!\u00a0\u00bb\",\"datePublished\":\"2024-01-03T06:20:00+00:00\",\"mainEntityOfPage\":{\"@id\":\"https:\/\/www.africa-press.net\/guinee-conakry\/politique\/quand-dalein-parle-du-mouvement-quittons-le-pays\"},\"wordCount\":548,\"commentCount\":0,\"image\":{\"@id\":\"https:\/\/www.africa-press.net\/guinee-conakry\/politique\/quand-dalein-parle-du-mouvement-quittons-le-pays#primaryimage\"},\"thumbnailUrl\":\"https:\/\/static.africa-press.net\/conakry\/sites\/63\/2024\/01\/Jokar1704250237.222333.jpg\",\"keywords\":[\"Africa Press\",\"Africa Press-Guin\u00e9e\",\"Guin\u00e9e\"],\"articleSection\":[\"\u00c9conomie\",\"Toutes les actualit\u00e9s\"],\"inLanguage\":\"fr-FR\",\"potentialAction\":[{\"@type\":\"CommentAction\",\"name\":\"Comment\",\"target\":[\"https:\/\/www.africa-press.net\/guinee-conakry\/politique\/quand-dalein-parle-du-mouvement-quittons-le-pays#respond\"]}]},{\"@type\":\"WebPage\",\"@id\":\"https:\/\/www.africa-press.net\/guinee-conakry\/politique\/quand-dalein-parle-du-mouvement-quittons-le-pays\",\"url\":\"https:\/\/www.africa-press.net\/guinee-conakry\/politique\/quand-dalein-parle-du-mouvement-quittons-le-pays\",\"name\":\"Quand Dalein parle du mouvement \u00ab\u00a0Quittons le pays\u00a0!\u00a0\u00bb - guinee Conakry\",\"isPartOf\":{\"@id\":\"https:\/\/www.africa-press.net\/guinee-conakry\/#website\"},\"primaryImageOfPage\":{\"@id\":\"https:\/\/www.africa-press.net\/guinee-conakry\/politique\/quand-dalein-parle-du-mouvement-quittons-le-pays#primaryimage\"},\"image\":{\"@id\":\"https:\/\/www.africa-press.net\/guinee-conakry\/politique\/quand-dalein-parle-du-mouvement-quittons-le-pays#primaryimage\"},\"thumbnailUrl\":\"https:\/\/static.africa-press.net\/conakry\/sites\/63\/2024\/01\/Jokar1704250237.222333.jpg\",\"datePublished\":\"2024-01-03T06:20:00+00:00\",\"author\":{\"@id\":\"https:\/\/www.africa-press.net\/guinee-conakry\/#\/schema\/person\/2b1cf3cd81a31e3cd26889ca66d677f1\"},\"breadcrumb\":{\"@id\":\"https:\/\/www.africa-press.net\/guinee-conakry\/politique\/quand-dalein-parle-du-mouvement-quittons-le-pays#breadcrumb\"},\"inLanguage\":\"fr-FR\",\"potentialAction\":[{\"@type\":\"ReadAction\",\"target\":[\"https:\/\/www.africa-press.net\/guinee-conakry\/politique\/quand-dalein-parle-du-mouvement-quittons-le-pays\"]}]},{\"@type\":\"ImageObject\",\"inLanguage\":\"fr-FR\",\"@id\":\"https:\/\/www.africa-press.net\/guinee-conakry\/politique\/quand-dalein-parle-du-mouvement-quittons-le-pays#primaryimage\",\"url\":\"https:\/\/static.africa-press.net\/conakry\/sites\/63\/2024\/01\/Jokar1704250237.222333.jpg\",\"contentUrl\":\"https:\/\/static.africa-press.net\/conakry\/sites\/63\/2024\/01\/Jokar1704250237.222333.jpg\",\"width\":1024,\"height\":578,\"caption\":\"Quand Dalein parle du mouvement \u00ab\u00a0Quittons le pays\u00a0!\u00a0\u00bb\"},{\"@type\":\"BreadcrumbList\",\"@id\":\"https:\/\/www.africa-press.net\/guinee-conakry\/politique\/quand-dalein-parle-du-mouvement-quittons-le-pays#breadcrumb\",\"itemListElement\":[{\"@type\":\"ListItem\",\"position\":1,\"name\":\"Accueil\",\"item\":\"https:\/\/www.africa-press.net\/guinee-conakry\/\"},{\"@type\":\"ListItem\",\"position\":2,\"name\":\"Quand Dalein parle du mouvement \u00ab\u00a0Quittons le pays\u00a0!\u00a0\u00bb\"}]},{\"@type\":\"WebSite\",\"@id\":\"https:\/\/www.africa-press.net\/guinee-conakry\/#website\",\"url\":\"https:\/\/www.africa-press.net\/guinee-conakry\/\",\"name\":\"guinee Conakry\",\"description\":\"Just another Africa News Agency Sites site\",\"potentialAction\":[{\"@type\":\"SearchAction\",\"target\":{\"@type\":\"EntryPoint\",\"urlTemplate\":\"https:\/\/www.africa-press.net\/guinee-conakry\/?s={search_term_string}\"},\"query-input\":{\"@type\":\"PropertyValueSpecification\",\"valueRequired\":true,\"valueName\":\"search_term_string\"}}],\"inLanguage\":\"fr-FR\"},{\"@type\":\"Person\",\"@id\":\"https:\/\/www.africa-press.net\/guinee-conakry\/#\/schema\/person\/2b1cf3cd81a31e3cd26889ca66d677f1\",\"name\":\"cfeditorfr\"}]}<\/script>\n<!-- \/ Yoast SEO Premium plugin. -->","yoast_head_json":{"title":"Quand Dalein parle du mouvement \u00ab\u00a0Quittons le pays\u00a0!\u00a0\u00bb - guinee Conakry","robots":{"index":"index","follow":"follow","max-snippet":"max-snippet:-1","max-image-preview":"max-image-preview:large","max-video-preview":"max-video-preview:-1"},"canonical":"https:\/\/www.africa-press.net\/guinee-conakry\/politique\/quand-dalein-parle-du-mouvement-quittons-le-pays","og_locale":"fr_FR","og_type":"article","og_title":"Quand Dalein parle du mouvement \u00ab\u00a0Quittons le pays\u00a0!\u00a0\u00bb","og_description":"Africa-Press &#8211; Guin\u00e9e. Dans son discours de nouvel an, l\u2019ancien Premier ministre Cellou Dalein Diallo a e\u0301voque\u0301 les raisons qui poussent bon nombre de jeunes a\u0300 quitter la Guine\u0301e pour aller a\u0300 la recherche de l\u2019eldorado. Le pre\u0301sident de l\u2019UFDG fait remarquer que \u2018\u2019l\u2019anne\u0301e 2023 a e\u0301te\u0301 aussi marque\u0301e par un de\u0301part massif de notre [&hellip;]","og_url":"https:\/\/www.africa-press.net\/guinee-conakry\/politique\/quand-dalein-parle-du-mouvement-quittons-le-pays","og_site_name":"guinee Conakry","article_published_time":"2024-01-03T06:20:00+00:00","author":"cfeditorfr","twitter_card":"summary_large_image","twitter_misc":{"\u00c9crit par":"cfeditorfr","Dur\u00e9e de lecture estim\u00e9e":"3 minutes"},"schema":{"@context":"https:\/\/schema.org","@graph":[{"@type":"Article","@id":"https:\/\/www.africa-press.net\/guinee-conakry\/politique\/quand-dalein-parle-du-mouvement-quittons-le-pays#article","isPartOf":{"@id":"https:\/\/www.africa-press.net\/guinee-conakry\/politique\/quand-dalein-parle-du-mouvement-quittons-le-pays"},"author":{"name":"cfeditorfr","@id":"https:\/\/www.africa-press.net\/guinee-conakry\/#\/schema\/person\/2b1cf3cd81a31e3cd26889ca66d677f1"},"headline":"Quand Dalein parle du mouvement \u00ab\u00a0Quittons le pays\u00a0!\u00a0\u00bb","datePublished":"2024-01-03T06:20:00+00:00","mainEntityOfPage":{"@id":"https:\/\/www.africa-press.net\/guinee-conakry\/politique\/quand-dalein-parle-du-mouvement-quittons-le-pays"},"wordCount":548,"commentCount":0,"image":{"@id":"https:\/\/www.africa-press.net\/guinee-conakry\/politique\/quand-dalein-parle-du-mouvement-quittons-le-pays#primaryimage"},"thumbnailUrl":"https:\/\/static.africa-press.net\/conakry\/sites\/63\/2024\/01\/Jokar1704250237.222333.jpg","keywords":["Africa Press","Africa Press-Guin\u00e9e","Guin\u00e9e"],"articleSection":["\u00c9conomie","Toutes les actualit\u00e9s"],"inLanguage":"fr-FR","potentialAction":[{"@type":"CommentAction","name":"Comment","target":["https:\/\/www.africa-press.net\/guinee-conakry\/politique\/quand-dalein-parle-du-mouvement-quittons-le-pays#respond"]}]},{"@type":"WebPage","@id":"https:\/\/www.africa-press.net\/guinee-conakry\/politique\/quand-dalein-parle-du-mouvement-quittons-le-pays","url":"https:\/\/www.africa-press.net\/guinee-conakry\/politique\/quand-dalein-parle-du-mouvement-quittons-le-pays","name":"Quand Dalein parle du mouvement \u00ab\u00a0Quittons le pays\u00a0!\u00a0\u00bb - guinee Conakry","isPartOf":{"@id":"https:\/\/www.africa-press.net\/guinee-conakry\/#website"},"primaryImageOfPage":{"@id":"https:\/\/www.africa-press.net\/guinee-conakry\/politique\/quand-dalein-parle-du-mouvement-quittons-le-pays#primaryimage"},"image":{"@id":"https:\/\/www.africa-press.net\/guinee-conakry\/politique\/quand-dalein-parle-du-mouvement-quittons-le-pays#primaryimage"},"thumbnailUrl":"https:\/\/static.africa-press.net\/conakry\/sites\/63\/2024\/01\/Jokar1704250237.222333.jpg","datePublished":"2024-01-03T06:20:00+00:00","author":{"@id":"https:\/\/www.africa-press.net\/guinee-conakry\/#\/schema\/person\/2b1cf3cd81a31e3cd26889ca66d677f1"},"breadcrumb":{"@id":"https:\/\/www.africa-press.net\/guinee-conakry\/politique\/quand-dalein-parle-du-mouvement-quittons-le-pays#breadcrumb"},"inLanguage":"fr-FR","potentialAction":[{"@type":"ReadAction","target":["https:\/\/www.africa-press.net\/guinee-conakry\/politique\/quand-dalein-parle-du-mouvement-quittons-le-pays"]}]},{"@type":"ImageObject","inLanguage":"fr-FR","@id":"https:\/\/www.africa-press.net\/guinee-conakry\/politique\/quand-dalein-parle-du-mouvement-quittons-le-pays#primaryimage","url":"https:\/\/static.africa-press.net\/conakry\/sites\/63\/2024\/01\/Jokar1704250237.222333.jpg","contentUrl":"https:\/\/static.africa-press.net\/conakry\/sites\/63\/2024\/01\/Jokar1704250237.222333.jpg","width":1024,"height":578,"caption":"Quand Dalein parle du mouvement \u00ab\u00a0Quittons le pays\u00a0!\u00a0\u00bb"},{"@type":"BreadcrumbList","@id":"https:\/\/www.africa-press.net\/guinee-conakry\/politique\/quand-dalein-parle-du-mouvement-quittons-le-pays#breadcrumb","itemListElement":[{"@type":"ListItem","position":1,"name":"Accueil","item":"https:\/\/www.africa-press.net\/guinee-conakry\/"},{"@type":"ListItem","position":2,"name":"Quand Dalein parle du mouvement \u00ab\u00a0Quittons le pays\u00a0!\u00a0\u00bb"}]},{"@type":"WebSite","@id":"https:\/\/www.africa-press.net\/guinee-conakry\/#website","url":"https:\/\/www.africa-press.net\/guinee-conakry\/","name":"guinee Conakry","description":"Just another Africa News Agency Sites site","potentialAction":[{"@type":"SearchAction","target":{"@type":"EntryPoint","urlTemplate":"https:\/\/www.africa-press.net\/guinee-conakry\/?s={search_term_string}"},"query-input":{"@type":"PropertyValueSpecification","valueRequired":true,"valueName":"search_term_string"}}],"inLanguage":"fr-FR"},{"@type":"Person","@id":"https:\/\/www.africa-press.net\/guinee-conakry\/#\/schema\/person\/2b1cf3cd81a31e3cd26889ca66d677f1","name":"cfeditorfr"}]}},"_links":{"self":[{"href":"https:\/\/www.africa-press.net\/guinee-conakry\/wp-json\/wp\/v2\/posts\/18109","targetHints":{"allow":["GET"]}}],"collection":[{"href":"https:\/\/www.africa-press.net\/guinee-conakry\/wp-json\/wp\/v2\/posts"}],"about":[{"href":"https:\/\/www.africa-press.net\/guinee-conakry\/wp-json\/wp\/v2\/types\/post"}],"author":[{"embeddable":true,"href":"https:\/\/www.africa-press.net\/guinee-conakry\/wp-json\/wp\/v2\/users\/82"}],"replies":[{"embeddable":true,"href":"https:\/\/www.africa-press.net\/guinee-conakry\/wp-json\/wp\/v2\/comments?post=18109"}],"version-history":[{"count":0,"href":"https:\/\/www.africa-press.net\/guinee-conakry\/wp-json\/wp\/v2\/posts\/18109\/revisions"}],"wp:featuredmedia":[{"embeddable":true,"href":"https:\/\/www.africa-press.net\/guinee-conakry\/wp-json\/wp\/v2\/media\/18108"}],"wp:attachment":[{"href":"https:\/\/www.africa-press.net\/guinee-conakry\/wp-json\/wp\/v2\/media?parent=18109"}],"wp:term":[{"taxonomy":"category","embeddable":true,"href":"https:\/\/www.africa-press.net\/guinee-conakry\/wp-json\/wp\/v2\/categories?post=18109"},{"taxonomy":"post_tag","embeddable":true,"href":"https:\/\/www.africa-press.net\/guinee-conakry\/wp-json\/wp\/v2\/tags?post=18109"}],"curies":[{"name":"wp","href":"https:\/\/api.w.org\/{rel}","templated":true}]}}