{"id":18115,"date":"2024-01-03T06:26:00","date_gmt":"2024-01-03T06:26:00","guid":{"rendered":"https:\/\/www.africa-press.net\/guinee-conakry\/politique\/dalein-le-retour-a-lordre-constitutionnel-ne-semble-plus-etre-la-priorite-de-la-junte"},"modified":"2024-01-03T06:26:00","modified_gmt":"2024-01-03T06:26:00","slug":"dalein-le-retour-a-lordre-constitutionnel-ne-semble-plus-etre-la-priorite-de-la-junte","status":"publish","type":"post","link":"https:\/\/www.africa-press.net\/guinee-conakry\/politique\/dalein-le-retour-a-lordre-constitutionnel-ne-semble-plus-etre-la-priorite-de-la-junte","title":{"rendered":"Dalein\u00a0: \u2018\u2019le retour \u00e0 l\u2019ordre constitutionnel ne semble plus \u00eatre la priorit\u00e9 de la junte\u2019\u2019"},"content":{"rendered":"<p><span style=\"color: #ff6600\"><strong>Africa-Press &#8211; Guin\u00e9e. <\/strong><\/span><b>Cellou Dalein Diallo e\u0301met des doutes sur la volonte\u0301 de la junte de rendre le pouvoir aux civils a\u0300 l\u2019issue d\u2019e\u0301lections libres et transparentes. L\u2019ancien Premier ministre estime que le retour a\u0300 l\u2019ordre constitution est loin d\u2019e\u0302tre la priorite\u0301 du Comite\u0301 national du rassemblement pour le de\u0301veloppement (CNRD). <\/b><\/p>\n<p>Selon le constat du pre\u0301sident de l\u2019UFDG, a\u0300 12 mois de la fin pre\u0301vue de la transition, selon l\u2019accord dynamique signe\u0301 entre la Guine\u0301e et la CEDEAO, \u2018\u2019aucune e\u0301tape du chronogramme impose\u0301 par la junte n\u2019a encore e\u0301te\u0301 re\u0301alise\u0301e\u2019\u2019.<\/p>\n<p>L\u2019ancien Premier ministre estime que \u2018\u2019la transition a pris la forme d\u2019un re\u0301gime normal et le\u0301gitime, et le retour a\u0300 l\u2019ordre constitutionnel ne semble plus e\u0302tre la priorite\u0301 de la junte\u2019\u2019.<\/p>\n<p>Il assure que les guine\u0301ens ont \u2018\u2019besoin de sortir de ce re\u0301gime d\u2019exception pour affronter ensemble les nombreux de\u0301fis auxquels notre pays est confronte\u0301\u2019\u2019. En lieu et place d\u2019actes en faveur pour le retour a\u0300 l\u2019ordre constitution, Dalein affirme que la junte, \u2018\u2019sous le double pre\u0301texte de refonder l\u2019E\u0301tat et de combler le de\u0301ficit d\u2019infrastructures du pays, se lance pluto\u0302t dans d\u2019autres activite\u0301s pour justifier et le\u0301gitimer le prolongement de la transition\u2018\u2019.<\/p>\n<p>Il rappelle aux guine\u0301ens que \u2018\u2019l\u2019histoire de la Guine\u0301e n\u2019a pas commence\u0301 le 5 septembre 2021. Il nous faut donc rompre avec le fe\u0301tichisme du renouveau et les mysticismes de la refondation de l\u2019E\u0301tat ainsi que l\u2019ide\u0301ologie d\u2019un panafricanisme opportuniste et douteux\u2019\u2019.<\/p>\n<p>L\u2019ancien Premier ministre invite ses compatriotes a\u0300 ne pas se laisser distraire par de faux de\u0301bats. \u2018\u2019Une de\u0301mocratie a\u0300 l\u2019africaine n\u2019est pas celle qui exproprie et spolie, arbitrairement, re\u0301prime et confisque le pouvoir, au seul profit de ceux qui l\u2019exercent. La spe\u0301cificite\u0301 africaine de la de\u0301mocratie ne peut justifier la violation des droits humains et des liberte\u0301s fondamentales\u2019\u2019, de\u0301clare-t-il en guise de re\u0301ponse aux propos du colonel Mamadi Doumbouya, fustigeant le mode\u0300le occidental de de\u0301mocratie, a\u0300 la tribune des Nations Unies.<\/p>\n<p>En re\u0301alite\u0301, clarifie-t-il, \u2018\u2019ce n\u2019est pas la de\u0301mocratie ou le mode\u0300le de\u0301mocratique qui est le proble\u0300me en Afrique mais pluto\u0302t la non application ou la mauvaise application des re\u0300gles et principes de la de\u0301mocratie\u2019\u2019.<\/p>\n<p><b>Pathe\u0301 BAH<\/b><\/p>\n<p><strong>Pour plus d&rsquo;informations et d&rsquo;analyses sur la <a href=\"https:\/\/www.africa-press.net\/guinee-conakry\">Guin\u00e9e<\/a>, suivez <a href=\"https:\/\/www.africa-press.net\/\">Africa-Press<\/a><\/strong><\/p>\n","protected":false},"excerpt":{"rendered":"<p>Africa-Press &#8211; Guin\u00e9e. Cellou Dalein Diallo e\u0301met des doutes sur la volonte\u0301 de la junte de rendre le pouvoir aux civils a\u0300 l\u2019issue d\u2019e\u0301lections libres et transparentes. L\u2019ancien Premier ministre estime que le retour a\u0300 l\u2019ordre constitution est loin d\u2019e\u0302tre la priorite\u0301 du Comite\u0301 national du rassemblement pour le de\u0301veloppement (CNRD). Selon le constat du [&hellip;]<\/p>\n","protected":false},"author":82,"featured_media":18114,"comment_status":"open","ping_status":"closed","sticky":false,"template":"","format":"standard","meta":{"footnotes":""},"categories":[2,10],"tags":[36,57,58],"class_list":["post-18115","post","type-post","status-publish","format-standard","has-post-thumbnail","hentry","category-politique","category-toutes-les-actualites","tag-africa-press","tag-africa-press-guinee","tag-guinee"],"yoast_head":"<!-- This site is optimized with the Yoast SEO Premium plugin v26.1 (Yoast SEO v27.0) - https:\/\/yoast.com\/product\/yoast-seo-premium-wordpress\/ -->\n<title>Dalein\u00a0: \u2018\u2019le retour \u00e0 l\u2019ordre constitutionnel ne semble plus \u00eatre la priorit\u00e9 de la junte\u2019\u2019 - guinee Conakry<\/title>\n<meta name=\"robots\" content=\"index, follow, max-snippet:-1, max-image-preview:large, max-video-preview:-1\" \/>\n<link rel=\"canonical\" href=\"https:\/\/www.africa-press.net\/guinee-conakry\/politique\/dalein-le-retour-a-lordre-constitutionnel-ne-semble-plus-etre-la-priorite-de-la-junte\" \/>\n<meta property=\"og:locale\" content=\"fr_FR\" \/>\n<meta property=\"og:type\" content=\"article\" \/>\n<meta property=\"og:title\" content=\"Dalein\u00a0: \u2018\u2019le retour \u00e0 l\u2019ordre constitutionnel ne semble plus \u00eatre la priorit\u00e9 de la junte\u2019\u2019\" \/>\n<meta property=\"og:description\" content=\"Africa-Press &#8211; Guin\u00e9e. Cellou Dalein Diallo e\u0301met des doutes sur la volonte\u0301 de la junte de rendre le pouvoir aux civils a\u0300 l\u2019issue d\u2019e\u0301lections libres et transparentes. L\u2019ancien Premier ministre estime que le retour a\u0300 l\u2019ordre constitution est loin d\u2019e\u0302tre la priorite\u0301 du Comite\u0301 national du rassemblement pour le de\u0301veloppement (CNRD). Selon le constat du [&hellip;]\" \/>\n<meta property=\"og:url\" content=\"https:\/\/www.africa-press.net\/guinee-conakry\/politique\/dalein-le-retour-a-lordre-constitutionnel-ne-semble-plus-etre-la-priorite-de-la-junte\" \/>\n<meta property=\"og:site_name\" content=\"guinee Conakry\" \/>\n<meta property=\"article:published_time\" content=\"2024-01-03T06:26:00+00:00\" \/>\n<meta name=\"author\" content=\"cfeditorfr\" \/>\n<meta name=\"twitter:card\" content=\"summary_large_image\" \/>\n<meta name=\"twitter:label1\" content=\"\u00c9crit par\" \/>\n\t<meta name=\"twitter:data1\" content=\"cfeditorfr\" \/>\n\t<meta name=\"twitter:label2\" content=\"Dur\u00e9e de lecture estim\u00e9e\" \/>\n\t<meta name=\"twitter:data2\" content=\"2 minutes\" \/>\n<script type=\"application\/ld+json\" class=\"yoast-schema-graph\">{\"@context\":\"https:\/\/schema.org\",\"@graph\":[{\"@type\":\"Article\",\"@id\":\"https:\/\/www.africa-press.net\/guinee-conakry\/politique\/dalein-le-retour-a-lordre-constitutionnel-ne-semble-plus-etre-la-priorite-de-la-junte#article\",\"isPartOf\":{\"@id\":\"https:\/\/www.africa-press.net\/guinee-conakry\/politique\/dalein-le-retour-a-lordre-constitutionnel-ne-semble-plus-etre-la-priorite-de-la-junte\"},\"author\":{\"name\":\"cfeditorfr\",\"@id\":\"https:\/\/www.africa-press.net\/guinee-conakry\/#\/schema\/person\/2b1cf3cd81a31e3cd26889ca66d677f1\"},\"headline\":\"Dalein\u00a0: \u2018\u2019le retour \u00e0 l\u2019ordre constitutionnel ne semble plus \u00eatre la priorit\u00e9 de la junte\u2019\u2019\",\"datePublished\":\"2024-01-03T06:26:00+00:00\",\"mainEntityOfPage\":{\"@id\":\"https:\/\/www.africa-press.net\/guinee-conakry\/politique\/dalein-le-retour-a-lordre-constitutionnel-ne-semble-plus-etre-la-priorite-de-la-junte\"},\"wordCount\":451,\"commentCount\":0,\"image\":{\"@id\":\"https:\/\/www.africa-press.net\/guinee-conakry\/politique\/dalein-le-retour-a-lordre-constitutionnel-ne-semble-plus-etre-la-priorite-de-la-junte#primaryimage\"},\"thumbnailUrl\":\"https:\/\/static.africa-press.net\/conakry\/sites\/63\/2024\/01\/Jokar1704250616.831208.jpg\",\"keywords\":[\"Africa Press\",\"Africa Press-Guin\u00e9e\",\"Guin\u00e9e\"],\"articleSection\":[\"Politique\",\"Toutes les actualit\u00e9s\"],\"inLanguage\":\"fr-FR\",\"potentialAction\":[{\"@type\":\"CommentAction\",\"name\":\"Comment\",\"target\":[\"https:\/\/www.africa-press.net\/guinee-conakry\/politique\/dalein-le-retour-a-lordre-constitutionnel-ne-semble-plus-etre-la-priorite-de-la-junte#respond\"]}]},{\"@type\":\"WebPage\",\"@id\":\"https:\/\/www.africa-press.net\/guinee-conakry\/politique\/dalein-le-retour-a-lordre-constitutionnel-ne-semble-plus-etre-la-priorite-de-la-junte\",\"url\":\"https:\/\/www.africa-press.net\/guinee-conakry\/politique\/dalein-le-retour-a-lordre-constitutionnel-ne-semble-plus-etre-la-priorite-de-la-junte\",\"name\":\"Dalein\u00a0: \u2018\u2019le retour \u00e0 l\u2019ordre constitutionnel ne semble plus \u00eatre la priorit\u00e9 de la junte\u2019\u2019 - guinee Conakry\",\"isPartOf\":{\"@id\":\"https:\/\/www.africa-press.net\/guinee-conakry\/#website\"},\"primaryImageOfPage\":{\"@id\":\"https:\/\/www.africa-press.net\/guinee-conakry\/politique\/dalein-le-retour-a-lordre-constitutionnel-ne-semble-plus-etre-la-priorite-de-la-junte#primaryimage\"},\"image\":{\"@id\":\"https:\/\/www.africa-press.net\/guinee-conakry\/politique\/dalein-le-retour-a-lordre-constitutionnel-ne-semble-plus-etre-la-priorite-de-la-junte#primaryimage\"},\"thumbnailUrl\":\"https:\/\/static.africa-press.net\/conakry\/sites\/63\/2024\/01\/Jokar1704250616.831208.jpg\",\"datePublished\":\"2024-01-03T06:26:00+00:00\",\"author\":{\"@id\":\"https:\/\/www.africa-press.net\/guinee-conakry\/#\/schema\/person\/2b1cf3cd81a31e3cd26889ca66d677f1\"},\"breadcrumb\":{\"@id\":\"https:\/\/www.africa-press.net\/guinee-conakry\/politique\/dalein-le-retour-a-lordre-constitutionnel-ne-semble-plus-etre-la-priorite-de-la-junte#breadcrumb\"},\"inLanguage\":\"fr-FR\",\"potentialAction\":[{\"@type\":\"ReadAction\",\"target\":[\"https:\/\/www.africa-press.net\/guinee-conakry\/politique\/dalein-le-retour-a-lordre-constitutionnel-ne-semble-plus-etre-la-priorite-de-la-junte\"]}]},{\"@type\":\"ImageObject\",\"inLanguage\":\"fr-FR\",\"@id\":\"https:\/\/www.africa-press.net\/guinee-conakry\/politique\/dalein-le-retour-a-lordre-constitutionnel-ne-semble-plus-etre-la-priorite-de-la-junte#primaryimage\",\"url\":\"https:\/\/static.africa-press.net\/conakry\/sites\/63\/2024\/01\/Jokar1704250616.831208.jpg\",\"contentUrl\":\"https:\/\/static.africa-press.net\/conakry\/sites\/63\/2024\/01\/Jokar1704250616.831208.jpg\",\"width\":720,\"height\":505,\"caption\":\"Dalein\u00a0: \u2018\u2019le retour \u00e0 l\u2019ordre constitutionnel ne semble plus \u00eatre la priorit\u00e9 de la junte\u2019\u2019\"},{\"@type\":\"BreadcrumbList\",\"@id\":\"https:\/\/www.africa-press.net\/guinee-conakry\/politique\/dalein-le-retour-a-lordre-constitutionnel-ne-semble-plus-etre-la-priorite-de-la-junte#breadcrumb\",\"itemListElement\":[{\"@type\":\"ListItem\",\"position\":1,\"name\":\"Accueil\",\"item\":\"https:\/\/www.africa-press.net\/guinee-conakry\/\"},{\"@type\":\"ListItem\",\"position\":2,\"name\":\"Dalein\u00a0: \u2018\u2019le retour \u00e0 l\u2019ordre constitutionnel ne semble plus \u00eatre la priorit\u00e9 de la junte\u2019\u2019\"}]},{\"@type\":\"WebSite\",\"@id\":\"https:\/\/www.africa-press.net\/guinee-conakry\/#website\",\"url\":\"https:\/\/www.africa-press.net\/guinee-conakry\/\",\"name\":\"guinee Conakry\",\"description\":\"Just another Africa News Agency Sites site\",\"potentialAction\":[{\"@type\":\"SearchAction\",\"target\":{\"@type\":\"EntryPoint\",\"urlTemplate\":\"https:\/\/www.africa-press.net\/guinee-conakry\/?s={search_term_string}\"},\"query-input\":{\"@type\":\"PropertyValueSpecification\",\"valueRequired\":true,\"valueName\":\"search_term_string\"}}],\"inLanguage\":\"fr-FR\"},{\"@type\":\"Person\",\"@id\":\"https:\/\/www.africa-press.net\/guinee-conakry\/#\/schema\/person\/2b1cf3cd81a31e3cd26889ca66d677f1\",\"name\":\"cfeditorfr\"}]}<\/script>\n<!-- \/ Yoast SEO Premium plugin. -->","yoast_head_json":{"title":"Dalein\u00a0: \u2018\u2019le retour \u00e0 l\u2019ordre constitutionnel ne semble plus \u00eatre la priorit\u00e9 de la junte\u2019\u2019 - guinee Conakry","robots":{"index":"index","follow":"follow","max-snippet":"max-snippet:-1","max-image-preview":"max-image-preview:large","max-video-preview":"max-video-preview:-1"},"canonical":"https:\/\/www.africa-press.net\/guinee-conakry\/politique\/dalein-le-retour-a-lordre-constitutionnel-ne-semble-plus-etre-la-priorite-de-la-junte","og_locale":"fr_FR","og_type":"article","og_title":"Dalein\u00a0: \u2018\u2019le retour \u00e0 l\u2019ordre constitutionnel ne semble plus \u00eatre la priorit\u00e9 de la junte\u2019\u2019","og_description":"Africa-Press &#8211; Guin\u00e9e. Cellou Dalein Diallo e\u0301met des doutes sur la volonte\u0301 de la junte de rendre le pouvoir aux civils a\u0300 l\u2019issue d\u2019e\u0301lections libres et transparentes. L\u2019ancien Premier ministre estime que le retour a\u0300 l\u2019ordre constitution est loin d\u2019e\u0302tre la priorite\u0301 du Comite\u0301 national du rassemblement pour le de\u0301veloppement (CNRD). Selon le constat du [&hellip;]","og_url":"https:\/\/www.africa-press.net\/guinee-conakry\/politique\/dalein-le-retour-a-lordre-constitutionnel-ne-semble-plus-etre-la-priorite-de-la-junte","og_site_name":"guinee Conakry","article_published_time":"2024-01-03T06:26:00+00:00","author":"cfeditorfr","twitter_card":"summary_large_image","twitter_misc":{"\u00c9crit par":"cfeditorfr","Dur\u00e9e de lecture estim\u00e9e":"2 minutes"},"schema":{"@context":"https:\/\/schema.org","@graph":[{"@type":"Article","@id":"https:\/\/www.africa-press.net\/guinee-conakry\/politique\/dalein-le-retour-a-lordre-constitutionnel-ne-semble-plus-etre-la-priorite-de-la-junte#article","isPartOf":{"@id":"https:\/\/www.africa-press.net\/guinee-conakry\/politique\/dalein-le-retour-a-lordre-constitutionnel-ne-semble-plus-etre-la-priorite-de-la-junte"},"author":{"name":"cfeditorfr","@id":"https:\/\/www.africa-press.net\/guinee-conakry\/#\/schema\/person\/2b1cf3cd81a31e3cd26889ca66d677f1"},"headline":"Dalein\u00a0: \u2018\u2019le retour \u00e0 l\u2019ordre constitutionnel ne semble plus \u00eatre la priorit\u00e9 de la junte\u2019\u2019","datePublished":"2024-01-03T06:26:00+00:00","mainEntityOfPage":{"@id":"https:\/\/www.africa-press.net\/guinee-conakry\/politique\/dalein-le-retour-a-lordre-constitutionnel-ne-semble-plus-etre-la-priorite-de-la-junte"},"wordCount":451,"commentCount":0,"image":{"@id":"https:\/\/www.africa-press.net\/guinee-conakry\/politique\/dalein-le-retour-a-lordre-constitutionnel-ne-semble-plus-etre-la-priorite-de-la-junte#primaryimage"},"thumbnailUrl":"https:\/\/static.africa-press.net\/conakry\/sites\/63\/2024\/01\/Jokar1704250616.831208.jpg","keywords":["Africa Press","Africa Press-Guin\u00e9e","Guin\u00e9e"],"articleSection":["Politique","Toutes les actualit\u00e9s"],"inLanguage":"fr-FR","potentialAction":[{"@type":"CommentAction","name":"Comment","target":["https:\/\/www.africa-press.net\/guinee-conakry\/politique\/dalein-le-retour-a-lordre-constitutionnel-ne-semble-plus-etre-la-priorite-de-la-junte#respond"]}]},{"@type":"WebPage","@id":"https:\/\/www.africa-press.net\/guinee-conakry\/politique\/dalein-le-retour-a-lordre-constitutionnel-ne-semble-plus-etre-la-priorite-de-la-junte","url":"https:\/\/www.africa-press.net\/guinee-conakry\/politique\/dalein-le-retour-a-lordre-constitutionnel-ne-semble-plus-etre-la-priorite-de-la-junte","name":"Dalein\u00a0: \u2018\u2019le retour \u00e0 l\u2019ordre constitutionnel ne semble plus \u00eatre la priorit\u00e9 de la junte\u2019\u2019 - guinee Conakry","isPartOf":{"@id":"https:\/\/www.africa-press.net\/guinee-conakry\/#website"},"primaryImageOfPage":{"@id":"https:\/\/www.africa-press.net\/guinee-conakry\/politique\/dalein-le-retour-a-lordre-constitutionnel-ne-semble-plus-etre-la-priorite-de-la-junte#primaryimage"},"image":{"@id":"https:\/\/www.africa-press.net\/guinee-conakry\/politique\/dalein-le-retour-a-lordre-constitutionnel-ne-semble-plus-etre-la-priorite-de-la-junte#primaryimage"},"thumbnailUrl":"https:\/\/static.africa-press.net\/conakry\/sites\/63\/2024\/01\/Jokar1704250616.831208.jpg","datePublished":"2024-01-03T06:26:00+00:00","author":{"@id":"https:\/\/www.africa-press.net\/guinee-conakry\/#\/schema\/person\/2b1cf3cd81a31e3cd26889ca66d677f1"},"breadcrumb":{"@id":"https:\/\/www.africa-press.net\/guinee-conakry\/politique\/dalein-le-retour-a-lordre-constitutionnel-ne-semble-plus-etre-la-priorite-de-la-junte#breadcrumb"},"inLanguage":"fr-FR","potentialAction":[{"@type":"ReadAction","target":["https:\/\/www.africa-press.net\/guinee-conakry\/politique\/dalein-le-retour-a-lordre-constitutionnel-ne-semble-plus-etre-la-priorite-de-la-junte"]}]},{"@type":"ImageObject","inLanguage":"fr-FR","@id":"https:\/\/www.africa-press.net\/guinee-conakry\/politique\/dalein-le-retour-a-lordre-constitutionnel-ne-semble-plus-etre-la-priorite-de-la-junte#primaryimage","url":"https:\/\/static.africa-press.net\/conakry\/sites\/63\/2024\/01\/Jokar1704250616.831208.jpg","contentUrl":"https:\/\/static.africa-press.net\/conakry\/sites\/63\/2024\/01\/Jokar1704250616.831208.jpg","width":720,"height":505,"caption":"Dalein\u00a0: \u2018\u2019le retour \u00e0 l\u2019ordre constitutionnel ne semble plus \u00eatre la priorit\u00e9 de la junte\u2019\u2019"},{"@type":"BreadcrumbList","@id":"https:\/\/www.africa-press.net\/guinee-conakry\/politique\/dalein-le-retour-a-lordre-constitutionnel-ne-semble-plus-etre-la-priorite-de-la-junte#breadcrumb","itemListElement":[{"@type":"ListItem","position":1,"name":"Accueil","item":"https:\/\/www.africa-press.net\/guinee-conakry\/"},{"@type":"ListItem","position":2,"name":"Dalein\u00a0: \u2018\u2019le retour \u00e0 l\u2019ordre constitutionnel ne semble plus \u00eatre la priorit\u00e9 de la junte\u2019\u2019"}]},{"@type":"WebSite","@id":"https:\/\/www.africa-press.net\/guinee-conakry\/#website","url":"https:\/\/www.africa-press.net\/guinee-conakry\/","name":"guinee Conakry","description":"Just another Africa News Agency Sites site","potentialAction":[{"@type":"SearchAction","target":{"@type":"EntryPoint","urlTemplate":"https:\/\/www.africa-press.net\/guinee-conakry\/?s={search_term_string}"},"query-input":{"@type":"PropertyValueSpecification","valueRequired":true,"valueName":"search_term_string"}}],"inLanguage":"fr-FR"},{"@type":"Person","@id":"https:\/\/www.africa-press.net\/guinee-conakry\/#\/schema\/person\/2b1cf3cd81a31e3cd26889ca66d677f1","name":"cfeditorfr"}]}},"_links":{"self":[{"href":"https:\/\/www.africa-press.net\/guinee-conakry\/wp-json\/wp\/v2\/posts\/18115","targetHints":{"allow":["GET"]}}],"collection":[{"href":"https:\/\/www.africa-press.net\/guinee-conakry\/wp-json\/wp\/v2\/posts"}],"about":[{"href":"https:\/\/www.africa-press.net\/guinee-conakry\/wp-json\/wp\/v2\/types\/post"}],"author":[{"embeddable":true,"href":"https:\/\/www.africa-press.net\/guinee-conakry\/wp-json\/wp\/v2\/users\/82"}],"replies":[{"embeddable":true,"href":"https:\/\/www.africa-press.net\/guinee-conakry\/wp-json\/wp\/v2\/comments?post=18115"}],"version-history":[{"count":0,"href":"https:\/\/www.africa-press.net\/guinee-conakry\/wp-json\/wp\/v2\/posts\/18115\/revisions"}],"wp:featuredmedia":[{"embeddable":true,"href":"https:\/\/www.africa-press.net\/guinee-conakry\/wp-json\/wp\/v2\/media\/18114"}],"wp:attachment":[{"href":"https:\/\/www.africa-press.net\/guinee-conakry\/wp-json\/wp\/v2\/media?parent=18115"}],"wp:term":[{"taxonomy":"category","embeddable":true,"href":"https:\/\/www.africa-press.net\/guinee-conakry\/wp-json\/wp\/v2\/categories?post=18115"},{"taxonomy":"post_tag","embeddable":true,"href":"https:\/\/www.africa-press.net\/guinee-conakry\/wp-json\/wp\/v2\/tags?post=18115"}],"curies":[{"name":"wp","href":"https:\/\/api.w.org\/{rel}","templated":true}]}}