{"id":18127,"date":"2024-01-03T06:41:00","date_gmt":"2024-01-03T06:41:00","guid":{"rendered":"https:\/\/www.africa-press.net\/guinee-conakry\/politique\/elhadj-saliou-camara-imam-de-la-mosquee-faycal-si-ce-nest-pas-le-fait-des-mauvais-politiciens-il-est-vrai-que-la-guinee-est-une-famille"},"modified":"2024-01-03T06:41:00","modified_gmt":"2024-01-03T06:41:00","slug":"elhadj-saliou-camara-imam-de-la-mosquee-faycal-si-ce-nest-pas-le-fait-des-mauvais-politiciens-il-est-vrai-que-la-guinee-est-une-famille","status":"publish","type":"post","link":"https:\/\/www.africa-press.net\/guinee-conakry\/toutes-les-actualites\/elhadj-saliou-camara-imam-de-la-mosquee-faycal-si-ce-nest-pas-le-fait-des-mauvais-politiciens-il-est-vrai-que-la-guinee-est-une-famille","title":{"rendered":"Elhadj Saliou Camara, imam de la mosqu\u00e9e Fay\u00e7al\u00a0: \u2018\u2019Si ce n\u2019est pas le fait des mauvais politiciens, il est vrai que la Guin\u00e9e est une famille\u2019\u2019"},"content":{"rendered":"<p><span style=\"color: #ff6600\"><strong>Africa-Press &#8211; Guin\u00e9e. <\/strong><\/span><b>Le premier imam de la grande mosque\u0301e Fayc\u0327al de Conakry, a pris part dimanche 31 de\u0301cembre au CNT<\/b> <b>a\u0300 la ple\u0301nie\u0300re consacre\u0301e a\u0300 l\u2019adoption du volet de\u0301penses de la Loi des finances initiale 2024. A cette occasion, El<\/b><b>h<\/b><b>adj <\/b><b>Mamadou<\/b><b> Saliou Camara a salue\u0301 l\u2019e\u0301lan de solidarite\u0301 dont ont fait <\/b><b>preuve<\/b><b> les guine\u0301ens apre\u0300s l\u2019incendie du de\u0301po\u0302t de carburant de Kaloum.<\/b><\/p>\n<p>Le premier imam de la grande mosque\u0301e de Conakry a assure\u0301 que l\u2019e\u0301lan de solidarite\u0301 des populations suite a\u0300 l\u2019incendie du de\u0301po\u0302t d\u2019hydrocarbures de Kaloum prouve a\u0300 suffisance que les guine\u0301ens sont loin d\u2019e\u0302tre divise\u0301s.<\/p>\n<p>\u2018\u2019La trage\u0301die passe\u0301e nous donne des conseils, que notre pays est be\u0301ni (&#8230;). La trage\u0301die que nous venons de vivre nous a fait un e\u0301veil de conscience. J\u2019e\u0301tais a\u0300 la mosque\u0301e et Dieu m\u2019est te\u0301moin, j\u2019ai fait beaucoup de prie\u0300res pour les guine\u0301ens\u2019\u2019, a indique\u0301 Elhadj Mamadou Saliou Camara en langue locale soussou.<\/p>\n<p>Selon le grand imam, \u2018\u2019il n\u2019y a pas de division en Guine\u0301e. Si ce n\u2019est pas le fait des mauvais politiciens, il est vrai que la Guine\u0301e est une famille\u2019\u2019.<\/p>\n<p>L\u2019imam ratib de la grande mosque\u0301e Fayc\u0327al de Conakry a prie\u0301 pour plus de cohe\u0301sion entre les guine\u0301ens. \u2018\u2019Entre nous, nous devons nous donner la main pour reconnai\u0302tre le bien fait d\u2019Allah, aller ensemble pour installer l\u2019amour, l\u2019entente, la stabilite\u0301 dans l\u2019Unite\u0301 national\u2019\u2019, a-t-il souhaite\u0301.<\/p>\n<p><b>Pathe\u0301 BAH<\/b><\/p>\n<p><strong>Pour plus d&rsquo;informations et d&rsquo;analyses sur la <a href=\"https:\/\/www.africa-press.net\/guinee-conakry\">Guin\u00e9e<\/a>, suivez <a href=\"https:\/\/www.africa-press.net\/\">Africa-Press<\/a><\/strong><\/p>\n","protected":false},"excerpt":{"rendered":"<p>Africa-Press &#8211; Guin\u00e9e. Le premier imam de la grande mosque\u0301e Fayc\u0327al de Conakry, a pris part dimanche 31 de\u0301cembre au CNT a\u0300 la ple\u0301nie\u0300re consacre\u0301e a\u0300 l\u2019adoption du volet de\u0301penses de la Loi des finances initiale 2024. A cette occasion, Elhadj Mamadou Saliou Camara a salue\u0301 l\u2019e\u0301lan de solidarite\u0301 dont ont fait preuve les guine\u0301ens [&hellip;]<\/p>\n","protected":false},"author":82,"featured_media":18126,"comment_status":"open","ping_status":"closed","sticky":false,"template":"","format":"standard","meta":{"footnotes":""},"categories":[21,10],"tags":[36,57,58],"class_list":["post-18127","post","type-post","status-publish","format-standard","has-post-thumbnail","hentry","category-communaute","category-toutes-les-actualites","tag-africa-press","tag-africa-press-guinee","tag-guinee"],"yoast_head":"<!-- This site is optimized with the Yoast SEO Premium plugin v26.1 (Yoast SEO v27.0) - https:\/\/yoast.com\/product\/yoast-seo-premium-wordpress\/ -->\n<title>Elhadj Saliou Camara, imam de la mosqu\u00e9e Fay\u00e7al\u00a0: \u2018\u2019Si ce n\u2019est pas le fait des mauvais politiciens, il est vrai que la Guin\u00e9e est une famille\u2019\u2019 - guinee Conakry<\/title>\n<meta name=\"robots\" content=\"index, follow, max-snippet:-1, max-image-preview:large, max-video-preview:-1\" \/>\n<link rel=\"canonical\" href=\"https:\/\/www.africa-press.net\/guinee-conakry\/politique\/elhadj-saliou-camara-imam-de-la-mosquee-faycal-si-ce-nest-pas-le-fait-des-mauvais-politiciens-il-est-vrai-que-la-guinee-est-une-famille\" \/>\n<meta property=\"og:locale\" content=\"fr_FR\" \/>\n<meta property=\"og:type\" content=\"article\" \/>\n<meta property=\"og:title\" content=\"Elhadj Saliou Camara, imam de la mosqu\u00e9e Fay\u00e7al\u00a0: \u2018\u2019Si ce n\u2019est pas le fait des mauvais politiciens, il est vrai que la Guin\u00e9e est une famille\u2019\u2019\" \/>\n<meta property=\"og:description\" content=\"Africa-Press &#8211; Guin\u00e9e. Le premier imam de la grande mosque\u0301e Fayc\u0327al de Conakry, a pris part dimanche 31 de\u0301cembre au CNT a\u0300 la ple\u0301nie\u0300re consacre\u0301e a\u0300 l\u2019adoption du volet de\u0301penses de la Loi des finances initiale 2024. A cette occasion, Elhadj Mamadou Saliou Camara a salue\u0301 l\u2019e\u0301lan de solidarite\u0301 dont ont fait preuve les guine\u0301ens [&hellip;]\" \/>\n<meta property=\"og:url\" content=\"https:\/\/www.africa-press.net\/guinee-conakry\/politique\/elhadj-saliou-camara-imam-de-la-mosquee-faycal-si-ce-nest-pas-le-fait-des-mauvais-politiciens-il-est-vrai-que-la-guinee-est-une-famille\" \/>\n<meta property=\"og:site_name\" content=\"guinee Conakry\" \/>\n<meta property=\"article:published_time\" content=\"2024-01-03T06:41:00+00:00\" \/>\n<meta name=\"author\" content=\"cfeditorfr\" \/>\n<meta name=\"twitter:card\" content=\"summary_large_image\" \/>\n<meta name=\"twitter:label1\" content=\"\u00c9crit par\" \/>\n\t<meta name=\"twitter:data1\" content=\"cfeditorfr\" \/>\n\t<meta name=\"twitter:label2\" content=\"Dur\u00e9e de lecture estim\u00e9e\" \/>\n\t<meta name=\"twitter:data2\" content=\"1 minute\" \/>\n<script type=\"application\/ld+json\" class=\"yoast-schema-graph\">{\"@context\":\"https:\/\/schema.org\",\"@graph\":[{\"@type\":\"Article\",\"@id\":\"https:\/\/www.africa-press.net\/guinee-conakry\/politique\/elhadj-saliou-camara-imam-de-la-mosquee-faycal-si-ce-nest-pas-le-fait-des-mauvais-politiciens-il-est-vrai-que-la-guinee-est-une-famille#article\",\"isPartOf\":{\"@id\":\"https:\/\/www.africa-press.net\/guinee-conakry\/politique\/elhadj-saliou-camara-imam-de-la-mosquee-faycal-si-ce-nest-pas-le-fait-des-mauvais-politiciens-il-est-vrai-que-la-guinee-est-une-famille\"},\"author\":{\"name\":\"cfeditorfr\",\"@id\":\"https:\/\/www.africa-press.net\/guinee-conakry\/#\/schema\/person\/2b1cf3cd81a31e3cd26889ca66d677f1\"},\"headline\":\"Elhadj Saliou Camara, imam de la mosqu\u00e9e Fay\u00e7al\u00a0: \u2018\u2019Si ce n\u2019est pas le fait des mauvais politiciens, il est vrai que la Guin\u00e9e est une famille\u2019\u2019\",\"datePublished\":\"2024-01-03T06:41:00+00:00\",\"mainEntityOfPage\":{\"@id\":\"https:\/\/www.africa-press.net\/guinee-conakry\/politique\/elhadj-saliou-camara-imam-de-la-mosquee-faycal-si-ce-nest-pas-le-fait-des-mauvais-politiciens-il-est-vrai-que-la-guinee-est-une-famille\"},\"wordCount\":324,\"commentCount\":0,\"image\":{\"@id\":\"https:\/\/www.africa-press.net\/guinee-conakry\/politique\/elhadj-saliou-camara-imam-de-la-mosquee-faycal-si-ce-nest-pas-le-fait-des-mauvais-politiciens-il-est-vrai-que-la-guinee-est-une-famille#primaryimage\"},\"thumbnailUrl\":\"https:\/\/static.africa-press.net\/conakry\/sites\/63\/2024\/01\/Jokar1704251498.184833.jpg\",\"keywords\":[\"Africa Press\",\"Africa Press-Guin\u00e9e\",\"Guin\u00e9e\"],\"articleSection\":[\"Communaut\u00e9\",\"Toutes les actualit\u00e9s\"],\"inLanguage\":\"fr-FR\",\"potentialAction\":[{\"@type\":\"CommentAction\",\"name\":\"Comment\",\"target\":[\"https:\/\/www.africa-press.net\/guinee-conakry\/politique\/elhadj-saliou-camara-imam-de-la-mosquee-faycal-si-ce-nest-pas-le-fait-des-mauvais-politiciens-il-est-vrai-que-la-guinee-est-une-famille#respond\"]}]},{\"@type\":\"WebPage\",\"@id\":\"https:\/\/www.africa-press.net\/guinee-conakry\/politique\/elhadj-saliou-camara-imam-de-la-mosquee-faycal-si-ce-nest-pas-le-fait-des-mauvais-politiciens-il-est-vrai-que-la-guinee-est-une-famille\",\"url\":\"https:\/\/www.africa-press.net\/guinee-conakry\/politique\/elhadj-saliou-camara-imam-de-la-mosquee-faycal-si-ce-nest-pas-le-fait-des-mauvais-politiciens-il-est-vrai-que-la-guinee-est-une-famille\",\"name\":\"Elhadj Saliou Camara, imam de la mosqu\u00e9e Fay\u00e7al\u00a0: \u2018\u2019Si ce n\u2019est pas le fait des mauvais politiciens, il est vrai que la Guin\u00e9e est une famille\u2019\u2019 - guinee Conakry\",\"isPartOf\":{\"@id\":\"https:\/\/www.africa-press.net\/guinee-conakry\/#website\"},\"primaryImageOfPage\":{\"@id\":\"https:\/\/www.africa-press.net\/guinee-conakry\/politique\/elhadj-saliou-camara-imam-de-la-mosquee-faycal-si-ce-nest-pas-le-fait-des-mauvais-politiciens-il-est-vrai-que-la-guinee-est-une-famille#primaryimage\"},\"image\":{\"@id\":\"https:\/\/www.africa-press.net\/guinee-conakry\/politique\/elhadj-saliou-camara-imam-de-la-mosquee-faycal-si-ce-nest-pas-le-fait-des-mauvais-politiciens-il-est-vrai-que-la-guinee-est-une-famille#primaryimage\"},\"thumbnailUrl\":\"https:\/\/static.africa-press.net\/conakry\/sites\/63\/2024\/01\/Jokar1704251498.184833.jpg\",\"datePublished\":\"2024-01-03T06:41:00+00:00\",\"author\":{\"@id\":\"https:\/\/www.africa-press.net\/guinee-conakry\/#\/schema\/person\/2b1cf3cd81a31e3cd26889ca66d677f1\"},\"breadcrumb\":{\"@id\":\"https:\/\/www.africa-press.net\/guinee-conakry\/politique\/elhadj-saliou-camara-imam-de-la-mosquee-faycal-si-ce-nest-pas-le-fait-des-mauvais-politiciens-il-est-vrai-que-la-guinee-est-une-famille#breadcrumb\"},\"inLanguage\":\"fr-FR\",\"potentialAction\":[{\"@type\":\"ReadAction\",\"target\":[\"https:\/\/www.africa-press.net\/guinee-conakry\/politique\/elhadj-saliou-camara-imam-de-la-mosquee-faycal-si-ce-nest-pas-le-fait-des-mauvais-politiciens-il-est-vrai-que-la-guinee-est-une-famille\"]}]},{\"@type\":\"ImageObject\",\"inLanguage\":\"fr-FR\",\"@id\":\"https:\/\/www.africa-press.net\/guinee-conakry\/politique\/elhadj-saliou-camara-imam-de-la-mosquee-faycal-si-ce-nest-pas-le-fait-des-mauvais-politiciens-il-est-vrai-que-la-guinee-est-une-famille#primaryimage\",\"url\":\"https:\/\/static.africa-press.net\/conakry\/sites\/63\/2024\/01\/Jokar1704251498.184833.jpg\",\"contentUrl\":\"https:\/\/static.africa-press.net\/conakry\/sites\/63\/2024\/01\/Jokar1704251498.184833.jpg\",\"width\":528,\"height\":412,\"caption\":\"Elhadj Saliou Camara, imam de la mosqu\u00e9e Fay\u00e7al\u00a0: \u2018\u2019Si ce n\u2019est pas le fait des mauvais politiciens, il est vrai que la Guin\u00e9e est une famille\u2019\u2019\"},{\"@type\":\"BreadcrumbList\",\"@id\":\"https:\/\/www.africa-press.net\/guinee-conakry\/politique\/elhadj-saliou-camara-imam-de-la-mosquee-faycal-si-ce-nest-pas-le-fait-des-mauvais-politiciens-il-est-vrai-que-la-guinee-est-une-famille#breadcrumb\",\"itemListElement\":[{\"@type\":\"ListItem\",\"position\":1,\"name\":\"Accueil\",\"item\":\"https:\/\/www.africa-press.net\/guinee-conakry\/\"},{\"@type\":\"ListItem\",\"position\":2,\"name\":\"Elhadj Saliou Camara, imam de la mosqu\u00e9e Fay\u00e7al\u00a0: \u2018\u2019Si ce n\u2019est pas le fait des mauvais politiciens, il est vrai que la Guin\u00e9e est une famille\u2019\u2019\"}]},{\"@type\":\"WebSite\",\"@id\":\"https:\/\/www.africa-press.net\/guinee-conakry\/#website\",\"url\":\"https:\/\/www.africa-press.net\/guinee-conakry\/\",\"name\":\"guinee Conakry\",\"description\":\"Just another Africa News Agency Sites site\",\"potentialAction\":[{\"@type\":\"SearchAction\",\"target\":{\"@type\":\"EntryPoint\",\"urlTemplate\":\"https:\/\/www.africa-press.net\/guinee-conakry\/?s={search_term_string}\"},\"query-input\":{\"@type\":\"PropertyValueSpecification\",\"valueRequired\":true,\"valueName\":\"search_term_string\"}}],\"inLanguage\":\"fr-FR\"},{\"@type\":\"Person\",\"@id\":\"https:\/\/www.africa-press.net\/guinee-conakry\/#\/schema\/person\/2b1cf3cd81a31e3cd26889ca66d677f1\",\"name\":\"cfeditorfr\"}]}<\/script>\n<!-- \/ Yoast SEO Premium plugin. -->","yoast_head_json":{"title":"Elhadj Saliou Camara, imam de la mosqu\u00e9e Fay\u00e7al\u00a0: \u2018\u2019Si ce n\u2019est pas le fait des mauvais politiciens, il est vrai que la Guin\u00e9e est une famille\u2019\u2019 - guinee Conakry","robots":{"index":"index","follow":"follow","max-snippet":"max-snippet:-1","max-image-preview":"max-image-preview:large","max-video-preview":"max-video-preview:-1"},"canonical":"https:\/\/www.africa-press.net\/guinee-conakry\/politique\/elhadj-saliou-camara-imam-de-la-mosquee-faycal-si-ce-nest-pas-le-fait-des-mauvais-politiciens-il-est-vrai-que-la-guinee-est-une-famille","og_locale":"fr_FR","og_type":"article","og_title":"Elhadj Saliou Camara, imam de la mosqu\u00e9e Fay\u00e7al\u00a0: \u2018\u2019Si ce n\u2019est pas le fait des mauvais politiciens, il est vrai que la Guin\u00e9e est une famille\u2019\u2019","og_description":"Africa-Press &#8211; Guin\u00e9e. Le premier imam de la grande mosque\u0301e Fayc\u0327al de Conakry, a pris part dimanche 31 de\u0301cembre au CNT a\u0300 la ple\u0301nie\u0300re consacre\u0301e a\u0300 l\u2019adoption du volet de\u0301penses de la Loi des finances initiale 2024. A cette occasion, Elhadj Mamadou Saliou Camara a salue\u0301 l\u2019e\u0301lan de solidarite\u0301 dont ont fait preuve les guine\u0301ens [&hellip;]","og_url":"https:\/\/www.africa-press.net\/guinee-conakry\/politique\/elhadj-saliou-camara-imam-de-la-mosquee-faycal-si-ce-nest-pas-le-fait-des-mauvais-politiciens-il-est-vrai-que-la-guinee-est-une-famille","og_site_name":"guinee Conakry","article_published_time":"2024-01-03T06:41:00+00:00","author":"cfeditorfr","twitter_card":"summary_large_image","twitter_misc":{"\u00c9crit par":"cfeditorfr","Dur\u00e9e de lecture estim\u00e9e":"1 minute"},"schema":{"@context":"https:\/\/schema.org","@graph":[{"@type":"Article","@id":"https:\/\/www.africa-press.net\/guinee-conakry\/politique\/elhadj-saliou-camara-imam-de-la-mosquee-faycal-si-ce-nest-pas-le-fait-des-mauvais-politiciens-il-est-vrai-que-la-guinee-est-une-famille#article","isPartOf":{"@id":"https:\/\/www.africa-press.net\/guinee-conakry\/politique\/elhadj-saliou-camara-imam-de-la-mosquee-faycal-si-ce-nest-pas-le-fait-des-mauvais-politiciens-il-est-vrai-que-la-guinee-est-une-famille"},"author":{"name":"cfeditorfr","@id":"https:\/\/www.africa-press.net\/guinee-conakry\/#\/schema\/person\/2b1cf3cd81a31e3cd26889ca66d677f1"},"headline":"Elhadj Saliou Camara, imam de la mosqu\u00e9e Fay\u00e7al\u00a0: \u2018\u2019Si ce n\u2019est pas le fait des mauvais politiciens, il est vrai que la Guin\u00e9e est une famille\u2019\u2019","datePublished":"2024-01-03T06:41:00+00:00","mainEntityOfPage":{"@id":"https:\/\/www.africa-press.net\/guinee-conakry\/politique\/elhadj-saliou-camara-imam-de-la-mosquee-faycal-si-ce-nest-pas-le-fait-des-mauvais-politiciens-il-est-vrai-que-la-guinee-est-une-famille"},"wordCount":324,"commentCount":0,"image":{"@id":"https:\/\/www.africa-press.net\/guinee-conakry\/politique\/elhadj-saliou-camara-imam-de-la-mosquee-faycal-si-ce-nest-pas-le-fait-des-mauvais-politiciens-il-est-vrai-que-la-guinee-est-une-famille#primaryimage"},"thumbnailUrl":"https:\/\/static.africa-press.net\/conakry\/sites\/63\/2024\/01\/Jokar1704251498.184833.jpg","keywords":["Africa Press","Africa Press-Guin\u00e9e","Guin\u00e9e"],"articleSection":["Communaut\u00e9","Toutes les actualit\u00e9s"],"inLanguage":"fr-FR","potentialAction":[{"@type":"CommentAction","name":"Comment","target":["https:\/\/www.africa-press.net\/guinee-conakry\/politique\/elhadj-saliou-camara-imam-de-la-mosquee-faycal-si-ce-nest-pas-le-fait-des-mauvais-politiciens-il-est-vrai-que-la-guinee-est-une-famille#respond"]}]},{"@type":"WebPage","@id":"https:\/\/www.africa-press.net\/guinee-conakry\/politique\/elhadj-saliou-camara-imam-de-la-mosquee-faycal-si-ce-nest-pas-le-fait-des-mauvais-politiciens-il-est-vrai-que-la-guinee-est-une-famille","url":"https:\/\/www.africa-press.net\/guinee-conakry\/politique\/elhadj-saliou-camara-imam-de-la-mosquee-faycal-si-ce-nest-pas-le-fait-des-mauvais-politiciens-il-est-vrai-que-la-guinee-est-une-famille","name":"Elhadj Saliou Camara, imam de la mosqu\u00e9e Fay\u00e7al\u00a0: \u2018\u2019Si ce n\u2019est pas le fait des mauvais politiciens, il est vrai que la Guin\u00e9e est une famille\u2019\u2019 - guinee Conakry","isPartOf":{"@id":"https:\/\/www.africa-press.net\/guinee-conakry\/#website"},"primaryImageOfPage":{"@id":"https:\/\/www.africa-press.net\/guinee-conakry\/politique\/elhadj-saliou-camara-imam-de-la-mosquee-faycal-si-ce-nest-pas-le-fait-des-mauvais-politiciens-il-est-vrai-que-la-guinee-est-une-famille#primaryimage"},"image":{"@id":"https:\/\/www.africa-press.net\/guinee-conakry\/politique\/elhadj-saliou-camara-imam-de-la-mosquee-faycal-si-ce-nest-pas-le-fait-des-mauvais-politiciens-il-est-vrai-que-la-guinee-est-une-famille#primaryimage"},"thumbnailUrl":"https:\/\/static.africa-press.net\/conakry\/sites\/63\/2024\/01\/Jokar1704251498.184833.jpg","datePublished":"2024-01-03T06:41:00+00:00","author":{"@id":"https:\/\/www.africa-press.net\/guinee-conakry\/#\/schema\/person\/2b1cf3cd81a31e3cd26889ca66d677f1"},"breadcrumb":{"@id":"https:\/\/www.africa-press.net\/guinee-conakry\/politique\/elhadj-saliou-camara-imam-de-la-mosquee-faycal-si-ce-nest-pas-le-fait-des-mauvais-politiciens-il-est-vrai-que-la-guinee-est-une-famille#breadcrumb"},"inLanguage":"fr-FR","potentialAction":[{"@type":"ReadAction","target":["https:\/\/www.africa-press.net\/guinee-conakry\/politique\/elhadj-saliou-camara-imam-de-la-mosquee-faycal-si-ce-nest-pas-le-fait-des-mauvais-politiciens-il-est-vrai-que-la-guinee-est-une-famille"]}]},{"@type":"ImageObject","inLanguage":"fr-FR","@id":"https:\/\/www.africa-press.net\/guinee-conakry\/politique\/elhadj-saliou-camara-imam-de-la-mosquee-faycal-si-ce-nest-pas-le-fait-des-mauvais-politiciens-il-est-vrai-que-la-guinee-est-une-famille#primaryimage","url":"https:\/\/static.africa-press.net\/conakry\/sites\/63\/2024\/01\/Jokar1704251498.184833.jpg","contentUrl":"https:\/\/static.africa-press.net\/conakry\/sites\/63\/2024\/01\/Jokar1704251498.184833.jpg","width":528,"height":412,"caption":"Elhadj Saliou Camara, imam de la mosqu\u00e9e Fay\u00e7al\u00a0: \u2018\u2019Si ce n\u2019est pas le fait des mauvais politiciens, il est vrai que la Guin\u00e9e est une famille\u2019\u2019"},{"@type":"BreadcrumbList","@id":"https:\/\/www.africa-press.net\/guinee-conakry\/politique\/elhadj-saliou-camara-imam-de-la-mosquee-faycal-si-ce-nest-pas-le-fait-des-mauvais-politiciens-il-est-vrai-que-la-guinee-est-une-famille#breadcrumb","itemListElement":[{"@type":"ListItem","position":1,"name":"Accueil","item":"https:\/\/www.africa-press.net\/guinee-conakry\/"},{"@type":"ListItem","position":2,"name":"Elhadj Saliou Camara, imam de la mosqu\u00e9e Fay\u00e7al\u00a0: \u2018\u2019Si ce n\u2019est pas le fait des mauvais politiciens, il est vrai que la Guin\u00e9e est une famille\u2019\u2019"}]},{"@type":"WebSite","@id":"https:\/\/www.africa-press.net\/guinee-conakry\/#website","url":"https:\/\/www.africa-press.net\/guinee-conakry\/","name":"guinee Conakry","description":"Just another Africa News Agency Sites site","potentialAction":[{"@type":"SearchAction","target":{"@type":"EntryPoint","urlTemplate":"https:\/\/www.africa-press.net\/guinee-conakry\/?s={search_term_string}"},"query-input":{"@type":"PropertyValueSpecification","valueRequired":true,"valueName":"search_term_string"}}],"inLanguage":"fr-FR"},{"@type":"Person","@id":"https:\/\/www.africa-press.net\/guinee-conakry\/#\/schema\/person\/2b1cf3cd81a31e3cd26889ca66d677f1","name":"cfeditorfr"}]}},"_links":{"self":[{"href":"https:\/\/www.africa-press.net\/guinee-conakry\/wp-json\/wp\/v2\/posts\/18127","targetHints":{"allow":["GET"]}}],"collection":[{"href":"https:\/\/www.africa-press.net\/guinee-conakry\/wp-json\/wp\/v2\/posts"}],"about":[{"href":"https:\/\/www.africa-press.net\/guinee-conakry\/wp-json\/wp\/v2\/types\/post"}],"author":[{"embeddable":true,"href":"https:\/\/www.africa-press.net\/guinee-conakry\/wp-json\/wp\/v2\/users\/82"}],"replies":[{"embeddable":true,"href":"https:\/\/www.africa-press.net\/guinee-conakry\/wp-json\/wp\/v2\/comments?post=18127"}],"version-history":[{"count":0,"href":"https:\/\/www.africa-press.net\/guinee-conakry\/wp-json\/wp\/v2\/posts\/18127\/revisions"}],"wp:featuredmedia":[{"embeddable":true,"href":"https:\/\/www.africa-press.net\/guinee-conakry\/wp-json\/wp\/v2\/media\/18126"}],"wp:attachment":[{"href":"https:\/\/www.africa-press.net\/guinee-conakry\/wp-json\/wp\/v2\/media?parent=18127"}],"wp:term":[{"taxonomy":"category","embeddable":true,"href":"https:\/\/www.africa-press.net\/guinee-conakry\/wp-json\/wp\/v2\/categories?post=18127"},{"taxonomy":"post_tag","embeddable":true,"href":"https:\/\/www.africa-press.net\/guinee-conakry\/wp-json\/wp\/v2\/tags?post=18127"}],"curies":[{"name":"wp","href":"https:\/\/api.w.org\/{rel}","templated":true}]}}