{"id":18131,"date":"2024-01-03T06:45:00","date_gmt":"2024-01-03T06:45:00","guid":{"rendered":"https:\/\/www.africa-press.net\/guinee-conakry\/politique\/kaba-diawara-fier-davoir-naby-keita-dans-ses-rangs-quand-il-est-la-on-sent-quil-y-a-une-atmosphere-dans-le-bon-sens"},"modified":"2024-01-03T06:45:00","modified_gmt":"2024-01-03T06:45:00","slug":"kaba-diawara-fier-davoir-naby-keita-dans-ses-rangs-quand-il-est-la-on-sent-quil-y-a-une-atmosphere-dans-le-bon-sens","status":"publish","type":"post","link":"https:\/\/www.africa-press.net\/guinee-conakry\/sports\/kaba-diawara-fier-davoir-naby-keita-dans-ses-rangs-quand-il-est-la-on-sent-quil-y-a-une-atmosphere-dans-le-bon-sens","title":{"rendered":"Kaba Diawara fier d\u2019avoir Naby Keita dans ses rangs\u00a0: \u2018\u2019Quand il est l\u00e0, on sent qu\u2019il y a une atmosph\u00e8re dans le bon sens\u2019\u2019"},"content":{"rendered":"<p><span style=\"color: #ff6600\"><strong>Africa-Press &#8211; Guin\u00e9e. <\/strong><\/span><b>Les joueurs du Syli national sont a\u0300 Abu Dhabi pour leur dernier stage avant de poser leurs valises en Co\u0302te d\u2019Ivoire ou\u0300 se de\u0301roulera, du 13 janvier au 11 fe\u0301vrier 2024, la 34e e\u0301dition de la Coupe d\u2019Afrique des nations. <\/b><b> <\/b><\/p>\n<p>Le coach de l\u2019e\u0301quipe nationale se re\u0301jouit de la de\u0301termination de ses poulains a\u0300 mouiller le maillot pour de\u0301fendre le tricolore guine\u0301en.<\/p>\n<p>\u2018\u2019Il faut se pre\u0301parer. Les joueurs sortent pratiquement d\u2019une semaine de vacances. Vu qu\u2019on a des matchs importants, il faut mettre les bouche\u0301es doubles a\u0300 l\u2019entrainement. Mais il ne faut pas les cramer aussi. C\u2019est un savant me\u0301lange, parce qu\u2019il faut faire attention a\u0300 eux\u2019\u2019, explique Kaba Diawara.<\/p>\n<p>Il se dit \u2018\u2019tre\u0300s content de l\u2019e\u0301tat d\u2019esprit qu\u2019il y a. Ils ont vraiment envie de travailler. Ils se sont mis a\u0300 disposition. On les revoit avec le sourire et ils travaillent bien\u2019\u2019.<\/p>\n<p>Sur le cas particulier de Naby Keita, capitaine de Syli national, l\u2019entraineur assure que \u2018\u2019quand il est la\u0300, c\u2019est diffe\u0301rent, on sent qu\u2019il y a une atmosphe\u0300re diffe\u0301rente, mais toujours dans le bon sens. Il ame\u0300ne de l\u2019exigence parce qu\u2019il a connu le plus haut niveau\u2019\u2019.<\/p>\n<p>Il affirme que la pre\u0301sence du socie\u0301taire du club allemand Werder Bre\u0302me dans les rangs de l\u2019e\u0301quipe nationale fait que \u2018\u2019chacun essaie de se mettre a\u0300 sa hauteur. Lui, comme c\u2019est un garc\u0327on simple et chaleureux, il a retrouve\u0301 ses fre\u0300res avec un bon e\u0301tat d\u2019esprit. Et puis, c\u0327a se ressent\u2019\u2019.<\/p>\n<p><b>Boussouriou Doumba<\/b><\/p>\n<p><strong>Pour plus d&rsquo;informations et d&rsquo;analyses sur la <a href=\"https:\/\/www.africa-press.net\/guinee-conakry\">Guin\u00e9e<\/a>, suivez <a href=\"https:\/\/www.africa-press.net\/\">Africa-Press<\/a><\/strong><\/p>\n","protected":false},"excerpt":{"rendered":"<p>Africa-Press &#8211; Guin\u00e9e. Les joueurs du Syli national sont a\u0300 Abu Dhabi pour leur dernier stage avant de poser leurs valises en Co\u0302te d\u2019Ivoire ou\u0300 se de\u0301roulera, du 13 janvier au 11 fe\u0301vrier 2024, la 34e e\u0301dition de la Coupe d\u2019Afrique des nations. Le coach de l\u2019e\u0301quipe nationale se re\u0301jouit de la de\u0301termination de ses [&hellip;]<\/p>\n","protected":false},"author":82,"featured_media":18130,"comment_status":"open","ping_status":"closed","sticky":false,"template":"","format":"standard","meta":{"footnotes":""},"categories":[6,56,10],"tags":[36,57,58],"class_list":["post-18131","post","type-post","status-publish","format-standard","has-post-thumbnail","hentry","category-sports","category-to-homepage","category-toutes-les-actualites","tag-africa-press","tag-africa-press-guinee","tag-guinee"],"yoast_head":"<!-- This site is optimized with the Yoast SEO Premium plugin v26.1 (Yoast SEO v27.0) - https:\/\/yoast.com\/product\/yoast-seo-premium-wordpress\/ -->\n<title>Kaba Diawara fier d\u2019avoir Naby Keita dans ses rangs\u00a0: \u2018\u2019Quand il est l\u00e0, on sent qu\u2019il y a une atmosph\u00e8re dans le bon sens\u2019\u2019 - guinee Conakry<\/title>\n<meta name=\"robots\" content=\"index, follow, max-snippet:-1, max-image-preview:large, max-video-preview:-1\" \/>\n<link rel=\"canonical\" href=\"https:\/\/www.africa-press.net\/guinee-conakry\/politique\/kaba-diawara-fier-davoir-naby-keita-dans-ses-rangs-quand-il-est-la-on-sent-quil-y-a-une-atmosphere-dans-le-bon-sens\" \/>\n<meta property=\"og:locale\" content=\"fr_FR\" \/>\n<meta property=\"og:type\" content=\"article\" \/>\n<meta property=\"og:title\" content=\"Kaba Diawara fier d\u2019avoir Naby Keita dans ses rangs\u00a0: \u2018\u2019Quand il est l\u00e0, on sent qu\u2019il y a une atmosph\u00e8re dans le bon sens\u2019\u2019\" \/>\n<meta property=\"og:description\" content=\"Africa-Press &#8211; Guin\u00e9e. Les joueurs du Syli national sont a\u0300 Abu Dhabi pour leur dernier stage avant de poser leurs valises en Co\u0302te d\u2019Ivoire ou\u0300 se de\u0301roulera, du 13 janvier au 11 fe\u0301vrier 2024, la 34e e\u0301dition de la Coupe d\u2019Afrique des nations. Le coach de l\u2019e\u0301quipe nationale se re\u0301jouit de la de\u0301termination de ses [&hellip;]\" \/>\n<meta property=\"og:url\" content=\"https:\/\/www.africa-press.net\/guinee-conakry\/politique\/kaba-diawara-fier-davoir-naby-keita-dans-ses-rangs-quand-il-est-la-on-sent-quil-y-a-une-atmosphere-dans-le-bon-sens\" \/>\n<meta property=\"og:site_name\" content=\"guinee Conakry\" \/>\n<meta property=\"article:published_time\" content=\"2024-01-03T06:45:00+00:00\" \/>\n<meta name=\"author\" content=\"cfeditorfr\" \/>\n<meta name=\"twitter:card\" content=\"summary_large_image\" \/>\n<meta name=\"twitter:label1\" content=\"\u00c9crit par\" \/>\n\t<meta name=\"twitter:data1\" content=\"cfeditorfr\" \/>\n\t<meta name=\"twitter:label2\" content=\"Dur\u00e9e de lecture estim\u00e9e\" \/>\n\t<meta name=\"twitter:data2\" content=\"1 minute\" \/>\n<script type=\"application\/ld+json\" class=\"yoast-schema-graph\">{\"@context\":\"https:\/\/schema.org\",\"@graph\":[{\"@type\":\"Article\",\"@id\":\"https:\/\/www.africa-press.net\/guinee-conakry\/politique\/kaba-diawara-fier-davoir-naby-keita-dans-ses-rangs-quand-il-est-la-on-sent-quil-y-a-une-atmosphere-dans-le-bon-sens#article\",\"isPartOf\":{\"@id\":\"https:\/\/www.africa-press.net\/guinee-conakry\/politique\/kaba-diawara-fier-davoir-naby-keita-dans-ses-rangs-quand-il-est-la-on-sent-quil-y-a-une-atmosphere-dans-le-bon-sens\"},\"author\":{\"name\":\"cfeditorfr\",\"@id\":\"https:\/\/www.africa-press.net\/guinee-conakry\/#\/schema\/person\/2b1cf3cd81a31e3cd26889ca66d677f1\"},\"headline\":\"Kaba Diawara fier d\u2019avoir Naby Keita dans ses rangs\u00a0: \u2018\u2019Quand il est l\u00e0, on sent qu\u2019il y a une atmosph\u00e8re dans le bon sens\u2019\u2019\",\"datePublished\":\"2024-01-03T06:45:00+00:00\",\"mainEntityOfPage\":{\"@id\":\"https:\/\/www.africa-press.net\/guinee-conakry\/politique\/kaba-diawara-fier-davoir-naby-keita-dans-ses-rangs-quand-il-est-la-on-sent-quil-y-a-une-atmosphere-dans-le-bon-sens\"},\"wordCount\":328,\"commentCount\":0,\"image\":{\"@id\":\"https:\/\/www.africa-press.net\/guinee-conakry\/politique\/kaba-diawara-fier-davoir-naby-keita-dans-ses-rangs-quand-il-est-la-on-sent-quil-y-a-une-atmosphere-dans-le-bon-sens#primaryimage\"},\"thumbnailUrl\":\"https:\/\/static.africa-press.net\/conakry\/sites\/63\/2024\/01\/Jokar1704251748.509724.jpg\",\"keywords\":[\"Africa Press\",\"Africa Press-Guin\u00e9e\",\"Guin\u00e9e\"],\"articleSection\":[\"Sports\",\"to-homepage\",\"Toutes les actualit\u00e9s\"],\"inLanguage\":\"fr-FR\",\"potentialAction\":[{\"@type\":\"CommentAction\",\"name\":\"Comment\",\"target\":[\"https:\/\/www.africa-press.net\/guinee-conakry\/politique\/kaba-diawara-fier-davoir-naby-keita-dans-ses-rangs-quand-il-est-la-on-sent-quil-y-a-une-atmosphere-dans-le-bon-sens#respond\"]}]},{\"@type\":\"WebPage\",\"@id\":\"https:\/\/www.africa-press.net\/guinee-conakry\/politique\/kaba-diawara-fier-davoir-naby-keita-dans-ses-rangs-quand-il-est-la-on-sent-quil-y-a-une-atmosphere-dans-le-bon-sens\",\"url\":\"https:\/\/www.africa-press.net\/guinee-conakry\/politique\/kaba-diawara-fier-davoir-naby-keita-dans-ses-rangs-quand-il-est-la-on-sent-quil-y-a-une-atmosphere-dans-le-bon-sens\",\"name\":\"Kaba Diawara fier d\u2019avoir Naby Keita dans ses rangs\u00a0: \u2018\u2019Quand il est l\u00e0, on sent qu\u2019il y a une atmosph\u00e8re dans le bon sens\u2019\u2019 - guinee Conakry\",\"isPartOf\":{\"@id\":\"https:\/\/www.africa-press.net\/guinee-conakry\/#website\"},\"primaryImageOfPage\":{\"@id\":\"https:\/\/www.africa-press.net\/guinee-conakry\/politique\/kaba-diawara-fier-davoir-naby-keita-dans-ses-rangs-quand-il-est-la-on-sent-quil-y-a-une-atmosphere-dans-le-bon-sens#primaryimage\"},\"image\":{\"@id\":\"https:\/\/www.africa-press.net\/guinee-conakry\/politique\/kaba-diawara-fier-davoir-naby-keita-dans-ses-rangs-quand-il-est-la-on-sent-quil-y-a-une-atmosphere-dans-le-bon-sens#primaryimage\"},\"thumbnailUrl\":\"https:\/\/static.africa-press.net\/conakry\/sites\/63\/2024\/01\/Jokar1704251748.509724.jpg\",\"datePublished\":\"2024-01-03T06:45:00+00:00\",\"author\":{\"@id\":\"https:\/\/www.africa-press.net\/guinee-conakry\/#\/schema\/person\/2b1cf3cd81a31e3cd26889ca66d677f1\"},\"breadcrumb\":{\"@id\":\"https:\/\/www.africa-press.net\/guinee-conakry\/politique\/kaba-diawara-fier-davoir-naby-keita-dans-ses-rangs-quand-il-est-la-on-sent-quil-y-a-une-atmosphere-dans-le-bon-sens#breadcrumb\"},\"inLanguage\":\"fr-FR\",\"potentialAction\":[{\"@type\":\"ReadAction\",\"target\":[\"https:\/\/www.africa-press.net\/guinee-conakry\/politique\/kaba-diawara-fier-davoir-naby-keita-dans-ses-rangs-quand-il-est-la-on-sent-quil-y-a-une-atmosphere-dans-le-bon-sens\"]}]},{\"@type\":\"ImageObject\",\"inLanguage\":\"fr-FR\",\"@id\":\"https:\/\/www.africa-press.net\/guinee-conakry\/politique\/kaba-diawara-fier-davoir-naby-keita-dans-ses-rangs-quand-il-est-la-on-sent-quil-y-a-une-atmosphere-dans-le-bon-sens#primaryimage\",\"url\":\"https:\/\/static.africa-press.net\/conakry\/sites\/63\/2024\/01\/Jokar1704251748.509724.jpg\",\"contentUrl\":\"https:\/\/static.africa-press.net\/conakry\/sites\/63\/2024\/01\/Jokar1704251748.509724.jpg\",\"width\":1024,\"height\":683,\"caption\":\"Kaba Diawara fier d\u2019avoir Naby Keita dans ses rangs\u00a0: \u2018\u2019Quand il est l\u00e0, on sent qu\u2019il y a une atmosph\u00e8re dans le bon sens\u2019\u2019\"},{\"@type\":\"BreadcrumbList\",\"@id\":\"https:\/\/www.africa-press.net\/guinee-conakry\/politique\/kaba-diawara-fier-davoir-naby-keita-dans-ses-rangs-quand-il-est-la-on-sent-quil-y-a-une-atmosphere-dans-le-bon-sens#breadcrumb\",\"itemListElement\":[{\"@type\":\"ListItem\",\"position\":1,\"name\":\"Accueil\",\"item\":\"https:\/\/www.africa-press.net\/guinee-conakry\/\"},{\"@type\":\"ListItem\",\"position\":2,\"name\":\"Kaba Diawara fier d\u2019avoir Naby Keita dans ses rangs\u00a0: \u2018\u2019Quand il est l\u00e0, on sent qu\u2019il y a une atmosph\u00e8re dans le bon sens\u2019\u2019\"}]},{\"@type\":\"WebSite\",\"@id\":\"https:\/\/www.africa-press.net\/guinee-conakry\/#website\",\"url\":\"https:\/\/www.africa-press.net\/guinee-conakry\/\",\"name\":\"guinee Conakry\",\"description\":\"Just another Africa News Agency Sites site\",\"potentialAction\":[{\"@type\":\"SearchAction\",\"target\":{\"@type\":\"EntryPoint\",\"urlTemplate\":\"https:\/\/www.africa-press.net\/guinee-conakry\/?s={search_term_string}\"},\"query-input\":{\"@type\":\"PropertyValueSpecification\",\"valueRequired\":true,\"valueName\":\"search_term_string\"}}],\"inLanguage\":\"fr-FR\"},{\"@type\":\"Person\",\"@id\":\"https:\/\/www.africa-press.net\/guinee-conakry\/#\/schema\/person\/2b1cf3cd81a31e3cd26889ca66d677f1\",\"name\":\"cfeditorfr\"}]}<\/script>\n<!-- \/ Yoast SEO Premium plugin. -->","yoast_head_json":{"title":"Kaba Diawara fier d\u2019avoir Naby Keita dans ses rangs\u00a0: \u2018\u2019Quand il est l\u00e0, on sent qu\u2019il y a une atmosph\u00e8re dans le bon sens\u2019\u2019 - guinee Conakry","robots":{"index":"index","follow":"follow","max-snippet":"max-snippet:-1","max-image-preview":"max-image-preview:large","max-video-preview":"max-video-preview:-1"},"canonical":"https:\/\/www.africa-press.net\/guinee-conakry\/politique\/kaba-diawara-fier-davoir-naby-keita-dans-ses-rangs-quand-il-est-la-on-sent-quil-y-a-une-atmosphere-dans-le-bon-sens","og_locale":"fr_FR","og_type":"article","og_title":"Kaba Diawara fier d\u2019avoir Naby Keita dans ses rangs\u00a0: \u2018\u2019Quand il est l\u00e0, on sent qu\u2019il y a une atmosph\u00e8re dans le bon sens\u2019\u2019","og_description":"Africa-Press &#8211; Guin\u00e9e. Les joueurs du Syli national sont a\u0300 Abu Dhabi pour leur dernier stage avant de poser leurs valises en Co\u0302te d\u2019Ivoire ou\u0300 se de\u0301roulera, du 13 janvier au 11 fe\u0301vrier 2024, la 34e e\u0301dition de la Coupe d\u2019Afrique des nations. Le coach de l\u2019e\u0301quipe nationale se re\u0301jouit de la de\u0301termination de ses [&hellip;]","og_url":"https:\/\/www.africa-press.net\/guinee-conakry\/politique\/kaba-diawara-fier-davoir-naby-keita-dans-ses-rangs-quand-il-est-la-on-sent-quil-y-a-une-atmosphere-dans-le-bon-sens","og_site_name":"guinee Conakry","article_published_time":"2024-01-03T06:45:00+00:00","author":"cfeditorfr","twitter_card":"summary_large_image","twitter_misc":{"\u00c9crit par":"cfeditorfr","Dur\u00e9e de lecture estim\u00e9e":"1 minute"},"schema":{"@context":"https:\/\/schema.org","@graph":[{"@type":"Article","@id":"https:\/\/www.africa-press.net\/guinee-conakry\/politique\/kaba-diawara-fier-davoir-naby-keita-dans-ses-rangs-quand-il-est-la-on-sent-quil-y-a-une-atmosphere-dans-le-bon-sens#article","isPartOf":{"@id":"https:\/\/www.africa-press.net\/guinee-conakry\/politique\/kaba-diawara-fier-davoir-naby-keita-dans-ses-rangs-quand-il-est-la-on-sent-quil-y-a-une-atmosphere-dans-le-bon-sens"},"author":{"name":"cfeditorfr","@id":"https:\/\/www.africa-press.net\/guinee-conakry\/#\/schema\/person\/2b1cf3cd81a31e3cd26889ca66d677f1"},"headline":"Kaba Diawara fier d\u2019avoir Naby Keita dans ses rangs\u00a0: \u2018\u2019Quand il est l\u00e0, on sent qu\u2019il y a une atmosph\u00e8re dans le bon sens\u2019\u2019","datePublished":"2024-01-03T06:45:00+00:00","mainEntityOfPage":{"@id":"https:\/\/www.africa-press.net\/guinee-conakry\/politique\/kaba-diawara-fier-davoir-naby-keita-dans-ses-rangs-quand-il-est-la-on-sent-quil-y-a-une-atmosphere-dans-le-bon-sens"},"wordCount":328,"commentCount":0,"image":{"@id":"https:\/\/www.africa-press.net\/guinee-conakry\/politique\/kaba-diawara-fier-davoir-naby-keita-dans-ses-rangs-quand-il-est-la-on-sent-quil-y-a-une-atmosphere-dans-le-bon-sens#primaryimage"},"thumbnailUrl":"https:\/\/static.africa-press.net\/conakry\/sites\/63\/2024\/01\/Jokar1704251748.509724.jpg","keywords":["Africa Press","Africa Press-Guin\u00e9e","Guin\u00e9e"],"articleSection":["Sports","to-homepage","Toutes les actualit\u00e9s"],"inLanguage":"fr-FR","potentialAction":[{"@type":"CommentAction","name":"Comment","target":["https:\/\/www.africa-press.net\/guinee-conakry\/politique\/kaba-diawara-fier-davoir-naby-keita-dans-ses-rangs-quand-il-est-la-on-sent-quil-y-a-une-atmosphere-dans-le-bon-sens#respond"]}]},{"@type":"WebPage","@id":"https:\/\/www.africa-press.net\/guinee-conakry\/politique\/kaba-diawara-fier-davoir-naby-keita-dans-ses-rangs-quand-il-est-la-on-sent-quil-y-a-une-atmosphere-dans-le-bon-sens","url":"https:\/\/www.africa-press.net\/guinee-conakry\/politique\/kaba-diawara-fier-davoir-naby-keita-dans-ses-rangs-quand-il-est-la-on-sent-quil-y-a-une-atmosphere-dans-le-bon-sens","name":"Kaba Diawara fier d\u2019avoir Naby Keita dans ses rangs\u00a0: \u2018\u2019Quand il est l\u00e0, on sent qu\u2019il y a une atmosph\u00e8re dans le bon sens\u2019\u2019 - guinee Conakry","isPartOf":{"@id":"https:\/\/www.africa-press.net\/guinee-conakry\/#website"},"primaryImageOfPage":{"@id":"https:\/\/www.africa-press.net\/guinee-conakry\/politique\/kaba-diawara-fier-davoir-naby-keita-dans-ses-rangs-quand-il-est-la-on-sent-quil-y-a-une-atmosphere-dans-le-bon-sens#primaryimage"},"image":{"@id":"https:\/\/www.africa-press.net\/guinee-conakry\/politique\/kaba-diawara-fier-davoir-naby-keita-dans-ses-rangs-quand-il-est-la-on-sent-quil-y-a-une-atmosphere-dans-le-bon-sens#primaryimage"},"thumbnailUrl":"https:\/\/static.africa-press.net\/conakry\/sites\/63\/2024\/01\/Jokar1704251748.509724.jpg","datePublished":"2024-01-03T06:45:00+00:00","author":{"@id":"https:\/\/www.africa-press.net\/guinee-conakry\/#\/schema\/person\/2b1cf3cd81a31e3cd26889ca66d677f1"},"breadcrumb":{"@id":"https:\/\/www.africa-press.net\/guinee-conakry\/politique\/kaba-diawara-fier-davoir-naby-keita-dans-ses-rangs-quand-il-est-la-on-sent-quil-y-a-une-atmosphere-dans-le-bon-sens#breadcrumb"},"inLanguage":"fr-FR","potentialAction":[{"@type":"ReadAction","target":["https:\/\/www.africa-press.net\/guinee-conakry\/politique\/kaba-diawara-fier-davoir-naby-keita-dans-ses-rangs-quand-il-est-la-on-sent-quil-y-a-une-atmosphere-dans-le-bon-sens"]}]},{"@type":"ImageObject","inLanguage":"fr-FR","@id":"https:\/\/www.africa-press.net\/guinee-conakry\/politique\/kaba-diawara-fier-davoir-naby-keita-dans-ses-rangs-quand-il-est-la-on-sent-quil-y-a-une-atmosphere-dans-le-bon-sens#primaryimage","url":"https:\/\/static.africa-press.net\/conakry\/sites\/63\/2024\/01\/Jokar1704251748.509724.jpg","contentUrl":"https:\/\/static.africa-press.net\/conakry\/sites\/63\/2024\/01\/Jokar1704251748.509724.jpg","width":1024,"height":683,"caption":"Kaba Diawara fier d\u2019avoir Naby Keita dans ses rangs\u00a0: \u2018\u2019Quand il est l\u00e0, on sent qu\u2019il y a une atmosph\u00e8re dans le bon sens\u2019\u2019"},{"@type":"BreadcrumbList","@id":"https:\/\/www.africa-press.net\/guinee-conakry\/politique\/kaba-diawara-fier-davoir-naby-keita-dans-ses-rangs-quand-il-est-la-on-sent-quil-y-a-une-atmosphere-dans-le-bon-sens#breadcrumb","itemListElement":[{"@type":"ListItem","position":1,"name":"Accueil","item":"https:\/\/www.africa-press.net\/guinee-conakry\/"},{"@type":"ListItem","position":2,"name":"Kaba Diawara fier d\u2019avoir Naby Keita dans ses rangs\u00a0: \u2018\u2019Quand il est l\u00e0, on sent qu\u2019il y a une atmosph\u00e8re dans le bon sens\u2019\u2019"}]},{"@type":"WebSite","@id":"https:\/\/www.africa-press.net\/guinee-conakry\/#website","url":"https:\/\/www.africa-press.net\/guinee-conakry\/","name":"guinee Conakry","description":"Just another Africa News Agency Sites site","potentialAction":[{"@type":"SearchAction","target":{"@type":"EntryPoint","urlTemplate":"https:\/\/www.africa-press.net\/guinee-conakry\/?s={search_term_string}"},"query-input":{"@type":"PropertyValueSpecification","valueRequired":true,"valueName":"search_term_string"}}],"inLanguage":"fr-FR"},{"@type":"Person","@id":"https:\/\/www.africa-press.net\/guinee-conakry\/#\/schema\/person\/2b1cf3cd81a31e3cd26889ca66d677f1","name":"cfeditorfr"}]}},"_links":{"self":[{"href":"https:\/\/www.africa-press.net\/guinee-conakry\/wp-json\/wp\/v2\/posts\/18131","targetHints":{"allow":["GET"]}}],"collection":[{"href":"https:\/\/www.africa-press.net\/guinee-conakry\/wp-json\/wp\/v2\/posts"}],"about":[{"href":"https:\/\/www.africa-press.net\/guinee-conakry\/wp-json\/wp\/v2\/types\/post"}],"author":[{"embeddable":true,"href":"https:\/\/www.africa-press.net\/guinee-conakry\/wp-json\/wp\/v2\/users\/82"}],"replies":[{"embeddable":true,"href":"https:\/\/www.africa-press.net\/guinee-conakry\/wp-json\/wp\/v2\/comments?post=18131"}],"version-history":[{"count":0,"href":"https:\/\/www.africa-press.net\/guinee-conakry\/wp-json\/wp\/v2\/posts\/18131\/revisions"}],"wp:featuredmedia":[{"embeddable":true,"href":"https:\/\/www.africa-press.net\/guinee-conakry\/wp-json\/wp\/v2\/media\/18130"}],"wp:attachment":[{"href":"https:\/\/www.africa-press.net\/guinee-conakry\/wp-json\/wp\/v2\/media?parent=18131"}],"wp:term":[{"taxonomy":"category","embeddable":true,"href":"https:\/\/www.africa-press.net\/guinee-conakry\/wp-json\/wp\/v2\/categories?post=18131"},{"taxonomy":"post_tag","embeddable":true,"href":"https:\/\/www.africa-press.net\/guinee-conakry\/wp-json\/wp\/v2\/tags?post=18131"}],"curies":[{"name":"wp","href":"https:\/\/api.w.org\/{rel}","templated":true}]}}