{"id":18135,"date":"2024-01-03T06:48:00","date_gmt":"2024-01-03T06:48:00","guid":{"rendered":"https:\/\/www.africa-press.net\/guinee-conakry\/politique\/dalein-predit-des-lendemains-difficiles-pour-la-guinee"},"modified":"2024-01-03T06:48:00","modified_gmt":"2024-01-03T06:48:00","slug":"dalein-predit-des-lendemains-difficiles-pour-la-guinee","status":"publish","type":"post","link":"https:\/\/www.africa-press.net\/guinee-conakry\/politique\/dalein-predit-des-lendemains-difficiles-pour-la-guinee","title":{"rendered":"Dalein pr\u00e9dit des \u2018\u2019lendemains difficiles\u2019\u2019 pour la Guin\u00e9e"},"content":{"rendered":"<p><span style=\"color: #ff6600\"><strong>Africa-Press &#8211; Guin\u00e9e. <\/strong><\/span><b>Le pre\u0301sident de l\u2019UFDG, Cellou Dalein Diallo, a rappele\u0301 dans son discours de nouvel an que la fin de l\u2019anne\u0301e 2023 a e\u0301te\u0301 marque\u0301e par \u2018\u2019l\u2019incendie inattendu, horrible et dramatique\u2019\u2019 qui a ravage\u0301 le de\u0301po\u0302t central des hydrocarbures de la Socie\u0301te\u0301 guine\u0301enne de pe\u0301trole (SGP) dans la nuit du dimanche 17 au lundi 18 de\u0301cembre a\u0300 Conakry. <\/b><\/p>\n<p>Il fait remarquer que \u2018\u2019le bilan humain et mate\u0301riel, e\u0301tabli a\u0300 ce jour, est lourd, regrettable et plonge notre nation dans un profond deuil en me\u0302me temps qu\u2019il annonce des lendemains difficiles a\u0300 un moment ou\u0300 tout le monde est gagne\u0301 par le doute et le de\u0301couragement\u2019\u2019.<\/p>\n<p>Il renouvelle sa solidarite\u0301 avec toutes les victimes, de\u0301ce\u0301de\u0301es ou blesse\u0301es ainsi que sa compassion aux familles e\u0301plore\u0301es, avant de rendre hommage aux forces de de\u0301fense et de se\u0301curite\u0301, notamment aux agents de la protection civile, dont l\u2019action courageuse et de\u0301termine\u0301e a permis de limiter les de\u0301ga\u0302ts.<\/p>\n<p>Il fe\u0301licite le corps me\u0301dical pour son \u2018\u2019remarquable de\u0301vouement dans la prise en charge et le traitement des blesse\u0301s\u2019\u2019, tout en saluant \u2018\u2019le bel e\u0301lan de solidarite\u0301 du peuple de Guine\u0301e a\u0300 l\u2019endroit des populations e\u0301prouve\u0301es par cette trage\u0301die\u2019\u2019.<\/p>\n<p>Dalein exhorte les guine\u0301ens a\u0300 \u2018\u2019rester unis et solidaires malgre\u0301 les difficulte\u0301s qui nous e\u0301tranglent, les de\u0301fis qui nous assaillent, pour atte\u0301nuer, ensemble, les conse\u0301quences a\u0300 court et a\u0300 moyen terme de cette catastrophe sur les conditions de vie des populations de\u0301ja\u0300 durement e\u0301prouve\u0301es par la cherte\u0301 de la vie\u2019\u2019.<\/p>\n<p><b>Pathe\u0301 BAH<\/b><\/p>\n<p><strong>Pour plus d&rsquo;informations et d&rsquo;analyses sur la <a href=\"https:\/\/www.africa-press.net\/guinee-conakry\">Guin\u00e9e<\/a>, suivez <a href=\"https:\/\/www.africa-press.net\/\">Africa-Press<\/a><\/strong><\/p>\n","protected":false},"excerpt":{"rendered":"<p>Africa-Press &#8211; Guin\u00e9e. Le pre\u0301sident de l\u2019UFDG, Cellou Dalein Diallo, a rappele\u0301 dans son discours de nouvel an que la fin de l\u2019anne\u0301e 2023 a e\u0301te\u0301 marque\u0301e par \u2018\u2019l\u2019incendie inattendu, horrible et dramatique\u2019\u2019 qui a ravage\u0301 le de\u0301po\u0302t central des hydrocarbures de la Socie\u0301te\u0301 guine\u0301enne de pe\u0301trole (SGP) dans la nuit du dimanche 17 au [&hellip;]<\/p>\n","protected":false},"author":82,"featured_media":18134,"comment_status":"open","ping_status":"closed","sticky":false,"template":"","format":"standard","meta":{"footnotes":""},"categories":[2,10],"tags":[36,57,58],"class_list":["post-18135","post","type-post","status-publish","format-standard","has-post-thumbnail","hentry","category-politique","category-toutes-les-actualites","tag-africa-press","tag-africa-press-guinee","tag-guinee"],"yoast_head":"<!-- This site is optimized with the Yoast SEO Premium plugin v26.1 (Yoast SEO v27.0) - https:\/\/yoast.com\/product\/yoast-seo-premium-wordpress\/ -->\n<title>Dalein pr\u00e9dit des \u2018\u2019lendemains difficiles\u2019\u2019 pour la Guin\u00e9e - guinee Conakry<\/title>\n<meta name=\"robots\" content=\"index, follow, max-snippet:-1, max-image-preview:large, max-video-preview:-1\" \/>\n<link rel=\"canonical\" href=\"https:\/\/www.africa-press.net\/guinee-conakry\/politique\/dalein-predit-des-lendemains-difficiles-pour-la-guinee\" \/>\n<meta property=\"og:locale\" content=\"fr_FR\" \/>\n<meta property=\"og:type\" content=\"article\" \/>\n<meta property=\"og:title\" content=\"Dalein pr\u00e9dit des \u2018\u2019lendemains difficiles\u2019\u2019 pour la Guin\u00e9e\" \/>\n<meta property=\"og:description\" content=\"Africa-Press &#8211; Guin\u00e9e. Le pre\u0301sident de l\u2019UFDG, Cellou Dalein Diallo, a rappele\u0301 dans son discours de nouvel an que la fin de l\u2019anne\u0301e 2023 a e\u0301te\u0301 marque\u0301e par \u2018\u2019l\u2019incendie inattendu, horrible et dramatique\u2019\u2019 qui a ravage\u0301 le de\u0301po\u0302t central des hydrocarbures de la Socie\u0301te\u0301 guine\u0301enne de pe\u0301trole (SGP) dans la nuit du dimanche 17 au [&hellip;]\" \/>\n<meta property=\"og:url\" content=\"https:\/\/www.africa-press.net\/guinee-conakry\/politique\/dalein-predit-des-lendemains-difficiles-pour-la-guinee\" \/>\n<meta property=\"og:site_name\" content=\"guinee Conakry\" \/>\n<meta property=\"article:published_time\" content=\"2024-01-03T06:48:00+00:00\" \/>\n<meta name=\"author\" content=\"cfeditorfr\" \/>\n<meta name=\"twitter:card\" content=\"summary_large_image\" \/>\n<meta name=\"twitter:label1\" content=\"\u00c9crit par\" \/>\n\t<meta name=\"twitter:data1\" content=\"cfeditorfr\" \/>\n\t<meta name=\"twitter:label2\" content=\"Dur\u00e9e de lecture estim\u00e9e\" \/>\n\t<meta name=\"twitter:data2\" content=\"2 minutes\" \/>\n<script type=\"application\/ld+json\" class=\"yoast-schema-graph\">{\"@context\":\"https:\/\/schema.org\",\"@graph\":[{\"@type\":\"Article\",\"@id\":\"https:\/\/www.africa-press.net\/guinee-conakry\/politique\/dalein-predit-des-lendemains-difficiles-pour-la-guinee#article\",\"isPartOf\":{\"@id\":\"https:\/\/www.africa-press.net\/guinee-conakry\/politique\/dalein-predit-des-lendemains-difficiles-pour-la-guinee\"},\"author\":{\"name\":\"cfeditorfr\",\"@id\":\"https:\/\/www.africa-press.net\/guinee-conakry\/#\/schema\/person\/2b1cf3cd81a31e3cd26889ca66d677f1\"},\"headline\":\"Dalein pr\u00e9dit des \u2018\u2019lendemains difficiles\u2019\u2019 pour la Guin\u00e9e\",\"datePublished\":\"2024-01-03T06:48:00+00:00\",\"mainEntityOfPage\":{\"@id\":\"https:\/\/www.africa-press.net\/guinee-conakry\/politique\/dalein-predit-des-lendemains-difficiles-pour-la-guinee\"},\"wordCount\":316,\"commentCount\":0,\"image\":{\"@id\":\"https:\/\/www.africa-press.net\/guinee-conakry\/politique\/dalein-predit-des-lendemains-difficiles-pour-la-guinee#primaryimage\"},\"thumbnailUrl\":\"https:\/\/static.africa-press.net\/conakry\/sites\/63\/2024\/01\/Jokar1704251900.350649.jpg\",\"keywords\":[\"Africa Press\",\"Africa Press-Guin\u00e9e\",\"Guin\u00e9e\"],\"articleSection\":[\"Politique\",\"Toutes les actualit\u00e9s\"],\"inLanguage\":\"fr-FR\",\"potentialAction\":[{\"@type\":\"CommentAction\",\"name\":\"Comment\",\"target\":[\"https:\/\/www.africa-press.net\/guinee-conakry\/politique\/dalein-predit-des-lendemains-difficiles-pour-la-guinee#respond\"]}]},{\"@type\":\"WebPage\",\"@id\":\"https:\/\/www.africa-press.net\/guinee-conakry\/politique\/dalein-predit-des-lendemains-difficiles-pour-la-guinee\",\"url\":\"https:\/\/www.africa-press.net\/guinee-conakry\/politique\/dalein-predit-des-lendemains-difficiles-pour-la-guinee\",\"name\":\"Dalein pr\u00e9dit des \u2018\u2019lendemains difficiles\u2019\u2019 pour la Guin\u00e9e - guinee Conakry\",\"isPartOf\":{\"@id\":\"https:\/\/www.africa-press.net\/guinee-conakry\/#website\"},\"primaryImageOfPage\":{\"@id\":\"https:\/\/www.africa-press.net\/guinee-conakry\/politique\/dalein-predit-des-lendemains-difficiles-pour-la-guinee#primaryimage\"},\"image\":{\"@id\":\"https:\/\/www.africa-press.net\/guinee-conakry\/politique\/dalein-predit-des-lendemains-difficiles-pour-la-guinee#primaryimage\"},\"thumbnailUrl\":\"https:\/\/static.africa-press.net\/conakry\/sites\/63\/2024\/01\/Jokar1704251900.350649.jpg\",\"datePublished\":\"2024-01-03T06:48:00+00:00\",\"author\":{\"@id\":\"https:\/\/www.africa-press.net\/guinee-conakry\/#\/schema\/person\/2b1cf3cd81a31e3cd26889ca66d677f1\"},\"breadcrumb\":{\"@id\":\"https:\/\/www.africa-press.net\/guinee-conakry\/politique\/dalein-predit-des-lendemains-difficiles-pour-la-guinee#breadcrumb\"},\"inLanguage\":\"fr-FR\",\"potentialAction\":[{\"@type\":\"ReadAction\",\"target\":[\"https:\/\/www.africa-press.net\/guinee-conakry\/politique\/dalein-predit-des-lendemains-difficiles-pour-la-guinee\"]}]},{\"@type\":\"ImageObject\",\"inLanguage\":\"fr-FR\",\"@id\":\"https:\/\/www.africa-press.net\/guinee-conakry\/politique\/dalein-predit-des-lendemains-difficiles-pour-la-guinee#primaryimage\",\"url\":\"https:\/\/static.africa-press.net\/conakry\/sites\/63\/2024\/01\/Jokar1704251900.350649.jpg\",\"contentUrl\":\"https:\/\/static.africa-press.net\/conakry\/sites\/63\/2024\/01\/Jokar1704251900.350649.jpg\",\"width\":752,\"height\":501,\"caption\":\"Dalein pr\u00e9dit des \u2018\u2019lendemains difficiles\u2019\u2019 pour la Guin\u00e9e\"},{\"@type\":\"BreadcrumbList\",\"@id\":\"https:\/\/www.africa-press.net\/guinee-conakry\/politique\/dalein-predit-des-lendemains-difficiles-pour-la-guinee#breadcrumb\",\"itemListElement\":[{\"@type\":\"ListItem\",\"position\":1,\"name\":\"Accueil\",\"item\":\"https:\/\/www.africa-press.net\/guinee-conakry\/\"},{\"@type\":\"ListItem\",\"position\":2,\"name\":\"Dalein pr\u00e9dit des \u2018\u2019lendemains difficiles\u2019\u2019 pour la Guin\u00e9e\"}]},{\"@type\":\"WebSite\",\"@id\":\"https:\/\/www.africa-press.net\/guinee-conakry\/#website\",\"url\":\"https:\/\/www.africa-press.net\/guinee-conakry\/\",\"name\":\"guinee Conakry\",\"description\":\"Just another Africa News Agency Sites site\",\"potentialAction\":[{\"@type\":\"SearchAction\",\"target\":{\"@type\":\"EntryPoint\",\"urlTemplate\":\"https:\/\/www.africa-press.net\/guinee-conakry\/?s={search_term_string}\"},\"query-input\":{\"@type\":\"PropertyValueSpecification\",\"valueRequired\":true,\"valueName\":\"search_term_string\"}}],\"inLanguage\":\"fr-FR\"},{\"@type\":\"Person\",\"@id\":\"https:\/\/www.africa-press.net\/guinee-conakry\/#\/schema\/person\/2b1cf3cd81a31e3cd26889ca66d677f1\",\"name\":\"cfeditorfr\"}]}<\/script>\n<!-- \/ Yoast SEO Premium plugin. -->","yoast_head_json":{"title":"Dalein pr\u00e9dit des \u2018\u2019lendemains difficiles\u2019\u2019 pour la Guin\u00e9e - guinee Conakry","robots":{"index":"index","follow":"follow","max-snippet":"max-snippet:-1","max-image-preview":"max-image-preview:large","max-video-preview":"max-video-preview:-1"},"canonical":"https:\/\/www.africa-press.net\/guinee-conakry\/politique\/dalein-predit-des-lendemains-difficiles-pour-la-guinee","og_locale":"fr_FR","og_type":"article","og_title":"Dalein pr\u00e9dit des \u2018\u2019lendemains difficiles\u2019\u2019 pour la Guin\u00e9e","og_description":"Africa-Press &#8211; Guin\u00e9e. Le pre\u0301sident de l\u2019UFDG, Cellou Dalein Diallo, a rappele\u0301 dans son discours de nouvel an que la fin de l\u2019anne\u0301e 2023 a e\u0301te\u0301 marque\u0301e par \u2018\u2019l\u2019incendie inattendu, horrible et dramatique\u2019\u2019 qui a ravage\u0301 le de\u0301po\u0302t central des hydrocarbures de la Socie\u0301te\u0301 guine\u0301enne de pe\u0301trole (SGP) dans la nuit du dimanche 17 au [&hellip;]","og_url":"https:\/\/www.africa-press.net\/guinee-conakry\/politique\/dalein-predit-des-lendemains-difficiles-pour-la-guinee","og_site_name":"guinee Conakry","article_published_time":"2024-01-03T06:48:00+00:00","author":"cfeditorfr","twitter_card":"summary_large_image","twitter_misc":{"\u00c9crit par":"cfeditorfr","Dur\u00e9e de lecture estim\u00e9e":"2 minutes"},"schema":{"@context":"https:\/\/schema.org","@graph":[{"@type":"Article","@id":"https:\/\/www.africa-press.net\/guinee-conakry\/politique\/dalein-predit-des-lendemains-difficiles-pour-la-guinee#article","isPartOf":{"@id":"https:\/\/www.africa-press.net\/guinee-conakry\/politique\/dalein-predit-des-lendemains-difficiles-pour-la-guinee"},"author":{"name":"cfeditorfr","@id":"https:\/\/www.africa-press.net\/guinee-conakry\/#\/schema\/person\/2b1cf3cd81a31e3cd26889ca66d677f1"},"headline":"Dalein pr\u00e9dit des \u2018\u2019lendemains difficiles\u2019\u2019 pour la Guin\u00e9e","datePublished":"2024-01-03T06:48:00+00:00","mainEntityOfPage":{"@id":"https:\/\/www.africa-press.net\/guinee-conakry\/politique\/dalein-predit-des-lendemains-difficiles-pour-la-guinee"},"wordCount":316,"commentCount":0,"image":{"@id":"https:\/\/www.africa-press.net\/guinee-conakry\/politique\/dalein-predit-des-lendemains-difficiles-pour-la-guinee#primaryimage"},"thumbnailUrl":"https:\/\/static.africa-press.net\/conakry\/sites\/63\/2024\/01\/Jokar1704251900.350649.jpg","keywords":["Africa Press","Africa Press-Guin\u00e9e","Guin\u00e9e"],"articleSection":["Politique","Toutes les actualit\u00e9s"],"inLanguage":"fr-FR","potentialAction":[{"@type":"CommentAction","name":"Comment","target":["https:\/\/www.africa-press.net\/guinee-conakry\/politique\/dalein-predit-des-lendemains-difficiles-pour-la-guinee#respond"]}]},{"@type":"WebPage","@id":"https:\/\/www.africa-press.net\/guinee-conakry\/politique\/dalein-predit-des-lendemains-difficiles-pour-la-guinee","url":"https:\/\/www.africa-press.net\/guinee-conakry\/politique\/dalein-predit-des-lendemains-difficiles-pour-la-guinee","name":"Dalein pr\u00e9dit des \u2018\u2019lendemains difficiles\u2019\u2019 pour la Guin\u00e9e - guinee Conakry","isPartOf":{"@id":"https:\/\/www.africa-press.net\/guinee-conakry\/#website"},"primaryImageOfPage":{"@id":"https:\/\/www.africa-press.net\/guinee-conakry\/politique\/dalein-predit-des-lendemains-difficiles-pour-la-guinee#primaryimage"},"image":{"@id":"https:\/\/www.africa-press.net\/guinee-conakry\/politique\/dalein-predit-des-lendemains-difficiles-pour-la-guinee#primaryimage"},"thumbnailUrl":"https:\/\/static.africa-press.net\/conakry\/sites\/63\/2024\/01\/Jokar1704251900.350649.jpg","datePublished":"2024-01-03T06:48:00+00:00","author":{"@id":"https:\/\/www.africa-press.net\/guinee-conakry\/#\/schema\/person\/2b1cf3cd81a31e3cd26889ca66d677f1"},"breadcrumb":{"@id":"https:\/\/www.africa-press.net\/guinee-conakry\/politique\/dalein-predit-des-lendemains-difficiles-pour-la-guinee#breadcrumb"},"inLanguage":"fr-FR","potentialAction":[{"@type":"ReadAction","target":["https:\/\/www.africa-press.net\/guinee-conakry\/politique\/dalein-predit-des-lendemains-difficiles-pour-la-guinee"]}]},{"@type":"ImageObject","inLanguage":"fr-FR","@id":"https:\/\/www.africa-press.net\/guinee-conakry\/politique\/dalein-predit-des-lendemains-difficiles-pour-la-guinee#primaryimage","url":"https:\/\/static.africa-press.net\/conakry\/sites\/63\/2024\/01\/Jokar1704251900.350649.jpg","contentUrl":"https:\/\/static.africa-press.net\/conakry\/sites\/63\/2024\/01\/Jokar1704251900.350649.jpg","width":752,"height":501,"caption":"Dalein pr\u00e9dit des \u2018\u2019lendemains difficiles\u2019\u2019 pour la Guin\u00e9e"},{"@type":"BreadcrumbList","@id":"https:\/\/www.africa-press.net\/guinee-conakry\/politique\/dalein-predit-des-lendemains-difficiles-pour-la-guinee#breadcrumb","itemListElement":[{"@type":"ListItem","position":1,"name":"Accueil","item":"https:\/\/www.africa-press.net\/guinee-conakry\/"},{"@type":"ListItem","position":2,"name":"Dalein pr\u00e9dit des \u2018\u2019lendemains difficiles\u2019\u2019 pour la Guin\u00e9e"}]},{"@type":"WebSite","@id":"https:\/\/www.africa-press.net\/guinee-conakry\/#website","url":"https:\/\/www.africa-press.net\/guinee-conakry\/","name":"guinee Conakry","description":"Just another Africa News Agency Sites site","potentialAction":[{"@type":"SearchAction","target":{"@type":"EntryPoint","urlTemplate":"https:\/\/www.africa-press.net\/guinee-conakry\/?s={search_term_string}"},"query-input":{"@type":"PropertyValueSpecification","valueRequired":true,"valueName":"search_term_string"}}],"inLanguage":"fr-FR"},{"@type":"Person","@id":"https:\/\/www.africa-press.net\/guinee-conakry\/#\/schema\/person\/2b1cf3cd81a31e3cd26889ca66d677f1","name":"cfeditorfr"}]}},"_links":{"self":[{"href":"https:\/\/www.africa-press.net\/guinee-conakry\/wp-json\/wp\/v2\/posts\/18135","targetHints":{"allow":["GET"]}}],"collection":[{"href":"https:\/\/www.africa-press.net\/guinee-conakry\/wp-json\/wp\/v2\/posts"}],"about":[{"href":"https:\/\/www.africa-press.net\/guinee-conakry\/wp-json\/wp\/v2\/types\/post"}],"author":[{"embeddable":true,"href":"https:\/\/www.africa-press.net\/guinee-conakry\/wp-json\/wp\/v2\/users\/82"}],"replies":[{"embeddable":true,"href":"https:\/\/www.africa-press.net\/guinee-conakry\/wp-json\/wp\/v2\/comments?post=18135"}],"version-history":[{"count":0,"href":"https:\/\/www.africa-press.net\/guinee-conakry\/wp-json\/wp\/v2\/posts\/18135\/revisions"}],"wp:featuredmedia":[{"embeddable":true,"href":"https:\/\/www.africa-press.net\/guinee-conakry\/wp-json\/wp\/v2\/media\/18134"}],"wp:attachment":[{"href":"https:\/\/www.africa-press.net\/guinee-conakry\/wp-json\/wp\/v2\/media?parent=18135"}],"wp:term":[{"taxonomy":"category","embeddable":true,"href":"https:\/\/www.africa-press.net\/guinee-conakry\/wp-json\/wp\/v2\/categories?post=18135"},{"taxonomy":"post_tag","embeddable":true,"href":"https:\/\/www.africa-press.net\/guinee-conakry\/wp-json\/wp\/v2\/tags?post=18135"}],"curies":[{"name":"wp","href":"https:\/\/api.w.org\/{rel}","templated":true}]}}