{"id":18139,"date":"2024-01-03T06:52:00","date_gmt":"2024-01-03T06:52:00","guid":{"rendered":"https:\/\/www.africa-press.net\/guinee-conakry\/politique\/emergence-magazine-les-organisateurs-annoncent-les-couleurs-de-la-2e-edition"},"modified":"2024-01-03T06:52:00","modified_gmt":"2024-01-03T06:52:00","slug":"emergence-magazine-les-organisateurs-annoncent-les-couleurs-de-la-2e-edition","status":"publish","type":"post","link":"https:\/\/www.africa-press.net\/guinee-conakry\/toutes-les-actualites\/emergence-magazine-les-organisateurs-annoncent-les-couleurs-de-la-2e-edition","title":{"rendered":"\u00c9mergence magazine : les organisateurs annoncent les couleurs de la 2e \u00c9dition"},"content":{"rendered":"<p><span style=\"color: #ff6600\"><strong>Africa-Press &#8211; Guin\u00e9e. <\/strong><\/span>En pre\u0301lude a\u0300 la deuxie\u0300me e\u0301dition de l\u2019e\u0301ve\u0301nement, les organisateurs de E\u0301mergence magazine ont tenu une confe\u0301rence de presse ce mardi 2 janvier 2024. Apre\u0300s un premier succe\u0300s, ces acteurs de me\u0301dias ont a\u0300 cette occasion annonce\u0301 la tenue a\u0300 Conakry, de l\u2019acte 2 du forum Emergence magazine sur le the\u0300me : \u00ab La Guine\u0301e, terre d\u2019opportunite\u0301s et d\u2019innovations\u2019\u2019, du 22 au 23 fe\u0301vrier 2024.<\/p>\n<p>Selon l\u2019administrateur ge\u0301ne\u0301ral adjoint et vice-pre\u0301sident du comite\u0301 d\u2019organisation, la particularite\u0301 de cette anne\u0301e, le Magazine E\u0301mergence est un magazine e\u0301conomique de re\u0301fe\u0301rence, habilite\u0301 en tant qu\u2019institution me\u0301diatique a\u0300 organiser a\u0300 la fois les re\u0301compenses pour les meilleurs acteurs e\u0301conomiques du pays mais aussi a\u0300 organiser un forum e\u0301conomique.<\/p>\n<p>C\u2019est pourquoi dit-il, \u00ab pour cette deuxie\u0300me e\u0301dition, nous avons pris l\u2019initiative d\u2019organiser en chapeau des Awards, un forum e\u0301conomique de deux jours qui va connai\u0302tre la participation de 500 acteurs e\u0301conomiques issus de diffe\u0301rents secteurs. Il va connai\u0302tre e\u0301galement la pre\u0301sence d\u2019experts nationaux et e\u0301trangers pour participer a\u0300 des discussions dans le cadre de 5 panels. Un panel sur l\u2019e\u0301conomie et la finance, un panel sur les mines, un troisie\u0300me sur l\u2019agriculture, un quatrie\u0300me sur le nume\u0301rique et un cinquie\u0300me sur l\u2019industrie du sport et de la culture. Donc c\u2019est une ambition assez forte qui nous anime pour re\u0301ussir ce grand e\u0301ve\u0301nement avec la participation et le concours de l\u2019E\u0301tat guine\u0301en, du secteur public mais aussi du secteur prive\u0301 a\u0300 travers la Confe\u0301de\u0301ration Ge\u0301ne\u0301rale des Entreprises de Guine\u0301e. Il y aura une formation de deux jours e\u0301galement en faveur de 50 jeunes entrepreneurs a\u0300 l\u2019e\u0301laboration du business plan et au me\u0301canisme de leve\u0301e de financement \u00bb, a annonce\u0301 Aboubacar Diallo.<\/p>\n<p>Revenant sur le bien fonde\u0301 de l\u2019initiative, l\u2019administrateur ge\u0301ne\u0301ral de Magazine E\u0301mergence et pre\u0301sident du comite\u0301 d\u2019organisation, Lamine Mognouma Cisse\u0301 a rappele\u0301 que \u00ab ce forum est parti d\u2019un constat tout simple. Dans tous les pays, les forums e\u0301conomiques et me\u0302me les re\u0301compenses des acteurs e\u0301conomiques sont organise\u0301s par ces me\u0301dias spe\u0301cialise\u0301s qu\u2019ils soient magazines ou sites. Ce sont les me\u0301dias spe\u0301cialise\u0301s notamment en e\u0301conomie qui organisent ces forums. Il y en a sur le continent, en Co\u0302te d\u2019Ivoire, le forum est organise\u0301 par Jeune Afrique E\u0301conomique. Il y a Africa Intelligence qui organise au Se\u0301ne\u0301gal, etc. Donc nous prenons part a\u0300 ces e\u0301ve\u0301nements. Magazine E\u0301mergence a la qualite\u0301. Nous existons depuis 2019 nous connaissons l\u2019environnement e\u0301conomique de notre pays. Nous connaissons les acteurs e\u0301conomiques. On s\u2019est dit pourquoi ne pas promouvoir cet environnement propice dans notre pays \u00bb, a explique\u0301 M. Cisse\u0301.<\/p>\n<p>Les organisateurs affirment qu\u2019au cours de ce forum, les 5 panels prevus seront organise\u0301s sous la clairvoyance d\u2019un jury de neuf e\u0301minents cadres notamment des anciens ministres. Ils rassurent par ailleurs, que cette anne\u0301e, toutes les dispositions sont prises afin que les diffe\u0301rents prix ne souffrent d\u2019aucune contestation, gra\u0302ce a\u0300 l\u2019expertise du cabinet Mocam.<\/p>\n<p><strong>Pour plus d&rsquo;informations et d&rsquo;analyses sur la <a href=\"https:\/\/www.africa-press.net\/guinee-conakry\">Guin\u00e9e<\/a>, suivez <a href=\"https:\/\/www.africa-press.net\/\">Africa-Press<\/a><\/strong><\/p>\n","protected":false},"excerpt":{"rendered":"<p>Africa-Press &#8211; Guin\u00e9e. En pre\u0301lude a\u0300 la deuxie\u0300me e\u0301dition de l\u2019e\u0301ve\u0301nement, les organisateurs de E\u0301mergence magazine ont tenu une confe\u0301rence de presse ce mardi 2 janvier 2024. Apre\u0300s un premier succe\u0300s, ces acteurs de me\u0301dias ont a\u0300 cette occasion annonce\u0301 la tenue a\u0300 Conakry, de l\u2019acte 2 du forum Emergence magazine sur le the\u0300me : [&hellip;]<\/p>\n","protected":false},"author":82,"featured_media":18138,"comment_status":"open","ping_status":"closed","sticky":false,"template":"","format":"standard","meta":{"footnotes":""},"categories":[21,10],"tags":[36,57,58],"class_list":["post-18139","post","type-post","status-publish","format-standard","has-post-thumbnail","hentry","category-communaute","category-toutes-les-actualites","tag-africa-press","tag-africa-press-guinee","tag-guinee"],"yoast_head":"<!-- This site is optimized with the Yoast SEO Premium plugin v26.1 (Yoast SEO v27.0) - https:\/\/yoast.com\/product\/yoast-seo-premium-wordpress\/ -->\n<title>\u00c9mergence magazine : les organisateurs annoncent les couleurs de la 2e \u00c9dition - guinee Conakry<\/title>\n<meta name=\"robots\" content=\"index, follow, max-snippet:-1, max-image-preview:large, max-video-preview:-1\" \/>\n<link rel=\"canonical\" href=\"https:\/\/www.africa-press.net\/guinee-conakry\/politique\/emergence-magazine-les-organisateurs-annoncent-les-couleurs-de-la-2e-edition\" \/>\n<meta property=\"og:locale\" content=\"fr_FR\" \/>\n<meta property=\"og:type\" content=\"article\" \/>\n<meta property=\"og:title\" content=\"\u00c9mergence magazine : les organisateurs annoncent les couleurs de la 2e \u00c9dition\" \/>\n<meta property=\"og:description\" content=\"Africa-Press &#8211; Guin\u00e9e. En pre\u0301lude a\u0300 la deuxie\u0300me e\u0301dition de l\u2019e\u0301ve\u0301nement, les organisateurs de E\u0301mergence magazine ont tenu une confe\u0301rence de presse ce mardi 2 janvier 2024. Apre\u0300s un premier succe\u0300s, ces acteurs de me\u0301dias ont a\u0300 cette occasion annonce\u0301 la tenue a\u0300 Conakry, de l\u2019acte 2 du forum Emergence magazine sur le the\u0300me : [&hellip;]\" \/>\n<meta property=\"og:url\" content=\"https:\/\/www.africa-press.net\/guinee-conakry\/politique\/emergence-magazine-les-organisateurs-annoncent-les-couleurs-de-la-2e-edition\" \/>\n<meta property=\"og:site_name\" content=\"guinee Conakry\" \/>\n<meta property=\"article:published_time\" content=\"2024-01-03T06:52:00+00:00\" \/>\n<meta name=\"author\" content=\"cfeditorfr\" \/>\n<meta name=\"twitter:card\" content=\"summary_large_image\" \/>\n<meta name=\"twitter:label1\" content=\"\u00c9crit par\" \/>\n\t<meta name=\"twitter:data1\" content=\"cfeditorfr\" \/>\n\t<meta name=\"twitter:label2\" content=\"Dur\u00e9e de lecture estim\u00e9e\" \/>\n\t<meta name=\"twitter:data2\" content=\"3 minutes\" \/>\n<script type=\"application\/ld+json\" class=\"yoast-schema-graph\">{\"@context\":\"https:\/\/schema.org\",\"@graph\":[{\"@type\":\"Article\",\"@id\":\"https:\/\/www.africa-press.net\/guinee-conakry\/politique\/emergence-magazine-les-organisateurs-annoncent-les-couleurs-de-la-2e-edition#article\",\"isPartOf\":{\"@id\":\"https:\/\/www.africa-press.net\/guinee-conakry\/politique\/emergence-magazine-les-organisateurs-annoncent-les-couleurs-de-la-2e-edition\"},\"author\":{\"name\":\"cfeditorfr\",\"@id\":\"https:\/\/www.africa-press.net\/guinee-conakry\/#\/schema\/person\/2b1cf3cd81a31e3cd26889ca66d677f1\"},\"headline\":\"\u00c9mergence magazine : les organisateurs annoncent les couleurs de la 2e \u00c9dition\",\"datePublished\":\"2024-01-03T06:52:00+00:00\",\"mainEntityOfPage\":{\"@id\":\"https:\/\/www.africa-press.net\/guinee-conakry\/politique\/emergence-magazine-les-organisateurs-annoncent-les-couleurs-de-la-2e-edition\"},\"wordCount\":597,\"commentCount\":0,\"image\":{\"@id\":\"https:\/\/www.africa-press.net\/guinee-conakry\/politique\/emergence-magazine-les-organisateurs-annoncent-les-couleurs-de-la-2e-edition#primaryimage\"},\"thumbnailUrl\":\"https:\/\/static.africa-press.net\/conakry\/sites\/63\/2024\/01\/Jokar1704252148.070853.jpg\",\"keywords\":[\"Africa Press\",\"Africa Press-Guin\u00e9e\",\"Guin\u00e9e\"],\"articleSection\":[\"Communaut\u00e9\",\"Toutes les actualit\u00e9s\"],\"inLanguage\":\"fr-FR\",\"potentialAction\":[{\"@type\":\"CommentAction\",\"name\":\"Comment\",\"target\":[\"https:\/\/www.africa-press.net\/guinee-conakry\/politique\/emergence-magazine-les-organisateurs-annoncent-les-couleurs-de-la-2e-edition#respond\"]}]},{\"@type\":\"WebPage\",\"@id\":\"https:\/\/www.africa-press.net\/guinee-conakry\/politique\/emergence-magazine-les-organisateurs-annoncent-les-couleurs-de-la-2e-edition\",\"url\":\"https:\/\/www.africa-press.net\/guinee-conakry\/politique\/emergence-magazine-les-organisateurs-annoncent-les-couleurs-de-la-2e-edition\",\"name\":\"\u00c9mergence magazine : les organisateurs annoncent les couleurs de la 2e \u00c9dition - guinee Conakry\",\"isPartOf\":{\"@id\":\"https:\/\/www.africa-press.net\/guinee-conakry\/#website\"},\"primaryImageOfPage\":{\"@id\":\"https:\/\/www.africa-press.net\/guinee-conakry\/politique\/emergence-magazine-les-organisateurs-annoncent-les-couleurs-de-la-2e-edition#primaryimage\"},\"image\":{\"@id\":\"https:\/\/www.africa-press.net\/guinee-conakry\/politique\/emergence-magazine-les-organisateurs-annoncent-les-couleurs-de-la-2e-edition#primaryimage\"},\"thumbnailUrl\":\"https:\/\/static.africa-press.net\/conakry\/sites\/63\/2024\/01\/Jokar1704252148.070853.jpg\",\"datePublished\":\"2024-01-03T06:52:00+00:00\",\"author\":{\"@id\":\"https:\/\/www.africa-press.net\/guinee-conakry\/#\/schema\/person\/2b1cf3cd81a31e3cd26889ca66d677f1\"},\"breadcrumb\":{\"@id\":\"https:\/\/www.africa-press.net\/guinee-conakry\/politique\/emergence-magazine-les-organisateurs-annoncent-les-couleurs-de-la-2e-edition#breadcrumb\"},\"inLanguage\":\"fr-FR\",\"potentialAction\":[{\"@type\":\"ReadAction\",\"target\":[\"https:\/\/www.africa-press.net\/guinee-conakry\/politique\/emergence-magazine-les-organisateurs-annoncent-les-couleurs-de-la-2e-edition\"]}]},{\"@type\":\"ImageObject\",\"inLanguage\":\"fr-FR\",\"@id\":\"https:\/\/www.africa-press.net\/guinee-conakry\/politique\/emergence-magazine-les-organisateurs-annoncent-les-couleurs-de-la-2e-edition#primaryimage\",\"url\":\"https:\/\/static.africa-press.net\/conakry\/sites\/63\/2024\/01\/Jokar1704252148.070853.jpg\",\"contentUrl\":\"https:\/\/static.africa-press.net\/conakry\/sites\/63\/2024\/01\/Jokar1704252148.070853.jpg\",\"width\":755,\"height\":380,\"caption\":\"\u00c9mergence magazine : les organisateurs annoncent les couleurs de la 2e \u00c9dition\"},{\"@type\":\"BreadcrumbList\",\"@id\":\"https:\/\/www.africa-press.net\/guinee-conakry\/politique\/emergence-magazine-les-organisateurs-annoncent-les-couleurs-de-la-2e-edition#breadcrumb\",\"itemListElement\":[{\"@type\":\"ListItem\",\"position\":1,\"name\":\"Accueil\",\"item\":\"https:\/\/www.africa-press.net\/guinee-conakry\/\"},{\"@type\":\"ListItem\",\"position\":2,\"name\":\"\u00c9mergence magazine : les organisateurs annoncent les couleurs de la 2e \u00c9dition\"}]},{\"@type\":\"WebSite\",\"@id\":\"https:\/\/www.africa-press.net\/guinee-conakry\/#website\",\"url\":\"https:\/\/www.africa-press.net\/guinee-conakry\/\",\"name\":\"guinee Conakry\",\"description\":\"Just another Africa News Agency Sites site\",\"potentialAction\":[{\"@type\":\"SearchAction\",\"target\":{\"@type\":\"EntryPoint\",\"urlTemplate\":\"https:\/\/www.africa-press.net\/guinee-conakry\/?s={search_term_string}\"},\"query-input\":{\"@type\":\"PropertyValueSpecification\",\"valueRequired\":true,\"valueName\":\"search_term_string\"}}],\"inLanguage\":\"fr-FR\"},{\"@type\":\"Person\",\"@id\":\"https:\/\/www.africa-press.net\/guinee-conakry\/#\/schema\/person\/2b1cf3cd81a31e3cd26889ca66d677f1\",\"name\":\"cfeditorfr\"}]}<\/script>\n<!-- \/ Yoast SEO Premium plugin. -->","yoast_head_json":{"title":"\u00c9mergence magazine : les organisateurs annoncent les couleurs de la 2e \u00c9dition - guinee Conakry","robots":{"index":"index","follow":"follow","max-snippet":"max-snippet:-1","max-image-preview":"max-image-preview:large","max-video-preview":"max-video-preview:-1"},"canonical":"https:\/\/www.africa-press.net\/guinee-conakry\/politique\/emergence-magazine-les-organisateurs-annoncent-les-couleurs-de-la-2e-edition","og_locale":"fr_FR","og_type":"article","og_title":"\u00c9mergence magazine : les organisateurs annoncent les couleurs de la 2e \u00c9dition","og_description":"Africa-Press &#8211; Guin\u00e9e. En pre\u0301lude a\u0300 la deuxie\u0300me e\u0301dition de l\u2019e\u0301ve\u0301nement, les organisateurs de E\u0301mergence magazine ont tenu une confe\u0301rence de presse ce mardi 2 janvier 2024. Apre\u0300s un premier succe\u0300s, ces acteurs de me\u0301dias ont a\u0300 cette occasion annonce\u0301 la tenue a\u0300 Conakry, de l\u2019acte 2 du forum Emergence magazine sur le the\u0300me : [&hellip;]","og_url":"https:\/\/www.africa-press.net\/guinee-conakry\/politique\/emergence-magazine-les-organisateurs-annoncent-les-couleurs-de-la-2e-edition","og_site_name":"guinee Conakry","article_published_time":"2024-01-03T06:52:00+00:00","author":"cfeditorfr","twitter_card":"summary_large_image","twitter_misc":{"\u00c9crit par":"cfeditorfr","Dur\u00e9e de lecture estim\u00e9e":"3 minutes"},"schema":{"@context":"https:\/\/schema.org","@graph":[{"@type":"Article","@id":"https:\/\/www.africa-press.net\/guinee-conakry\/politique\/emergence-magazine-les-organisateurs-annoncent-les-couleurs-de-la-2e-edition#article","isPartOf":{"@id":"https:\/\/www.africa-press.net\/guinee-conakry\/politique\/emergence-magazine-les-organisateurs-annoncent-les-couleurs-de-la-2e-edition"},"author":{"name":"cfeditorfr","@id":"https:\/\/www.africa-press.net\/guinee-conakry\/#\/schema\/person\/2b1cf3cd81a31e3cd26889ca66d677f1"},"headline":"\u00c9mergence magazine : les organisateurs annoncent les couleurs de la 2e \u00c9dition","datePublished":"2024-01-03T06:52:00+00:00","mainEntityOfPage":{"@id":"https:\/\/www.africa-press.net\/guinee-conakry\/politique\/emergence-magazine-les-organisateurs-annoncent-les-couleurs-de-la-2e-edition"},"wordCount":597,"commentCount":0,"image":{"@id":"https:\/\/www.africa-press.net\/guinee-conakry\/politique\/emergence-magazine-les-organisateurs-annoncent-les-couleurs-de-la-2e-edition#primaryimage"},"thumbnailUrl":"https:\/\/static.africa-press.net\/conakry\/sites\/63\/2024\/01\/Jokar1704252148.070853.jpg","keywords":["Africa Press","Africa Press-Guin\u00e9e","Guin\u00e9e"],"articleSection":["Communaut\u00e9","Toutes les actualit\u00e9s"],"inLanguage":"fr-FR","potentialAction":[{"@type":"CommentAction","name":"Comment","target":["https:\/\/www.africa-press.net\/guinee-conakry\/politique\/emergence-magazine-les-organisateurs-annoncent-les-couleurs-de-la-2e-edition#respond"]}]},{"@type":"WebPage","@id":"https:\/\/www.africa-press.net\/guinee-conakry\/politique\/emergence-magazine-les-organisateurs-annoncent-les-couleurs-de-la-2e-edition","url":"https:\/\/www.africa-press.net\/guinee-conakry\/politique\/emergence-magazine-les-organisateurs-annoncent-les-couleurs-de-la-2e-edition","name":"\u00c9mergence magazine : les organisateurs annoncent les couleurs de la 2e \u00c9dition - guinee Conakry","isPartOf":{"@id":"https:\/\/www.africa-press.net\/guinee-conakry\/#website"},"primaryImageOfPage":{"@id":"https:\/\/www.africa-press.net\/guinee-conakry\/politique\/emergence-magazine-les-organisateurs-annoncent-les-couleurs-de-la-2e-edition#primaryimage"},"image":{"@id":"https:\/\/www.africa-press.net\/guinee-conakry\/politique\/emergence-magazine-les-organisateurs-annoncent-les-couleurs-de-la-2e-edition#primaryimage"},"thumbnailUrl":"https:\/\/static.africa-press.net\/conakry\/sites\/63\/2024\/01\/Jokar1704252148.070853.jpg","datePublished":"2024-01-03T06:52:00+00:00","author":{"@id":"https:\/\/www.africa-press.net\/guinee-conakry\/#\/schema\/person\/2b1cf3cd81a31e3cd26889ca66d677f1"},"breadcrumb":{"@id":"https:\/\/www.africa-press.net\/guinee-conakry\/politique\/emergence-magazine-les-organisateurs-annoncent-les-couleurs-de-la-2e-edition#breadcrumb"},"inLanguage":"fr-FR","potentialAction":[{"@type":"ReadAction","target":["https:\/\/www.africa-press.net\/guinee-conakry\/politique\/emergence-magazine-les-organisateurs-annoncent-les-couleurs-de-la-2e-edition"]}]},{"@type":"ImageObject","inLanguage":"fr-FR","@id":"https:\/\/www.africa-press.net\/guinee-conakry\/politique\/emergence-magazine-les-organisateurs-annoncent-les-couleurs-de-la-2e-edition#primaryimage","url":"https:\/\/static.africa-press.net\/conakry\/sites\/63\/2024\/01\/Jokar1704252148.070853.jpg","contentUrl":"https:\/\/static.africa-press.net\/conakry\/sites\/63\/2024\/01\/Jokar1704252148.070853.jpg","width":755,"height":380,"caption":"\u00c9mergence magazine : les organisateurs annoncent les couleurs de la 2e \u00c9dition"},{"@type":"BreadcrumbList","@id":"https:\/\/www.africa-press.net\/guinee-conakry\/politique\/emergence-magazine-les-organisateurs-annoncent-les-couleurs-de-la-2e-edition#breadcrumb","itemListElement":[{"@type":"ListItem","position":1,"name":"Accueil","item":"https:\/\/www.africa-press.net\/guinee-conakry\/"},{"@type":"ListItem","position":2,"name":"\u00c9mergence magazine : les organisateurs annoncent les couleurs de la 2e \u00c9dition"}]},{"@type":"WebSite","@id":"https:\/\/www.africa-press.net\/guinee-conakry\/#website","url":"https:\/\/www.africa-press.net\/guinee-conakry\/","name":"guinee Conakry","description":"Just another Africa News Agency Sites site","potentialAction":[{"@type":"SearchAction","target":{"@type":"EntryPoint","urlTemplate":"https:\/\/www.africa-press.net\/guinee-conakry\/?s={search_term_string}"},"query-input":{"@type":"PropertyValueSpecification","valueRequired":true,"valueName":"search_term_string"}}],"inLanguage":"fr-FR"},{"@type":"Person","@id":"https:\/\/www.africa-press.net\/guinee-conakry\/#\/schema\/person\/2b1cf3cd81a31e3cd26889ca66d677f1","name":"cfeditorfr"}]}},"_links":{"self":[{"href":"https:\/\/www.africa-press.net\/guinee-conakry\/wp-json\/wp\/v2\/posts\/18139","targetHints":{"allow":["GET"]}}],"collection":[{"href":"https:\/\/www.africa-press.net\/guinee-conakry\/wp-json\/wp\/v2\/posts"}],"about":[{"href":"https:\/\/www.africa-press.net\/guinee-conakry\/wp-json\/wp\/v2\/types\/post"}],"author":[{"embeddable":true,"href":"https:\/\/www.africa-press.net\/guinee-conakry\/wp-json\/wp\/v2\/users\/82"}],"replies":[{"embeddable":true,"href":"https:\/\/www.africa-press.net\/guinee-conakry\/wp-json\/wp\/v2\/comments?post=18139"}],"version-history":[{"count":0,"href":"https:\/\/www.africa-press.net\/guinee-conakry\/wp-json\/wp\/v2\/posts\/18139\/revisions"}],"wp:featuredmedia":[{"embeddable":true,"href":"https:\/\/www.africa-press.net\/guinee-conakry\/wp-json\/wp\/v2\/media\/18138"}],"wp:attachment":[{"href":"https:\/\/www.africa-press.net\/guinee-conakry\/wp-json\/wp\/v2\/media?parent=18139"}],"wp:term":[{"taxonomy":"category","embeddable":true,"href":"https:\/\/www.africa-press.net\/guinee-conakry\/wp-json\/wp\/v2\/categories?post=18139"},{"taxonomy":"post_tag","embeddable":true,"href":"https:\/\/www.africa-press.net\/guinee-conakry\/wp-json\/wp\/v2\/tags?post=18139"}],"curies":[{"name":"wp","href":"https:\/\/api.w.org\/{rel}","templated":true}]}}