{"id":18141,"date":"2024-01-03T06:53:00","date_gmt":"2024-01-03T06:53:00","guid":{"rendered":"https:\/\/www.africa-press.net\/guinee-conakry\/politique\/kindia-des-citoyens-saluent-la-prochaine-mise-en-place-dune-delegation-speciale"},"modified":"2024-01-03T06:53:00","modified_gmt":"2024-01-03T06:53:00","slug":"kindia-des-citoyens-saluent-la-prochaine-mise-en-place-dune-delegation-speciale","status":"publish","type":"post","link":"https:\/\/www.africa-press.net\/guinee-conakry\/toutes-les-actualites\/kindia-des-citoyens-saluent-la-prochaine-mise-en-place-dune-delegation-speciale","title":{"rendered":"Kindia : des citoyens saluent la prochaine mise en place d\u2019une d\u00e9l\u00e9gation sp\u00e9ciale"},"content":{"rendered":"<p><span style=\"color: #ff6600\"><strong>Africa-Press &#8211; Guin\u00e9e. <\/strong><\/span>A l\u2019occasion de son discours de nouvel an, le pre\u0301sident de la transition, le colonel Mamadi Doumbouya a annonce\u0301 que les de\u0301le\u0301gations seront mises en place en lieu et place des conseillers communaux pour pour poursuivre les grands chantiers entame\u0301s par les autorite\u0301s de la transition.<\/p>\n<p>Dans la commune urbaine de Kindia, ou\u0300 la gestion des conseillers communaux installe\u0301s depuis fe\u0301vrier 2018 fait souvent de\u0301bat au sein de l\u2019opinion publique. Des citoyens rencontre\u0301s dans l\u2019apre\u0300s-midi du lundi par notre re\u0301daction donnent leurs points de vue.<\/p>\n<p>Interroge\u0301 Dounet Barry, citoyen de la commune urbaine de Kindia pense que la de\u0301cision vient un peu en retard pour le cas de Kindia : \u00ab Moi je pense que le pre\u0301sident a\u0300 retarder cette de\u0301cision, cela devrait e\u0302tre fait a\u0300 Kindia depuis. La gestion de la commune de Kindia est une honte. Depuis l\u2019installation des conseillers, ils n\u2019ont rien fait en terme de de\u0301veloppement de la commune comparativement a\u0300 l\u2019e\u0301quipe de Feu Drame\u0301 et Abdoulaye Bah.<\/p>\n<p>Combien de fois, les routes qui relient les quartiers sont de\u0301grade\u0301es, les marche\u0301s qu\u2019ils disent avoir construits sont teinte\u0301s de pole\u0301miques. Vous vous souvenez, il y a quelques mois en arrie\u0300re, toutes les femmes e\u0301taient dehors pour de\u0301noncer la gestion de la commune et les taxes qu\u2019elles devraient paye\u0301es a\u0300 la commune mais aussi a\u0300 un ope\u0301rateur e\u0301conomique.<\/p>\n<p>Nous avons accueilli avec joie et satisfaction la nouvelle. Nous voulons qu\u2019on installe me\u0302me cette e\u0301quipe de de\u0301le\u0301gation spe\u0301ciale maintenant la\u0300 pour au moins la population de Kindia \u00bb, se re\u0301jouit-il.<\/p>\n<p>Souleymane, acteur politique local, a pour sa part mentionner que les autorite\u0301s veulent mettre les de\u0301le\u0301gations spe\u0301ciales pour leur propre inte\u0301re\u0302t. Je ne pense pas que cela soit dans l\u2019inte\u0301re\u0302t de la population. \u00ab Nous avons tous appris la nouvelle, mais sauf que mon inquie\u0301tude, il ne faudrait pas enlever les gens me\u0302me si nous savons que leur mandat est expire\u0301 et nous envoyer des gens pour faire le pire encore.<\/p>\n<p>Notre souhait, c\u2019est de nous envoyer une e\u0301quipe qui pourrra sortir Kindia de sa le\u0301thargie. Cette e\u0301quipe que dirige El hadj Mamadouba Bangoura n\u2019a pas re\u0301pondu favorable en terme de de\u0301veloppement de la commune, rien n\u2019est visible a\u0300 part les contrats aujourd\u2019hui de\u0301crie\u0301s par les femmes.<\/p>\n<p>Nous prions les autorite\u0301s a\u0300 mettre en place des gens capables de faire bouger les choses a\u0300 l\u2019image de certaines communes du pays.<\/p>\n<p>Nous ne voulons pas que ceux qui viennent soient la\u0300 juste en tant que figurant. Re\u0301cemment, nous avons appris encore que les conseils de quartiers seront choisis par les gouverneurs. S\u2019ils veulent avoir le contro\u0302le sur tout c\u2019est bien, mais il faudrait qu\u2019il y ait l\u2019inte\u0301re\u0302t de la population dedans \u00bb, souligne-t-il.<\/p>\n<p>Les regards sont de\u0301sormais tourne\u0301s vers les autorite\u0301s de la transition pour la mise en place de ces de\u0301le\u0301gations spe\u0301ciales solicite\u0301s dans plusieurs localite\u0301s du pays.<\/p>\n<p><strong>Pour plus d&rsquo;informations et d&rsquo;analyses sur la <a href=\"https:\/\/www.africa-press.net\/guinee-conakry\">Guin\u00e9e<\/a>, suivez <a href=\"https:\/\/www.africa-press.net\/\">Africa-Press<\/a><\/strong><\/p>\n","protected":false},"excerpt":{"rendered":"<p>Africa-Press &#8211; Guin\u00e9e. A l\u2019occasion de son discours de nouvel an, le pre\u0301sident de la transition, le colonel Mamadi Doumbouya a annonce\u0301 que les de\u0301le\u0301gations seront mises en place en lieu et place des conseillers communaux pour pour poursuivre les grands chantiers entame\u0301s par les autorite\u0301s de la transition. Dans la commune urbaine de Kindia, [&hellip;]<\/p>\n","protected":false},"author":82,"featured_media":18140,"comment_status":"open","ping_status":"closed","sticky":false,"template":"","format":"standard","meta":{"footnotes":""},"categories":[21,56,10],"tags":[36,57,58],"class_list":["post-18141","post","type-post","status-publish","format-standard","has-post-thumbnail","hentry","category-communaute","category-to-homepage","category-toutes-les-actualites","tag-africa-press","tag-africa-press-guinee","tag-guinee"],"yoast_head":"<!-- This site is optimized with the Yoast SEO Premium plugin v26.1 (Yoast SEO v27.0) - https:\/\/yoast.com\/product\/yoast-seo-premium-wordpress\/ -->\n<title>Kindia : des citoyens saluent la prochaine mise en place d\u2019une d\u00e9l\u00e9gation sp\u00e9ciale - guinee Conakry<\/title>\n<meta name=\"robots\" content=\"index, follow, max-snippet:-1, max-image-preview:large, max-video-preview:-1\" \/>\n<link rel=\"canonical\" href=\"https:\/\/www.africa-press.net\/guinee-conakry\/politique\/kindia-des-citoyens-saluent-la-prochaine-mise-en-place-dune-delegation-speciale\" \/>\n<meta property=\"og:locale\" content=\"fr_FR\" \/>\n<meta property=\"og:type\" content=\"article\" \/>\n<meta property=\"og:title\" content=\"Kindia : des citoyens saluent la prochaine mise en place d\u2019une d\u00e9l\u00e9gation sp\u00e9ciale\" \/>\n<meta property=\"og:description\" content=\"Africa-Press &#8211; Guin\u00e9e. A l\u2019occasion de son discours de nouvel an, le pre\u0301sident de la transition, le colonel Mamadi Doumbouya a annonce\u0301 que les de\u0301le\u0301gations seront mises en place en lieu et place des conseillers communaux pour pour poursuivre les grands chantiers entame\u0301s par les autorite\u0301s de la transition. Dans la commune urbaine de Kindia, [&hellip;]\" \/>\n<meta property=\"og:url\" content=\"https:\/\/www.africa-press.net\/guinee-conakry\/politique\/kindia-des-citoyens-saluent-la-prochaine-mise-en-place-dune-delegation-speciale\" \/>\n<meta property=\"og:site_name\" content=\"guinee Conakry\" \/>\n<meta property=\"article:published_time\" content=\"2024-01-03T06:53:00+00:00\" \/>\n<meta name=\"author\" content=\"cfeditorfr\" \/>\n<meta name=\"twitter:card\" content=\"summary_large_image\" \/>\n<meta name=\"twitter:label1\" content=\"\u00c9crit par\" \/>\n\t<meta name=\"twitter:data1\" content=\"cfeditorfr\" \/>\n\t<meta name=\"twitter:label2\" content=\"Dur\u00e9e de lecture estim\u00e9e\" \/>\n\t<meta name=\"twitter:data2\" content=\"3 minutes\" \/>\n<script type=\"application\/ld+json\" class=\"yoast-schema-graph\">{\"@context\":\"https:\/\/schema.org\",\"@graph\":[{\"@type\":\"Article\",\"@id\":\"https:\/\/www.africa-press.net\/guinee-conakry\/politique\/kindia-des-citoyens-saluent-la-prochaine-mise-en-place-dune-delegation-speciale#article\",\"isPartOf\":{\"@id\":\"https:\/\/www.africa-press.net\/guinee-conakry\/politique\/kindia-des-citoyens-saluent-la-prochaine-mise-en-place-dune-delegation-speciale\"},\"author\":{\"name\":\"cfeditorfr\",\"@id\":\"https:\/\/www.africa-press.net\/guinee-conakry\/#\/schema\/person\/2b1cf3cd81a31e3cd26889ca66d677f1\"},\"headline\":\"Kindia : des citoyens saluent la prochaine mise en place d\u2019une d\u00e9l\u00e9gation sp\u00e9ciale\",\"datePublished\":\"2024-01-03T06:53:00+00:00\",\"mainEntityOfPage\":{\"@id\":\"https:\/\/www.africa-press.net\/guinee-conakry\/politique\/kindia-des-citoyens-saluent-la-prochaine-mise-en-place-dune-delegation-speciale\"},\"wordCount\":579,\"commentCount\":0,\"image\":{\"@id\":\"https:\/\/www.africa-press.net\/guinee-conakry\/politique\/kindia-des-citoyens-saluent-la-prochaine-mise-en-place-dune-delegation-speciale#primaryimage\"},\"thumbnailUrl\":\"https:\/\/static.africa-press.net\/conakry\/sites\/63\/2024\/01\/Jokar1704252227.437828.jpg\",\"keywords\":[\"Africa Press\",\"Africa Press-Guin\u00e9e\",\"Guin\u00e9e\"],\"articleSection\":[\"Communaut\u00e9\",\"to-homepage\",\"Toutes les actualit\u00e9s\"],\"inLanguage\":\"fr-FR\",\"potentialAction\":[{\"@type\":\"CommentAction\",\"name\":\"Comment\",\"target\":[\"https:\/\/www.africa-press.net\/guinee-conakry\/politique\/kindia-des-citoyens-saluent-la-prochaine-mise-en-place-dune-delegation-speciale#respond\"]}]},{\"@type\":\"WebPage\",\"@id\":\"https:\/\/www.africa-press.net\/guinee-conakry\/politique\/kindia-des-citoyens-saluent-la-prochaine-mise-en-place-dune-delegation-speciale\",\"url\":\"https:\/\/www.africa-press.net\/guinee-conakry\/politique\/kindia-des-citoyens-saluent-la-prochaine-mise-en-place-dune-delegation-speciale\",\"name\":\"Kindia : des citoyens saluent la prochaine mise en place d\u2019une d\u00e9l\u00e9gation sp\u00e9ciale - guinee Conakry\",\"isPartOf\":{\"@id\":\"https:\/\/www.africa-press.net\/guinee-conakry\/#website\"},\"primaryImageOfPage\":{\"@id\":\"https:\/\/www.africa-press.net\/guinee-conakry\/politique\/kindia-des-citoyens-saluent-la-prochaine-mise-en-place-dune-delegation-speciale#primaryimage\"},\"image\":{\"@id\":\"https:\/\/www.africa-press.net\/guinee-conakry\/politique\/kindia-des-citoyens-saluent-la-prochaine-mise-en-place-dune-delegation-speciale#primaryimage\"},\"thumbnailUrl\":\"https:\/\/static.africa-press.net\/conakry\/sites\/63\/2024\/01\/Jokar1704252227.437828.jpg\",\"datePublished\":\"2024-01-03T06:53:00+00:00\",\"author\":{\"@id\":\"https:\/\/www.africa-press.net\/guinee-conakry\/#\/schema\/person\/2b1cf3cd81a31e3cd26889ca66d677f1\"},\"breadcrumb\":{\"@id\":\"https:\/\/www.africa-press.net\/guinee-conakry\/politique\/kindia-des-citoyens-saluent-la-prochaine-mise-en-place-dune-delegation-speciale#breadcrumb\"},\"inLanguage\":\"fr-FR\",\"potentialAction\":[{\"@type\":\"ReadAction\",\"target\":[\"https:\/\/www.africa-press.net\/guinee-conakry\/politique\/kindia-des-citoyens-saluent-la-prochaine-mise-en-place-dune-delegation-speciale\"]}]},{\"@type\":\"ImageObject\",\"inLanguage\":\"fr-FR\",\"@id\":\"https:\/\/www.africa-press.net\/guinee-conakry\/politique\/kindia-des-citoyens-saluent-la-prochaine-mise-en-place-dune-delegation-speciale#primaryimage\",\"url\":\"https:\/\/static.africa-press.net\/conakry\/sites\/63\/2024\/01\/Jokar1704252227.437828.jpg\",\"contentUrl\":\"https:\/\/static.africa-press.net\/conakry\/sites\/63\/2024\/01\/Jokar1704252227.437828.jpg\",\"width\":1024,\"height\":460,\"caption\":\"Kindia : des citoyens saluent la prochaine mise en place d\u2019une d\u00e9l\u00e9gation sp\u00e9ciale\"},{\"@type\":\"BreadcrumbList\",\"@id\":\"https:\/\/www.africa-press.net\/guinee-conakry\/politique\/kindia-des-citoyens-saluent-la-prochaine-mise-en-place-dune-delegation-speciale#breadcrumb\",\"itemListElement\":[{\"@type\":\"ListItem\",\"position\":1,\"name\":\"Accueil\",\"item\":\"https:\/\/www.africa-press.net\/guinee-conakry\/\"},{\"@type\":\"ListItem\",\"position\":2,\"name\":\"Kindia : des citoyens saluent la prochaine mise en place d\u2019une d\u00e9l\u00e9gation sp\u00e9ciale\"}]},{\"@type\":\"WebSite\",\"@id\":\"https:\/\/www.africa-press.net\/guinee-conakry\/#website\",\"url\":\"https:\/\/www.africa-press.net\/guinee-conakry\/\",\"name\":\"guinee Conakry\",\"description\":\"Just another Africa News Agency Sites site\",\"potentialAction\":[{\"@type\":\"SearchAction\",\"target\":{\"@type\":\"EntryPoint\",\"urlTemplate\":\"https:\/\/www.africa-press.net\/guinee-conakry\/?s={search_term_string}\"},\"query-input\":{\"@type\":\"PropertyValueSpecification\",\"valueRequired\":true,\"valueName\":\"search_term_string\"}}],\"inLanguage\":\"fr-FR\"},{\"@type\":\"Person\",\"@id\":\"https:\/\/www.africa-press.net\/guinee-conakry\/#\/schema\/person\/2b1cf3cd81a31e3cd26889ca66d677f1\",\"name\":\"cfeditorfr\"}]}<\/script>\n<!-- \/ Yoast SEO Premium plugin. -->","yoast_head_json":{"title":"Kindia : des citoyens saluent la prochaine mise en place d\u2019une d\u00e9l\u00e9gation sp\u00e9ciale - guinee Conakry","robots":{"index":"index","follow":"follow","max-snippet":"max-snippet:-1","max-image-preview":"max-image-preview:large","max-video-preview":"max-video-preview:-1"},"canonical":"https:\/\/www.africa-press.net\/guinee-conakry\/politique\/kindia-des-citoyens-saluent-la-prochaine-mise-en-place-dune-delegation-speciale","og_locale":"fr_FR","og_type":"article","og_title":"Kindia : des citoyens saluent la prochaine mise en place d\u2019une d\u00e9l\u00e9gation sp\u00e9ciale","og_description":"Africa-Press &#8211; Guin\u00e9e. A l\u2019occasion de son discours de nouvel an, le pre\u0301sident de la transition, le colonel Mamadi Doumbouya a annonce\u0301 que les de\u0301le\u0301gations seront mises en place en lieu et place des conseillers communaux pour pour poursuivre les grands chantiers entame\u0301s par les autorite\u0301s de la transition. Dans la commune urbaine de Kindia, [&hellip;]","og_url":"https:\/\/www.africa-press.net\/guinee-conakry\/politique\/kindia-des-citoyens-saluent-la-prochaine-mise-en-place-dune-delegation-speciale","og_site_name":"guinee Conakry","article_published_time":"2024-01-03T06:53:00+00:00","author":"cfeditorfr","twitter_card":"summary_large_image","twitter_misc":{"\u00c9crit par":"cfeditorfr","Dur\u00e9e de lecture estim\u00e9e":"3 minutes"},"schema":{"@context":"https:\/\/schema.org","@graph":[{"@type":"Article","@id":"https:\/\/www.africa-press.net\/guinee-conakry\/politique\/kindia-des-citoyens-saluent-la-prochaine-mise-en-place-dune-delegation-speciale#article","isPartOf":{"@id":"https:\/\/www.africa-press.net\/guinee-conakry\/politique\/kindia-des-citoyens-saluent-la-prochaine-mise-en-place-dune-delegation-speciale"},"author":{"name":"cfeditorfr","@id":"https:\/\/www.africa-press.net\/guinee-conakry\/#\/schema\/person\/2b1cf3cd81a31e3cd26889ca66d677f1"},"headline":"Kindia : des citoyens saluent la prochaine mise en place d\u2019une d\u00e9l\u00e9gation sp\u00e9ciale","datePublished":"2024-01-03T06:53:00+00:00","mainEntityOfPage":{"@id":"https:\/\/www.africa-press.net\/guinee-conakry\/politique\/kindia-des-citoyens-saluent-la-prochaine-mise-en-place-dune-delegation-speciale"},"wordCount":579,"commentCount":0,"image":{"@id":"https:\/\/www.africa-press.net\/guinee-conakry\/politique\/kindia-des-citoyens-saluent-la-prochaine-mise-en-place-dune-delegation-speciale#primaryimage"},"thumbnailUrl":"https:\/\/static.africa-press.net\/conakry\/sites\/63\/2024\/01\/Jokar1704252227.437828.jpg","keywords":["Africa Press","Africa Press-Guin\u00e9e","Guin\u00e9e"],"articleSection":["Communaut\u00e9","to-homepage","Toutes les actualit\u00e9s"],"inLanguage":"fr-FR","potentialAction":[{"@type":"CommentAction","name":"Comment","target":["https:\/\/www.africa-press.net\/guinee-conakry\/politique\/kindia-des-citoyens-saluent-la-prochaine-mise-en-place-dune-delegation-speciale#respond"]}]},{"@type":"WebPage","@id":"https:\/\/www.africa-press.net\/guinee-conakry\/politique\/kindia-des-citoyens-saluent-la-prochaine-mise-en-place-dune-delegation-speciale","url":"https:\/\/www.africa-press.net\/guinee-conakry\/politique\/kindia-des-citoyens-saluent-la-prochaine-mise-en-place-dune-delegation-speciale","name":"Kindia : des citoyens saluent la prochaine mise en place d\u2019une d\u00e9l\u00e9gation sp\u00e9ciale - guinee Conakry","isPartOf":{"@id":"https:\/\/www.africa-press.net\/guinee-conakry\/#website"},"primaryImageOfPage":{"@id":"https:\/\/www.africa-press.net\/guinee-conakry\/politique\/kindia-des-citoyens-saluent-la-prochaine-mise-en-place-dune-delegation-speciale#primaryimage"},"image":{"@id":"https:\/\/www.africa-press.net\/guinee-conakry\/politique\/kindia-des-citoyens-saluent-la-prochaine-mise-en-place-dune-delegation-speciale#primaryimage"},"thumbnailUrl":"https:\/\/static.africa-press.net\/conakry\/sites\/63\/2024\/01\/Jokar1704252227.437828.jpg","datePublished":"2024-01-03T06:53:00+00:00","author":{"@id":"https:\/\/www.africa-press.net\/guinee-conakry\/#\/schema\/person\/2b1cf3cd81a31e3cd26889ca66d677f1"},"breadcrumb":{"@id":"https:\/\/www.africa-press.net\/guinee-conakry\/politique\/kindia-des-citoyens-saluent-la-prochaine-mise-en-place-dune-delegation-speciale#breadcrumb"},"inLanguage":"fr-FR","potentialAction":[{"@type":"ReadAction","target":["https:\/\/www.africa-press.net\/guinee-conakry\/politique\/kindia-des-citoyens-saluent-la-prochaine-mise-en-place-dune-delegation-speciale"]}]},{"@type":"ImageObject","inLanguage":"fr-FR","@id":"https:\/\/www.africa-press.net\/guinee-conakry\/politique\/kindia-des-citoyens-saluent-la-prochaine-mise-en-place-dune-delegation-speciale#primaryimage","url":"https:\/\/static.africa-press.net\/conakry\/sites\/63\/2024\/01\/Jokar1704252227.437828.jpg","contentUrl":"https:\/\/static.africa-press.net\/conakry\/sites\/63\/2024\/01\/Jokar1704252227.437828.jpg","width":1024,"height":460,"caption":"Kindia : des citoyens saluent la prochaine mise en place d\u2019une d\u00e9l\u00e9gation sp\u00e9ciale"},{"@type":"BreadcrumbList","@id":"https:\/\/www.africa-press.net\/guinee-conakry\/politique\/kindia-des-citoyens-saluent-la-prochaine-mise-en-place-dune-delegation-speciale#breadcrumb","itemListElement":[{"@type":"ListItem","position":1,"name":"Accueil","item":"https:\/\/www.africa-press.net\/guinee-conakry\/"},{"@type":"ListItem","position":2,"name":"Kindia : des citoyens saluent la prochaine mise en place d\u2019une d\u00e9l\u00e9gation sp\u00e9ciale"}]},{"@type":"WebSite","@id":"https:\/\/www.africa-press.net\/guinee-conakry\/#website","url":"https:\/\/www.africa-press.net\/guinee-conakry\/","name":"guinee Conakry","description":"Just another Africa News Agency Sites site","potentialAction":[{"@type":"SearchAction","target":{"@type":"EntryPoint","urlTemplate":"https:\/\/www.africa-press.net\/guinee-conakry\/?s={search_term_string}"},"query-input":{"@type":"PropertyValueSpecification","valueRequired":true,"valueName":"search_term_string"}}],"inLanguage":"fr-FR"},{"@type":"Person","@id":"https:\/\/www.africa-press.net\/guinee-conakry\/#\/schema\/person\/2b1cf3cd81a31e3cd26889ca66d677f1","name":"cfeditorfr"}]}},"_links":{"self":[{"href":"https:\/\/www.africa-press.net\/guinee-conakry\/wp-json\/wp\/v2\/posts\/18141","targetHints":{"allow":["GET"]}}],"collection":[{"href":"https:\/\/www.africa-press.net\/guinee-conakry\/wp-json\/wp\/v2\/posts"}],"about":[{"href":"https:\/\/www.africa-press.net\/guinee-conakry\/wp-json\/wp\/v2\/types\/post"}],"author":[{"embeddable":true,"href":"https:\/\/www.africa-press.net\/guinee-conakry\/wp-json\/wp\/v2\/users\/82"}],"replies":[{"embeddable":true,"href":"https:\/\/www.africa-press.net\/guinee-conakry\/wp-json\/wp\/v2\/comments?post=18141"}],"version-history":[{"count":0,"href":"https:\/\/www.africa-press.net\/guinee-conakry\/wp-json\/wp\/v2\/posts\/18141\/revisions"}],"wp:featuredmedia":[{"embeddable":true,"href":"https:\/\/www.africa-press.net\/guinee-conakry\/wp-json\/wp\/v2\/media\/18140"}],"wp:attachment":[{"href":"https:\/\/www.africa-press.net\/guinee-conakry\/wp-json\/wp\/v2\/media?parent=18141"}],"wp:term":[{"taxonomy":"category","embeddable":true,"href":"https:\/\/www.africa-press.net\/guinee-conakry\/wp-json\/wp\/v2\/categories?post=18141"},{"taxonomy":"post_tag","embeddable":true,"href":"https:\/\/www.africa-press.net\/guinee-conakry\/wp-json\/wp\/v2\/tags?post=18141"}],"curies":[{"name":"wp","href":"https:\/\/api.w.org\/{rel}","templated":true}]}}