{"id":18164,"date":"2024-01-05T09:46:00","date_gmt":"2024-01-05T09:46:00","guid":{"rendered":"https:\/\/www.africa-press.net\/guinee-conakry\/politique\/lex-ministre-madifing-diane-qualifie-alpha-conde-dingrat-et-degoiste-il-pense-quil-peut-revenir-au-pouv"},"modified":"2024-01-05T09:46:00","modified_gmt":"2024-01-05T09:46:00","slug":"lex-ministre-madifing-diane-qualifie-alpha-conde-dingrat-et-degoiste-il-pense-quil-peut-revenir-au-pouv","status":"publish","type":"post","link":"https:\/\/www.africa-press.net\/guinee-conakry\/politique\/lex-ministre-madifing-diane-qualifie-alpha-conde-dingrat-et-degoiste-il-pense-quil-peut-revenir-au-pouv","title":{"rendered":"L\u2019ex-ministre Madifing Dian\u00e9 qualifie Alpha Cond\u00e9 \u2018\u2019d\u2019ingrat et d\u2019\u00e9go\u00efste\u2019\u2019\u00a0: \u2018\u2019Il pense qu\u2019il peut revenir au pouvoir\u2026\u2019\u2019"},"content":{"rendered":"<p><span style=\"color: #ff6600\"><strong>Africa-Press &#8211; Guin\u00e9e. <\/strong><\/span><b>L\u2019ancien ministre de la se\u0301curite\u0301 Madifing Diane\u0301 s\u2019est montre\u0301 tre\u0300s critique a\u0300 l\u2019e\u0301gard de l\u2019ex-pre\u0301sident Alpha Conde\u0301. Il n\u2019a pas pris de gants dans un extrait de l\u2019e\u0301mission \u00ab Parole des premiers \u00bb diffuse\u0301e par KonCom. <\/b><\/p>\n<p>Quand on lui demande de parler de l\u2019ancien pre\u0301sident de la Re\u0301publique, Madifing Diane\u0301 ne passe pas par quatre chemins pour dire le fond de sa pense\u0301e.<\/p>\n<p>\u2018\u2019J\u2019ai vu un ingrat, Alpha Conde\u0301. J\u2019ai vu un e\u0301goi\u0308ste qui ne pense qu\u2019a\u0300 lui. Je lui ai donne\u0301 le meilleur de moi. Tout le peuple de Guine\u0301e le sait, C\u0327a, c\u2019est indiscutable. Quand il m\u2019a invite\u0301 pour me dire qu\u2019il me libe\u0300re, je lui ai demande\u0301 : \u2018Je peux vous parler ?\u2019 Il a dit oui. Jai dit : \u2018Monsieur le pre\u0301sident, jusqu\u2019a\u0300 moi, il n\u2019y a pas de traitre dans ma famille. Je prie Dieu qu\u2019il n\u2019y en ait pas dans ma descendance. Je vous ai prie\u0301 pour l\u2019amour de Dieu. J\u2019ai un a\u0302ge respectable, dites-moi ce que j\u2019ai ga\u0302te\u0301. J\u2019ai encore du temps pour le corriger\u2019. Il m\u2019a re\u0301pondu : \u2018Tu n\u2019as rien ga\u0302te\u0301\u2019. Je lui ai demande\u0301 : \u2018Je n\u2019ai rien ga\u0302te\u0301 ? Pourquoi vous me renvoyez ? Vous ne pouvez pas me dire le motif ?\u2019 Il m\u2019a dit : \u2018Je ne sais que tu peux plus travailler avec ces gens, c\u2019est pourquoi, je te renvoie\u2019. J\u2019ai demande\u0301 encore : \u2018Vous me renvoyez pour leur faire plaisir ?\u2019. Il m\u2019a dit non, aucun d\u2019eux ne sera ministre. Je lui ai dit que je vais lui dire une seule chose : \u2018Je vais vous quitter et rentrer chez moi. Je vais m\u2019asseoir et vous voir sortir. Je ne le\u0300verai pas le pouce\u2019. Il m\u2019a dit : \u2018Quoi ?\u2019 J\u2019ai oui, je vous le dis avec le c\u0153ur. Je vais m\u2019asseoir et vous regarder partir. Je ne le\u0300verai pas le pouce\u2019\u2019, raconte-t-il dans \u00ab Parole des premiers \u00bb.<\/p>\n<p>A la question de savoir s\u2019il a des nouvelles d\u2019Alpha Conde\u0301 qui vit en exil en Turquie, l\u2019ex-patron du de\u0301partement en charge de la se\u0301curite\u0301 re\u0301pond : \u2018\u2019Je ne parle pas avec lui, parce que je suis policier. Il n\u2019a pas cette foi que j\u2019ai de comprendre qu\u2019il a perdu le pouvoir et doit s\u2019en remettre a\u0300 Dieu\u2019\u2019.<\/p>\n<p>Toutefois, souligne-t-il, \u2018\u2019j\u2019entends parler de lui dans ses petites agitations et mobilisations. Je le vois me\u0302me dans des vide\u0301os que des enfants viennent me montrer, je trouve c\u0327a ridicule. Il n\u2019a pas la foi. Il pense qu\u2019il peut revenir a\u0300 ce pouvoir pour terminer son mandat. Il dit qu\u2019il reviendra. Un homme comme c\u0327a sans foi, ce n\u2019est pas moi qui chercherai a\u0300 parler avec lui\u2019\u2019.<\/p>\n<p><b>Pathe\u0301 BAH<\/b><\/p>\n<p><strong>Pour plus d&rsquo;informations et d&rsquo;analyses sur la <a href=\"https:\/\/www.africa-press.net\/guinee-conakry\">Guin\u00e9e<\/a>, suivez <a href=\"https:\/\/www.africa-press.net\/\">Africa-Press<\/a><\/strong><\/p>\n","protected":false},"excerpt":{"rendered":"<p>Africa-Press &#8211; Guin\u00e9e. L\u2019ancien ministre de la se\u0301curite\u0301 Madifing Diane\u0301 s\u2019est montre\u0301 tre\u0300s critique a\u0300 l\u2019e\u0301gard de l\u2019ex-pre\u0301sident Alpha Conde\u0301. Il n\u2019a pas pris de gants dans un extrait de l\u2019e\u0301mission \u00ab Parole des premiers \u00bb diffuse\u0301e par KonCom. Quand on lui demande de parler de l\u2019ancien pre\u0301sident de la Re\u0301publique, Madifing Diane\u0301 ne passe [&hellip;]<\/p>\n","protected":false},"author":82,"featured_media":18163,"comment_status":"open","ping_status":"closed","sticky":false,"template":"","format":"standard","meta":{"footnotes":""},"categories":[2,10],"tags":[36,57,58],"class_list":["post-18164","post","type-post","status-publish","format-standard","has-post-thumbnail","hentry","category-politique","category-toutes-les-actualites","tag-africa-press","tag-africa-press-guinee","tag-guinee"],"yoast_head":"<!-- This site is optimized with the Yoast SEO Premium plugin v26.1 (Yoast SEO v27.0) - https:\/\/yoast.com\/product\/yoast-seo-premium-wordpress\/ -->\n<title>L\u2019ex-ministre Madifing Dian\u00e9 qualifie Alpha Cond\u00e9 \u2018\u2019d\u2019ingrat et d\u2019\u00e9go\u00efste\u2019\u2019\u00a0: \u2018\u2019Il pense qu\u2019il peut revenir au pouvoir\u2026\u2019\u2019 - guinee Conakry<\/title>\n<meta name=\"robots\" content=\"index, follow, max-snippet:-1, max-image-preview:large, max-video-preview:-1\" \/>\n<link rel=\"canonical\" href=\"https:\/\/www.africa-press.net\/guinee-conakry\/politique\/lex-ministre-madifing-diane-qualifie-alpha-conde-dingrat-et-degoiste-il-pense-quil-peut-revenir-au-pouv\" \/>\n<meta property=\"og:locale\" content=\"fr_FR\" \/>\n<meta property=\"og:type\" content=\"article\" \/>\n<meta property=\"og:title\" content=\"L\u2019ex-ministre Madifing Dian\u00e9 qualifie Alpha Cond\u00e9 \u2018\u2019d\u2019ingrat et d\u2019\u00e9go\u00efste\u2019\u2019\u00a0: \u2018\u2019Il pense qu\u2019il peut revenir au pouvoir\u2026\u2019\u2019\" \/>\n<meta property=\"og:description\" content=\"Africa-Press &#8211; Guin\u00e9e. L\u2019ancien ministre de la se\u0301curite\u0301 Madifing Diane\u0301 s\u2019est montre\u0301 tre\u0300s critique a\u0300 l\u2019e\u0301gard de l\u2019ex-pre\u0301sident Alpha Conde\u0301. Il n\u2019a pas pris de gants dans un extrait de l\u2019e\u0301mission \u00ab Parole des premiers \u00bb diffuse\u0301e par KonCom. Quand on lui demande de parler de l\u2019ancien pre\u0301sident de la Re\u0301publique, Madifing Diane\u0301 ne passe [&hellip;]\" \/>\n<meta property=\"og:url\" content=\"https:\/\/www.africa-press.net\/guinee-conakry\/politique\/lex-ministre-madifing-diane-qualifie-alpha-conde-dingrat-et-degoiste-il-pense-quil-peut-revenir-au-pouv\" \/>\n<meta property=\"og:site_name\" content=\"guinee Conakry\" \/>\n<meta property=\"article:published_time\" content=\"2024-01-05T09:46:00+00:00\" \/>\n<meta name=\"author\" content=\"cfeditorfr\" \/>\n<meta name=\"twitter:card\" content=\"summary_large_image\" \/>\n<meta name=\"twitter:label1\" content=\"\u00c9crit par\" \/>\n\t<meta name=\"twitter:data1\" content=\"cfeditorfr\" \/>\n\t<meta name=\"twitter:label2\" content=\"Dur\u00e9e de lecture estim\u00e9e\" \/>\n\t<meta name=\"twitter:data2\" content=\"3 minutes\" \/>\n<script type=\"application\/ld+json\" class=\"yoast-schema-graph\">{\"@context\":\"https:\/\/schema.org\",\"@graph\":[{\"@type\":\"Article\",\"@id\":\"https:\/\/www.africa-press.net\/guinee-conakry\/politique\/lex-ministre-madifing-diane-qualifie-alpha-conde-dingrat-et-degoiste-il-pense-quil-peut-revenir-au-pouv#article\",\"isPartOf\":{\"@id\":\"https:\/\/www.africa-press.net\/guinee-conakry\/politique\/lex-ministre-madifing-diane-qualifie-alpha-conde-dingrat-et-degoiste-il-pense-quil-peut-revenir-au-pouv\"},\"author\":{\"name\":\"cfeditorfr\",\"@id\":\"https:\/\/www.africa-press.net\/guinee-conakry\/#\/schema\/person\/2b1cf3cd81a31e3cd26889ca66d677f1\"},\"headline\":\"L\u2019ex-ministre Madifing Dian\u00e9 qualifie Alpha Cond\u00e9 \u2018\u2019d\u2019ingrat et d\u2019\u00e9go\u00efste\u2019\u2019\u00a0: \u2018\u2019Il pense qu\u2019il peut revenir au pouvoir\u2026\u2019\u2019\",\"datePublished\":\"2024-01-05T09:46:00+00:00\",\"mainEntityOfPage\":{\"@id\":\"https:\/\/www.africa-press.net\/guinee-conakry\/politique\/lex-ministre-madifing-diane-qualifie-alpha-conde-dingrat-et-degoiste-il-pense-quil-peut-revenir-au-pouv\"},\"wordCount\":534,\"commentCount\":0,\"image\":{\"@id\":\"https:\/\/www.africa-press.net\/guinee-conakry\/politique\/lex-ministre-madifing-diane-qualifie-alpha-conde-dingrat-et-degoiste-il-pense-quil-peut-revenir-au-pouv#primaryimage\"},\"thumbnailUrl\":\"https:\/\/static.africa-press.net\/conakry\/sites\/63\/2024\/01\/Jokar1704435399.223236.jpg\",\"keywords\":[\"Africa Press\",\"Africa Press-Guin\u00e9e\",\"Guin\u00e9e\"],\"articleSection\":[\"Politique\",\"Toutes les actualit\u00e9s\"],\"inLanguage\":\"fr-FR\",\"potentialAction\":[{\"@type\":\"CommentAction\",\"name\":\"Comment\",\"target\":[\"https:\/\/www.africa-press.net\/guinee-conakry\/politique\/lex-ministre-madifing-diane-qualifie-alpha-conde-dingrat-et-degoiste-il-pense-quil-peut-revenir-au-pouv#respond\"]}]},{\"@type\":\"WebPage\",\"@id\":\"https:\/\/www.africa-press.net\/guinee-conakry\/politique\/lex-ministre-madifing-diane-qualifie-alpha-conde-dingrat-et-degoiste-il-pense-quil-peut-revenir-au-pouv\",\"url\":\"https:\/\/www.africa-press.net\/guinee-conakry\/politique\/lex-ministre-madifing-diane-qualifie-alpha-conde-dingrat-et-degoiste-il-pense-quil-peut-revenir-au-pouv\",\"name\":\"L\u2019ex-ministre Madifing Dian\u00e9 qualifie Alpha Cond\u00e9 \u2018\u2019d\u2019ingrat et d\u2019\u00e9go\u00efste\u2019\u2019\u00a0: \u2018\u2019Il pense qu\u2019il peut revenir au pouvoir\u2026\u2019\u2019 - guinee Conakry\",\"isPartOf\":{\"@id\":\"https:\/\/www.africa-press.net\/guinee-conakry\/#website\"},\"primaryImageOfPage\":{\"@id\":\"https:\/\/www.africa-press.net\/guinee-conakry\/politique\/lex-ministre-madifing-diane-qualifie-alpha-conde-dingrat-et-degoiste-il-pense-quil-peut-revenir-au-pouv#primaryimage\"},\"image\":{\"@id\":\"https:\/\/www.africa-press.net\/guinee-conakry\/politique\/lex-ministre-madifing-diane-qualifie-alpha-conde-dingrat-et-degoiste-il-pense-quil-peut-revenir-au-pouv#primaryimage\"},\"thumbnailUrl\":\"https:\/\/static.africa-press.net\/conakry\/sites\/63\/2024\/01\/Jokar1704435399.223236.jpg\",\"datePublished\":\"2024-01-05T09:46:00+00:00\",\"author\":{\"@id\":\"https:\/\/www.africa-press.net\/guinee-conakry\/#\/schema\/person\/2b1cf3cd81a31e3cd26889ca66d677f1\"},\"breadcrumb\":{\"@id\":\"https:\/\/www.africa-press.net\/guinee-conakry\/politique\/lex-ministre-madifing-diane-qualifie-alpha-conde-dingrat-et-degoiste-il-pense-quil-peut-revenir-au-pouv#breadcrumb\"},\"inLanguage\":\"fr-FR\",\"potentialAction\":[{\"@type\":\"ReadAction\",\"target\":[\"https:\/\/www.africa-press.net\/guinee-conakry\/politique\/lex-ministre-madifing-diane-qualifie-alpha-conde-dingrat-et-degoiste-il-pense-quil-peut-revenir-au-pouv\"]}]},{\"@type\":\"ImageObject\",\"inLanguage\":\"fr-FR\",\"@id\":\"https:\/\/www.africa-press.net\/guinee-conakry\/politique\/lex-ministre-madifing-diane-qualifie-alpha-conde-dingrat-et-degoiste-il-pense-quil-peut-revenir-au-pouv#primaryimage\",\"url\":\"https:\/\/static.africa-press.net\/conakry\/sites\/63\/2024\/01\/Jokar1704435399.223236.jpg\",\"contentUrl\":\"https:\/\/static.africa-press.net\/conakry\/sites\/63\/2024\/01\/Jokar1704435399.223236.jpg\",\"width\":489,\"height\":395,\"caption\":\"L\u2019ex-ministre Madifing Dian\u00e9 qualifie Alpha Cond\u00e9 \u2018\u2019d\u2019ingrat et d\u2019\u00e9go\u00efste\u2019\u2019\u00a0: \u2018\u2019Il pense qu\u2019il peut revenir au pouvoir\u2026\u2019\u2019\"},{\"@type\":\"BreadcrumbList\",\"@id\":\"https:\/\/www.africa-press.net\/guinee-conakry\/politique\/lex-ministre-madifing-diane-qualifie-alpha-conde-dingrat-et-degoiste-il-pense-quil-peut-revenir-au-pouv#breadcrumb\",\"itemListElement\":[{\"@type\":\"ListItem\",\"position\":1,\"name\":\"Accueil\",\"item\":\"https:\/\/www.africa-press.net\/guinee-conakry\/\"},{\"@type\":\"ListItem\",\"position\":2,\"name\":\"L\u2019ex-ministre Madifing Dian\u00e9 qualifie Alpha Cond\u00e9 \u2018\u2019d\u2019ingrat et d\u2019\u00e9go\u00efste\u2019\u2019\u00a0: \u2018\u2019Il pense qu\u2019il peut revenir au pouvoir\u2026\u2019\u2019\"}]},{\"@type\":\"WebSite\",\"@id\":\"https:\/\/www.africa-press.net\/guinee-conakry\/#website\",\"url\":\"https:\/\/www.africa-press.net\/guinee-conakry\/\",\"name\":\"guinee Conakry\",\"description\":\"Just another Africa News Agency Sites site\",\"potentialAction\":[{\"@type\":\"SearchAction\",\"target\":{\"@type\":\"EntryPoint\",\"urlTemplate\":\"https:\/\/www.africa-press.net\/guinee-conakry\/?s={search_term_string}\"},\"query-input\":{\"@type\":\"PropertyValueSpecification\",\"valueRequired\":true,\"valueName\":\"search_term_string\"}}],\"inLanguage\":\"fr-FR\"},{\"@type\":\"Person\",\"@id\":\"https:\/\/www.africa-press.net\/guinee-conakry\/#\/schema\/person\/2b1cf3cd81a31e3cd26889ca66d677f1\",\"name\":\"cfeditorfr\"}]}<\/script>\n<!-- \/ Yoast SEO Premium plugin. -->","yoast_head_json":{"title":"L\u2019ex-ministre Madifing Dian\u00e9 qualifie Alpha Cond\u00e9 \u2018\u2019d\u2019ingrat et d\u2019\u00e9go\u00efste\u2019\u2019\u00a0: \u2018\u2019Il pense qu\u2019il peut revenir au pouvoir\u2026\u2019\u2019 - guinee Conakry","robots":{"index":"index","follow":"follow","max-snippet":"max-snippet:-1","max-image-preview":"max-image-preview:large","max-video-preview":"max-video-preview:-1"},"canonical":"https:\/\/www.africa-press.net\/guinee-conakry\/politique\/lex-ministre-madifing-diane-qualifie-alpha-conde-dingrat-et-degoiste-il-pense-quil-peut-revenir-au-pouv","og_locale":"fr_FR","og_type":"article","og_title":"L\u2019ex-ministre Madifing Dian\u00e9 qualifie Alpha Cond\u00e9 \u2018\u2019d\u2019ingrat et d\u2019\u00e9go\u00efste\u2019\u2019\u00a0: \u2018\u2019Il pense qu\u2019il peut revenir au pouvoir\u2026\u2019\u2019","og_description":"Africa-Press &#8211; Guin\u00e9e. L\u2019ancien ministre de la se\u0301curite\u0301 Madifing Diane\u0301 s\u2019est montre\u0301 tre\u0300s critique a\u0300 l\u2019e\u0301gard de l\u2019ex-pre\u0301sident Alpha Conde\u0301. Il n\u2019a pas pris de gants dans un extrait de l\u2019e\u0301mission \u00ab Parole des premiers \u00bb diffuse\u0301e par KonCom. Quand on lui demande de parler de l\u2019ancien pre\u0301sident de la Re\u0301publique, Madifing Diane\u0301 ne passe [&hellip;]","og_url":"https:\/\/www.africa-press.net\/guinee-conakry\/politique\/lex-ministre-madifing-diane-qualifie-alpha-conde-dingrat-et-degoiste-il-pense-quil-peut-revenir-au-pouv","og_site_name":"guinee Conakry","article_published_time":"2024-01-05T09:46:00+00:00","author":"cfeditorfr","twitter_card":"summary_large_image","twitter_misc":{"\u00c9crit par":"cfeditorfr","Dur\u00e9e de lecture estim\u00e9e":"3 minutes"},"schema":{"@context":"https:\/\/schema.org","@graph":[{"@type":"Article","@id":"https:\/\/www.africa-press.net\/guinee-conakry\/politique\/lex-ministre-madifing-diane-qualifie-alpha-conde-dingrat-et-degoiste-il-pense-quil-peut-revenir-au-pouv#article","isPartOf":{"@id":"https:\/\/www.africa-press.net\/guinee-conakry\/politique\/lex-ministre-madifing-diane-qualifie-alpha-conde-dingrat-et-degoiste-il-pense-quil-peut-revenir-au-pouv"},"author":{"name":"cfeditorfr","@id":"https:\/\/www.africa-press.net\/guinee-conakry\/#\/schema\/person\/2b1cf3cd81a31e3cd26889ca66d677f1"},"headline":"L\u2019ex-ministre Madifing Dian\u00e9 qualifie Alpha Cond\u00e9 \u2018\u2019d\u2019ingrat et d\u2019\u00e9go\u00efste\u2019\u2019\u00a0: \u2018\u2019Il pense qu\u2019il peut revenir au pouvoir\u2026\u2019\u2019","datePublished":"2024-01-05T09:46:00+00:00","mainEntityOfPage":{"@id":"https:\/\/www.africa-press.net\/guinee-conakry\/politique\/lex-ministre-madifing-diane-qualifie-alpha-conde-dingrat-et-degoiste-il-pense-quil-peut-revenir-au-pouv"},"wordCount":534,"commentCount":0,"image":{"@id":"https:\/\/www.africa-press.net\/guinee-conakry\/politique\/lex-ministre-madifing-diane-qualifie-alpha-conde-dingrat-et-degoiste-il-pense-quil-peut-revenir-au-pouv#primaryimage"},"thumbnailUrl":"https:\/\/static.africa-press.net\/conakry\/sites\/63\/2024\/01\/Jokar1704435399.223236.jpg","keywords":["Africa Press","Africa Press-Guin\u00e9e","Guin\u00e9e"],"articleSection":["Politique","Toutes les actualit\u00e9s"],"inLanguage":"fr-FR","potentialAction":[{"@type":"CommentAction","name":"Comment","target":["https:\/\/www.africa-press.net\/guinee-conakry\/politique\/lex-ministre-madifing-diane-qualifie-alpha-conde-dingrat-et-degoiste-il-pense-quil-peut-revenir-au-pouv#respond"]}]},{"@type":"WebPage","@id":"https:\/\/www.africa-press.net\/guinee-conakry\/politique\/lex-ministre-madifing-diane-qualifie-alpha-conde-dingrat-et-degoiste-il-pense-quil-peut-revenir-au-pouv","url":"https:\/\/www.africa-press.net\/guinee-conakry\/politique\/lex-ministre-madifing-diane-qualifie-alpha-conde-dingrat-et-degoiste-il-pense-quil-peut-revenir-au-pouv","name":"L\u2019ex-ministre Madifing Dian\u00e9 qualifie Alpha Cond\u00e9 \u2018\u2019d\u2019ingrat et d\u2019\u00e9go\u00efste\u2019\u2019\u00a0: \u2018\u2019Il pense qu\u2019il peut revenir au pouvoir\u2026\u2019\u2019 - guinee Conakry","isPartOf":{"@id":"https:\/\/www.africa-press.net\/guinee-conakry\/#website"},"primaryImageOfPage":{"@id":"https:\/\/www.africa-press.net\/guinee-conakry\/politique\/lex-ministre-madifing-diane-qualifie-alpha-conde-dingrat-et-degoiste-il-pense-quil-peut-revenir-au-pouv#primaryimage"},"image":{"@id":"https:\/\/www.africa-press.net\/guinee-conakry\/politique\/lex-ministre-madifing-diane-qualifie-alpha-conde-dingrat-et-degoiste-il-pense-quil-peut-revenir-au-pouv#primaryimage"},"thumbnailUrl":"https:\/\/static.africa-press.net\/conakry\/sites\/63\/2024\/01\/Jokar1704435399.223236.jpg","datePublished":"2024-01-05T09:46:00+00:00","author":{"@id":"https:\/\/www.africa-press.net\/guinee-conakry\/#\/schema\/person\/2b1cf3cd81a31e3cd26889ca66d677f1"},"breadcrumb":{"@id":"https:\/\/www.africa-press.net\/guinee-conakry\/politique\/lex-ministre-madifing-diane-qualifie-alpha-conde-dingrat-et-degoiste-il-pense-quil-peut-revenir-au-pouv#breadcrumb"},"inLanguage":"fr-FR","potentialAction":[{"@type":"ReadAction","target":["https:\/\/www.africa-press.net\/guinee-conakry\/politique\/lex-ministre-madifing-diane-qualifie-alpha-conde-dingrat-et-degoiste-il-pense-quil-peut-revenir-au-pouv"]}]},{"@type":"ImageObject","inLanguage":"fr-FR","@id":"https:\/\/www.africa-press.net\/guinee-conakry\/politique\/lex-ministre-madifing-diane-qualifie-alpha-conde-dingrat-et-degoiste-il-pense-quil-peut-revenir-au-pouv#primaryimage","url":"https:\/\/static.africa-press.net\/conakry\/sites\/63\/2024\/01\/Jokar1704435399.223236.jpg","contentUrl":"https:\/\/static.africa-press.net\/conakry\/sites\/63\/2024\/01\/Jokar1704435399.223236.jpg","width":489,"height":395,"caption":"L\u2019ex-ministre Madifing Dian\u00e9 qualifie Alpha Cond\u00e9 \u2018\u2019d\u2019ingrat et d\u2019\u00e9go\u00efste\u2019\u2019\u00a0: \u2018\u2019Il pense qu\u2019il peut revenir au pouvoir\u2026\u2019\u2019"},{"@type":"BreadcrumbList","@id":"https:\/\/www.africa-press.net\/guinee-conakry\/politique\/lex-ministre-madifing-diane-qualifie-alpha-conde-dingrat-et-degoiste-il-pense-quil-peut-revenir-au-pouv#breadcrumb","itemListElement":[{"@type":"ListItem","position":1,"name":"Accueil","item":"https:\/\/www.africa-press.net\/guinee-conakry\/"},{"@type":"ListItem","position":2,"name":"L\u2019ex-ministre Madifing Dian\u00e9 qualifie Alpha Cond\u00e9 \u2018\u2019d\u2019ingrat et d\u2019\u00e9go\u00efste\u2019\u2019\u00a0: \u2018\u2019Il pense qu\u2019il peut revenir au pouvoir\u2026\u2019\u2019"}]},{"@type":"WebSite","@id":"https:\/\/www.africa-press.net\/guinee-conakry\/#website","url":"https:\/\/www.africa-press.net\/guinee-conakry\/","name":"guinee Conakry","description":"Just another Africa News Agency Sites site","potentialAction":[{"@type":"SearchAction","target":{"@type":"EntryPoint","urlTemplate":"https:\/\/www.africa-press.net\/guinee-conakry\/?s={search_term_string}"},"query-input":{"@type":"PropertyValueSpecification","valueRequired":true,"valueName":"search_term_string"}}],"inLanguage":"fr-FR"},{"@type":"Person","@id":"https:\/\/www.africa-press.net\/guinee-conakry\/#\/schema\/person\/2b1cf3cd81a31e3cd26889ca66d677f1","name":"cfeditorfr"}]}},"_links":{"self":[{"href":"https:\/\/www.africa-press.net\/guinee-conakry\/wp-json\/wp\/v2\/posts\/18164","targetHints":{"allow":["GET"]}}],"collection":[{"href":"https:\/\/www.africa-press.net\/guinee-conakry\/wp-json\/wp\/v2\/posts"}],"about":[{"href":"https:\/\/www.africa-press.net\/guinee-conakry\/wp-json\/wp\/v2\/types\/post"}],"author":[{"embeddable":true,"href":"https:\/\/www.africa-press.net\/guinee-conakry\/wp-json\/wp\/v2\/users\/82"}],"replies":[{"embeddable":true,"href":"https:\/\/www.africa-press.net\/guinee-conakry\/wp-json\/wp\/v2\/comments?post=18164"}],"version-history":[{"count":0,"href":"https:\/\/www.africa-press.net\/guinee-conakry\/wp-json\/wp\/v2\/posts\/18164\/revisions"}],"wp:featuredmedia":[{"embeddable":true,"href":"https:\/\/www.africa-press.net\/guinee-conakry\/wp-json\/wp\/v2\/media\/18163"}],"wp:attachment":[{"href":"https:\/\/www.africa-press.net\/guinee-conakry\/wp-json\/wp\/v2\/media?parent=18164"}],"wp:term":[{"taxonomy":"category","embeddable":true,"href":"https:\/\/www.africa-press.net\/guinee-conakry\/wp-json\/wp\/v2\/categories?post=18164"},{"taxonomy":"post_tag","embeddable":true,"href":"https:\/\/www.africa-press.net\/guinee-conakry\/wp-json\/wp\/v2\/tags?post=18164"}],"curies":[{"name":"wp","href":"https:\/\/api.w.org\/{rel}","templated":true}]}}