{"id":18166,"date":"2024-01-05T09:47:00","date_gmt":"2024-01-05T09:47:00","guid":{"rendered":"https:\/\/www.africa-press.net\/guinee-conakry\/politique\/abdourahamane-sano-au-colonel-doumbouya-le-pays-va-mal-il-va-tres-mal-aujourdhui"},"modified":"2024-01-05T09:47:00","modified_gmt":"2024-01-05T09:47:00","slug":"abdourahamane-sano-au-colonel-doumbouya-le-pays-va-mal-il-va-tres-mal-aujourdhui","status":"publish","type":"post","link":"https:\/\/www.africa-press.net\/guinee-conakry\/dossiers\/abdourahamane-sano-au-colonel-doumbouya-le-pays-va-mal-il-va-tres-mal-aujourdhui","title":{"rendered":"Abdourahamane Sano au colonel Doumbouya\u00a0: \u2018\u2019le pays va mal ! Il va tr\u00e8s mal aujourd\u2019hui\u2019\u2019"},"content":{"rendered":"<p><span style=\"color: #ff6600\"><strong>Africa-Press &#8211; Guin\u00e9e. <\/strong><\/span><b>Monsieur le Pre\u0301sident,<\/b><\/p>\n<p><b>Permettez-moi tout d\u2019abord de pre\u0301senter mes condole\u0301ances et ma compassion au Peuple de Guine\u0301e, aux familles et aux proches des personnes de\u0301ce\u0301de\u0301es et disparues, dans la tragique catastrophe que notre pays a ve\u0301cue, dans la nuit du 17 au 18 de\u0301cembre. Tout mon soutien aux sinistre\u0301s et aux victimes des de\u0301ga\u0302ts. Je saisis cette occasion pour adresser mes meilleurs v\u0153ux de nouvel An 2024 a\u0300 toutes et a\u0300 tous.<\/b><\/p>\n<p>Monsieur le Pre\u0301sident,<\/p>\n<p>Le 05 septembre 2021, nombreux e\u0301taient les Guine\u0301ens qui ont accueilli avec bonheur et espoir votre ave\u0300nement au pouvoir. Ils y voyaient, la fin d\u2019un syste\u0300me politique avilissant et l\u2019opportunite\u0301 de rupture pour renforcer les fondements de notre nation et offrir a\u0300 notre Peuple de meilleures perspectives et conditions de vie. Le changement intervenu et l\u2019adhe\u0301sion populaire manifeste\u0301e e\u0301taient le fruit du farouche combat mene\u0301 par le Peuple, contre le 3eme mandat et pour l\u2019ancrage de la de\u0301mocratie, sous la houlette du FNDC.<\/p>\n<p>Les Guine\u0301ens ont aussi salue\u0301 l\u2019acce\u0301le\u0301ration des projets d\u2019infrastructures routie\u0300res initie\u0301s par le re\u0301gime pre\u0301ce\u0301dent. Ils ont loue\u0301 votre intention de moraliser la gestion des affaires publiques et de lutter contre la corruption et l\u2019enrichissement illicite. D\u2019autres initiatives annonce\u0301es ou en cours, comme le proce\u0300s des e\u0301ve\u0301nements du 28 septembre 2009, ont donne\u0301 espoir, quant a\u0300 un changement de fond dans la gouvernance globale du pays.<\/p>\n<p>A\u0300 un an de la fin de la dure\u0301e que vous vous e\u0302tes librement accorde\u0301e pour conduire la Transition et mettre en \u0153uvre le programme que vous avez e\u0301tabli unilate\u0301ralement, et au regard des de\u0301veloppements qu\u2019on observe, il y a lieu de vous exprimer mes profondes inquie\u0301tudes, quant au respect des engagements du CNRD et a\u0300 une issue apaise\u0301e de la Transition actuelle.<\/p>\n<p><b>Monsieur le Pre\u0301sident,<\/b><\/p>\n<p>Une bonne Transition se veut un moment de communion et une opportunite\u0301 de re\u0301flexions et d\u2019engagement de tous les acteurs du pays, autour des causes qui l\u2019ont provoque\u0301e. Un moment pour s\u2019accorder, en toute responsabilite\u0301 et se\u0301re\u0301nite\u0301, sur les solutions viables et sur les me\u0301canismes efficaces et transparents de mise en \u0153uvre, dans l\u2019inte\u0301re\u0302t exclusif de la nation. Or, le constat d\u2019aujourd\u2019hui re\u0301ve\u0300le l\u2019absence d\u2019un cadre de dialogue paisible et inclusif, permettant de cre\u0301er les bases d\u2019un consensus national sur la gouvernance, le chronogramme et la dure\u0301e de la Transition. Une telle de\u0301marche aurait permis de garantir a\u0300 la Transition actuelle une le\u0301gitimite\u0301 forte et une plus grande chance de succe\u0300s, se traduisant par des e\u0301lections transparentes, libres et apaise\u0301es, dont les re\u0301sultats ne feraient l\u2019objet d\u2019aucune contestation cre\u0301dible.<\/p>\n<p>Malheureusement, et comme on pouvait le redouter, l\u2019e\u0301gocentrisme, les calculs politiciens, les vieilles ranc\u0153urs, les ambitions de\u0301mesure\u0301es, l\u2019opportunisme et la passion, stimule\u0301s par la corruption et la que\u0302te effre\u0301ne\u0301e de statut de l\u2019e\u0301lite, ont pris le dessus sur la raison, sur le sens de responsabilite\u0301 et sur l\u2019inte\u0301re\u0302t de la nation. Cet e\u0301tat de fait a conduit a\u0300 des positions inconciliables qui compromettent aujourd\u2019hui la recherche de solutions endoge\u0300nes approprie\u0301es, devant permettre de redresser nos errements de\u0301mocratiques. Dans ce pathe\u0301tique affrontement, le CNRD n\u2019a pas su s\u2019e\u0301lever en arbitre impartial, en privile\u0301giant les retombe\u0301es be\u0301ne\u0301fiques et durables pour le Peuple, d\u2019une Transition re\u0301pondant aux espe\u0301rances de nos populations, en cette phase cruciale de notre histoire.<\/p>\n<p><b>Monsieur le Pre\u0301sident,<\/b><\/p>\n<p>Plus d\u2019un an apre\u0300s la mise en place conteste\u0301e d\u2019un cadre de dialogue, nous n\u2019avons pas encore re\u0301ussi a\u0300 lui confe\u0301rer le caracte\u0300re inclusif et la cre\u0301dibilite\u0301 qui sied. Des difficulte\u0301s persistantes sont constate\u0301es dans la coordination de l\u2019action gouvernementale, notamment en raison de l\u2019impre\u0301cision et du manque de transparence des relations entre le Gouvernement et le CNRD, qui demeure un organe largement informel dans sa constitution et dans son fonctionnement, plus de deux ans apre\u0300s son ave\u0300nement au pouvoir. Le mode de se\u0301lection des hauts cadres du pays, a place\u0301 l\u2019E\u0301tat sous la coupe de l\u2019inexpe\u0301rience, alte\u0301rant ainsi les performances de l\u2019administration et la qualite\u0301 de l\u2019offre de services publics.<\/p>\n<p>Les constantes violations de la charte de la Transition et des lois par le CNRD, obe\u0300rent l\u2019efficience et la cohe\u0301rence du fonctionnement de l\u2019Etat et nous e\u0301loignent des exigences d\u2019un E\u0301tat de droit. Ces violations sont illustre\u0301es par les restrictions de la liberte\u0301 de presse et des droits civiques, l\u2019interdiction de manifester, les limitations de l\u2019acce\u0300s a\u0300 l\u2019internet, le brouillage des ondes des me\u0301dia prive\u0301s, l\u2019instrumentalisation et la personnalisation de la justice, la perse\u0301cution des magistrats qui de\u0301fendent l\u2019e\u0301thique dans leur profession.<\/p>\n<p>En plus, les re\u0301pressions judiciaires contre les acteurs politiques et sociaux, les violations des droits de l\u2019Homme, les atteintes a\u0300 la dignite\u0301 humaine, les traitements inhumains et de\u0301gradants sur des personnes sans de\u0301fense, les violences et les tueries lors des manifestations, sont autant d\u2019actes qui se poursuivent comme par le passe\u0301. Or, les re\u0301gimes qui ont pre\u0301ce\u0301de\u0301 le vo\u0302tre avaient de\u0301ja\u0300 fait trop de morts, pour qu\u2019on continue encore de compter des martyrs pour l\u2019effectivite\u0301 de l\u2019E\u0301tat de droit et de la de\u0301mocratie dans notre Pays. Cette atmosphe\u0300re ne laisse aucun doute sur le recul de\u0301mocratique enregistre\u0301 en si peu de temps.<\/p>\n<p>La de\u0301magogie, le populisme, le culte de la personnalite\u0301 et la propagande re\u0300gnent, sans partage et comme par le passe\u0301, sur tous les canaux publics de communication.<\/p>\n<p>Le regain de corruption et d\u2019enrichissement illicite et l\u2019accaparement de l\u2019Etat par un petit groupe d\u2019individus au de\u0301triment des inte\u0301re\u0302ts de la nation, ainsi que l\u2019absence d\u2019exemplarite\u0301 dans la gouvernance e\u0301conomique et financie\u0300re, font que nos compatriotes ne croient plus a\u0300 la since\u0301rite\u0301 des engagements, a\u0300 e\u0301tablir un E\u0301tat libre de corruption. La CRIEF, dont l\u2019institution e\u0301tait perc\u0327ue comme salutaire, est devenue un instrument de re\u0300glement des comptes avec des personnalite\u0301s bien cible\u0301es, sans enque\u0302tes pre\u0301alables rigoureuses.<\/p>\n<p><b>Monsieur le Pre\u0301sident,<\/b><\/p>\n<p>La recrudescence de l\u2019inse\u0301curite\u0301, la de\u0301gradation continue du pouvoir d\u2019achat des populations, ainsi que le cho\u0302mage des jeunes qui quittent massivement leur patrie, sont autant de signes du de\u0301sespoir dans lequel la Guine\u0301e est installe\u0301e. Les conditions de vie sont devenues e\u0301pouvantables pour nos populations, face aux multiples charges pressantes qui les assaillent: nourriture, logement, eau, e\u0301lectricite\u0301, soins de sante\u0301, ve\u0302tements, scolarite\u0301 des enfants, transports, entre autres de\u0301fis. Me\u0302me les produits locaux de l\u2019agriculture, de l\u2019e\u0301levage et de la pe\u0302che affichent des prix qui sont hors de porte\u0301e pour un nombre croissant de nos compatriotes.<\/p>\n<p>A\u0300 cette situation qui met a\u0300 mal la paix et la cohe\u0301sion sociale, s\u2019ajoute un climat des affaires marque\u0301 par les difficulte\u0301s d\u2019e\u0301coulement des stocks des commerc\u0327ants, les proble\u0300mes de tre\u0301sorerie au sein du secteur prive\u0301, la hausse des cou\u0302ts des facteurs et des impo\u0302ts et taxes, devenue insoutenable pour les ope\u0301rateurs e\u0301conomiques. La re\u0301vocation extrajudiciaire de contrats et d\u2019actes de l\u2019E\u0301tat au pre\u0301judice de socie\u0301te\u0301s prive\u0301es et de citoyens, cre\u0301e l\u2019instabilite\u0301 juridique et accroi\u0302t le risque-pays aux yeux des vrais investisseurs notamment miniers.<\/p>\n<p>Les effets conjugue\u0301s de ces failles sur les plans politique, social, e\u0301conomique et se\u0301curitaire, plongent le pays dans une dangereuse impasse qui constitue une menace e\u0301vidente pour sa stabilite\u0301, d\u2019autant que les Incidences croise\u0301es de la situation se\u0301curitaire sous-re\u0301gionale, des tensions ge\u0301opolitiques mondiales et de la conjoncture e\u0301conomique internationale, pourraient constituer des facteurs catalyseurs.<\/p>\n<p>Certes, tous ces proble\u0300mes, aggrave\u0301s au cours des deux dernie\u0300res anne\u0301es, ne trouvent pas leur origine sous le re\u0300gne du CNRD. Et ces proble\u0300mes complexes ne peuvent e\u0302tre re\u0301solus que par des re\u0301formes en profondeur, qui exigent plus de temps et de le\u0301gitimite\u0301, que ne peut offrir une Transition, dont la dure\u0301e doit e\u0302tre naturellement concise. En revanche, une sortie efficace et apaise\u0301e de cette impasse est de votre entie\u0300re responsabilite\u0301.<\/p>\n<p><b>Monsieur le Pre\u0301sident,<\/b><\/p>\n<p>Le pays va mal! Il va tre\u0300s mal aujourd\u2019hui ! Force est de reconnai\u0302tre que la description de la situation du pays faite dans votre de\u0301claration de prise de pouvoir, correspond tout aussi bien a\u0300 celle d\u2019aujourd\u2019hui ! Et la re\u0301pression n\u2019est pas la solution. De nos jours, si on peut encore prendre le pouvoir par les armes, on ne peut le conserver durablement par les armes. Les perspectives ne sont pas rassurantes quant a\u0300 une issue pacifique et de\u0301mocratique de la Transition, avec des bases institutionnelles et re\u0301glementaires enfin convenables et des e\u0301lections ouvertes, transparentes, cre\u0301dibles et globalement incontestables.<\/p>\n<p><b>Monsieur le Pre\u0301sident,<\/b><\/p>\n<p>C\u2019est a\u0300 ce niveau que votre ve\u0301ritable rendez-vous avec l\u2019histoire va se jouer, pour le meilleur (ce que je souhaite) ou pour le pire. Je continue donc d\u2019espe\u0301rer que l\u2019issue de cette Transition sera heureuse pour le pays, me\u0302me si au fond de moi-me\u0302me, j\u2019ai de fortes raisons d\u2019en douter.<\/p>\n<p><b>Monsieur le Pre\u0301sident,<\/b><\/p>\n<p>Au regard de la grave situation qui pre\u0301vaut actuellement dans notre cher pays, des mesures urgentes s\u2019imposent pour sortir de l\u2019impasse, si cela n\u2019est pas de\u0301ja\u0300 trop tard. Elles viseront essentiellement le redressement et la re\u0301orientation de la transition vers l\u2019unique direction envisageable Celle de cre\u0301er les conditions d\u2019un authentique dialogue inclusif afin de de\u0301crisper l\u2019atmosphe\u0300re sociopolitique, rassurer les milieux d\u2019affaires et les populations, de circonscrire les risques encourus et de favoriser l\u2019e\u0301dification d\u2019institutions indomptables pour les futurs dirigeants. Dans cette optique, les re\u0301cents e\u0301ve\u0301nements du 4 novembre et du 17 au 18 de\u0301cembre, aussi tragiques qu\u2019ils soient, vous offrent une opportunite\u0301 politique en Or, pour de\u0301clencher un processus d\u2019apaisement et de rectification, sans que vous perdiez la face. Ce serait un acte de grande sagesse, d\u2019autant plus souhaitable, qu\u2019il permettra d\u2019e\u0301viter a\u0300 la Guine\u0301e tout de\u0301bordement e\u0301ventuel de la situation et redonnera l\u2019espoir a\u0300 tous ceux qui ont cru aux promesses du CNRD. La sagesse n\u2019est pas une faiblesse, c\u2019est une des marques des leaders d\u2019exception. Elle est en puissance qui permet la mai\u0302trise de soi et insuffle la lucidite\u0301, l\u2019intelligence, la clairvoyance et l\u2019e\u0301nergie positive a\u0300 un dirigeant qui s\u2019en pre\u0301vaut, notamment dans les moments difficiles.<\/p>\n<p>Malgre\u0301, ses longues et douloureuses e\u0301preuves et la persistance des obstacles, je demeure convaincu que la Guine\u0301e se remettra un jour debout. Je suis convaincu qu\u2019elle fera renai\u0302tre l\u2019espe\u0301rance de Travail, de Justice, et de Solidarite\u0301 pour ses filles et ses fils, dans un cadre de vie digne, libre, harmonieux et prospe\u0300re Je suis convaincu que cet espoir est de\u0301ja\u0300 pre\u0300s de nous, car ses jeunes, femmes et hommes d\u2019honneur ne courberont jamais l\u2019e\u0301chine, et sauront s\u2019unir, face au statu quo. Je continue enfin d\u2019espe\u0301rer que le Peuple de Guine\u0301e finira par e\u0302tre le Mai\u0302tre absolu de son pouvoir et de son destin, a\u0300 travers des institutions ve\u0301ritablement de\u0301mocratiques, dans un E\u0301tat de droit. Et je prie de tout c\u0153ur, pour que vous soyez l\u2019artisan de cet accomplissement sublime pour notre Peuple, dans le cadre de cette Transition.<\/p>\n<p>Que dieu vous e\u0301claire et benisse la Guine\u0301e<\/p>\n<p>Conakry, jeudi 04 janvier 2023<\/p>\n<p><b>Abdourahamane SANO<\/b><\/p>\n<p>Citoyen Pour la Re\u0301publique (CPR)<\/p>\n<p><strong>Pour plus d&rsquo;informations et d&rsquo;analyses sur la <a href=\"https:\/\/www.africa-press.net\/guinee-conakry\">Guin\u00e9e<\/a>, suivez <a href=\"https:\/\/www.africa-press.net\/\">Africa-Press<\/a><\/strong><\/p>\n","protected":false},"excerpt":{"rendered":"<p>Africa-Press &#8211; Guin\u00e9e. Monsieur le Pre\u0301sident, Permettez-moi tout d\u2019abord de pre\u0301senter mes condole\u0301ances et ma compassion au Peuple de Guine\u0301e, aux familles et aux proches des personnes de\u0301ce\u0301de\u0301es et disparues, dans la tragique catastrophe que notre pays a ve\u0301cue, dans la nuit du 17 au 18 de\u0301cembre. Tout mon soutien aux sinistre\u0301s et aux victimes [&hellip;]<\/p>\n","protected":false},"author":82,"featured_media":18165,"comment_status":"open","ping_status":"closed","sticky":false,"template":"","format":"standard","meta":{"footnotes":""},"categories":[7,10],"tags":[36,57,58],"class_list":["post-18166","post","type-post","status-publish","format-standard","has-post-thumbnail","hentry","category-dossiers","category-toutes-les-actualites","tag-africa-press","tag-africa-press-guinee","tag-guinee"],"yoast_head":"<!-- This site is optimized with the Yoast SEO Premium plugin v26.1 (Yoast SEO v27.0) - https:\/\/yoast.com\/product\/yoast-seo-premium-wordpress\/ -->\n<title>Abdourahamane Sano au colonel Doumbouya\u00a0: \u2018\u2019le pays va mal ! Il va tr\u00e8s mal aujourd\u2019hui\u2019\u2019 - guinee Conakry<\/title>\n<meta name=\"robots\" content=\"index, follow, max-snippet:-1, max-image-preview:large, max-video-preview:-1\" \/>\n<link rel=\"canonical\" href=\"https:\/\/www.africa-press.net\/guinee-conakry\/politique\/abdourahamane-sano-au-colonel-doumbouya-le-pays-va-mal-il-va-tres-mal-aujourdhui\" \/>\n<meta property=\"og:locale\" content=\"fr_FR\" \/>\n<meta property=\"og:type\" content=\"article\" \/>\n<meta property=\"og:title\" content=\"Abdourahamane Sano au colonel Doumbouya\u00a0: \u2018\u2019le pays va mal ! Il va tr\u00e8s mal aujourd\u2019hui\u2019\u2019\" \/>\n<meta property=\"og:description\" content=\"Africa-Press &#8211; Guin\u00e9e. Monsieur le Pre\u0301sident, Permettez-moi tout d\u2019abord de pre\u0301senter mes condole\u0301ances et ma compassion au Peuple de Guine\u0301e, aux familles et aux proches des personnes de\u0301ce\u0301de\u0301es et disparues, dans la tragique catastrophe que notre pays a ve\u0301cue, dans la nuit du 17 au 18 de\u0301cembre. Tout mon soutien aux sinistre\u0301s et aux victimes [&hellip;]\" \/>\n<meta property=\"og:url\" content=\"https:\/\/www.africa-press.net\/guinee-conakry\/politique\/abdourahamane-sano-au-colonel-doumbouya-le-pays-va-mal-il-va-tres-mal-aujourdhui\" \/>\n<meta property=\"og:site_name\" content=\"guinee Conakry\" \/>\n<meta property=\"article:published_time\" content=\"2024-01-05T09:47:00+00:00\" \/>\n<meta name=\"author\" content=\"cfeditorfr\" \/>\n<meta name=\"twitter:card\" content=\"summary_large_image\" \/>\n<meta name=\"twitter:label1\" content=\"\u00c9crit par\" \/>\n\t<meta name=\"twitter:data1\" content=\"cfeditorfr\" \/>\n\t<meta name=\"twitter:label2\" content=\"Dur\u00e9e de lecture estim\u00e9e\" \/>\n\t<meta name=\"twitter:data2\" content=\"11 minutes\" \/>\n<script type=\"application\/ld+json\" class=\"yoast-schema-graph\">{\"@context\":\"https:\/\/schema.org\",\"@graph\":[{\"@type\":\"Article\",\"@id\":\"https:\/\/www.africa-press.net\/guinee-conakry\/politique\/abdourahamane-sano-au-colonel-doumbouya-le-pays-va-mal-il-va-tres-mal-aujourdhui#article\",\"isPartOf\":{\"@id\":\"https:\/\/www.africa-press.net\/guinee-conakry\/politique\/abdourahamane-sano-au-colonel-doumbouya-le-pays-va-mal-il-va-tres-mal-aujourdhui\"},\"author\":{\"name\":\"cfeditorfr\",\"@id\":\"https:\/\/www.africa-press.net\/guinee-conakry\/#\/schema\/person\/2b1cf3cd81a31e3cd26889ca66d677f1\"},\"headline\":\"Abdourahamane Sano au colonel Doumbouya\u00a0: \u2018\u2019le pays va mal ! Il va tr\u00e8s mal aujourd\u2019hui\u2019\u2019\",\"datePublished\":\"2024-01-05T09:47:00+00:00\",\"mainEntityOfPage\":{\"@id\":\"https:\/\/www.africa-press.net\/guinee-conakry\/politique\/abdourahamane-sano-au-colonel-doumbouya-le-pays-va-mal-il-va-tres-mal-aujourdhui\"},\"wordCount\":2132,\"commentCount\":0,\"image\":{\"@id\":\"https:\/\/www.africa-press.net\/guinee-conakry\/politique\/abdourahamane-sano-au-colonel-doumbouya-le-pays-va-mal-il-va-tres-mal-aujourdhui#primaryimage\"},\"thumbnailUrl\":\"https:\/\/static.africa-press.net\/conakry\/sites\/63\/2024\/01\/Jokar1704435451.900191.jpg\",\"keywords\":[\"Africa Press\",\"Africa Press-Guin\u00e9e\",\"Guin\u00e9e\"],\"articleSection\":[\"Dossiers\",\"Toutes les actualit\u00e9s\"],\"inLanguage\":\"fr-FR\",\"potentialAction\":[{\"@type\":\"CommentAction\",\"name\":\"Comment\",\"target\":[\"https:\/\/www.africa-press.net\/guinee-conakry\/politique\/abdourahamane-sano-au-colonel-doumbouya-le-pays-va-mal-il-va-tres-mal-aujourdhui#respond\"]}]},{\"@type\":\"WebPage\",\"@id\":\"https:\/\/www.africa-press.net\/guinee-conakry\/politique\/abdourahamane-sano-au-colonel-doumbouya-le-pays-va-mal-il-va-tres-mal-aujourdhui\",\"url\":\"https:\/\/www.africa-press.net\/guinee-conakry\/politique\/abdourahamane-sano-au-colonel-doumbouya-le-pays-va-mal-il-va-tres-mal-aujourdhui\",\"name\":\"Abdourahamane Sano au colonel Doumbouya\u00a0: \u2018\u2019le pays va mal ! Il va tr\u00e8s mal aujourd\u2019hui\u2019\u2019 - guinee Conakry\",\"isPartOf\":{\"@id\":\"https:\/\/www.africa-press.net\/guinee-conakry\/#website\"},\"primaryImageOfPage\":{\"@id\":\"https:\/\/www.africa-press.net\/guinee-conakry\/politique\/abdourahamane-sano-au-colonel-doumbouya-le-pays-va-mal-il-va-tres-mal-aujourdhui#primaryimage\"},\"image\":{\"@id\":\"https:\/\/www.africa-press.net\/guinee-conakry\/politique\/abdourahamane-sano-au-colonel-doumbouya-le-pays-va-mal-il-va-tres-mal-aujourdhui#primaryimage\"},\"thumbnailUrl\":\"https:\/\/static.africa-press.net\/conakry\/sites\/63\/2024\/01\/Jokar1704435451.900191.jpg\",\"datePublished\":\"2024-01-05T09:47:00+00:00\",\"author\":{\"@id\":\"https:\/\/www.africa-press.net\/guinee-conakry\/#\/schema\/person\/2b1cf3cd81a31e3cd26889ca66d677f1\"},\"breadcrumb\":{\"@id\":\"https:\/\/www.africa-press.net\/guinee-conakry\/politique\/abdourahamane-sano-au-colonel-doumbouya-le-pays-va-mal-il-va-tres-mal-aujourdhui#breadcrumb\"},\"inLanguage\":\"fr-FR\",\"potentialAction\":[{\"@type\":\"ReadAction\",\"target\":[\"https:\/\/www.africa-press.net\/guinee-conakry\/politique\/abdourahamane-sano-au-colonel-doumbouya-le-pays-va-mal-il-va-tres-mal-aujourdhui\"]}]},{\"@type\":\"ImageObject\",\"inLanguage\":\"fr-FR\",\"@id\":\"https:\/\/www.africa-press.net\/guinee-conakry\/politique\/abdourahamane-sano-au-colonel-doumbouya-le-pays-va-mal-il-va-tres-mal-aujourdhui#primaryimage\",\"url\":\"https:\/\/static.africa-press.net\/conakry\/sites\/63\/2024\/01\/Jokar1704435451.900191.jpg\",\"contentUrl\":\"https:\/\/static.africa-press.net\/conakry\/sites\/63\/2024\/01\/Jokar1704435451.900191.jpg\",\"width\":715,\"height\":597,\"caption\":\"Abdourahamane Sano au colonel Doumbouya\u00a0: \u2018\u2019le pays va mal ! Il va tr\u00e8s mal aujourd\u2019hui\u2019\u2019\"},{\"@type\":\"BreadcrumbList\",\"@id\":\"https:\/\/www.africa-press.net\/guinee-conakry\/politique\/abdourahamane-sano-au-colonel-doumbouya-le-pays-va-mal-il-va-tres-mal-aujourdhui#breadcrumb\",\"itemListElement\":[{\"@type\":\"ListItem\",\"position\":1,\"name\":\"Accueil\",\"item\":\"https:\/\/www.africa-press.net\/guinee-conakry\/\"},{\"@type\":\"ListItem\",\"position\":2,\"name\":\"Abdourahamane Sano au colonel Doumbouya\u00a0: \u2018\u2019le pays va mal ! Il va tr\u00e8s mal aujourd\u2019hui\u2019\u2019\"}]},{\"@type\":\"WebSite\",\"@id\":\"https:\/\/www.africa-press.net\/guinee-conakry\/#website\",\"url\":\"https:\/\/www.africa-press.net\/guinee-conakry\/\",\"name\":\"guinee Conakry\",\"description\":\"Just another Africa News Agency Sites site\",\"potentialAction\":[{\"@type\":\"SearchAction\",\"target\":{\"@type\":\"EntryPoint\",\"urlTemplate\":\"https:\/\/www.africa-press.net\/guinee-conakry\/?s={search_term_string}\"},\"query-input\":{\"@type\":\"PropertyValueSpecification\",\"valueRequired\":true,\"valueName\":\"search_term_string\"}}],\"inLanguage\":\"fr-FR\"},{\"@type\":\"Person\",\"@id\":\"https:\/\/www.africa-press.net\/guinee-conakry\/#\/schema\/person\/2b1cf3cd81a31e3cd26889ca66d677f1\",\"name\":\"cfeditorfr\"}]}<\/script>\n<!-- \/ Yoast SEO Premium plugin. -->","yoast_head_json":{"title":"Abdourahamane Sano au colonel Doumbouya\u00a0: \u2018\u2019le pays va mal ! Il va tr\u00e8s mal aujourd\u2019hui\u2019\u2019 - guinee Conakry","robots":{"index":"index","follow":"follow","max-snippet":"max-snippet:-1","max-image-preview":"max-image-preview:large","max-video-preview":"max-video-preview:-1"},"canonical":"https:\/\/www.africa-press.net\/guinee-conakry\/politique\/abdourahamane-sano-au-colonel-doumbouya-le-pays-va-mal-il-va-tres-mal-aujourdhui","og_locale":"fr_FR","og_type":"article","og_title":"Abdourahamane Sano au colonel Doumbouya\u00a0: \u2018\u2019le pays va mal ! Il va tr\u00e8s mal aujourd\u2019hui\u2019\u2019","og_description":"Africa-Press &#8211; Guin\u00e9e. Monsieur le Pre\u0301sident, Permettez-moi tout d\u2019abord de pre\u0301senter mes condole\u0301ances et ma compassion au Peuple de Guine\u0301e, aux familles et aux proches des personnes de\u0301ce\u0301de\u0301es et disparues, dans la tragique catastrophe que notre pays a ve\u0301cue, dans la nuit du 17 au 18 de\u0301cembre. Tout mon soutien aux sinistre\u0301s et aux victimes [&hellip;]","og_url":"https:\/\/www.africa-press.net\/guinee-conakry\/politique\/abdourahamane-sano-au-colonel-doumbouya-le-pays-va-mal-il-va-tres-mal-aujourdhui","og_site_name":"guinee Conakry","article_published_time":"2024-01-05T09:47:00+00:00","author":"cfeditorfr","twitter_card":"summary_large_image","twitter_misc":{"\u00c9crit par":"cfeditorfr","Dur\u00e9e de lecture estim\u00e9e":"11 minutes"},"schema":{"@context":"https:\/\/schema.org","@graph":[{"@type":"Article","@id":"https:\/\/www.africa-press.net\/guinee-conakry\/politique\/abdourahamane-sano-au-colonel-doumbouya-le-pays-va-mal-il-va-tres-mal-aujourdhui#article","isPartOf":{"@id":"https:\/\/www.africa-press.net\/guinee-conakry\/politique\/abdourahamane-sano-au-colonel-doumbouya-le-pays-va-mal-il-va-tres-mal-aujourdhui"},"author":{"name":"cfeditorfr","@id":"https:\/\/www.africa-press.net\/guinee-conakry\/#\/schema\/person\/2b1cf3cd81a31e3cd26889ca66d677f1"},"headline":"Abdourahamane Sano au colonel Doumbouya\u00a0: \u2018\u2019le pays va mal ! Il va tr\u00e8s mal aujourd\u2019hui\u2019\u2019","datePublished":"2024-01-05T09:47:00+00:00","mainEntityOfPage":{"@id":"https:\/\/www.africa-press.net\/guinee-conakry\/politique\/abdourahamane-sano-au-colonel-doumbouya-le-pays-va-mal-il-va-tres-mal-aujourdhui"},"wordCount":2132,"commentCount":0,"image":{"@id":"https:\/\/www.africa-press.net\/guinee-conakry\/politique\/abdourahamane-sano-au-colonel-doumbouya-le-pays-va-mal-il-va-tres-mal-aujourdhui#primaryimage"},"thumbnailUrl":"https:\/\/static.africa-press.net\/conakry\/sites\/63\/2024\/01\/Jokar1704435451.900191.jpg","keywords":["Africa Press","Africa Press-Guin\u00e9e","Guin\u00e9e"],"articleSection":["Dossiers","Toutes les actualit\u00e9s"],"inLanguage":"fr-FR","potentialAction":[{"@type":"CommentAction","name":"Comment","target":["https:\/\/www.africa-press.net\/guinee-conakry\/politique\/abdourahamane-sano-au-colonel-doumbouya-le-pays-va-mal-il-va-tres-mal-aujourdhui#respond"]}]},{"@type":"WebPage","@id":"https:\/\/www.africa-press.net\/guinee-conakry\/politique\/abdourahamane-sano-au-colonel-doumbouya-le-pays-va-mal-il-va-tres-mal-aujourdhui","url":"https:\/\/www.africa-press.net\/guinee-conakry\/politique\/abdourahamane-sano-au-colonel-doumbouya-le-pays-va-mal-il-va-tres-mal-aujourdhui","name":"Abdourahamane Sano au colonel Doumbouya\u00a0: \u2018\u2019le pays va mal ! Il va tr\u00e8s mal aujourd\u2019hui\u2019\u2019 - guinee Conakry","isPartOf":{"@id":"https:\/\/www.africa-press.net\/guinee-conakry\/#website"},"primaryImageOfPage":{"@id":"https:\/\/www.africa-press.net\/guinee-conakry\/politique\/abdourahamane-sano-au-colonel-doumbouya-le-pays-va-mal-il-va-tres-mal-aujourdhui#primaryimage"},"image":{"@id":"https:\/\/www.africa-press.net\/guinee-conakry\/politique\/abdourahamane-sano-au-colonel-doumbouya-le-pays-va-mal-il-va-tres-mal-aujourdhui#primaryimage"},"thumbnailUrl":"https:\/\/static.africa-press.net\/conakry\/sites\/63\/2024\/01\/Jokar1704435451.900191.jpg","datePublished":"2024-01-05T09:47:00+00:00","author":{"@id":"https:\/\/www.africa-press.net\/guinee-conakry\/#\/schema\/person\/2b1cf3cd81a31e3cd26889ca66d677f1"},"breadcrumb":{"@id":"https:\/\/www.africa-press.net\/guinee-conakry\/politique\/abdourahamane-sano-au-colonel-doumbouya-le-pays-va-mal-il-va-tres-mal-aujourdhui#breadcrumb"},"inLanguage":"fr-FR","potentialAction":[{"@type":"ReadAction","target":["https:\/\/www.africa-press.net\/guinee-conakry\/politique\/abdourahamane-sano-au-colonel-doumbouya-le-pays-va-mal-il-va-tres-mal-aujourdhui"]}]},{"@type":"ImageObject","inLanguage":"fr-FR","@id":"https:\/\/www.africa-press.net\/guinee-conakry\/politique\/abdourahamane-sano-au-colonel-doumbouya-le-pays-va-mal-il-va-tres-mal-aujourdhui#primaryimage","url":"https:\/\/static.africa-press.net\/conakry\/sites\/63\/2024\/01\/Jokar1704435451.900191.jpg","contentUrl":"https:\/\/static.africa-press.net\/conakry\/sites\/63\/2024\/01\/Jokar1704435451.900191.jpg","width":715,"height":597,"caption":"Abdourahamane Sano au colonel Doumbouya\u00a0: \u2018\u2019le pays va mal ! Il va tr\u00e8s mal aujourd\u2019hui\u2019\u2019"},{"@type":"BreadcrumbList","@id":"https:\/\/www.africa-press.net\/guinee-conakry\/politique\/abdourahamane-sano-au-colonel-doumbouya-le-pays-va-mal-il-va-tres-mal-aujourdhui#breadcrumb","itemListElement":[{"@type":"ListItem","position":1,"name":"Accueil","item":"https:\/\/www.africa-press.net\/guinee-conakry\/"},{"@type":"ListItem","position":2,"name":"Abdourahamane Sano au colonel Doumbouya\u00a0: \u2018\u2019le pays va mal ! Il va tr\u00e8s mal aujourd\u2019hui\u2019\u2019"}]},{"@type":"WebSite","@id":"https:\/\/www.africa-press.net\/guinee-conakry\/#website","url":"https:\/\/www.africa-press.net\/guinee-conakry\/","name":"guinee Conakry","description":"Just another Africa News Agency Sites site","potentialAction":[{"@type":"SearchAction","target":{"@type":"EntryPoint","urlTemplate":"https:\/\/www.africa-press.net\/guinee-conakry\/?s={search_term_string}"},"query-input":{"@type":"PropertyValueSpecification","valueRequired":true,"valueName":"search_term_string"}}],"inLanguage":"fr-FR"},{"@type":"Person","@id":"https:\/\/www.africa-press.net\/guinee-conakry\/#\/schema\/person\/2b1cf3cd81a31e3cd26889ca66d677f1","name":"cfeditorfr"}]}},"_links":{"self":[{"href":"https:\/\/www.africa-press.net\/guinee-conakry\/wp-json\/wp\/v2\/posts\/18166","targetHints":{"allow":["GET"]}}],"collection":[{"href":"https:\/\/www.africa-press.net\/guinee-conakry\/wp-json\/wp\/v2\/posts"}],"about":[{"href":"https:\/\/www.africa-press.net\/guinee-conakry\/wp-json\/wp\/v2\/types\/post"}],"author":[{"embeddable":true,"href":"https:\/\/www.africa-press.net\/guinee-conakry\/wp-json\/wp\/v2\/users\/82"}],"replies":[{"embeddable":true,"href":"https:\/\/www.africa-press.net\/guinee-conakry\/wp-json\/wp\/v2\/comments?post=18166"}],"version-history":[{"count":0,"href":"https:\/\/www.africa-press.net\/guinee-conakry\/wp-json\/wp\/v2\/posts\/18166\/revisions"}],"wp:featuredmedia":[{"embeddable":true,"href":"https:\/\/www.africa-press.net\/guinee-conakry\/wp-json\/wp\/v2\/media\/18165"}],"wp:attachment":[{"href":"https:\/\/www.africa-press.net\/guinee-conakry\/wp-json\/wp\/v2\/media?parent=18166"}],"wp:term":[{"taxonomy":"category","embeddable":true,"href":"https:\/\/www.africa-press.net\/guinee-conakry\/wp-json\/wp\/v2\/categories?post=18166"},{"taxonomy":"post_tag","embeddable":true,"href":"https:\/\/www.africa-press.net\/guinee-conakry\/wp-json\/wp\/v2\/tags?post=18166"}],"curies":[{"name":"wp","href":"https:\/\/api.w.org\/{rel}","templated":true}]}}