{"id":18178,"date":"2024-01-05T09:54:00","date_gmt":"2024-01-05T09:54:00","guid":{"rendered":"https:\/\/www.africa-press.net\/guinee-conakry\/politique\/charles-wright-lance-une-formation-en-faveur-des-journalistes-qui-couvrent-le-proces-du-28-septembre"},"modified":"2024-01-05T09:54:00","modified_gmt":"2024-01-05T09:54:00","slug":"charles-wright-lance-une-formation-en-faveur-des-journalistes-qui-couvrent-le-proces-du-28-septembre","status":"publish","type":"post","link":"https:\/\/www.africa-press.net\/guinee-conakry\/toutes-les-actualites\/charles-wright-lance-une-formation-en-faveur-des-journalistes-qui-couvrent-le-proces-du-28-septembre","title":{"rendered":"Charles Wright lance une formation en faveur des journalistes qui couvrent le proc\u00e8s du 28 septembre"},"content":{"rendered":"<p><span style=\"color: #ff6600\"><strong>Africa-Press &#8211; Guin\u00e9e. <\/strong><\/span><b>Il s\u2019agit de la deuxie\u0300me cohorte de journalistes <\/b><b>a\u0300<\/b><b> be\u0301ne\u0301ficie<\/b><b>r <\/b><b>de <\/b><b>renforcement de capacite\u0301s. L\u2019initiative est de <\/b><b>l\u2019<\/b><b>u<\/b><b>nite\u0301 de gestion du projet d\u2019appui a\u0300 l\u2019organisation du proce\u0300s du 28 septembre. <\/b><b>Dans la premie\u0300re cohorte,<\/b><b> 40 autres <\/b><b>professionnels des me\u0301dias <\/b><b>publics et prive\u0301s avaient be\u0301ne\u0301ficie\u0301 de la me\u0302me formation, il y a deux semaines. <\/b><\/p>\n<p>Plusieurs the\u0301matiques vont e\u0302tre aborde\u0301es au cours de cette session de formation de trois jours, concerne le fact-cheking et les techniques a\u0300 utiliser pour couvrir un proce\u0300s criminel.<\/p>\n<p>L\u2019unite\u0301 de gestion du projet d\u2019appui a\u0300 l\u2019organisation du proce\u0300s du 28 septembre a\u0300 travers sa cellule de communication a juge\u0301 utile de re\u0301unir les hommes de me\u0301dias qui couvrent ce e\u0301ve\u0300nement historique pour renforcer leurs capacite\u0301s.<\/p>\n<p>Le pre\u0301sident de cette cellule de communication rappelle que la couverture d\u2019un proce\u0300s comme celui des e\u0301ve\u0300nements du 28 septembre, appelle au professionnalisme, a\u0300 la responsabilite\u0301, a\u0300 l\u2019e\u0301thique et la de\u0301ontologie.<\/p>\n<p>Abdoulaye Djibril Diallo affirme que \u2018\u2019les journalistes sont a\u0300 l\u2019avant-garde de la re\u0301ussite de ce proce\u0300s. Et nous pensons qu\u2019apre\u0300s 13 mois de traitement de l\u2019information sur le terrain, que c\u2019est un pari que nous sommes entrain de gagner. Parce que pour la premie\u0300re fois dans le monde, un proce\u0300s aussi sensible que celui-ci est couvert inte\u0301gralement au nom du droit d\u2019acce\u0300s des populations a\u0300 l\u2019information, mais aussi dans la transparence voulue par le pre\u0301sident de la Re\u0301publique, le colonel Mamadi Doumbouya\u2019\u2019.<\/p>\n<p>C\u2019est le ministre de la justice et des droits de l\u2019Homme qui a pre\u0301side\u0301 le lancement de cette formation. Charles Wright a souligne\u0301 que la premie\u0300re re\u0301ussite d\u2019un proce\u0300s de\u0301pend de sa couverture me\u0301diatique.<\/p>\n<p>Le garde des sceaux a fait remarquer que \u2018\u2019cles me\u0301dias qui sont suivis dans nos diffe\u0301rentes langues et aussi en franc\u0327ais, ne mai\u0302trisent les concepts juridiques\u2019\u2019.<\/p>\n<p>\u2018\u2019Lorsqu\u2019ils sont invite\u0301s a\u0300 couvrir un tel proce\u0300s, il faut faire en sorte qu\u2019ils soient outille\u0301s pour e\u0301viter que l\u2019information qui doit e\u0302tre collecte\u0301e, traite\u0301e et diffuse\u0301e soit authentique et ne sorte pas du cadre le\u0301gal\u2019\u2019, souligne-t-il.<\/p>\n<p>Le ministre Wright rappelle que \u2018\u2019nous sommes a\u0300 la phase de comparution des te\u0301moins. Vous avez encore un autre pan du dossier qui est en train d\u2019e\u0302tre examine\u0301 de fac\u0327on inde\u0301pendante par des juridictions. A l\u2019issue de cela, les me\u0301dias vont e\u0302tre outille\u0301s. De\u0301sormais, lorsqu\u2019on doit parler de ce proce\u0300s pendant et apre\u0300s les audiences, il faut que chaque acteur sache que chaque mot a sa place. Chaque geste autour de ce proce\u0300s peut avoir un impact a\u0300 la fois positif et ne\u0301gatif\u2019\u2019.<\/p>\n<p>Avant de conclure que \u2018\u2019l\u2019objectif de ce proce\u0300s n\u2019est pas contre une re\u0301gion, une ethnie. C\u2019est pour rendre justice afin de permettre a\u0300 tous les accuse\u0301s de se de\u0301fendre et aux victimes d\u2019avoir droit a\u0300 la re\u0301paration. Dans tout cela, ce proce\u0300s, c\u2019est pour renforcer la paix et l\u2019unite\u0301 nationale. Nous avons tant clame\u0301 la justice pour toutes les personnes qui ont perdu la vie. Donc, il ne faut pas en rajouter. Il faut apaiser en faisant en sorte que chaque n\u2019ait pas un impact ne\u0301gatif sur le vivre-ensemble\u2019\u2019.<\/p>\n<p><b>Abdoulaye Bella DIALLO<\/b><\/p>\n<p><strong>Pour plus d&rsquo;informations et d&rsquo;analyses sur la <a href=\"https:\/\/www.africa-press.net\/guinee-conakry\">Guin\u00e9e<\/a>, suivez <a href=\"https:\/\/www.africa-press.net\/\">Africa-Press<\/a><\/strong><\/p>\n","protected":false},"excerpt":{"rendered":"<p>Africa-Press &#8211; Guin\u00e9e. Il s\u2019agit de la deuxie\u0300me cohorte de journalistes a\u0300 be\u0301ne\u0301ficier de renforcement de capacite\u0301s. L\u2019initiative est de l\u2019unite\u0301 de gestion du projet d\u2019appui a\u0300 l\u2019organisation du proce\u0300s du 28 septembre. Dans la premie\u0300re cohorte, 40 autres professionnels des me\u0301dias publics et prive\u0301s avaient be\u0301ne\u0301ficie\u0301 de la me\u0302me formation, il y a deux [&hellip;]<\/p>\n","protected":false},"author":82,"featured_media":18177,"comment_status":"open","ping_status":"closed","sticky":false,"template":"","format":"standard","meta":{"footnotes":""},"categories":[21,10],"tags":[36,57,58],"class_list":["post-18178","post","type-post","status-publish","format-standard","has-post-thumbnail","hentry","category-communaute","category-toutes-les-actualites","tag-africa-press","tag-africa-press-guinee","tag-guinee"],"yoast_head":"<!-- This site is optimized with the Yoast SEO Premium plugin v26.1 (Yoast SEO v27.0) - https:\/\/yoast.com\/product\/yoast-seo-premium-wordpress\/ -->\n<title>Charles Wright lance une formation en faveur des journalistes qui couvrent le proc\u00e8s du 28 septembre - guinee Conakry<\/title>\n<meta name=\"robots\" content=\"index, follow, max-snippet:-1, max-image-preview:large, max-video-preview:-1\" \/>\n<link rel=\"canonical\" href=\"https:\/\/www.africa-press.net\/guinee-conakry\/politique\/charles-wright-lance-une-formation-en-faveur-des-journalistes-qui-couvrent-le-proces-du-28-septembre\" \/>\n<meta property=\"og:locale\" content=\"fr_FR\" \/>\n<meta property=\"og:type\" content=\"article\" \/>\n<meta property=\"og:title\" content=\"Charles Wright lance une formation en faveur des journalistes qui couvrent le proc\u00e8s du 28 septembre\" \/>\n<meta property=\"og:description\" content=\"Africa-Press &#8211; Guin\u00e9e. Il s\u2019agit de la deuxie\u0300me cohorte de journalistes a\u0300 be\u0301ne\u0301ficier de renforcement de capacite\u0301s. L\u2019initiative est de l\u2019unite\u0301 de gestion du projet d\u2019appui a\u0300 l\u2019organisation du proce\u0300s du 28 septembre. Dans la premie\u0300re cohorte, 40 autres professionnels des me\u0301dias publics et prive\u0301s avaient be\u0301ne\u0301ficie\u0301 de la me\u0302me formation, il y a deux [&hellip;]\" \/>\n<meta property=\"og:url\" content=\"https:\/\/www.africa-press.net\/guinee-conakry\/politique\/charles-wright-lance-une-formation-en-faveur-des-journalistes-qui-couvrent-le-proces-du-28-septembre\" \/>\n<meta property=\"og:site_name\" content=\"guinee Conakry\" \/>\n<meta property=\"article:published_time\" content=\"2024-01-05T09:54:00+00:00\" \/>\n<meta name=\"author\" content=\"cfeditorfr\" \/>\n<meta name=\"twitter:card\" content=\"summary_large_image\" \/>\n<meta name=\"twitter:label1\" content=\"\u00c9crit par\" \/>\n\t<meta name=\"twitter:data1\" content=\"cfeditorfr\" \/>\n\t<meta name=\"twitter:label2\" content=\"Dur\u00e9e de lecture estim\u00e9e\" \/>\n\t<meta name=\"twitter:data2\" content=\"3 minutes\" \/>\n<script type=\"application\/ld+json\" class=\"yoast-schema-graph\">{\"@context\":\"https:\/\/schema.org\",\"@graph\":[{\"@type\":\"Article\",\"@id\":\"https:\/\/www.africa-press.net\/guinee-conakry\/politique\/charles-wright-lance-une-formation-en-faveur-des-journalistes-qui-couvrent-le-proces-du-28-septembre#article\",\"isPartOf\":{\"@id\":\"https:\/\/www.africa-press.net\/guinee-conakry\/politique\/charles-wright-lance-une-formation-en-faveur-des-journalistes-qui-couvrent-le-proces-du-28-septembre\"},\"author\":{\"name\":\"cfeditorfr\",\"@id\":\"https:\/\/www.africa-press.net\/guinee-conakry\/#\/schema\/person\/2b1cf3cd81a31e3cd26889ca66d677f1\"},\"headline\":\"Charles Wright lance une formation en faveur des journalistes qui couvrent le proc\u00e8s du 28 septembre\",\"datePublished\":\"2024-01-05T09:54:00+00:00\",\"mainEntityOfPage\":{\"@id\":\"https:\/\/www.africa-press.net\/guinee-conakry\/politique\/charles-wright-lance-une-formation-en-faveur-des-journalistes-qui-couvrent-le-proces-du-28-septembre\"},\"wordCount\":639,\"commentCount\":0,\"image\":{\"@id\":\"https:\/\/www.africa-press.net\/guinee-conakry\/politique\/charles-wright-lance-une-formation-en-faveur-des-journalistes-qui-couvrent-le-proces-du-28-septembre#primaryimage\"},\"thumbnailUrl\":\"https:\/\/static.africa-press.net\/conakry\/sites\/63\/2024\/01\/Jokar1704435893.35003.jpg\",\"keywords\":[\"Africa Press\",\"Africa Press-Guin\u00e9e\",\"Guin\u00e9e\"],\"articleSection\":[\"Communaut\u00e9\",\"Toutes les actualit\u00e9s\"],\"inLanguage\":\"fr-FR\",\"potentialAction\":[{\"@type\":\"CommentAction\",\"name\":\"Comment\",\"target\":[\"https:\/\/www.africa-press.net\/guinee-conakry\/politique\/charles-wright-lance-une-formation-en-faveur-des-journalistes-qui-couvrent-le-proces-du-28-septembre#respond\"]}]},{\"@type\":\"WebPage\",\"@id\":\"https:\/\/www.africa-press.net\/guinee-conakry\/politique\/charles-wright-lance-une-formation-en-faveur-des-journalistes-qui-couvrent-le-proces-du-28-septembre\",\"url\":\"https:\/\/www.africa-press.net\/guinee-conakry\/politique\/charles-wright-lance-une-formation-en-faveur-des-journalistes-qui-couvrent-le-proces-du-28-septembre\",\"name\":\"Charles Wright lance une formation en faveur des journalistes qui couvrent le proc\u00e8s du 28 septembre - guinee Conakry\",\"isPartOf\":{\"@id\":\"https:\/\/www.africa-press.net\/guinee-conakry\/#website\"},\"primaryImageOfPage\":{\"@id\":\"https:\/\/www.africa-press.net\/guinee-conakry\/politique\/charles-wright-lance-une-formation-en-faveur-des-journalistes-qui-couvrent-le-proces-du-28-septembre#primaryimage\"},\"image\":{\"@id\":\"https:\/\/www.africa-press.net\/guinee-conakry\/politique\/charles-wright-lance-une-formation-en-faveur-des-journalistes-qui-couvrent-le-proces-du-28-septembre#primaryimage\"},\"thumbnailUrl\":\"https:\/\/static.africa-press.net\/conakry\/sites\/63\/2024\/01\/Jokar1704435893.35003.jpg\",\"datePublished\":\"2024-01-05T09:54:00+00:00\",\"author\":{\"@id\":\"https:\/\/www.africa-press.net\/guinee-conakry\/#\/schema\/person\/2b1cf3cd81a31e3cd26889ca66d677f1\"},\"breadcrumb\":{\"@id\":\"https:\/\/www.africa-press.net\/guinee-conakry\/politique\/charles-wright-lance-une-formation-en-faveur-des-journalistes-qui-couvrent-le-proces-du-28-septembre#breadcrumb\"},\"inLanguage\":\"fr-FR\",\"potentialAction\":[{\"@type\":\"ReadAction\",\"target\":[\"https:\/\/www.africa-press.net\/guinee-conakry\/politique\/charles-wright-lance-une-formation-en-faveur-des-journalistes-qui-couvrent-le-proces-du-28-septembre\"]}]},{\"@type\":\"ImageObject\",\"inLanguage\":\"fr-FR\",\"@id\":\"https:\/\/www.africa-press.net\/guinee-conakry\/politique\/charles-wright-lance-une-formation-en-faveur-des-journalistes-qui-couvrent-le-proces-du-28-septembre#primaryimage\",\"url\":\"https:\/\/static.africa-press.net\/conakry\/sites\/63\/2024\/01\/Jokar1704435893.35003.jpg\",\"contentUrl\":\"https:\/\/static.africa-press.net\/conakry\/sites\/63\/2024\/01\/Jokar1704435893.35003.jpg\",\"width\":1024,\"height\":683,\"caption\":\"Charles Wright lance une formation en faveur des journalistes qui couvrent le proc\u00e8s du 28 septembre\"},{\"@type\":\"BreadcrumbList\",\"@id\":\"https:\/\/www.africa-press.net\/guinee-conakry\/politique\/charles-wright-lance-une-formation-en-faveur-des-journalistes-qui-couvrent-le-proces-du-28-septembre#breadcrumb\",\"itemListElement\":[{\"@type\":\"ListItem\",\"position\":1,\"name\":\"Accueil\",\"item\":\"https:\/\/www.africa-press.net\/guinee-conakry\/\"},{\"@type\":\"ListItem\",\"position\":2,\"name\":\"Charles Wright lance une formation en faveur des journalistes qui couvrent le proc\u00e8s du 28 septembre\"}]},{\"@type\":\"WebSite\",\"@id\":\"https:\/\/www.africa-press.net\/guinee-conakry\/#website\",\"url\":\"https:\/\/www.africa-press.net\/guinee-conakry\/\",\"name\":\"guinee Conakry\",\"description\":\"Just another Africa News Agency Sites site\",\"potentialAction\":[{\"@type\":\"SearchAction\",\"target\":{\"@type\":\"EntryPoint\",\"urlTemplate\":\"https:\/\/www.africa-press.net\/guinee-conakry\/?s={search_term_string}\"},\"query-input\":{\"@type\":\"PropertyValueSpecification\",\"valueRequired\":true,\"valueName\":\"search_term_string\"}}],\"inLanguage\":\"fr-FR\"},{\"@type\":\"Person\",\"@id\":\"https:\/\/www.africa-press.net\/guinee-conakry\/#\/schema\/person\/2b1cf3cd81a31e3cd26889ca66d677f1\",\"name\":\"cfeditorfr\"}]}<\/script>\n<!-- \/ Yoast SEO Premium plugin. -->","yoast_head_json":{"title":"Charles Wright lance une formation en faveur des journalistes qui couvrent le proc\u00e8s du 28 septembre - guinee Conakry","robots":{"index":"index","follow":"follow","max-snippet":"max-snippet:-1","max-image-preview":"max-image-preview:large","max-video-preview":"max-video-preview:-1"},"canonical":"https:\/\/www.africa-press.net\/guinee-conakry\/politique\/charles-wright-lance-une-formation-en-faveur-des-journalistes-qui-couvrent-le-proces-du-28-septembre","og_locale":"fr_FR","og_type":"article","og_title":"Charles Wright lance une formation en faveur des journalistes qui couvrent le proc\u00e8s du 28 septembre","og_description":"Africa-Press &#8211; Guin\u00e9e. Il s\u2019agit de la deuxie\u0300me cohorte de journalistes a\u0300 be\u0301ne\u0301ficier de renforcement de capacite\u0301s. L\u2019initiative est de l\u2019unite\u0301 de gestion du projet d\u2019appui a\u0300 l\u2019organisation du proce\u0300s du 28 septembre. Dans la premie\u0300re cohorte, 40 autres professionnels des me\u0301dias publics et prive\u0301s avaient be\u0301ne\u0301ficie\u0301 de la me\u0302me formation, il y a deux [&hellip;]","og_url":"https:\/\/www.africa-press.net\/guinee-conakry\/politique\/charles-wright-lance-une-formation-en-faveur-des-journalistes-qui-couvrent-le-proces-du-28-septembre","og_site_name":"guinee Conakry","article_published_time":"2024-01-05T09:54:00+00:00","author":"cfeditorfr","twitter_card":"summary_large_image","twitter_misc":{"\u00c9crit par":"cfeditorfr","Dur\u00e9e de lecture estim\u00e9e":"3 minutes"},"schema":{"@context":"https:\/\/schema.org","@graph":[{"@type":"Article","@id":"https:\/\/www.africa-press.net\/guinee-conakry\/politique\/charles-wright-lance-une-formation-en-faveur-des-journalistes-qui-couvrent-le-proces-du-28-septembre#article","isPartOf":{"@id":"https:\/\/www.africa-press.net\/guinee-conakry\/politique\/charles-wright-lance-une-formation-en-faveur-des-journalistes-qui-couvrent-le-proces-du-28-septembre"},"author":{"name":"cfeditorfr","@id":"https:\/\/www.africa-press.net\/guinee-conakry\/#\/schema\/person\/2b1cf3cd81a31e3cd26889ca66d677f1"},"headline":"Charles Wright lance une formation en faveur des journalistes qui couvrent le proc\u00e8s du 28 septembre","datePublished":"2024-01-05T09:54:00+00:00","mainEntityOfPage":{"@id":"https:\/\/www.africa-press.net\/guinee-conakry\/politique\/charles-wright-lance-une-formation-en-faveur-des-journalistes-qui-couvrent-le-proces-du-28-septembre"},"wordCount":639,"commentCount":0,"image":{"@id":"https:\/\/www.africa-press.net\/guinee-conakry\/politique\/charles-wright-lance-une-formation-en-faveur-des-journalistes-qui-couvrent-le-proces-du-28-septembre#primaryimage"},"thumbnailUrl":"https:\/\/static.africa-press.net\/conakry\/sites\/63\/2024\/01\/Jokar1704435893.35003.jpg","keywords":["Africa Press","Africa Press-Guin\u00e9e","Guin\u00e9e"],"articleSection":["Communaut\u00e9","Toutes les actualit\u00e9s"],"inLanguage":"fr-FR","potentialAction":[{"@type":"CommentAction","name":"Comment","target":["https:\/\/www.africa-press.net\/guinee-conakry\/politique\/charles-wright-lance-une-formation-en-faveur-des-journalistes-qui-couvrent-le-proces-du-28-septembre#respond"]}]},{"@type":"WebPage","@id":"https:\/\/www.africa-press.net\/guinee-conakry\/politique\/charles-wright-lance-une-formation-en-faveur-des-journalistes-qui-couvrent-le-proces-du-28-septembre","url":"https:\/\/www.africa-press.net\/guinee-conakry\/politique\/charles-wright-lance-une-formation-en-faveur-des-journalistes-qui-couvrent-le-proces-du-28-septembre","name":"Charles Wright lance une formation en faveur des journalistes qui couvrent le proc\u00e8s du 28 septembre - guinee Conakry","isPartOf":{"@id":"https:\/\/www.africa-press.net\/guinee-conakry\/#website"},"primaryImageOfPage":{"@id":"https:\/\/www.africa-press.net\/guinee-conakry\/politique\/charles-wright-lance-une-formation-en-faveur-des-journalistes-qui-couvrent-le-proces-du-28-septembre#primaryimage"},"image":{"@id":"https:\/\/www.africa-press.net\/guinee-conakry\/politique\/charles-wright-lance-une-formation-en-faveur-des-journalistes-qui-couvrent-le-proces-du-28-septembre#primaryimage"},"thumbnailUrl":"https:\/\/static.africa-press.net\/conakry\/sites\/63\/2024\/01\/Jokar1704435893.35003.jpg","datePublished":"2024-01-05T09:54:00+00:00","author":{"@id":"https:\/\/www.africa-press.net\/guinee-conakry\/#\/schema\/person\/2b1cf3cd81a31e3cd26889ca66d677f1"},"breadcrumb":{"@id":"https:\/\/www.africa-press.net\/guinee-conakry\/politique\/charles-wright-lance-une-formation-en-faveur-des-journalistes-qui-couvrent-le-proces-du-28-septembre#breadcrumb"},"inLanguage":"fr-FR","potentialAction":[{"@type":"ReadAction","target":["https:\/\/www.africa-press.net\/guinee-conakry\/politique\/charles-wright-lance-une-formation-en-faveur-des-journalistes-qui-couvrent-le-proces-du-28-septembre"]}]},{"@type":"ImageObject","inLanguage":"fr-FR","@id":"https:\/\/www.africa-press.net\/guinee-conakry\/politique\/charles-wright-lance-une-formation-en-faveur-des-journalistes-qui-couvrent-le-proces-du-28-septembre#primaryimage","url":"https:\/\/static.africa-press.net\/conakry\/sites\/63\/2024\/01\/Jokar1704435893.35003.jpg","contentUrl":"https:\/\/static.africa-press.net\/conakry\/sites\/63\/2024\/01\/Jokar1704435893.35003.jpg","width":1024,"height":683,"caption":"Charles Wright lance une formation en faveur des journalistes qui couvrent le proc\u00e8s du 28 septembre"},{"@type":"BreadcrumbList","@id":"https:\/\/www.africa-press.net\/guinee-conakry\/politique\/charles-wright-lance-une-formation-en-faveur-des-journalistes-qui-couvrent-le-proces-du-28-septembre#breadcrumb","itemListElement":[{"@type":"ListItem","position":1,"name":"Accueil","item":"https:\/\/www.africa-press.net\/guinee-conakry\/"},{"@type":"ListItem","position":2,"name":"Charles Wright lance une formation en faveur des journalistes qui couvrent le proc\u00e8s du 28 septembre"}]},{"@type":"WebSite","@id":"https:\/\/www.africa-press.net\/guinee-conakry\/#website","url":"https:\/\/www.africa-press.net\/guinee-conakry\/","name":"guinee Conakry","description":"Just another Africa News Agency Sites site","potentialAction":[{"@type":"SearchAction","target":{"@type":"EntryPoint","urlTemplate":"https:\/\/www.africa-press.net\/guinee-conakry\/?s={search_term_string}"},"query-input":{"@type":"PropertyValueSpecification","valueRequired":true,"valueName":"search_term_string"}}],"inLanguage":"fr-FR"},{"@type":"Person","@id":"https:\/\/www.africa-press.net\/guinee-conakry\/#\/schema\/person\/2b1cf3cd81a31e3cd26889ca66d677f1","name":"cfeditorfr"}]}},"_links":{"self":[{"href":"https:\/\/www.africa-press.net\/guinee-conakry\/wp-json\/wp\/v2\/posts\/18178","targetHints":{"allow":["GET"]}}],"collection":[{"href":"https:\/\/www.africa-press.net\/guinee-conakry\/wp-json\/wp\/v2\/posts"}],"about":[{"href":"https:\/\/www.africa-press.net\/guinee-conakry\/wp-json\/wp\/v2\/types\/post"}],"author":[{"embeddable":true,"href":"https:\/\/www.africa-press.net\/guinee-conakry\/wp-json\/wp\/v2\/users\/82"}],"replies":[{"embeddable":true,"href":"https:\/\/www.africa-press.net\/guinee-conakry\/wp-json\/wp\/v2\/comments?post=18178"}],"version-history":[{"count":0,"href":"https:\/\/www.africa-press.net\/guinee-conakry\/wp-json\/wp\/v2\/posts\/18178\/revisions"}],"wp:featuredmedia":[{"embeddable":true,"href":"https:\/\/www.africa-press.net\/guinee-conakry\/wp-json\/wp\/v2\/media\/18177"}],"wp:attachment":[{"href":"https:\/\/www.africa-press.net\/guinee-conakry\/wp-json\/wp\/v2\/media?parent=18178"}],"wp:term":[{"taxonomy":"category","embeddable":true,"href":"https:\/\/www.africa-press.net\/guinee-conakry\/wp-json\/wp\/v2\/categories?post=18178"},{"taxonomy":"post_tag","embeddable":true,"href":"https:\/\/www.africa-press.net\/guinee-conakry\/wp-json\/wp\/v2\/tags?post=18178"}],"curies":[{"name":"wp","href":"https:\/\/api.w.org\/{rel}","templated":true}]}}