{"id":18180,"date":"2024-01-05T09:55:00","date_gmt":"2024-01-05T09:55:00","guid":{"rendered":"https:\/\/www.africa-press.net\/guinee-conakry\/politique\/mise-en-place-de-delegations-speciales-par-la-junte-si-on-les-nomme-elles-seront-obligees-dexecuter-les-ordres-quon-leur-donnera"},"modified":"2024-01-05T09:55:00","modified_gmt":"2024-01-05T09:55:00","slug":"mise-en-place-de-delegations-speciales-par-la-junte-si-on-les-nomme-elles-seront-obligees-dexecuter-les-ordres-quon-leur-donnera","status":"publish","type":"post","link":"https:\/\/www.africa-press.net\/guinee-conakry\/politique\/mise-en-place-de-delegations-speciales-par-la-junte-si-on-les-nomme-elles-seront-obligees-dexecuter-les-ordres-quon-leur-donnera","title":{"rendered":"Mise en place de d\u00e9l\u00e9gations sp\u00e9ciales par la junte\u00a0: \u2018\u2019Si on les nomme, elles seront oblig\u00e9es d\u2019ex\u00e9cuter les ordres qu\u2019on leur donnera\u2019\u2019"},"content":{"rendered":"<p><span style=\"color: #ff6600\"><strong>Africa-Press &#8211; Guin\u00e9e. <\/strong><\/span><b>Edouard Zoutoumou Kpoghomou de l\u2019Alliance nationale pour l\u2019alternance et la de\u0301mocratie (ANAD) se dit <\/b><b>oppose\u0301 a\u0300<\/b><b> la de\u0301cision de la junte militaire de proce\u0301der a\u0300 la nomination des de\u0301le\u0301gations spe\u0301ciales pour diriger les communes urbaines dans notre pays.<\/b><\/p>\n<p>Cet allie\u0301 de Cellou Dalein Diallo pense que la nomination des de\u0301le\u0301gations spe\u0301ciales par les autorite\u0301s de la transition a\u0300 la place des e\u0301lus locaux n\u2019est pas une bonne option.<\/p>\n<p>\u2018\u2019Je crois que personne n\u2019est e\u0301tranger au fait que les de\u0301le\u0301gations spe\u0301ciales seront compose\u0301es par l\u2019administration, donc par l\u2019exe\u0301cutif (&#8230;). Si on dit que c\u2019est l\u2019administration qui nomme les conseillers communaux, qui va nommer les de\u0301le\u0301gations spe\u0301ciales et me\u0302me au niveau des districts, c\u0327a veut dire que c\u2019est un pouvoir militarise\u0301. Or, dans la militarisation, on respecte ce que la hie\u0301rarchie dicte\u2019\u2019, a indique\u0301 Edouard Zoutoumou dans les GG.<\/p>\n<p>\u2018\u2019C\u2019est une chose de dire que l\u2019autorite\u0301 militaire ne sera pas candidate a\u0300 un poste e\u0301lectif, mais elle peut agir en supportant un candidat qui exercera le pouvoir par procuration. Puisque c\u2019est un processus de\u0301mocratique qu\u2019on veut imple\u0301menter, il faut faire en sorte que tout le monde soit e\u0301lu. Aux Etats-Unis d\u2019Ame\u0301rique, me\u0302me les gouverneurs d\u2019Etat sont e\u0301lus. C\u2019est pour ne pas leur permettre d\u2019influencer autrement le processus politique\u2019\u2019, a-t-il ajoute\u0301.<\/p>\n<p>Selon lui, \u2018\u2019nous savons tous qu\u2019une de\u0301le\u0301gation spe\u0301ciale, vu qu\u2019elle sera nomme\u0301e par les autorite\u0301s, aura une obligation de redevabilite\u0301 vis-a\u0300-vis de ces autorite\u0301s. Par conse\u0301quent, tous ceux qui seront pointe\u0301s du doigt, seront ceux-la\u0300 qui seront choisis\u2019\u2019.<\/p>\n<p>Ce proche de Dalein souhaite que \u2018\u2019le processus soit transparent et la meilleure fac\u0327on de l\u2019assurer, c\u2019est de permettre au peuple de choisir. Quand le peuple choisit, personne ne s\u2019y opposera. (&#8230;) Les de\u0301le\u0301gations spe\u0301ciales, si on les nomme, elles seront oblige\u0301es d\u2019exe\u0301cuter les ordres qu\u2019on leur donnera\u2019\u2019.<\/p>\n<p><b>Salimatou BALDE<\/b><\/p>\n<p><strong>Pour plus d&rsquo;informations et d&rsquo;analyses sur la <a href=\"https:\/\/www.africa-press.net\/guinee-conakry\">Guin\u00e9e<\/a>, suivez <a href=\"https:\/\/www.africa-press.net\/\">Africa-Press<\/a><\/strong><\/p>\n","protected":false},"excerpt":{"rendered":"<p>Africa-Press &#8211; Guin\u00e9e. Edouard Zoutoumou Kpoghomou de l\u2019Alliance nationale pour l\u2019alternance et la de\u0301mocratie (ANAD) se dit oppose\u0301 a\u0300 la de\u0301cision de la junte militaire de proce\u0301der a\u0300 la nomination des de\u0301le\u0301gations spe\u0301ciales pour diriger les communes urbaines dans notre pays. Cet allie\u0301 de Cellou Dalein Diallo pense que la nomination des de\u0301le\u0301gations spe\u0301ciales par [&hellip;]<\/p>\n","protected":false},"author":82,"featured_media":18179,"comment_status":"open","ping_status":"closed","sticky":false,"template":"","format":"standard","meta":{"footnotes":""},"categories":[2,10],"tags":[36,57,58],"class_list":["post-18180","post","type-post","status-publish","format-standard","has-post-thumbnail","hentry","category-politique","category-toutes-les-actualites","tag-africa-press","tag-africa-press-guinee","tag-guinee"],"yoast_head":"<!-- This site is optimized with the Yoast SEO Premium plugin v26.1 (Yoast SEO v27.0) - https:\/\/yoast.com\/product\/yoast-seo-premium-wordpress\/ -->\n<title>Mise en place de d\u00e9l\u00e9gations sp\u00e9ciales par la junte\u00a0: \u2018\u2019Si on les nomme, elles seront oblig\u00e9es d\u2019ex\u00e9cuter les ordres qu\u2019on leur donnera\u2019\u2019 - guinee Conakry<\/title>\n<meta name=\"robots\" content=\"index, follow, max-snippet:-1, max-image-preview:large, max-video-preview:-1\" \/>\n<link rel=\"canonical\" href=\"https:\/\/www.africa-press.net\/guinee-conakry\/politique\/mise-en-place-de-delegations-speciales-par-la-junte-si-on-les-nomme-elles-seront-obligees-dexecuter-les-ordres-quon-leur-donnera\" \/>\n<meta property=\"og:locale\" content=\"fr_FR\" \/>\n<meta property=\"og:type\" content=\"article\" \/>\n<meta property=\"og:title\" content=\"Mise en place de d\u00e9l\u00e9gations sp\u00e9ciales par la junte\u00a0: \u2018\u2019Si on les nomme, elles seront oblig\u00e9es d\u2019ex\u00e9cuter les ordres qu\u2019on leur donnera\u2019\u2019\" \/>\n<meta property=\"og:description\" content=\"Africa-Press &#8211; Guin\u00e9e. Edouard Zoutoumou Kpoghomou de l\u2019Alliance nationale pour l\u2019alternance et la de\u0301mocratie (ANAD) se dit oppose\u0301 a\u0300 la de\u0301cision de la junte militaire de proce\u0301der a\u0300 la nomination des de\u0301le\u0301gations spe\u0301ciales pour diriger les communes urbaines dans notre pays. Cet allie\u0301 de Cellou Dalein Diallo pense que la nomination des de\u0301le\u0301gations spe\u0301ciales par [&hellip;]\" \/>\n<meta property=\"og:url\" content=\"https:\/\/www.africa-press.net\/guinee-conakry\/politique\/mise-en-place-de-delegations-speciales-par-la-junte-si-on-les-nomme-elles-seront-obligees-dexecuter-les-ordres-quon-leur-donnera\" \/>\n<meta property=\"og:site_name\" content=\"guinee Conakry\" \/>\n<meta property=\"article:published_time\" content=\"2024-01-05T09:55:00+00:00\" \/>\n<meta name=\"author\" content=\"cfeditorfr\" \/>\n<meta name=\"twitter:card\" content=\"summary_large_image\" \/>\n<meta name=\"twitter:label1\" content=\"\u00c9crit par\" \/>\n\t<meta name=\"twitter:data1\" content=\"cfeditorfr\" \/>\n\t<meta name=\"twitter:label2\" content=\"Dur\u00e9e de lecture estim\u00e9e\" \/>\n\t<meta name=\"twitter:data2\" content=\"2 minutes\" \/>\n<script type=\"application\/ld+json\" class=\"yoast-schema-graph\">{\"@context\":\"https:\/\/schema.org\",\"@graph\":[{\"@type\":\"Article\",\"@id\":\"https:\/\/www.africa-press.net\/guinee-conakry\/politique\/mise-en-place-de-delegations-speciales-par-la-junte-si-on-les-nomme-elles-seront-obligees-dexecuter-les-ordres-quon-leur-donnera#article\",\"isPartOf\":{\"@id\":\"https:\/\/www.africa-press.net\/guinee-conakry\/politique\/mise-en-place-de-delegations-speciales-par-la-junte-si-on-les-nomme-elles-seront-obligees-dexecuter-les-ordres-quon-leur-donnera\"},\"author\":{\"name\":\"cfeditorfr\",\"@id\":\"https:\/\/www.africa-press.net\/guinee-conakry\/#\/schema\/person\/2b1cf3cd81a31e3cd26889ca66d677f1\"},\"headline\":\"Mise en place de d\u00e9l\u00e9gations sp\u00e9ciales par la junte\u00a0: \u2018\u2019Si on les nomme, elles seront oblig\u00e9es d\u2019ex\u00e9cuter les ordres qu\u2019on leur donnera\u2019\u2019\",\"datePublished\":\"2024-01-05T09:55:00+00:00\",\"mainEntityOfPage\":{\"@id\":\"https:\/\/www.africa-press.net\/guinee-conakry\/politique\/mise-en-place-de-delegations-speciales-par-la-junte-si-on-les-nomme-elles-seront-obligees-dexecuter-les-ordres-quon-leur-donnera\"},\"wordCount\":409,\"commentCount\":0,\"image\":{\"@id\":\"https:\/\/www.africa-press.net\/guinee-conakry\/politique\/mise-en-place-de-delegations-speciales-par-la-junte-si-on-les-nomme-elles-seront-obligees-dexecuter-les-ordres-quon-leur-donnera#primaryimage\"},\"thumbnailUrl\":\"https:\/\/static.africa-press.net\/conakry\/sites\/63\/2024\/01\/Jokar1704435953.868059.jpg\",\"keywords\":[\"Africa Press\",\"Africa Press-Guin\u00e9e\",\"Guin\u00e9e\"],\"articleSection\":[\"Politique\",\"Toutes les actualit\u00e9s\"],\"inLanguage\":\"fr-FR\",\"potentialAction\":[{\"@type\":\"CommentAction\",\"name\":\"Comment\",\"target\":[\"https:\/\/www.africa-press.net\/guinee-conakry\/politique\/mise-en-place-de-delegations-speciales-par-la-junte-si-on-les-nomme-elles-seront-obligees-dexecuter-les-ordres-quon-leur-donnera#respond\"]}]},{\"@type\":\"WebPage\",\"@id\":\"https:\/\/www.africa-press.net\/guinee-conakry\/politique\/mise-en-place-de-delegations-speciales-par-la-junte-si-on-les-nomme-elles-seront-obligees-dexecuter-les-ordres-quon-leur-donnera\",\"url\":\"https:\/\/www.africa-press.net\/guinee-conakry\/politique\/mise-en-place-de-delegations-speciales-par-la-junte-si-on-les-nomme-elles-seront-obligees-dexecuter-les-ordres-quon-leur-donnera\",\"name\":\"Mise en place de d\u00e9l\u00e9gations sp\u00e9ciales par la junte\u00a0: \u2018\u2019Si on les nomme, elles seront oblig\u00e9es d\u2019ex\u00e9cuter les ordres qu\u2019on leur donnera\u2019\u2019 - guinee Conakry\",\"isPartOf\":{\"@id\":\"https:\/\/www.africa-press.net\/guinee-conakry\/#website\"},\"primaryImageOfPage\":{\"@id\":\"https:\/\/www.africa-press.net\/guinee-conakry\/politique\/mise-en-place-de-delegations-speciales-par-la-junte-si-on-les-nomme-elles-seront-obligees-dexecuter-les-ordres-quon-leur-donnera#primaryimage\"},\"image\":{\"@id\":\"https:\/\/www.africa-press.net\/guinee-conakry\/politique\/mise-en-place-de-delegations-speciales-par-la-junte-si-on-les-nomme-elles-seront-obligees-dexecuter-les-ordres-quon-leur-donnera#primaryimage\"},\"thumbnailUrl\":\"https:\/\/static.africa-press.net\/conakry\/sites\/63\/2024\/01\/Jokar1704435953.868059.jpg\",\"datePublished\":\"2024-01-05T09:55:00+00:00\",\"author\":{\"@id\":\"https:\/\/www.africa-press.net\/guinee-conakry\/#\/schema\/person\/2b1cf3cd81a31e3cd26889ca66d677f1\"},\"breadcrumb\":{\"@id\":\"https:\/\/www.africa-press.net\/guinee-conakry\/politique\/mise-en-place-de-delegations-speciales-par-la-junte-si-on-les-nomme-elles-seront-obligees-dexecuter-les-ordres-quon-leur-donnera#breadcrumb\"},\"inLanguage\":\"fr-FR\",\"potentialAction\":[{\"@type\":\"ReadAction\",\"target\":[\"https:\/\/www.africa-press.net\/guinee-conakry\/politique\/mise-en-place-de-delegations-speciales-par-la-junte-si-on-les-nomme-elles-seront-obligees-dexecuter-les-ordres-quon-leur-donnera\"]}]},{\"@type\":\"ImageObject\",\"inLanguage\":\"fr-FR\",\"@id\":\"https:\/\/www.africa-press.net\/guinee-conakry\/politique\/mise-en-place-de-delegations-speciales-par-la-junte-si-on-les-nomme-elles-seront-obligees-dexecuter-les-ordres-quon-leur-donnera#primaryimage\",\"url\":\"https:\/\/static.africa-press.net\/conakry\/sites\/63\/2024\/01\/Jokar1704435953.868059.jpg\",\"contentUrl\":\"https:\/\/static.africa-press.net\/conakry\/sites\/63\/2024\/01\/Jokar1704435953.868059.jpg\",\"width\":700,\"height\":400,\"caption\":\"Mise en place de d\u00e9l\u00e9gations sp\u00e9ciales par la junte\u00a0: \u2018\u2019Si on les nomme, elles seront oblig\u00e9es d\u2019ex\u00e9cuter les ordres qu\u2019on leur donnera\u2019\u2019\"},{\"@type\":\"BreadcrumbList\",\"@id\":\"https:\/\/www.africa-press.net\/guinee-conakry\/politique\/mise-en-place-de-delegations-speciales-par-la-junte-si-on-les-nomme-elles-seront-obligees-dexecuter-les-ordres-quon-leur-donnera#breadcrumb\",\"itemListElement\":[{\"@type\":\"ListItem\",\"position\":1,\"name\":\"Accueil\",\"item\":\"https:\/\/www.africa-press.net\/guinee-conakry\/\"},{\"@type\":\"ListItem\",\"position\":2,\"name\":\"Mise en place de d\u00e9l\u00e9gations sp\u00e9ciales par la junte\u00a0: \u2018\u2019Si on les nomme, elles seront oblig\u00e9es d\u2019ex\u00e9cuter les ordres qu\u2019on leur donnera\u2019\u2019\"}]},{\"@type\":\"WebSite\",\"@id\":\"https:\/\/www.africa-press.net\/guinee-conakry\/#website\",\"url\":\"https:\/\/www.africa-press.net\/guinee-conakry\/\",\"name\":\"guinee Conakry\",\"description\":\"Just another Africa News Agency Sites site\",\"potentialAction\":[{\"@type\":\"SearchAction\",\"target\":{\"@type\":\"EntryPoint\",\"urlTemplate\":\"https:\/\/www.africa-press.net\/guinee-conakry\/?s={search_term_string}\"},\"query-input\":{\"@type\":\"PropertyValueSpecification\",\"valueRequired\":true,\"valueName\":\"search_term_string\"}}],\"inLanguage\":\"fr-FR\"},{\"@type\":\"Person\",\"@id\":\"https:\/\/www.africa-press.net\/guinee-conakry\/#\/schema\/person\/2b1cf3cd81a31e3cd26889ca66d677f1\",\"name\":\"cfeditorfr\"}]}<\/script>\n<!-- \/ Yoast SEO Premium plugin. -->","yoast_head_json":{"title":"Mise en place de d\u00e9l\u00e9gations sp\u00e9ciales par la junte\u00a0: \u2018\u2019Si on les nomme, elles seront oblig\u00e9es d\u2019ex\u00e9cuter les ordres qu\u2019on leur donnera\u2019\u2019 - guinee Conakry","robots":{"index":"index","follow":"follow","max-snippet":"max-snippet:-1","max-image-preview":"max-image-preview:large","max-video-preview":"max-video-preview:-1"},"canonical":"https:\/\/www.africa-press.net\/guinee-conakry\/politique\/mise-en-place-de-delegations-speciales-par-la-junte-si-on-les-nomme-elles-seront-obligees-dexecuter-les-ordres-quon-leur-donnera","og_locale":"fr_FR","og_type":"article","og_title":"Mise en place de d\u00e9l\u00e9gations sp\u00e9ciales par la junte\u00a0: \u2018\u2019Si on les nomme, elles seront oblig\u00e9es d\u2019ex\u00e9cuter les ordres qu\u2019on leur donnera\u2019\u2019","og_description":"Africa-Press &#8211; Guin\u00e9e. Edouard Zoutoumou Kpoghomou de l\u2019Alliance nationale pour l\u2019alternance et la de\u0301mocratie (ANAD) se dit oppose\u0301 a\u0300 la de\u0301cision de la junte militaire de proce\u0301der a\u0300 la nomination des de\u0301le\u0301gations spe\u0301ciales pour diriger les communes urbaines dans notre pays. Cet allie\u0301 de Cellou Dalein Diallo pense que la nomination des de\u0301le\u0301gations spe\u0301ciales par [&hellip;]","og_url":"https:\/\/www.africa-press.net\/guinee-conakry\/politique\/mise-en-place-de-delegations-speciales-par-la-junte-si-on-les-nomme-elles-seront-obligees-dexecuter-les-ordres-quon-leur-donnera","og_site_name":"guinee Conakry","article_published_time":"2024-01-05T09:55:00+00:00","author":"cfeditorfr","twitter_card":"summary_large_image","twitter_misc":{"\u00c9crit par":"cfeditorfr","Dur\u00e9e de lecture estim\u00e9e":"2 minutes"},"schema":{"@context":"https:\/\/schema.org","@graph":[{"@type":"Article","@id":"https:\/\/www.africa-press.net\/guinee-conakry\/politique\/mise-en-place-de-delegations-speciales-par-la-junte-si-on-les-nomme-elles-seront-obligees-dexecuter-les-ordres-quon-leur-donnera#article","isPartOf":{"@id":"https:\/\/www.africa-press.net\/guinee-conakry\/politique\/mise-en-place-de-delegations-speciales-par-la-junte-si-on-les-nomme-elles-seront-obligees-dexecuter-les-ordres-quon-leur-donnera"},"author":{"name":"cfeditorfr","@id":"https:\/\/www.africa-press.net\/guinee-conakry\/#\/schema\/person\/2b1cf3cd81a31e3cd26889ca66d677f1"},"headline":"Mise en place de d\u00e9l\u00e9gations sp\u00e9ciales par la junte\u00a0: \u2018\u2019Si on les nomme, elles seront oblig\u00e9es d\u2019ex\u00e9cuter les ordres qu\u2019on leur donnera\u2019\u2019","datePublished":"2024-01-05T09:55:00+00:00","mainEntityOfPage":{"@id":"https:\/\/www.africa-press.net\/guinee-conakry\/politique\/mise-en-place-de-delegations-speciales-par-la-junte-si-on-les-nomme-elles-seront-obligees-dexecuter-les-ordres-quon-leur-donnera"},"wordCount":409,"commentCount":0,"image":{"@id":"https:\/\/www.africa-press.net\/guinee-conakry\/politique\/mise-en-place-de-delegations-speciales-par-la-junte-si-on-les-nomme-elles-seront-obligees-dexecuter-les-ordres-quon-leur-donnera#primaryimage"},"thumbnailUrl":"https:\/\/static.africa-press.net\/conakry\/sites\/63\/2024\/01\/Jokar1704435953.868059.jpg","keywords":["Africa Press","Africa Press-Guin\u00e9e","Guin\u00e9e"],"articleSection":["Politique","Toutes les actualit\u00e9s"],"inLanguage":"fr-FR","potentialAction":[{"@type":"CommentAction","name":"Comment","target":["https:\/\/www.africa-press.net\/guinee-conakry\/politique\/mise-en-place-de-delegations-speciales-par-la-junte-si-on-les-nomme-elles-seront-obligees-dexecuter-les-ordres-quon-leur-donnera#respond"]}]},{"@type":"WebPage","@id":"https:\/\/www.africa-press.net\/guinee-conakry\/politique\/mise-en-place-de-delegations-speciales-par-la-junte-si-on-les-nomme-elles-seront-obligees-dexecuter-les-ordres-quon-leur-donnera","url":"https:\/\/www.africa-press.net\/guinee-conakry\/politique\/mise-en-place-de-delegations-speciales-par-la-junte-si-on-les-nomme-elles-seront-obligees-dexecuter-les-ordres-quon-leur-donnera","name":"Mise en place de d\u00e9l\u00e9gations sp\u00e9ciales par la junte\u00a0: \u2018\u2019Si on les nomme, elles seront oblig\u00e9es d\u2019ex\u00e9cuter les ordres qu\u2019on leur donnera\u2019\u2019 - guinee Conakry","isPartOf":{"@id":"https:\/\/www.africa-press.net\/guinee-conakry\/#website"},"primaryImageOfPage":{"@id":"https:\/\/www.africa-press.net\/guinee-conakry\/politique\/mise-en-place-de-delegations-speciales-par-la-junte-si-on-les-nomme-elles-seront-obligees-dexecuter-les-ordres-quon-leur-donnera#primaryimage"},"image":{"@id":"https:\/\/www.africa-press.net\/guinee-conakry\/politique\/mise-en-place-de-delegations-speciales-par-la-junte-si-on-les-nomme-elles-seront-obligees-dexecuter-les-ordres-quon-leur-donnera#primaryimage"},"thumbnailUrl":"https:\/\/static.africa-press.net\/conakry\/sites\/63\/2024\/01\/Jokar1704435953.868059.jpg","datePublished":"2024-01-05T09:55:00+00:00","author":{"@id":"https:\/\/www.africa-press.net\/guinee-conakry\/#\/schema\/person\/2b1cf3cd81a31e3cd26889ca66d677f1"},"breadcrumb":{"@id":"https:\/\/www.africa-press.net\/guinee-conakry\/politique\/mise-en-place-de-delegations-speciales-par-la-junte-si-on-les-nomme-elles-seront-obligees-dexecuter-les-ordres-quon-leur-donnera#breadcrumb"},"inLanguage":"fr-FR","potentialAction":[{"@type":"ReadAction","target":["https:\/\/www.africa-press.net\/guinee-conakry\/politique\/mise-en-place-de-delegations-speciales-par-la-junte-si-on-les-nomme-elles-seront-obligees-dexecuter-les-ordres-quon-leur-donnera"]}]},{"@type":"ImageObject","inLanguage":"fr-FR","@id":"https:\/\/www.africa-press.net\/guinee-conakry\/politique\/mise-en-place-de-delegations-speciales-par-la-junte-si-on-les-nomme-elles-seront-obligees-dexecuter-les-ordres-quon-leur-donnera#primaryimage","url":"https:\/\/static.africa-press.net\/conakry\/sites\/63\/2024\/01\/Jokar1704435953.868059.jpg","contentUrl":"https:\/\/static.africa-press.net\/conakry\/sites\/63\/2024\/01\/Jokar1704435953.868059.jpg","width":700,"height":400,"caption":"Mise en place de d\u00e9l\u00e9gations sp\u00e9ciales par la junte\u00a0: \u2018\u2019Si on les nomme, elles seront oblig\u00e9es d\u2019ex\u00e9cuter les ordres qu\u2019on leur donnera\u2019\u2019"},{"@type":"BreadcrumbList","@id":"https:\/\/www.africa-press.net\/guinee-conakry\/politique\/mise-en-place-de-delegations-speciales-par-la-junte-si-on-les-nomme-elles-seront-obligees-dexecuter-les-ordres-quon-leur-donnera#breadcrumb","itemListElement":[{"@type":"ListItem","position":1,"name":"Accueil","item":"https:\/\/www.africa-press.net\/guinee-conakry\/"},{"@type":"ListItem","position":2,"name":"Mise en place de d\u00e9l\u00e9gations sp\u00e9ciales par la junte\u00a0: \u2018\u2019Si on les nomme, elles seront oblig\u00e9es d\u2019ex\u00e9cuter les ordres qu\u2019on leur donnera\u2019\u2019"}]},{"@type":"WebSite","@id":"https:\/\/www.africa-press.net\/guinee-conakry\/#website","url":"https:\/\/www.africa-press.net\/guinee-conakry\/","name":"guinee Conakry","description":"Just another Africa News Agency Sites site","potentialAction":[{"@type":"SearchAction","target":{"@type":"EntryPoint","urlTemplate":"https:\/\/www.africa-press.net\/guinee-conakry\/?s={search_term_string}"},"query-input":{"@type":"PropertyValueSpecification","valueRequired":true,"valueName":"search_term_string"}}],"inLanguage":"fr-FR"},{"@type":"Person","@id":"https:\/\/www.africa-press.net\/guinee-conakry\/#\/schema\/person\/2b1cf3cd81a31e3cd26889ca66d677f1","name":"cfeditorfr"}]}},"_links":{"self":[{"href":"https:\/\/www.africa-press.net\/guinee-conakry\/wp-json\/wp\/v2\/posts\/18180","targetHints":{"allow":["GET"]}}],"collection":[{"href":"https:\/\/www.africa-press.net\/guinee-conakry\/wp-json\/wp\/v2\/posts"}],"about":[{"href":"https:\/\/www.africa-press.net\/guinee-conakry\/wp-json\/wp\/v2\/types\/post"}],"author":[{"embeddable":true,"href":"https:\/\/www.africa-press.net\/guinee-conakry\/wp-json\/wp\/v2\/users\/82"}],"replies":[{"embeddable":true,"href":"https:\/\/www.africa-press.net\/guinee-conakry\/wp-json\/wp\/v2\/comments?post=18180"}],"version-history":[{"count":0,"href":"https:\/\/www.africa-press.net\/guinee-conakry\/wp-json\/wp\/v2\/posts\/18180\/revisions"}],"wp:featuredmedia":[{"embeddable":true,"href":"https:\/\/www.africa-press.net\/guinee-conakry\/wp-json\/wp\/v2\/media\/18179"}],"wp:attachment":[{"href":"https:\/\/www.africa-press.net\/guinee-conakry\/wp-json\/wp\/v2\/media?parent=18180"}],"wp:term":[{"taxonomy":"category","embeddable":true,"href":"https:\/\/www.africa-press.net\/guinee-conakry\/wp-json\/wp\/v2\/categories?post=18180"},{"taxonomy":"post_tag","embeddable":true,"href":"https:\/\/www.africa-press.net\/guinee-conakry\/wp-json\/wp\/v2\/tags?post=18180"}],"curies":[{"name":"wp","href":"https:\/\/api.w.org\/{rel}","templated":true}]}}