{"id":18190,"date":"2024-01-05T10:01:00","date_gmt":"2024-01-05T10:01:00","guid":{"rendered":"https:\/\/www.africa-press.net\/guinee-conakry\/politique\/labe-trois-blesses-graves-dans-une-fusillade-a-popodara"},"modified":"2024-01-05T10:01:00","modified_gmt":"2024-01-05T10:01:00","slug":"labe-trois-blesses-graves-dans-une-fusillade-a-popodara","status":"publish","type":"post","link":"https:\/\/www.africa-press.net\/guinee-conakry\/toutes-les-actualites\/labe-trois-blesses-graves-dans-une-fusillade-a-popodara","title":{"rendered":"Lab\u00e9 : trois bless\u00e9s graves dans une fusillade \u00e0 Popodara"},"content":{"rendered":"<p><span style=\"color: #ff6600\"><strong>Africa-Press &#8211; Guin\u00e9e. <\/strong><\/span>Les faits se sont produits dans le district de Serima a\u0300 l\u2019ouest de la commune rurale de Popodara relevant de la pre\u0301fecture de Labe\u0301. A la suite d\u2019une dispute qui a e\u0301clate\u0301 mardi nuit, le tireur a sorti son fusil et a aussito\u0302t ouvert le feu sur la famille de la femme avec laquelle il est en conflit. Trois personnes sont tombe\u0301es sous les balles, a appris Guine\u0301enews de sources concordantes.<\/p>\n<p>\u00ab En effet, c\u2019est une dispute qui a e\u0301clate\u0301 entre le tireur et une me\u0300re de famille. Ce, selon lui, parce que les enfants de cette dernie\u0300re auraient coupe\u0301 un arbre aux abords de son jardin. Suite a\u0300 cela, il a corrige\u0301 un enfant et la tension est monte\u0301e d\u2019un cran. Les voisins sont venus mais contre toute attente le monsieur a sorti son fusil et a tire\u0301 a\u0300 deux reprises. Sur le champ, trois personnes sont tombe\u0301es sous les balles \u00bb, explique Abdoulaye Djibril Diallo un te\u0301moin de la sce\u0300ne.<\/p>\n<p>Et de poursuivre \u00ab choque\u0301 par cet acte inimaginable, le public a voulu lyncher le monsieur sur place. Mais un de mes fre\u0300res s\u2019est oppose\u0301 en alertant aussito\u0302t le pre\u0301sident du district qui a aussi passe\u0301 l\u2019information aux autorite\u0301s communales de Popodara. Donc, le tireur a e\u0301te\u0301 arre\u0302te\u0301 et de\u0301fe\u0301re\u0301 au commissariat central de police de Labe\u0301 ou\u0300 il est depuis de\u0301tenu. \u00bb<\/p>\n<p>Il faut signaler que deux des victimes e\u0301taient toujours en ce jeudi 04 janvier 2024 en soins intensifs a\u0300 l\u2019ho\u0302pital re\u0301gional de Labe\u0301. Ce, alors que la troisie\u0300me e\u0301tait a\u0300 la clinique me\u0301dicale du camp Elhadj Oumar Tall de Labe\u0301 selon Abdoulaye Djibril Diallo qui re\u0301clame justice.<\/p>\n<p>\u00ab Nous souhaitons qu\u2019il soit sanctionne\u0301 par la loi a\u0300 la hauteur de sa forfaiture \u00bb, a-t-il dit.<\/p>\n<p>A l\u2019ho\u0302pital re\u0301gional de Labe\u0301, docteur Faran Kourouma de la chirurgie explique : \u00ab on les a rec\u0327us dans un e\u0301tat critique parce qu\u2019il y avait l\u2019he\u0301morragie. Donc, nous avons pu faire les premiers soins ensuite nous avons proce\u0301de\u0301 aux ope\u0301rations. Nous sommes sortis du bloc ope\u0301ratoire et ils sont toujours sous soins intensifs. L\u2019extraction des balles n\u2019est pas une urgence. C\u2019est la correction des de\u0301ga\u0302ts cause\u0301s par la balle qui e\u0301tait plus importante. \u00bb<\/p>\n<p>\u00ab Les pronostics restent re\u0301serve\u0301s. C\u2019est vrai, on a corrige\u0301 les de\u0301ga\u0302ts mais ils sont toujours sous soins et ont besoin d\u2019autres traitements \u00bb ajoute docteur Faran Kourouma le responsable du service de la chirurgie a\u0300 l\u2019ho\u0302pital re\u0301gional de Labe\u0301.<\/p>\n<p>Cette fusillade relance la question sur le port d\u2019armes dans la re\u0301gion administrative de Labe\u0301.<\/p>\n<p><strong>Pour plus d&rsquo;informations et d&rsquo;analyses sur la <a href=\"https:\/\/www.africa-press.net\/guinee-conakry\">Guin\u00e9e<\/a>, suivez <a href=\"https:\/\/www.africa-press.net\/\">Africa-Press<\/a><\/strong><\/p>\n","protected":false},"excerpt":{"rendered":"<p>Africa-Press &#8211; Guin\u00e9e. Les faits se sont produits dans le district de Serima a\u0300 l\u2019ouest de la commune rurale de Popodara relevant de la pre\u0301fecture de Labe\u0301. A la suite d\u2019une dispute qui a e\u0301clate\u0301 mardi nuit, le tireur a sorti son fusil et a aussito\u0302t ouvert le feu sur la famille de la femme [&hellip;]<\/p>\n","protected":false},"author":82,"featured_media":18189,"comment_status":"open","ping_status":"closed","sticky":false,"template":"","format":"standard","meta":{"footnotes":""},"categories":[21,10],"tags":[36,57,58],"class_list":["post-18190","post","type-post","status-publish","format-standard","has-post-thumbnail","hentry","category-communaute","category-toutes-les-actualites","tag-africa-press","tag-africa-press-guinee","tag-guinee"],"yoast_head":"<!-- This site is optimized with the Yoast SEO Premium plugin v26.1 (Yoast SEO v27.0) - https:\/\/yoast.com\/product\/yoast-seo-premium-wordpress\/ -->\n<title>Lab\u00e9 : trois bless\u00e9s graves dans une fusillade \u00e0 Popodara - guinee Conakry<\/title>\n<meta name=\"robots\" content=\"index, follow, max-snippet:-1, max-image-preview:large, max-video-preview:-1\" \/>\n<link rel=\"canonical\" href=\"https:\/\/www.africa-press.net\/guinee-conakry\/politique\/labe-trois-blesses-graves-dans-une-fusillade-a-popodara\" \/>\n<meta property=\"og:locale\" content=\"fr_FR\" \/>\n<meta property=\"og:type\" content=\"article\" \/>\n<meta property=\"og:title\" content=\"Lab\u00e9 : trois bless\u00e9s graves dans une fusillade \u00e0 Popodara\" \/>\n<meta property=\"og:description\" content=\"Africa-Press &#8211; Guin\u00e9e. Les faits se sont produits dans le district de Serima a\u0300 l\u2019ouest de la commune rurale de Popodara relevant de la pre\u0301fecture de Labe\u0301. A la suite d\u2019une dispute qui a e\u0301clate\u0301 mardi nuit, le tireur a sorti son fusil et a aussito\u0302t ouvert le feu sur la famille de la femme [&hellip;]\" \/>\n<meta property=\"og:url\" content=\"https:\/\/www.africa-press.net\/guinee-conakry\/politique\/labe-trois-blesses-graves-dans-une-fusillade-a-popodara\" \/>\n<meta property=\"og:site_name\" content=\"guinee Conakry\" \/>\n<meta property=\"article:published_time\" content=\"2024-01-05T10:01:00+00:00\" \/>\n<meta name=\"author\" content=\"cfeditorfr\" \/>\n<meta name=\"twitter:card\" content=\"summary_large_image\" \/>\n<meta name=\"twitter:label1\" content=\"\u00c9crit par\" \/>\n\t<meta name=\"twitter:data1\" content=\"cfeditorfr\" \/>\n\t<meta name=\"twitter:label2\" content=\"Dur\u00e9e de lecture estim\u00e9e\" \/>\n\t<meta name=\"twitter:data2\" content=\"2 minutes\" \/>\n<script type=\"application\/ld+json\" class=\"yoast-schema-graph\">{\"@context\":\"https:\/\/schema.org\",\"@graph\":[{\"@type\":\"Article\",\"@id\":\"https:\/\/www.africa-press.net\/guinee-conakry\/politique\/labe-trois-blesses-graves-dans-une-fusillade-a-popodara#article\",\"isPartOf\":{\"@id\":\"https:\/\/www.africa-press.net\/guinee-conakry\/politique\/labe-trois-blesses-graves-dans-une-fusillade-a-popodara\"},\"author\":{\"name\":\"cfeditorfr\",\"@id\":\"https:\/\/www.africa-press.net\/guinee-conakry\/#\/schema\/person\/2b1cf3cd81a31e3cd26889ca66d677f1\"},\"headline\":\"Lab\u00e9 : trois bless\u00e9s graves dans une fusillade \u00e0 Popodara\",\"datePublished\":\"2024-01-05T10:01:00+00:00\",\"mainEntityOfPage\":{\"@id\":\"https:\/\/www.africa-press.net\/guinee-conakry\/politique\/labe-trois-blesses-graves-dans-une-fusillade-a-popodara\"},\"wordCount\":498,\"commentCount\":0,\"image\":{\"@id\":\"https:\/\/www.africa-press.net\/guinee-conakry\/politique\/labe-trois-blesses-graves-dans-une-fusillade-a-popodara#primaryimage\"},\"thumbnailUrl\":\"https:\/\/static.africa-press.net\/conakry\/sites\/63\/2024\/01\/Jokar1704436308.490709.jpg\",\"keywords\":[\"Africa Press\",\"Africa Press-Guin\u00e9e\",\"Guin\u00e9e\"],\"articleSection\":[\"Communaut\u00e9\",\"Toutes les actualit\u00e9s\"],\"inLanguage\":\"fr-FR\",\"potentialAction\":[{\"@type\":\"CommentAction\",\"name\":\"Comment\",\"target\":[\"https:\/\/www.africa-press.net\/guinee-conakry\/politique\/labe-trois-blesses-graves-dans-une-fusillade-a-popodara#respond\"]}]},{\"@type\":\"WebPage\",\"@id\":\"https:\/\/www.africa-press.net\/guinee-conakry\/politique\/labe-trois-blesses-graves-dans-une-fusillade-a-popodara\",\"url\":\"https:\/\/www.africa-press.net\/guinee-conakry\/politique\/labe-trois-blesses-graves-dans-une-fusillade-a-popodara\",\"name\":\"Lab\u00e9 : trois bless\u00e9s graves dans une fusillade \u00e0 Popodara - guinee Conakry\",\"isPartOf\":{\"@id\":\"https:\/\/www.africa-press.net\/guinee-conakry\/#website\"},\"primaryImageOfPage\":{\"@id\":\"https:\/\/www.africa-press.net\/guinee-conakry\/politique\/labe-trois-blesses-graves-dans-une-fusillade-a-popodara#primaryimage\"},\"image\":{\"@id\":\"https:\/\/www.africa-press.net\/guinee-conakry\/politique\/labe-trois-blesses-graves-dans-une-fusillade-a-popodara#primaryimage\"},\"thumbnailUrl\":\"https:\/\/static.africa-press.net\/conakry\/sites\/63\/2024\/01\/Jokar1704436308.490709.jpg\",\"datePublished\":\"2024-01-05T10:01:00+00:00\",\"author\":{\"@id\":\"https:\/\/www.africa-press.net\/guinee-conakry\/#\/schema\/person\/2b1cf3cd81a31e3cd26889ca66d677f1\"},\"breadcrumb\":{\"@id\":\"https:\/\/www.africa-press.net\/guinee-conakry\/politique\/labe-trois-blesses-graves-dans-une-fusillade-a-popodara#breadcrumb\"},\"inLanguage\":\"fr-FR\",\"potentialAction\":[{\"@type\":\"ReadAction\",\"target\":[\"https:\/\/www.africa-press.net\/guinee-conakry\/politique\/labe-trois-blesses-graves-dans-une-fusillade-a-popodara\"]}]},{\"@type\":\"ImageObject\",\"inLanguage\":\"fr-FR\",\"@id\":\"https:\/\/www.africa-press.net\/guinee-conakry\/politique\/labe-trois-blesses-graves-dans-une-fusillade-a-popodara#primaryimage\",\"url\":\"https:\/\/static.africa-press.net\/conakry\/sites\/63\/2024\/01\/Jokar1704436308.490709.jpg\",\"contentUrl\":\"https:\/\/static.africa-press.net\/conakry\/sites\/63\/2024\/01\/Jokar1704436308.490709.jpg\",\"width\":318,\"height\":416,\"caption\":\"Lab\u00e9 : trois bless\u00e9s graves dans une fusillade \u00e0 Popodara\"},{\"@type\":\"BreadcrumbList\",\"@id\":\"https:\/\/www.africa-press.net\/guinee-conakry\/politique\/labe-trois-blesses-graves-dans-une-fusillade-a-popodara#breadcrumb\",\"itemListElement\":[{\"@type\":\"ListItem\",\"position\":1,\"name\":\"Accueil\",\"item\":\"https:\/\/www.africa-press.net\/guinee-conakry\/\"},{\"@type\":\"ListItem\",\"position\":2,\"name\":\"Lab\u00e9 : trois bless\u00e9s graves dans une fusillade \u00e0 Popodara\"}]},{\"@type\":\"WebSite\",\"@id\":\"https:\/\/www.africa-press.net\/guinee-conakry\/#website\",\"url\":\"https:\/\/www.africa-press.net\/guinee-conakry\/\",\"name\":\"guinee Conakry\",\"description\":\"Just another Africa News Agency Sites site\",\"potentialAction\":[{\"@type\":\"SearchAction\",\"target\":{\"@type\":\"EntryPoint\",\"urlTemplate\":\"https:\/\/www.africa-press.net\/guinee-conakry\/?s={search_term_string}\"},\"query-input\":{\"@type\":\"PropertyValueSpecification\",\"valueRequired\":true,\"valueName\":\"search_term_string\"}}],\"inLanguage\":\"fr-FR\"},{\"@type\":\"Person\",\"@id\":\"https:\/\/www.africa-press.net\/guinee-conakry\/#\/schema\/person\/2b1cf3cd81a31e3cd26889ca66d677f1\",\"name\":\"cfeditorfr\"}]}<\/script>\n<!-- \/ Yoast SEO Premium plugin. -->","yoast_head_json":{"title":"Lab\u00e9 : trois bless\u00e9s graves dans une fusillade \u00e0 Popodara - guinee Conakry","robots":{"index":"index","follow":"follow","max-snippet":"max-snippet:-1","max-image-preview":"max-image-preview:large","max-video-preview":"max-video-preview:-1"},"canonical":"https:\/\/www.africa-press.net\/guinee-conakry\/politique\/labe-trois-blesses-graves-dans-une-fusillade-a-popodara","og_locale":"fr_FR","og_type":"article","og_title":"Lab\u00e9 : trois bless\u00e9s graves dans une fusillade \u00e0 Popodara","og_description":"Africa-Press &#8211; Guin\u00e9e. Les faits se sont produits dans le district de Serima a\u0300 l\u2019ouest de la commune rurale de Popodara relevant de la pre\u0301fecture de Labe\u0301. A la suite d\u2019une dispute qui a e\u0301clate\u0301 mardi nuit, le tireur a sorti son fusil et a aussito\u0302t ouvert le feu sur la famille de la femme [&hellip;]","og_url":"https:\/\/www.africa-press.net\/guinee-conakry\/politique\/labe-trois-blesses-graves-dans-une-fusillade-a-popodara","og_site_name":"guinee Conakry","article_published_time":"2024-01-05T10:01:00+00:00","author":"cfeditorfr","twitter_card":"summary_large_image","twitter_misc":{"\u00c9crit par":"cfeditorfr","Dur\u00e9e de lecture estim\u00e9e":"2 minutes"},"schema":{"@context":"https:\/\/schema.org","@graph":[{"@type":"Article","@id":"https:\/\/www.africa-press.net\/guinee-conakry\/politique\/labe-trois-blesses-graves-dans-une-fusillade-a-popodara#article","isPartOf":{"@id":"https:\/\/www.africa-press.net\/guinee-conakry\/politique\/labe-trois-blesses-graves-dans-une-fusillade-a-popodara"},"author":{"name":"cfeditorfr","@id":"https:\/\/www.africa-press.net\/guinee-conakry\/#\/schema\/person\/2b1cf3cd81a31e3cd26889ca66d677f1"},"headline":"Lab\u00e9 : trois bless\u00e9s graves dans une fusillade \u00e0 Popodara","datePublished":"2024-01-05T10:01:00+00:00","mainEntityOfPage":{"@id":"https:\/\/www.africa-press.net\/guinee-conakry\/politique\/labe-trois-blesses-graves-dans-une-fusillade-a-popodara"},"wordCount":498,"commentCount":0,"image":{"@id":"https:\/\/www.africa-press.net\/guinee-conakry\/politique\/labe-trois-blesses-graves-dans-une-fusillade-a-popodara#primaryimage"},"thumbnailUrl":"https:\/\/static.africa-press.net\/conakry\/sites\/63\/2024\/01\/Jokar1704436308.490709.jpg","keywords":["Africa Press","Africa Press-Guin\u00e9e","Guin\u00e9e"],"articleSection":["Communaut\u00e9","Toutes les actualit\u00e9s"],"inLanguage":"fr-FR","potentialAction":[{"@type":"CommentAction","name":"Comment","target":["https:\/\/www.africa-press.net\/guinee-conakry\/politique\/labe-trois-blesses-graves-dans-une-fusillade-a-popodara#respond"]}]},{"@type":"WebPage","@id":"https:\/\/www.africa-press.net\/guinee-conakry\/politique\/labe-trois-blesses-graves-dans-une-fusillade-a-popodara","url":"https:\/\/www.africa-press.net\/guinee-conakry\/politique\/labe-trois-blesses-graves-dans-une-fusillade-a-popodara","name":"Lab\u00e9 : trois bless\u00e9s graves dans une fusillade \u00e0 Popodara - guinee Conakry","isPartOf":{"@id":"https:\/\/www.africa-press.net\/guinee-conakry\/#website"},"primaryImageOfPage":{"@id":"https:\/\/www.africa-press.net\/guinee-conakry\/politique\/labe-trois-blesses-graves-dans-une-fusillade-a-popodara#primaryimage"},"image":{"@id":"https:\/\/www.africa-press.net\/guinee-conakry\/politique\/labe-trois-blesses-graves-dans-une-fusillade-a-popodara#primaryimage"},"thumbnailUrl":"https:\/\/static.africa-press.net\/conakry\/sites\/63\/2024\/01\/Jokar1704436308.490709.jpg","datePublished":"2024-01-05T10:01:00+00:00","author":{"@id":"https:\/\/www.africa-press.net\/guinee-conakry\/#\/schema\/person\/2b1cf3cd81a31e3cd26889ca66d677f1"},"breadcrumb":{"@id":"https:\/\/www.africa-press.net\/guinee-conakry\/politique\/labe-trois-blesses-graves-dans-une-fusillade-a-popodara#breadcrumb"},"inLanguage":"fr-FR","potentialAction":[{"@type":"ReadAction","target":["https:\/\/www.africa-press.net\/guinee-conakry\/politique\/labe-trois-blesses-graves-dans-une-fusillade-a-popodara"]}]},{"@type":"ImageObject","inLanguage":"fr-FR","@id":"https:\/\/www.africa-press.net\/guinee-conakry\/politique\/labe-trois-blesses-graves-dans-une-fusillade-a-popodara#primaryimage","url":"https:\/\/static.africa-press.net\/conakry\/sites\/63\/2024\/01\/Jokar1704436308.490709.jpg","contentUrl":"https:\/\/static.africa-press.net\/conakry\/sites\/63\/2024\/01\/Jokar1704436308.490709.jpg","width":318,"height":416,"caption":"Lab\u00e9 : trois bless\u00e9s graves dans une fusillade \u00e0 Popodara"},{"@type":"BreadcrumbList","@id":"https:\/\/www.africa-press.net\/guinee-conakry\/politique\/labe-trois-blesses-graves-dans-une-fusillade-a-popodara#breadcrumb","itemListElement":[{"@type":"ListItem","position":1,"name":"Accueil","item":"https:\/\/www.africa-press.net\/guinee-conakry\/"},{"@type":"ListItem","position":2,"name":"Lab\u00e9 : trois bless\u00e9s graves dans une fusillade \u00e0 Popodara"}]},{"@type":"WebSite","@id":"https:\/\/www.africa-press.net\/guinee-conakry\/#website","url":"https:\/\/www.africa-press.net\/guinee-conakry\/","name":"guinee Conakry","description":"Just another Africa News Agency Sites site","potentialAction":[{"@type":"SearchAction","target":{"@type":"EntryPoint","urlTemplate":"https:\/\/www.africa-press.net\/guinee-conakry\/?s={search_term_string}"},"query-input":{"@type":"PropertyValueSpecification","valueRequired":true,"valueName":"search_term_string"}}],"inLanguage":"fr-FR"},{"@type":"Person","@id":"https:\/\/www.africa-press.net\/guinee-conakry\/#\/schema\/person\/2b1cf3cd81a31e3cd26889ca66d677f1","name":"cfeditorfr"}]}},"_links":{"self":[{"href":"https:\/\/www.africa-press.net\/guinee-conakry\/wp-json\/wp\/v2\/posts\/18190","targetHints":{"allow":["GET"]}}],"collection":[{"href":"https:\/\/www.africa-press.net\/guinee-conakry\/wp-json\/wp\/v2\/posts"}],"about":[{"href":"https:\/\/www.africa-press.net\/guinee-conakry\/wp-json\/wp\/v2\/types\/post"}],"author":[{"embeddable":true,"href":"https:\/\/www.africa-press.net\/guinee-conakry\/wp-json\/wp\/v2\/users\/82"}],"replies":[{"embeddable":true,"href":"https:\/\/www.africa-press.net\/guinee-conakry\/wp-json\/wp\/v2\/comments?post=18190"}],"version-history":[{"count":0,"href":"https:\/\/www.africa-press.net\/guinee-conakry\/wp-json\/wp\/v2\/posts\/18190\/revisions"}],"wp:featuredmedia":[{"embeddable":true,"href":"https:\/\/www.africa-press.net\/guinee-conakry\/wp-json\/wp\/v2\/media\/18189"}],"wp:attachment":[{"href":"https:\/\/www.africa-press.net\/guinee-conakry\/wp-json\/wp\/v2\/media?parent=18190"}],"wp:term":[{"taxonomy":"category","embeddable":true,"href":"https:\/\/www.africa-press.net\/guinee-conakry\/wp-json\/wp\/v2\/categories?post=18190"},{"taxonomy":"post_tag","embeddable":true,"href":"https:\/\/www.africa-press.net\/guinee-conakry\/wp-json\/wp\/v2\/tags?post=18190"}],"curies":[{"name":"wp","href":"https:\/\/api.w.org\/{rel}","templated":true}]}}