{"id":18202,"date":"2024-01-07T10:09:00","date_gmt":"2024-01-07T10:09:00","guid":{"rendered":"https:\/\/www.africa-press.net\/guinee-conakry\/politique\/non-selectionne-pour-la-can-morlaye-sylla-sengage-je-serai-le-premier-supporter-du-syli-national"},"modified":"2024-01-07T10:09:00","modified_gmt":"2024-01-07T10:09:00","slug":"non-selectionne-pour-la-can-morlaye-sylla-sengage-je-serai-le-premier-supporter-du-syli-national","status":"publish","type":"post","link":"https:\/\/www.africa-press.net\/guinee-conakry\/sports\/non-selectionne-pour-la-can-morlaye-sylla-sengage-je-serai-le-premier-supporter-du-syli-national","title":{"rendered":"Non s\u00e9lectionn\u00e9 pour la CAN, Morlaye Sylla s\u2019engage : \u2018\u2019Je serai le premier supporter du Syli national\u2019\u2019"},"content":{"rendered":"<p><span style=\"color: #ff6600\"><strong>Africa-Press &#8211; Guin\u00e9e. <\/strong><\/span><b>Alors que ses e\u0301quipiers sont a\u0300 Abu Dhabi pour le dernier avant de poser leurs valises a\u0300 Co\u0302te d\u2019Ivoire ou\u0300 se tiendra la 34e e\u0301dition de la Coupe d\u2019Afrique des Nations (CAN) du 13 janvier au 11 fe\u0301vrier 2024, Morlaye Sylla, milieu de terrain pour le club portugais Arouca FC, est de c\u0153ur avec les poulains de Kaba Diawara. <\/b><\/p>\n<p>Dans un post sur sa page Facebook, il a laisse\u0301 entendre que \u2018\u2019j\u2019ai une foi ine\u0301branlable dans mon pays et dans le football\u2019\u2019.<\/p>\n<p>L\u2019international guine\u0301en assure que \u2018\u2019j\u2019ai toujours servi mon pays avec honneur et inte\u0301grite\u0301\u2019\u2019.<\/p>\n<p>Il souhaite bonne chance au Syli national a\u0300 la CAN. \u2018\u2019A chacun, a\u0300 quel que niveau de responsabilite\u0301 qu\u2019il soit, d\u2019apporter sa part dans le rayonnement de notre pays et dans la re\u0301ussite de notre e\u0301quipe nationale\u2019\u2019, souligne-t-il.<\/p>\n<p>Il promet que \u2018\u2019je serai le premier supporter du Syli National. Je suis Syli comme toujours et quelles que soient les circonstances\u2019\u2019.<\/p>\n<p><b>Pathe\u0301 BAH<\/b><\/p>\n<p><strong>Pour plus d&rsquo;informations et d&rsquo;analyses sur la <a href=\"https:\/\/www.africa-press.net\/guinee-conakry\">Guin\u00e9e<\/a>, suivez <a href=\"https:\/\/www.africa-press.net\/\">Africa-Press<\/a><\/strong><\/p>\n","protected":false},"excerpt":{"rendered":"<p>Africa-Press &#8211; Guin\u00e9e. Alors que ses e\u0301quipiers sont a\u0300 Abu Dhabi pour le dernier avant de poser leurs valises a\u0300 Co\u0302te d\u2019Ivoire ou\u0300 se tiendra la 34e e\u0301dition de la Coupe d\u2019Afrique des Nations (CAN) du 13 janvier au 11 fe\u0301vrier 2024, Morlaye Sylla, milieu de terrain pour le club portugais Arouca FC, est de [&hellip;]<\/p>\n","protected":false},"author":82,"featured_media":18201,"comment_status":"open","ping_status":"closed","sticky":false,"template":"","format":"standard","meta":{"footnotes":""},"categories":[6,10],"tags":[36,57,58],"class_list":["post-18202","post","type-post","status-publish","format-standard","has-post-thumbnail","hentry","category-sports","category-toutes-les-actualites","tag-africa-press","tag-africa-press-guinee","tag-guinee"],"yoast_head":"<!-- This site is optimized with the Yoast SEO Premium plugin v26.1 (Yoast SEO v27.0) - https:\/\/yoast.com\/product\/yoast-seo-premium-wordpress\/ -->\n<title>Non s\u00e9lectionn\u00e9 pour la CAN, Morlaye Sylla s\u2019engage : \u2018\u2019Je serai le premier supporter du Syli national\u2019\u2019 - guinee Conakry<\/title>\n<meta name=\"robots\" content=\"index, follow, max-snippet:-1, max-image-preview:large, max-video-preview:-1\" \/>\n<link rel=\"canonical\" href=\"https:\/\/www.africa-press.net\/guinee-conakry\/politique\/non-selectionne-pour-la-can-morlaye-sylla-sengage-je-serai-le-premier-supporter-du-syli-national\" \/>\n<meta property=\"og:locale\" content=\"fr_FR\" \/>\n<meta property=\"og:type\" content=\"article\" \/>\n<meta property=\"og:title\" content=\"Non s\u00e9lectionn\u00e9 pour la CAN, Morlaye Sylla s\u2019engage : \u2018\u2019Je serai le premier supporter du Syli national\u2019\u2019\" \/>\n<meta property=\"og:description\" content=\"Africa-Press &#8211; Guin\u00e9e. Alors que ses e\u0301quipiers sont a\u0300 Abu Dhabi pour le dernier avant de poser leurs valises a\u0300 Co\u0302te d\u2019Ivoire ou\u0300 se tiendra la 34e e\u0301dition de la Coupe d\u2019Afrique des Nations (CAN) du 13 janvier au 11 fe\u0301vrier 2024, Morlaye Sylla, milieu de terrain pour le club portugais Arouca FC, est de [&hellip;]\" \/>\n<meta property=\"og:url\" content=\"https:\/\/www.africa-press.net\/guinee-conakry\/politique\/non-selectionne-pour-la-can-morlaye-sylla-sengage-je-serai-le-premier-supporter-du-syli-national\" \/>\n<meta property=\"og:site_name\" content=\"guinee Conakry\" \/>\n<meta property=\"article:published_time\" content=\"2024-01-07T10:09:00+00:00\" \/>\n<meta name=\"author\" content=\"cfeditorfr\" \/>\n<meta name=\"twitter:card\" content=\"summary_large_image\" \/>\n<meta name=\"twitter:label1\" content=\"\u00c9crit par\" \/>\n\t<meta name=\"twitter:data1\" content=\"cfeditorfr\" \/>\n\t<meta name=\"twitter:label2\" content=\"Dur\u00e9e de lecture estim\u00e9e\" \/>\n\t<meta name=\"twitter:data2\" content=\"1 minute\" \/>\n<script type=\"application\/ld+json\" class=\"yoast-schema-graph\">{\"@context\":\"https:\/\/schema.org\",\"@graph\":[{\"@type\":\"Article\",\"@id\":\"https:\/\/www.africa-press.net\/guinee-conakry\/politique\/non-selectionne-pour-la-can-morlaye-sylla-sengage-je-serai-le-premier-supporter-du-syli-national#article\",\"isPartOf\":{\"@id\":\"https:\/\/www.africa-press.net\/guinee-conakry\/politique\/non-selectionne-pour-la-can-morlaye-sylla-sengage-je-serai-le-premier-supporter-du-syli-national\"},\"author\":{\"name\":\"cfeditorfr\",\"@id\":\"https:\/\/www.africa-press.net\/guinee-conakry\/#\/schema\/person\/2b1cf3cd81a31e3cd26889ca66d677f1\"},\"headline\":\"Non s\u00e9lectionn\u00e9 pour la CAN, Morlaye Sylla s\u2019engage : \u2018\u2019Je serai le premier supporter du Syli national\u2019\u2019\",\"datePublished\":\"2024-01-07T10:09:00+00:00\",\"mainEntityOfPage\":{\"@id\":\"https:\/\/www.africa-press.net\/guinee-conakry\/politique\/non-selectionne-pour-la-can-morlaye-sylla-sengage-je-serai-le-premier-supporter-du-syli-national\"},\"wordCount\":206,\"commentCount\":0,\"image\":{\"@id\":\"https:\/\/www.africa-press.net\/guinee-conakry\/politique\/non-selectionne-pour-la-can-morlaye-sylla-sengage-je-serai-le-premier-supporter-du-syli-national#primaryimage\"},\"thumbnailUrl\":\"https:\/\/static.africa-press.net\/conakry\/sites\/63\/2024\/01\/Jokar1704609582.783419.jpg\",\"keywords\":[\"Africa Press\",\"Africa Press-Guin\u00e9e\",\"Guin\u00e9e\"],\"articleSection\":[\"Sports\",\"Toutes les actualit\u00e9s\"],\"inLanguage\":\"fr-FR\",\"potentialAction\":[{\"@type\":\"CommentAction\",\"name\":\"Comment\",\"target\":[\"https:\/\/www.africa-press.net\/guinee-conakry\/politique\/non-selectionne-pour-la-can-morlaye-sylla-sengage-je-serai-le-premier-supporter-du-syli-national#respond\"]}]},{\"@type\":\"WebPage\",\"@id\":\"https:\/\/www.africa-press.net\/guinee-conakry\/politique\/non-selectionne-pour-la-can-morlaye-sylla-sengage-je-serai-le-premier-supporter-du-syli-national\",\"url\":\"https:\/\/www.africa-press.net\/guinee-conakry\/politique\/non-selectionne-pour-la-can-morlaye-sylla-sengage-je-serai-le-premier-supporter-du-syli-national\",\"name\":\"Non s\u00e9lectionn\u00e9 pour la CAN, Morlaye Sylla s\u2019engage : \u2018\u2019Je serai le premier supporter du Syli national\u2019\u2019 - guinee Conakry\",\"isPartOf\":{\"@id\":\"https:\/\/www.africa-press.net\/guinee-conakry\/#website\"},\"primaryImageOfPage\":{\"@id\":\"https:\/\/www.africa-press.net\/guinee-conakry\/politique\/non-selectionne-pour-la-can-morlaye-sylla-sengage-je-serai-le-premier-supporter-du-syli-national#primaryimage\"},\"image\":{\"@id\":\"https:\/\/www.africa-press.net\/guinee-conakry\/politique\/non-selectionne-pour-la-can-morlaye-sylla-sengage-je-serai-le-premier-supporter-du-syli-national#primaryimage\"},\"thumbnailUrl\":\"https:\/\/static.africa-press.net\/conakry\/sites\/63\/2024\/01\/Jokar1704609582.783419.jpg\",\"datePublished\":\"2024-01-07T10:09:00+00:00\",\"author\":{\"@id\":\"https:\/\/www.africa-press.net\/guinee-conakry\/#\/schema\/person\/2b1cf3cd81a31e3cd26889ca66d677f1\"},\"breadcrumb\":{\"@id\":\"https:\/\/www.africa-press.net\/guinee-conakry\/politique\/non-selectionne-pour-la-can-morlaye-sylla-sengage-je-serai-le-premier-supporter-du-syli-national#breadcrumb\"},\"inLanguage\":\"fr-FR\",\"potentialAction\":[{\"@type\":\"ReadAction\",\"target\":[\"https:\/\/www.africa-press.net\/guinee-conakry\/politique\/non-selectionne-pour-la-can-morlaye-sylla-sengage-je-serai-le-premier-supporter-du-syli-national\"]}]},{\"@type\":\"ImageObject\",\"inLanguage\":\"fr-FR\",\"@id\":\"https:\/\/www.africa-press.net\/guinee-conakry\/politique\/non-selectionne-pour-la-can-morlaye-sylla-sengage-je-serai-le-premier-supporter-du-syli-national#primaryimage\",\"url\":\"https:\/\/static.africa-press.net\/conakry\/sites\/63\/2024\/01\/Jokar1704609582.783419.jpg\",\"contentUrl\":\"https:\/\/static.africa-press.net\/conakry\/sites\/63\/2024\/01\/Jokar1704609582.783419.jpg\",\"width\":1024,\"height\":557,\"caption\":\"Non s\u00e9lectionn\u00e9 pour la CAN, Morlaye Sylla s\u2019engage : \u2018\u2019Je serai le premier supporter du Syli national\u2019\u2019\"},{\"@type\":\"BreadcrumbList\",\"@id\":\"https:\/\/www.africa-press.net\/guinee-conakry\/politique\/non-selectionne-pour-la-can-morlaye-sylla-sengage-je-serai-le-premier-supporter-du-syli-national#breadcrumb\",\"itemListElement\":[{\"@type\":\"ListItem\",\"position\":1,\"name\":\"Accueil\",\"item\":\"https:\/\/www.africa-press.net\/guinee-conakry\/\"},{\"@type\":\"ListItem\",\"position\":2,\"name\":\"Non s\u00e9lectionn\u00e9 pour la CAN, Morlaye Sylla s\u2019engage : \u2018\u2019Je serai le premier supporter du Syli national\u2019\u2019\"}]},{\"@type\":\"WebSite\",\"@id\":\"https:\/\/www.africa-press.net\/guinee-conakry\/#website\",\"url\":\"https:\/\/www.africa-press.net\/guinee-conakry\/\",\"name\":\"guinee Conakry\",\"description\":\"Just another Africa News Agency Sites site\",\"potentialAction\":[{\"@type\":\"SearchAction\",\"target\":{\"@type\":\"EntryPoint\",\"urlTemplate\":\"https:\/\/www.africa-press.net\/guinee-conakry\/?s={search_term_string}\"},\"query-input\":{\"@type\":\"PropertyValueSpecification\",\"valueRequired\":true,\"valueName\":\"search_term_string\"}}],\"inLanguage\":\"fr-FR\"},{\"@type\":\"Person\",\"@id\":\"https:\/\/www.africa-press.net\/guinee-conakry\/#\/schema\/person\/2b1cf3cd81a31e3cd26889ca66d677f1\",\"name\":\"cfeditorfr\"}]}<\/script>\n<!-- \/ Yoast SEO Premium plugin. -->","yoast_head_json":{"title":"Non s\u00e9lectionn\u00e9 pour la CAN, Morlaye Sylla s\u2019engage : \u2018\u2019Je serai le premier supporter du Syli national\u2019\u2019 - guinee Conakry","robots":{"index":"index","follow":"follow","max-snippet":"max-snippet:-1","max-image-preview":"max-image-preview:large","max-video-preview":"max-video-preview:-1"},"canonical":"https:\/\/www.africa-press.net\/guinee-conakry\/politique\/non-selectionne-pour-la-can-morlaye-sylla-sengage-je-serai-le-premier-supporter-du-syli-national","og_locale":"fr_FR","og_type":"article","og_title":"Non s\u00e9lectionn\u00e9 pour la CAN, Morlaye Sylla s\u2019engage : \u2018\u2019Je serai le premier supporter du Syli national\u2019\u2019","og_description":"Africa-Press &#8211; Guin\u00e9e. Alors que ses e\u0301quipiers sont a\u0300 Abu Dhabi pour le dernier avant de poser leurs valises a\u0300 Co\u0302te d\u2019Ivoire ou\u0300 se tiendra la 34e e\u0301dition de la Coupe d\u2019Afrique des Nations (CAN) du 13 janvier au 11 fe\u0301vrier 2024, Morlaye Sylla, milieu de terrain pour le club portugais Arouca FC, est de [&hellip;]","og_url":"https:\/\/www.africa-press.net\/guinee-conakry\/politique\/non-selectionne-pour-la-can-morlaye-sylla-sengage-je-serai-le-premier-supporter-du-syli-national","og_site_name":"guinee Conakry","article_published_time":"2024-01-07T10:09:00+00:00","author":"cfeditorfr","twitter_card":"summary_large_image","twitter_misc":{"\u00c9crit par":"cfeditorfr","Dur\u00e9e de lecture estim\u00e9e":"1 minute"},"schema":{"@context":"https:\/\/schema.org","@graph":[{"@type":"Article","@id":"https:\/\/www.africa-press.net\/guinee-conakry\/politique\/non-selectionne-pour-la-can-morlaye-sylla-sengage-je-serai-le-premier-supporter-du-syli-national#article","isPartOf":{"@id":"https:\/\/www.africa-press.net\/guinee-conakry\/politique\/non-selectionne-pour-la-can-morlaye-sylla-sengage-je-serai-le-premier-supporter-du-syli-national"},"author":{"name":"cfeditorfr","@id":"https:\/\/www.africa-press.net\/guinee-conakry\/#\/schema\/person\/2b1cf3cd81a31e3cd26889ca66d677f1"},"headline":"Non s\u00e9lectionn\u00e9 pour la CAN, Morlaye Sylla s\u2019engage : \u2018\u2019Je serai le premier supporter du Syli national\u2019\u2019","datePublished":"2024-01-07T10:09:00+00:00","mainEntityOfPage":{"@id":"https:\/\/www.africa-press.net\/guinee-conakry\/politique\/non-selectionne-pour-la-can-morlaye-sylla-sengage-je-serai-le-premier-supporter-du-syli-national"},"wordCount":206,"commentCount":0,"image":{"@id":"https:\/\/www.africa-press.net\/guinee-conakry\/politique\/non-selectionne-pour-la-can-morlaye-sylla-sengage-je-serai-le-premier-supporter-du-syli-national#primaryimage"},"thumbnailUrl":"https:\/\/static.africa-press.net\/conakry\/sites\/63\/2024\/01\/Jokar1704609582.783419.jpg","keywords":["Africa Press","Africa Press-Guin\u00e9e","Guin\u00e9e"],"articleSection":["Sports","Toutes les actualit\u00e9s"],"inLanguage":"fr-FR","potentialAction":[{"@type":"CommentAction","name":"Comment","target":["https:\/\/www.africa-press.net\/guinee-conakry\/politique\/non-selectionne-pour-la-can-morlaye-sylla-sengage-je-serai-le-premier-supporter-du-syli-national#respond"]}]},{"@type":"WebPage","@id":"https:\/\/www.africa-press.net\/guinee-conakry\/politique\/non-selectionne-pour-la-can-morlaye-sylla-sengage-je-serai-le-premier-supporter-du-syli-national","url":"https:\/\/www.africa-press.net\/guinee-conakry\/politique\/non-selectionne-pour-la-can-morlaye-sylla-sengage-je-serai-le-premier-supporter-du-syli-national","name":"Non s\u00e9lectionn\u00e9 pour la CAN, Morlaye Sylla s\u2019engage : \u2018\u2019Je serai le premier supporter du Syli national\u2019\u2019 - guinee Conakry","isPartOf":{"@id":"https:\/\/www.africa-press.net\/guinee-conakry\/#website"},"primaryImageOfPage":{"@id":"https:\/\/www.africa-press.net\/guinee-conakry\/politique\/non-selectionne-pour-la-can-morlaye-sylla-sengage-je-serai-le-premier-supporter-du-syli-national#primaryimage"},"image":{"@id":"https:\/\/www.africa-press.net\/guinee-conakry\/politique\/non-selectionne-pour-la-can-morlaye-sylla-sengage-je-serai-le-premier-supporter-du-syli-national#primaryimage"},"thumbnailUrl":"https:\/\/static.africa-press.net\/conakry\/sites\/63\/2024\/01\/Jokar1704609582.783419.jpg","datePublished":"2024-01-07T10:09:00+00:00","author":{"@id":"https:\/\/www.africa-press.net\/guinee-conakry\/#\/schema\/person\/2b1cf3cd81a31e3cd26889ca66d677f1"},"breadcrumb":{"@id":"https:\/\/www.africa-press.net\/guinee-conakry\/politique\/non-selectionne-pour-la-can-morlaye-sylla-sengage-je-serai-le-premier-supporter-du-syli-national#breadcrumb"},"inLanguage":"fr-FR","potentialAction":[{"@type":"ReadAction","target":["https:\/\/www.africa-press.net\/guinee-conakry\/politique\/non-selectionne-pour-la-can-morlaye-sylla-sengage-je-serai-le-premier-supporter-du-syli-national"]}]},{"@type":"ImageObject","inLanguage":"fr-FR","@id":"https:\/\/www.africa-press.net\/guinee-conakry\/politique\/non-selectionne-pour-la-can-morlaye-sylla-sengage-je-serai-le-premier-supporter-du-syli-national#primaryimage","url":"https:\/\/static.africa-press.net\/conakry\/sites\/63\/2024\/01\/Jokar1704609582.783419.jpg","contentUrl":"https:\/\/static.africa-press.net\/conakry\/sites\/63\/2024\/01\/Jokar1704609582.783419.jpg","width":1024,"height":557,"caption":"Non s\u00e9lectionn\u00e9 pour la CAN, Morlaye Sylla s\u2019engage : \u2018\u2019Je serai le premier supporter du Syli national\u2019\u2019"},{"@type":"BreadcrumbList","@id":"https:\/\/www.africa-press.net\/guinee-conakry\/politique\/non-selectionne-pour-la-can-morlaye-sylla-sengage-je-serai-le-premier-supporter-du-syli-national#breadcrumb","itemListElement":[{"@type":"ListItem","position":1,"name":"Accueil","item":"https:\/\/www.africa-press.net\/guinee-conakry\/"},{"@type":"ListItem","position":2,"name":"Non s\u00e9lectionn\u00e9 pour la CAN, Morlaye Sylla s\u2019engage : \u2018\u2019Je serai le premier supporter du Syli national\u2019\u2019"}]},{"@type":"WebSite","@id":"https:\/\/www.africa-press.net\/guinee-conakry\/#website","url":"https:\/\/www.africa-press.net\/guinee-conakry\/","name":"guinee Conakry","description":"Just another Africa News Agency Sites site","potentialAction":[{"@type":"SearchAction","target":{"@type":"EntryPoint","urlTemplate":"https:\/\/www.africa-press.net\/guinee-conakry\/?s={search_term_string}"},"query-input":{"@type":"PropertyValueSpecification","valueRequired":true,"valueName":"search_term_string"}}],"inLanguage":"fr-FR"},{"@type":"Person","@id":"https:\/\/www.africa-press.net\/guinee-conakry\/#\/schema\/person\/2b1cf3cd81a31e3cd26889ca66d677f1","name":"cfeditorfr"}]}},"_links":{"self":[{"href":"https:\/\/www.africa-press.net\/guinee-conakry\/wp-json\/wp\/v2\/posts\/18202","targetHints":{"allow":["GET"]}}],"collection":[{"href":"https:\/\/www.africa-press.net\/guinee-conakry\/wp-json\/wp\/v2\/posts"}],"about":[{"href":"https:\/\/www.africa-press.net\/guinee-conakry\/wp-json\/wp\/v2\/types\/post"}],"author":[{"embeddable":true,"href":"https:\/\/www.africa-press.net\/guinee-conakry\/wp-json\/wp\/v2\/users\/82"}],"replies":[{"embeddable":true,"href":"https:\/\/www.africa-press.net\/guinee-conakry\/wp-json\/wp\/v2\/comments?post=18202"}],"version-history":[{"count":0,"href":"https:\/\/www.africa-press.net\/guinee-conakry\/wp-json\/wp\/v2\/posts\/18202\/revisions"}],"wp:featuredmedia":[{"embeddable":true,"href":"https:\/\/www.africa-press.net\/guinee-conakry\/wp-json\/wp\/v2\/media\/18201"}],"wp:attachment":[{"href":"https:\/\/www.africa-press.net\/guinee-conakry\/wp-json\/wp\/v2\/media?parent=18202"}],"wp:term":[{"taxonomy":"category","embeddable":true,"href":"https:\/\/www.africa-press.net\/guinee-conakry\/wp-json\/wp\/v2\/categories?post=18202"},{"taxonomy":"post_tag","embeddable":true,"href":"https:\/\/www.africa-press.net\/guinee-conakry\/wp-json\/wp\/v2\/tags?post=18202"}],"curies":[{"name":"wp","href":"https:\/\/api.w.org\/{rel}","templated":true}]}}