{"id":18216,"date":"2024-01-07T10:20:00","date_gmt":"2024-01-07T10:20:00","guid":{"rendered":"https:\/\/www.africa-press.net\/guinee-conakry\/politique\/un-proche-de-sidya-a-la-junte-cest-la-faute-de-letat-si-le-mandat-des-conseillers-communaux-est-arrive-a-terme"},"modified":"2024-01-07T10:20:00","modified_gmt":"2024-01-07T10:20:00","slug":"un-proche-de-sidya-a-la-junte-cest-la-faute-de-letat-si-le-mandat-des-conseillers-communaux-est-arrive-a-terme","status":"publish","type":"post","link":"https:\/\/www.africa-press.net\/guinee-conakry\/politique\/un-proche-de-sidya-a-la-junte-cest-la-faute-de-letat-si-le-mandat-des-conseillers-communaux-est-arrive-a-terme","title":{"rendered":"Un proche de Sidya \u00e0 la junte : \u2018\u2019C\u2019est la faute de l\u2019Etat si le mandat des conseillers communaux est arriv\u00e9 \u00e0 terme\u2026\u2019\u2019"},"content":{"rendered":"<p><span style=\"color: #ff6600\"><strong>Africa-Press &#8211; Guin\u00e9e. <\/strong><\/span><b>Le responsable de la communication de l\u2019Union des forces re\u0301publicaines (UFR) affirme que l\u2019installation des de\u0301le\u0301gations spe\u0301ciales dans notre pays doit faire l\u2019objet d\u2019une concertation avec les acteurs concerne\u0301s et non une de\u0301cision unilate\u0301rale des autorite\u0301s de la transition.<\/b><\/p>\n<p>Dans sa dernie\u0300re adresse a\u0300 la nation, le pre\u0301sident de la transition a annonce\u0301 l\u2019installation des de\u0301le\u0301gations spe\u0301ciales au cours du premier trimestre de l\u2019anne\u0301e 2024 a\u0300 la place des e\u0301lus locaux.<\/p>\n<p>A l\u2019Union des forces re\u0301publicaines (UFR), Fode\u0301 Balde\u0301 estime que cette de\u0301cision doit faire l\u2019objet de consensus avant l\u2019installation des de\u0301le\u0301gations spe\u0301ciales.<\/p>\n<p>\u2018\u2019Chaque fois qu\u2019il a e\u0301te\u0301 question de de\u0301le\u0301gations spe\u0301ciales, des crite\u0300res de composition des e\u0301quipes ont e\u0301te\u0301 e\u0301tablis de fac\u0327on consensuelle avec les acteurs concerne\u0301s. Faire le contraire, c\u2019est tuer la de\u0301centralisation et prolonger la de\u0301concentration : un recul de\u0301mocratique\u2019\u2019, indique-t-il.<\/p>\n<p>Selon ce proche de Sidya Toure\u0301, \u2018\u2019c\u2019est la faute de l\u2019Etat si le mandat des conseillers communaux est arrive\u0301 a\u0300 terme sans renouvellement conforme\u0301ment a\u0300 la loi. L\u2019assumer, c\u2019est c\u0327a aussi de la responsabilite\u0301. Pour le re\u0301gler, la loi e\u0301tant muette, il faut dialoguer avec les acteurs concerne\u0301s\u2019\u2019.<\/p>\n<p><b>Pathe\u0301 BAH<\/b><\/p>\n<p><strong>Pour plus d&rsquo;informations et d&rsquo;analyses sur la <a href=\"https:\/\/www.africa-press.net\/guinee-conakry\">Guin\u00e9e<\/a>, suivez <a href=\"https:\/\/www.africa-press.net\/\">Africa-Press<\/a><\/strong><\/p>\n","protected":false},"excerpt":{"rendered":"<p>Africa-Press &#8211; Guin\u00e9e. Le responsable de la communication de l\u2019Union des forces re\u0301publicaines (UFR) affirme que l\u2019installation des de\u0301le\u0301gations spe\u0301ciales dans notre pays doit faire l\u2019objet d\u2019une concertation avec les acteurs concerne\u0301s et non une de\u0301cision unilate\u0301rale des autorite\u0301s de la transition. Dans sa dernie\u0300re adresse a\u0300 la nation, le pre\u0301sident de la transition a [&hellip;]<\/p>\n","protected":false},"author":82,"featured_media":18215,"comment_status":"open","ping_status":"closed","sticky":false,"template":"","format":"standard","meta":{"footnotes":""},"categories":[2,10],"tags":[36,57,58],"class_list":["post-18216","post","type-post","status-publish","format-standard","has-post-thumbnail","hentry","category-politique","category-toutes-les-actualites","tag-africa-press","tag-africa-press-guinee","tag-guinee"],"yoast_head":"<!-- This site is optimized with the Yoast SEO Premium plugin v26.1 (Yoast SEO v27.0) - https:\/\/yoast.com\/product\/yoast-seo-premium-wordpress\/ -->\n<title>Un proche de Sidya \u00e0 la junte : \u2018\u2019C\u2019est la faute de l\u2019Etat si le mandat des conseillers communaux est arriv\u00e9 \u00e0 terme\u2026\u2019\u2019 - guinee Conakry<\/title>\n<meta name=\"robots\" content=\"index, follow, max-snippet:-1, max-image-preview:large, max-video-preview:-1\" \/>\n<link rel=\"canonical\" href=\"https:\/\/www.africa-press.net\/guinee-conakry\/politique\/un-proche-de-sidya-a-la-junte-cest-la-faute-de-letat-si-le-mandat-des-conseillers-communaux-est-arrive-a-terme\" \/>\n<meta property=\"og:locale\" content=\"fr_FR\" \/>\n<meta property=\"og:type\" content=\"article\" \/>\n<meta property=\"og:title\" content=\"Un proche de Sidya \u00e0 la junte : \u2018\u2019C\u2019est la faute de l\u2019Etat si le mandat des conseillers communaux est arriv\u00e9 \u00e0 terme\u2026\u2019\u2019\" \/>\n<meta property=\"og:description\" content=\"Africa-Press &#8211; Guin\u00e9e. Le responsable de la communication de l\u2019Union des forces re\u0301publicaines (UFR) affirme que l\u2019installation des de\u0301le\u0301gations spe\u0301ciales dans notre pays doit faire l\u2019objet d\u2019une concertation avec les acteurs concerne\u0301s et non une de\u0301cision unilate\u0301rale des autorite\u0301s de la transition. Dans sa dernie\u0300re adresse a\u0300 la nation, le pre\u0301sident de la transition a [&hellip;]\" \/>\n<meta property=\"og:url\" content=\"https:\/\/www.africa-press.net\/guinee-conakry\/politique\/un-proche-de-sidya-a-la-junte-cest-la-faute-de-letat-si-le-mandat-des-conseillers-communaux-est-arrive-a-terme\" \/>\n<meta property=\"og:site_name\" content=\"guinee Conakry\" \/>\n<meta property=\"article:published_time\" content=\"2024-01-07T10:20:00+00:00\" \/>\n<meta name=\"author\" content=\"cfeditorfr\" \/>\n<meta name=\"twitter:card\" content=\"summary_large_image\" \/>\n<meta name=\"twitter:label1\" content=\"\u00c9crit par\" \/>\n\t<meta name=\"twitter:data1\" content=\"cfeditorfr\" \/>\n\t<meta name=\"twitter:label2\" content=\"Dur\u00e9e de lecture estim\u00e9e\" \/>\n\t<meta name=\"twitter:data2\" content=\"1 minute\" \/>\n<script type=\"application\/ld+json\" class=\"yoast-schema-graph\">{\"@context\":\"https:\/\/schema.org\",\"@graph\":[{\"@type\":\"Article\",\"@id\":\"https:\/\/www.africa-press.net\/guinee-conakry\/politique\/un-proche-de-sidya-a-la-junte-cest-la-faute-de-letat-si-le-mandat-des-conseillers-communaux-est-arrive-a-terme#article\",\"isPartOf\":{\"@id\":\"https:\/\/www.africa-press.net\/guinee-conakry\/politique\/un-proche-de-sidya-a-la-junte-cest-la-faute-de-letat-si-le-mandat-des-conseillers-communaux-est-arrive-a-terme\"},\"author\":{\"name\":\"cfeditorfr\",\"@id\":\"https:\/\/www.africa-press.net\/guinee-conakry\/#\/schema\/person\/2b1cf3cd81a31e3cd26889ca66d677f1\"},\"headline\":\"Un proche de Sidya \u00e0 la junte : \u2018\u2019C\u2019est la faute de l\u2019Etat si le mandat des conseillers communaux est arriv\u00e9 \u00e0 terme\u2026\u2019\u2019\",\"datePublished\":\"2024-01-07T10:20:00+00:00\",\"mainEntityOfPage\":{\"@id\":\"https:\/\/www.africa-press.net\/guinee-conakry\/politique\/un-proche-de-sidya-a-la-junte-cest-la-faute-de-letat-si-le-mandat-des-conseillers-communaux-est-arrive-a-terme\"},\"wordCount\":274,\"commentCount\":0,\"image\":{\"@id\":\"https:\/\/www.africa-press.net\/guinee-conakry\/politique\/un-proche-de-sidya-a-la-junte-cest-la-faute-de-letat-si-le-mandat-des-conseillers-communaux-est-arrive-a-terme#primaryimage\"},\"thumbnailUrl\":\"https:\/\/static.africa-press.net\/conakry\/sites\/63\/2024\/01\/Jokar1704610206.49739.jpg\",\"keywords\":[\"Africa Press\",\"Africa Press-Guin\u00e9e\",\"Guin\u00e9e\"],\"articleSection\":[\"Politique\",\"Toutes les actualit\u00e9s\"],\"inLanguage\":\"fr-FR\",\"potentialAction\":[{\"@type\":\"CommentAction\",\"name\":\"Comment\",\"target\":[\"https:\/\/www.africa-press.net\/guinee-conakry\/politique\/un-proche-de-sidya-a-la-junte-cest-la-faute-de-letat-si-le-mandat-des-conseillers-communaux-est-arrive-a-terme#respond\"]}]},{\"@type\":\"WebPage\",\"@id\":\"https:\/\/www.africa-press.net\/guinee-conakry\/politique\/un-proche-de-sidya-a-la-junte-cest-la-faute-de-letat-si-le-mandat-des-conseillers-communaux-est-arrive-a-terme\",\"url\":\"https:\/\/www.africa-press.net\/guinee-conakry\/politique\/un-proche-de-sidya-a-la-junte-cest-la-faute-de-letat-si-le-mandat-des-conseillers-communaux-est-arrive-a-terme\",\"name\":\"Un proche de Sidya \u00e0 la junte : \u2018\u2019C\u2019est la faute de l\u2019Etat si le mandat des conseillers communaux est arriv\u00e9 \u00e0 terme\u2026\u2019\u2019 - guinee Conakry\",\"isPartOf\":{\"@id\":\"https:\/\/www.africa-press.net\/guinee-conakry\/#website\"},\"primaryImageOfPage\":{\"@id\":\"https:\/\/www.africa-press.net\/guinee-conakry\/politique\/un-proche-de-sidya-a-la-junte-cest-la-faute-de-letat-si-le-mandat-des-conseillers-communaux-est-arrive-a-terme#primaryimage\"},\"image\":{\"@id\":\"https:\/\/www.africa-press.net\/guinee-conakry\/politique\/un-proche-de-sidya-a-la-junte-cest-la-faute-de-letat-si-le-mandat-des-conseillers-communaux-est-arrive-a-terme#primaryimage\"},\"thumbnailUrl\":\"https:\/\/static.africa-press.net\/conakry\/sites\/63\/2024\/01\/Jokar1704610206.49739.jpg\",\"datePublished\":\"2024-01-07T10:20:00+00:00\",\"author\":{\"@id\":\"https:\/\/www.africa-press.net\/guinee-conakry\/#\/schema\/person\/2b1cf3cd81a31e3cd26889ca66d677f1\"},\"breadcrumb\":{\"@id\":\"https:\/\/www.africa-press.net\/guinee-conakry\/politique\/un-proche-de-sidya-a-la-junte-cest-la-faute-de-letat-si-le-mandat-des-conseillers-communaux-est-arrive-a-terme#breadcrumb\"},\"inLanguage\":\"fr-FR\",\"potentialAction\":[{\"@type\":\"ReadAction\",\"target\":[\"https:\/\/www.africa-press.net\/guinee-conakry\/politique\/un-proche-de-sidya-a-la-junte-cest-la-faute-de-letat-si-le-mandat-des-conseillers-communaux-est-arrive-a-terme\"]}]},{\"@type\":\"ImageObject\",\"inLanguage\":\"fr-FR\",\"@id\":\"https:\/\/www.africa-press.net\/guinee-conakry\/politique\/un-proche-de-sidya-a-la-junte-cest-la-faute-de-letat-si-le-mandat-des-conseillers-communaux-est-arrive-a-terme#primaryimage\",\"url\":\"https:\/\/static.africa-press.net\/conakry\/sites\/63\/2024\/01\/Jokar1704610206.49739.jpg\",\"contentUrl\":\"https:\/\/static.africa-press.net\/conakry\/sites\/63\/2024\/01\/Jokar1704610206.49739.jpg\",\"width\":720,\"height\":564,\"caption\":\"Un proche de Sidya \u00e0 la junte : \u2018\u2019C\u2019est la faute de l\u2019Etat si le mandat des conseillers communaux est arriv\u00e9 \u00e0 terme\u2026\u2019\u2019\"},{\"@type\":\"BreadcrumbList\",\"@id\":\"https:\/\/www.africa-press.net\/guinee-conakry\/politique\/un-proche-de-sidya-a-la-junte-cest-la-faute-de-letat-si-le-mandat-des-conseillers-communaux-est-arrive-a-terme#breadcrumb\",\"itemListElement\":[{\"@type\":\"ListItem\",\"position\":1,\"name\":\"Accueil\",\"item\":\"https:\/\/www.africa-press.net\/guinee-conakry\/\"},{\"@type\":\"ListItem\",\"position\":2,\"name\":\"Un proche de Sidya \u00e0 la junte : \u2018\u2019C\u2019est la faute de l\u2019Etat si le mandat des conseillers communaux est arriv\u00e9 \u00e0 terme\u2026\u2019\u2019\"}]},{\"@type\":\"WebSite\",\"@id\":\"https:\/\/www.africa-press.net\/guinee-conakry\/#website\",\"url\":\"https:\/\/www.africa-press.net\/guinee-conakry\/\",\"name\":\"guinee Conakry\",\"description\":\"Just another Africa News Agency Sites site\",\"potentialAction\":[{\"@type\":\"SearchAction\",\"target\":{\"@type\":\"EntryPoint\",\"urlTemplate\":\"https:\/\/www.africa-press.net\/guinee-conakry\/?s={search_term_string}\"},\"query-input\":{\"@type\":\"PropertyValueSpecification\",\"valueRequired\":true,\"valueName\":\"search_term_string\"}}],\"inLanguage\":\"fr-FR\"},{\"@type\":\"Person\",\"@id\":\"https:\/\/www.africa-press.net\/guinee-conakry\/#\/schema\/person\/2b1cf3cd81a31e3cd26889ca66d677f1\",\"name\":\"cfeditorfr\"}]}<\/script>\n<!-- \/ Yoast SEO Premium plugin. -->","yoast_head_json":{"title":"Un proche de Sidya \u00e0 la junte : \u2018\u2019C\u2019est la faute de l\u2019Etat si le mandat des conseillers communaux est arriv\u00e9 \u00e0 terme\u2026\u2019\u2019 - guinee Conakry","robots":{"index":"index","follow":"follow","max-snippet":"max-snippet:-1","max-image-preview":"max-image-preview:large","max-video-preview":"max-video-preview:-1"},"canonical":"https:\/\/www.africa-press.net\/guinee-conakry\/politique\/un-proche-de-sidya-a-la-junte-cest-la-faute-de-letat-si-le-mandat-des-conseillers-communaux-est-arrive-a-terme","og_locale":"fr_FR","og_type":"article","og_title":"Un proche de Sidya \u00e0 la junte : \u2018\u2019C\u2019est la faute de l\u2019Etat si le mandat des conseillers communaux est arriv\u00e9 \u00e0 terme\u2026\u2019\u2019","og_description":"Africa-Press &#8211; Guin\u00e9e. Le responsable de la communication de l\u2019Union des forces re\u0301publicaines (UFR) affirme que l\u2019installation des de\u0301le\u0301gations spe\u0301ciales dans notre pays doit faire l\u2019objet d\u2019une concertation avec les acteurs concerne\u0301s et non une de\u0301cision unilate\u0301rale des autorite\u0301s de la transition. Dans sa dernie\u0300re adresse a\u0300 la nation, le pre\u0301sident de la transition a [&hellip;]","og_url":"https:\/\/www.africa-press.net\/guinee-conakry\/politique\/un-proche-de-sidya-a-la-junte-cest-la-faute-de-letat-si-le-mandat-des-conseillers-communaux-est-arrive-a-terme","og_site_name":"guinee Conakry","article_published_time":"2024-01-07T10:20:00+00:00","author":"cfeditorfr","twitter_card":"summary_large_image","twitter_misc":{"\u00c9crit par":"cfeditorfr","Dur\u00e9e de lecture estim\u00e9e":"1 minute"},"schema":{"@context":"https:\/\/schema.org","@graph":[{"@type":"Article","@id":"https:\/\/www.africa-press.net\/guinee-conakry\/politique\/un-proche-de-sidya-a-la-junte-cest-la-faute-de-letat-si-le-mandat-des-conseillers-communaux-est-arrive-a-terme#article","isPartOf":{"@id":"https:\/\/www.africa-press.net\/guinee-conakry\/politique\/un-proche-de-sidya-a-la-junte-cest-la-faute-de-letat-si-le-mandat-des-conseillers-communaux-est-arrive-a-terme"},"author":{"name":"cfeditorfr","@id":"https:\/\/www.africa-press.net\/guinee-conakry\/#\/schema\/person\/2b1cf3cd81a31e3cd26889ca66d677f1"},"headline":"Un proche de Sidya \u00e0 la junte : \u2018\u2019C\u2019est la faute de l\u2019Etat si le mandat des conseillers communaux est arriv\u00e9 \u00e0 terme\u2026\u2019\u2019","datePublished":"2024-01-07T10:20:00+00:00","mainEntityOfPage":{"@id":"https:\/\/www.africa-press.net\/guinee-conakry\/politique\/un-proche-de-sidya-a-la-junte-cest-la-faute-de-letat-si-le-mandat-des-conseillers-communaux-est-arrive-a-terme"},"wordCount":274,"commentCount":0,"image":{"@id":"https:\/\/www.africa-press.net\/guinee-conakry\/politique\/un-proche-de-sidya-a-la-junte-cest-la-faute-de-letat-si-le-mandat-des-conseillers-communaux-est-arrive-a-terme#primaryimage"},"thumbnailUrl":"https:\/\/static.africa-press.net\/conakry\/sites\/63\/2024\/01\/Jokar1704610206.49739.jpg","keywords":["Africa Press","Africa Press-Guin\u00e9e","Guin\u00e9e"],"articleSection":["Politique","Toutes les actualit\u00e9s"],"inLanguage":"fr-FR","potentialAction":[{"@type":"CommentAction","name":"Comment","target":["https:\/\/www.africa-press.net\/guinee-conakry\/politique\/un-proche-de-sidya-a-la-junte-cest-la-faute-de-letat-si-le-mandat-des-conseillers-communaux-est-arrive-a-terme#respond"]}]},{"@type":"WebPage","@id":"https:\/\/www.africa-press.net\/guinee-conakry\/politique\/un-proche-de-sidya-a-la-junte-cest-la-faute-de-letat-si-le-mandat-des-conseillers-communaux-est-arrive-a-terme","url":"https:\/\/www.africa-press.net\/guinee-conakry\/politique\/un-proche-de-sidya-a-la-junte-cest-la-faute-de-letat-si-le-mandat-des-conseillers-communaux-est-arrive-a-terme","name":"Un proche de Sidya \u00e0 la junte : \u2018\u2019C\u2019est la faute de l\u2019Etat si le mandat des conseillers communaux est arriv\u00e9 \u00e0 terme\u2026\u2019\u2019 - guinee Conakry","isPartOf":{"@id":"https:\/\/www.africa-press.net\/guinee-conakry\/#website"},"primaryImageOfPage":{"@id":"https:\/\/www.africa-press.net\/guinee-conakry\/politique\/un-proche-de-sidya-a-la-junte-cest-la-faute-de-letat-si-le-mandat-des-conseillers-communaux-est-arrive-a-terme#primaryimage"},"image":{"@id":"https:\/\/www.africa-press.net\/guinee-conakry\/politique\/un-proche-de-sidya-a-la-junte-cest-la-faute-de-letat-si-le-mandat-des-conseillers-communaux-est-arrive-a-terme#primaryimage"},"thumbnailUrl":"https:\/\/static.africa-press.net\/conakry\/sites\/63\/2024\/01\/Jokar1704610206.49739.jpg","datePublished":"2024-01-07T10:20:00+00:00","author":{"@id":"https:\/\/www.africa-press.net\/guinee-conakry\/#\/schema\/person\/2b1cf3cd81a31e3cd26889ca66d677f1"},"breadcrumb":{"@id":"https:\/\/www.africa-press.net\/guinee-conakry\/politique\/un-proche-de-sidya-a-la-junte-cest-la-faute-de-letat-si-le-mandat-des-conseillers-communaux-est-arrive-a-terme#breadcrumb"},"inLanguage":"fr-FR","potentialAction":[{"@type":"ReadAction","target":["https:\/\/www.africa-press.net\/guinee-conakry\/politique\/un-proche-de-sidya-a-la-junte-cest-la-faute-de-letat-si-le-mandat-des-conseillers-communaux-est-arrive-a-terme"]}]},{"@type":"ImageObject","inLanguage":"fr-FR","@id":"https:\/\/www.africa-press.net\/guinee-conakry\/politique\/un-proche-de-sidya-a-la-junte-cest-la-faute-de-letat-si-le-mandat-des-conseillers-communaux-est-arrive-a-terme#primaryimage","url":"https:\/\/static.africa-press.net\/conakry\/sites\/63\/2024\/01\/Jokar1704610206.49739.jpg","contentUrl":"https:\/\/static.africa-press.net\/conakry\/sites\/63\/2024\/01\/Jokar1704610206.49739.jpg","width":720,"height":564,"caption":"Un proche de Sidya \u00e0 la junte : \u2018\u2019C\u2019est la faute de l\u2019Etat si le mandat des conseillers communaux est arriv\u00e9 \u00e0 terme\u2026\u2019\u2019"},{"@type":"BreadcrumbList","@id":"https:\/\/www.africa-press.net\/guinee-conakry\/politique\/un-proche-de-sidya-a-la-junte-cest-la-faute-de-letat-si-le-mandat-des-conseillers-communaux-est-arrive-a-terme#breadcrumb","itemListElement":[{"@type":"ListItem","position":1,"name":"Accueil","item":"https:\/\/www.africa-press.net\/guinee-conakry\/"},{"@type":"ListItem","position":2,"name":"Un proche de Sidya \u00e0 la junte : \u2018\u2019C\u2019est la faute de l\u2019Etat si le mandat des conseillers communaux est arriv\u00e9 \u00e0 terme\u2026\u2019\u2019"}]},{"@type":"WebSite","@id":"https:\/\/www.africa-press.net\/guinee-conakry\/#website","url":"https:\/\/www.africa-press.net\/guinee-conakry\/","name":"guinee Conakry","description":"Just another Africa News Agency Sites site","potentialAction":[{"@type":"SearchAction","target":{"@type":"EntryPoint","urlTemplate":"https:\/\/www.africa-press.net\/guinee-conakry\/?s={search_term_string}"},"query-input":{"@type":"PropertyValueSpecification","valueRequired":true,"valueName":"search_term_string"}}],"inLanguage":"fr-FR"},{"@type":"Person","@id":"https:\/\/www.africa-press.net\/guinee-conakry\/#\/schema\/person\/2b1cf3cd81a31e3cd26889ca66d677f1","name":"cfeditorfr"}]}},"_links":{"self":[{"href":"https:\/\/www.africa-press.net\/guinee-conakry\/wp-json\/wp\/v2\/posts\/18216","targetHints":{"allow":["GET"]}}],"collection":[{"href":"https:\/\/www.africa-press.net\/guinee-conakry\/wp-json\/wp\/v2\/posts"}],"about":[{"href":"https:\/\/www.africa-press.net\/guinee-conakry\/wp-json\/wp\/v2\/types\/post"}],"author":[{"embeddable":true,"href":"https:\/\/www.africa-press.net\/guinee-conakry\/wp-json\/wp\/v2\/users\/82"}],"replies":[{"embeddable":true,"href":"https:\/\/www.africa-press.net\/guinee-conakry\/wp-json\/wp\/v2\/comments?post=18216"}],"version-history":[{"count":0,"href":"https:\/\/www.africa-press.net\/guinee-conakry\/wp-json\/wp\/v2\/posts\/18216\/revisions"}],"wp:featuredmedia":[{"embeddable":true,"href":"https:\/\/www.africa-press.net\/guinee-conakry\/wp-json\/wp\/v2\/media\/18215"}],"wp:attachment":[{"href":"https:\/\/www.africa-press.net\/guinee-conakry\/wp-json\/wp\/v2\/media?parent=18216"}],"wp:term":[{"taxonomy":"category","embeddable":true,"href":"https:\/\/www.africa-press.net\/guinee-conakry\/wp-json\/wp\/v2\/categories?post=18216"},{"taxonomy":"post_tag","embeddable":true,"href":"https:\/\/www.africa-press.net\/guinee-conakry\/wp-json\/wp\/v2\/tags?post=18216"}],"curies":[{"name":"wp","href":"https:\/\/api.w.org\/{rel}","templated":true}]}}