{"id":18224,"date":"2024-01-09T05:43:00","date_gmt":"2024-01-09T05:43:00","guid":{"rendered":"https:\/\/www.africa-press.net\/guinee-conakry\/politique\/la-patronne-de-loif-a-conakry-pour-des-entretiens-approfondis-avec-le-colonel-doumbouya-cest-pour-voir-ce-que-la-guinee-est-en"},"modified":"2024-01-09T05:43:00","modified_gmt":"2024-01-09T05:43:00","slug":"la-patronne-de-loif-a-conakry-pour-des-entretiens-approfondis-avec-le-colonel-doumbouya-cest-pour-voir-ce-que-la-guinee-est-en","status":"publish","type":"post","link":"https:\/\/www.africa-press.net\/guinee-conakry\/politique\/la-patronne-de-loif-a-conakry-pour-des-entretiens-approfondis-avec-le-colonel-doumbouya-cest-pour-voir-ce-que-la-guinee-est-en","title":{"rendered":"La patronne de l\u2019OIF \u00e0 Conakry pour des entretiens \u2018\u2019approfondis\u2019\u2019 avec le colonel Doumbouya : \u2018\u2019C\u2019est pour voir ce que la Guin\u00e9e est en train de faire\u2026\u2019\u2019"},"content":{"rendered":"<p><span style=\"color: #ff6600\"><strong>Africa-Press &#8211; Guin\u00e9e. <\/strong><\/span>En se\u0301jour a\u0300 Conakry, la secre\u0301taire ge\u0301ne\u0301rale de l\u2019Organisation internationale de la Francophonie (OIF) annonce des concertations avec les autorite\u0301s pour discuter de l\u2019exe\u0301cution du chronogramme. Pour Louise Mushikiwabo, son institution est pre\u0302te a\u0300 accompagner la Guine\u0301e dans cette phase de transition.<\/p>\n<p>\u2018\u2019La Guine\u0301e est un pays important pour la Francophonie. Et c\u2019est important pour nous en tant qu\u2019institution de rester proche non seulement des autorite\u0301s de nos E\u0301tats mais aussi des populations francophones\u2019\u2019, indique la secre\u0301taire ge\u0301ne\u0301rale de la Francophonie.<\/p>\n<p>Elle pre\u0301cise que \u2018\u2019je suis ici pour des entretiens approfondis avec le pre\u0301sident de la transition, avec le ministre des affaires e\u0301trange\u0300res pour nous mettre d\u2019accord sur le type de soutien que l\u2019OIF va apporter. Nous, nous sommes convenus que l\u2019OIF allait tout faire pour soutenir ce pays dans cette pe\u0301riode qui n\u2019a pas e\u0301te\u0301 facile. De\u0301ja\u0300, nous avons des experts de l\u2019OIF qui sont sur place\u2019\u2019.<\/p>\n<p>\u2018\u2019C\u2019est une visite de travail de tre\u0300s grande importance pour nous. Parce qu\u2019en re\u0301alite\u0301, la Francophonie est une organisation qui a e\u0301te\u0301 forme\u0301e par des hommes d\u2019Etat surtout africains. Notre objectif, en tant qu\u2019organisation, c\u2019est de donner le meilleur qu\u2019on puisse faire a\u0300 nos E\u0301tats. Pour cela, il faut des pourparlers, avancer tout en sachant qu\u2019on est les bienvenus et sur le cre\u0301neau qu\u2019il faut. Les guine\u0301ens verront souvent l\u2019OIF en tant qu\u2019organisation dans cette pe\u0301riode de reconstruction, de transition et bien au-dela\u0300 en tant que membre de cette famille importante\u2019\u2019, assure Louise Mushikiwabo.<\/p>\n<p>De son co\u0302te\u0301, le ministre des affaires e\u0301trange\u0300res, de l\u2019inte\u0301gration africaine et des guine\u0301ens e\u0301tablis a\u0300 l\u2019e\u0301tranger a indique\u0301 que \u2018\u2019l\u2019OIF a toujours manifeste\u0301 l\u2019amitie\u0301 me\u0302me l\u2019amour pour ce pays. C\u2019est pourquoi, a\u0300 la session de l\u2019assemble\u0301e des Nations Unies lorsqu\u2019elle a eu une rencontre avec Son Excellence le colonel Mamadi Doumbouya, ils ont tous les deux de\u0301cide\u0301 qu\u2019elle vienne voir ce que la Guine\u0301e est en train de faire dans le domaine de la transition et au-dela\u0300. dans le domaine de la transformation de la socie\u0301te\u0301 guine\u0301enne\u2019\u2019.<\/p>\n<p>\u2018\u2019Au nom du chef de l\u2019Etat, je voudrais lui souhaiter la bienvenue et lui dire une fois de plus qu\u2019elle est chez elle. Elle vient a\u0300 un moment ou\u0300 la Guine\u0301e traverse des difficulte\u0301s immenses. Parce que notre pays a e\u0301te\u0301 frappe\u0301 a\u0300 son c\u0153ur par cet incendie. Et cela va avoir un impact sur un long terme\u2019\u2019, pre\u0301cise Morissanda Kouyate\u0301 sur la te\u0301le\u0301vision nationale.<\/p>\n<p>Boussouriou Doumba<\/p>\n<p><strong>Pour plus d&rsquo;informations et d&rsquo;analyses sur la <a href=\"https:\/\/www.africa-press.net\/guinee-conakry\">Guin\u00e9e<\/a>, suivez <a href=\"https:\/\/www.africa-press.net\/\">Africa-Press<\/a><\/strong><\/p>\n","protected":false},"excerpt":{"rendered":"<p>Africa-Press &#8211; Guin\u00e9e. En se\u0301jour a\u0300 Conakry, la secre\u0301taire ge\u0301ne\u0301rale de l\u2019Organisation internationale de la Francophonie (OIF) annonce des concertations avec les autorite\u0301s pour discuter de l\u2019exe\u0301cution du chronogramme. Pour Louise Mushikiwabo, son institution est pre\u0302te a\u0300 accompagner la Guine\u0301e dans cette phase de transition. \u2018\u2019La Guine\u0301e est un pays important pour la Francophonie. Et [&hellip;]<\/p>\n","protected":false},"author":82,"featured_media":18223,"comment_status":"open","ping_status":"closed","sticky":false,"template":"","format":"standard","meta":{"footnotes":""},"categories":[2,10],"tags":[36,57,58],"class_list":["post-18224","post","type-post","status-publish","format-standard","has-post-thumbnail","hentry","category-politique","category-toutes-les-actualites","tag-africa-press","tag-africa-press-guinee","tag-guinee"],"yoast_head":"<!-- This site is optimized with the Yoast SEO Premium plugin v26.1 (Yoast SEO v27.0) - https:\/\/yoast.com\/product\/yoast-seo-premium-wordpress\/ -->\n<title>La patronne de l\u2019OIF \u00e0 Conakry pour des entretiens \u2018\u2019approfondis\u2019\u2019 avec le colonel Doumbouya : \u2018\u2019C\u2019est pour voir ce que la Guin\u00e9e est en train de faire\u2026\u2019\u2019 - guinee Conakry<\/title>\n<meta name=\"robots\" content=\"index, follow, max-snippet:-1, max-image-preview:large, max-video-preview:-1\" \/>\n<link rel=\"canonical\" href=\"https:\/\/www.africa-press.net\/guinee-conakry\/politique\/la-patronne-de-loif-a-conakry-pour-des-entretiens-approfondis-avec-le-colonel-doumbouya-cest-pour-voir-ce-que-la-guinee-est-en\" \/>\n<meta property=\"og:locale\" content=\"fr_FR\" \/>\n<meta property=\"og:type\" content=\"article\" \/>\n<meta property=\"og:title\" content=\"La patronne de l\u2019OIF \u00e0 Conakry pour des entretiens \u2018\u2019approfondis\u2019\u2019 avec le colonel Doumbouya : \u2018\u2019C\u2019est pour voir ce que la Guin\u00e9e est en train de faire\u2026\u2019\u2019\" \/>\n<meta property=\"og:description\" content=\"Africa-Press &#8211; Guin\u00e9e. En se\u0301jour a\u0300 Conakry, la secre\u0301taire ge\u0301ne\u0301rale de l\u2019Organisation internationale de la Francophonie (OIF) annonce des concertations avec les autorite\u0301s pour discuter de l\u2019exe\u0301cution du chronogramme. Pour Louise Mushikiwabo, son institution est pre\u0302te a\u0300 accompagner la Guine\u0301e dans cette phase de transition. \u2018\u2019La Guine\u0301e est un pays important pour la Francophonie. Et [&hellip;]\" \/>\n<meta property=\"og:url\" content=\"https:\/\/www.africa-press.net\/guinee-conakry\/politique\/la-patronne-de-loif-a-conakry-pour-des-entretiens-approfondis-avec-le-colonel-doumbouya-cest-pour-voir-ce-que-la-guinee-est-en\" \/>\n<meta property=\"og:site_name\" content=\"guinee Conakry\" \/>\n<meta property=\"article:published_time\" content=\"2024-01-09T05:43:00+00:00\" \/>\n<meta name=\"author\" content=\"cfeditorfr\" \/>\n<meta name=\"twitter:card\" content=\"summary_large_image\" \/>\n<meta name=\"twitter:label1\" content=\"\u00c9crit par\" \/>\n\t<meta name=\"twitter:data1\" content=\"cfeditorfr\" \/>\n\t<meta name=\"twitter:label2\" content=\"Dur\u00e9e de lecture estim\u00e9e\" \/>\n\t<meta name=\"twitter:data2\" content=\"2 minutes\" \/>\n<script type=\"application\/ld+json\" class=\"yoast-schema-graph\">{\"@context\":\"https:\/\/schema.org\",\"@graph\":[{\"@type\":\"Article\",\"@id\":\"https:\/\/www.africa-press.net\/guinee-conakry\/politique\/la-patronne-de-loif-a-conakry-pour-des-entretiens-approfondis-avec-le-colonel-doumbouya-cest-pour-voir-ce-que-la-guinee-est-en#article\",\"isPartOf\":{\"@id\":\"https:\/\/www.africa-press.net\/guinee-conakry\/politique\/la-patronne-de-loif-a-conakry-pour-des-entretiens-approfondis-avec-le-colonel-doumbouya-cest-pour-voir-ce-que-la-guinee-est-en\"},\"author\":{\"name\":\"cfeditorfr\",\"@id\":\"https:\/\/www.africa-press.net\/guinee-conakry\/#\/schema\/person\/2b1cf3cd81a31e3cd26889ca66d677f1\"},\"headline\":\"La patronne de l\u2019OIF \u00e0 Conakry pour des entretiens \u2018\u2019approfondis\u2019\u2019 avec le colonel Doumbouya : \u2018\u2019C\u2019est pour voir ce que la Guin\u00e9e est en train de faire\u2026\u2019\u2019\",\"datePublished\":\"2024-01-09T05:43:00+00:00\",\"mainEntityOfPage\":{\"@id\":\"https:\/\/www.africa-press.net\/guinee-conakry\/politique\/la-patronne-de-loif-a-conakry-pour-des-entretiens-approfondis-avec-le-colonel-doumbouya-cest-pour-voir-ce-que-la-guinee-est-en\"},\"wordCount\":521,\"commentCount\":0,\"image\":{\"@id\":\"https:\/\/www.africa-press.net\/guinee-conakry\/politique\/la-patronne-de-loif-a-conakry-pour-des-entretiens-approfondis-avec-le-colonel-doumbouya-cest-pour-voir-ce-que-la-guinee-est-en#primaryimage\"},\"thumbnailUrl\":\"https:\/\/static.africa-press.net\/conakry\/sites\/63\/2024\/01\/Jokar1704766384.409644.jpg\",\"keywords\":[\"Africa Press\",\"Africa Press-Guin\u00e9e\",\"Guin\u00e9e\"],\"articleSection\":[\"Politique\",\"Toutes les actualit\u00e9s\"],\"inLanguage\":\"fr-FR\",\"potentialAction\":[{\"@type\":\"CommentAction\",\"name\":\"Comment\",\"target\":[\"https:\/\/www.africa-press.net\/guinee-conakry\/politique\/la-patronne-de-loif-a-conakry-pour-des-entretiens-approfondis-avec-le-colonel-doumbouya-cest-pour-voir-ce-que-la-guinee-est-en#respond\"]}]},{\"@type\":\"WebPage\",\"@id\":\"https:\/\/www.africa-press.net\/guinee-conakry\/politique\/la-patronne-de-loif-a-conakry-pour-des-entretiens-approfondis-avec-le-colonel-doumbouya-cest-pour-voir-ce-que-la-guinee-est-en\",\"url\":\"https:\/\/www.africa-press.net\/guinee-conakry\/politique\/la-patronne-de-loif-a-conakry-pour-des-entretiens-approfondis-avec-le-colonel-doumbouya-cest-pour-voir-ce-que-la-guinee-est-en\",\"name\":\"La patronne de l\u2019OIF \u00e0 Conakry pour des entretiens \u2018\u2019approfondis\u2019\u2019 avec le colonel Doumbouya : \u2018\u2019C\u2019est pour voir ce que la Guin\u00e9e est en train de faire\u2026\u2019\u2019 - guinee Conakry\",\"isPartOf\":{\"@id\":\"https:\/\/www.africa-press.net\/guinee-conakry\/#website\"},\"primaryImageOfPage\":{\"@id\":\"https:\/\/www.africa-press.net\/guinee-conakry\/politique\/la-patronne-de-loif-a-conakry-pour-des-entretiens-approfondis-avec-le-colonel-doumbouya-cest-pour-voir-ce-que-la-guinee-est-en#primaryimage\"},\"image\":{\"@id\":\"https:\/\/www.africa-press.net\/guinee-conakry\/politique\/la-patronne-de-loif-a-conakry-pour-des-entretiens-approfondis-avec-le-colonel-doumbouya-cest-pour-voir-ce-que-la-guinee-est-en#primaryimage\"},\"thumbnailUrl\":\"https:\/\/static.africa-press.net\/conakry\/sites\/63\/2024\/01\/Jokar1704766384.409644.jpg\",\"datePublished\":\"2024-01-09T05:43:00+00:00\",\"author\":{\"@id\":\"https:\/\/www.africa-press.net\/guinee-conakry\/#\/schema\/person\/2b1cf3cd81a31e3cd26889ca66d677f1\"},\"breadcrumb\":{\"@id\":\"https:\/\/www.africa-press.net\/guinee-conakry\/politique\/la-patronne-de-loif-a-conakry-pour-des-entretiens-approfondis-avec-le-colonel-doumbouya-cest-pour-voir-ce-que-la-guinee-est-en#breadcrumb\"},\"inLanguage\":\"fr-FR\",\"potentialAction\":[{\"@type\":\"ReadAction\",\"target\":[\"https:\/\/www.africa-press.net\/guinee-conakry\/politique\/la-patronne-de-loif-a-conakry-pour-des-entretiens-approfondis-avec-le-colonel-doumbouya-cest-pour-voir-ce-que-la-guinee-est-en\"]}]},{\"@type\":\"ImageObject\",\"inLanguage\":\"fr-FR\",\"@id\":\"https:\/\/www.africa-press.net\/guinee-conakry\/politique\/la-patronne-de-loif-a-conakry-pour-des-entretiens-approfondis-avec-le-colonel-doumbouya-cest-pour-voir-ce-que-la-guinee-est-en#primaryimage\",\"url\":\"https:\/\/static.africa-press.net\/conakry\/sites\/63\/2024\/01\/Jokar1704766384.409644.jpg\",\"contentUrl\":\"https:\/\/static.africa-press.net\/conakry\/sites\/63\/2024\/01\/Jokar1704766384.409644.jpg\",\"width\":700,\"height\":380,\"caption\":\"La patronne de l\u2019OIF \u00e0 Conakry pour des entretiens \u2018\u2019approfondis\u2019\u2019 avec le colonel Doumbouya : \u2018\u2019C\u2019est pour voir ce que la Guin\u00e9e est en train de faire\u2026\u2019\u2019\"},{\"@type\":\"BreadcrumbList\",\"@id\":\"https:\/\/www.africa-press.net\/guinee-conakry\/politique\/la-patronne-de-loif-a-conakry-pour-des-entretiens-approfondis-avec-le-colonel-doumbouya-cest-pour-voir-ce-que-la-guinee-est-en#breadcrumb\",\"itemListElement\":[{\"@type\":\"ListItem\",\"position\":1,\"name\":\"Accueil\",\"item\":\"https:\/\/www.africa-press.net\/guinee-conakry\/\"},{\"@type\":\"ListItem\",\"position\":2,\"name\":\"La patronne de l\u2019OIF \u00e0 Conakry pour des entretiens \u2018\u2019approfondis\u2019\u2019 avec le colonel Doumbouya : \u2018\u2019C\u2019est pour voir ce que la Guin\u00e9e est en train de faire\u2026\u2019\u2019\"}]},{\"@type\":\"WebSite\",\"@id\":\"https:\/\/www.africa-press.net\/guinee-conakry\/#website\",\"url\":\"https:\/\/www.africa-press.net\/guinee-conakry\/\",\"name\":\"guinee Conakry\",\"description\":\"Just another Africa News Agency Sites site\",\"potentialAction\":[{\"@type\":\"SearchAction\",\"target\":{\"@type\":\"EntryPoint\",\"urlTemplate\":\"https:\/\/www.africa-press.net\/guinee-conakry\/?s={search_term_string}\"},\"query-input\":{\"@type\":\"PropertyValueSpecification\",\"valueRequired\":true,\"valueName\":\"search_term_string\"}}],\"inLanguage\":\"fr-FR\"},{\"@type\":\"Person\",\"@id\":\"https:\/\/www.africa-press.net\/guinee-conakry\/#\/schema\/person\/2b1cf3cd81a31e3cd26889ca66d677f1\",\"name\":\"cfeditorfr\"}]}<\/script>\n<!-- \/ Yoast SEO Premium plugin. -->","yoast_head_json":{"title":"La patronne de l\u2019OIF \u00e0 Conakry pour des entretiens \u2018\u2019approfondis\u2019\u2019 avec le colonel Doumbouya : \u2018\u2019C\u2019est pour voir ce que la Guin\u00e9e est en train de faire\u2026\u2019\u2019 - guinee Conakry","robots":{"index":"index","follow":"follow","max-snippet":"max-snippet:-1","max-image-preview":"max-image-preview:large","max-video-preview":"max-video-preview:-1"},"canonical":"https:\/\/www.africa-press.net\/guinee-conakry\/politique\/la-patronne-de-loif-a-conakry-pour-des-entretiens-approfondis-avec-le-colonel-doumbouya-cest-pour-voir-ce-que-la-guinee-est-en","og_locale":"fr_FR","og_type":"article","og_title":"La patronne de l\u2019OIF \u00e0 Conakry pour des entretiens \u2018\u2019approfondis\u2019\u2019 avec le colonel Doumbouya : \u2018\u2019C\u2019est pour voir ce que la Guin\u00e9e est en train de faire\u2026\u2019\u2019","og_description":"Africa-Press &#8211; Guin\u00e9e. En se\u0301jour a\u0300 Conakry, la secre\u0301taire ge\u0301ne\u0301rale de l\u2019Organisation internationale de la Francophonie (OIF) annonce des concertations avec les autorite\u0301s pour discuter de l\u2019exe\u0301cution du chronogramme. Pour Louise Mushikiwabo, son institution est pre\u0302te a\u0300 accompagner la Guine\u0301e dans cette phase de transition. \u2018\u2019La Guine\u0301e est un pays important pour la Francophonie. Et [&hellip;]","og_url":"https:\/\/www.africa-press.net\/guinee-conakry\/politique\/la-patronne-de-loif-a-conakry-pour-des-entretiens-approfondis-avec-le-colonel-doumbouya-cest-pour-voir-ce-que-la-guinee-est-en","og_site_name":"guinee Conakry","article_published_time":"2024-01-09T05:43:00+00:00","author":"cfeditorfr","twitter_card":"summary_large_image","twitter_misc":{"\u00c9crit par":"cfeditorfr","Dur\u00e9e de lecture estim\u00e9e":"2 minutes"},"schema":{"@context":"https:\/\/schema.org","@graph":[{"@type":"Article","@id":"https:\/\/www.africa-press.net\/guinee-conakry\/politique\/la-patronne-de-loif-a-conakry-pour-des-entretiens-approfondis-avec-le-colonel-doumbouya-cest-pour-voir-ce-que-la-guinee-est-en#article","isPartOf":{"@id":"https:\/\/www.africa-press.net\/guinee-conakry\/politique\/la-patronne-de-loif-a-conakry-pour-des-entretiens-approfondis-avec-le-colonel-doumbouya-cest-pour-voir-ce-que-la-guinee-est-en"},"author":{"name":"cfeditorfr","@id":"https:\/\/www.africa-press.net\/guinee-conakry\/#\/schema\/person\/2b1cf3cd81a31e3cd26889ca66d677f1"},"headline":"La patronne de l\u2019OIF \u00e0 Conakry pour des entretiens \u2018\u2019approfondis\u2019\u2019 avec le colonel Doumbouya : \u2018\u2019C\u2019est pour voir ce que la Guin\u00e9e est en train de faire\u2026\u2019\u2019","datePublished":"2024-01-09T05:43:00+00:00","mainEntityOfPage":{"@id":"https:\/\/www.africa-press.net\/guinee-conakry\/politique\/la-patronne-de-loif-a-conakry-pour-des-entretiens-approfondis-avec-le-colonel-doumbouya-cest-pour-voir-ce-que-la-guinee-est-en"},"wordCount":521,"commentCount":0,"image":{"@id":"https:\/\/www.africa-press.net\/guinee-conakry\/politique\/la-patronne-de-loif-a-conakry-pour-des-entretiens-approfondis-avec-le-colonel-doumbouya-cest-pour-voir-ce-que-la-guinee-est-en#primaryimage"},"thumbnailUrl":"https:\/\/static.africa-press.net\/conakry\/sites\/63\/2024\/01\/Jokar1704766384.409644.jpg","keywords":["Africa Press","Africa Press-Guin\u00e9e","Guin\u00e9e"],"articleSection":["Politique","Toutes les actualit\u00e9s"],"inLanguage":"fr-FR","potentialAction":[{"@type":"CommentAction","name":"Comment","target":["https:\/\/www.africa-press.net\/guinee-conakry\/politique\/la-patronne-de-loif-a-conakry-pour-des-entretiens-approfondis-avec-le-colonel-doumbouya-cest-pour-voir-ce-que-la-guinee-est-en#respond"]}]},{"@type":"WebPage","@id":"https:\/\/www.africa-press.net\/guinee-conakry\/politique\/la-patronne-de-loif-a-conakry-pour-des-entretiens-approfondis-avec-le-colonel-doumbouya-cest-pour-voir-ce-que-la-guinee-est-en","url":"https:\/\/www.africa-press.net\/guinee-conakry\/politique\/la-patronne-de-loif-a-conakry-pour-des-entretiens-approfondis-avec-le-colonel-doumbouya-cest-pour-voir-ce-que-la-guinee-est-en","name":"La patronne de l\u2019OIF \u00e0 Conakry pour des entretiens \u2018\u2019approfondis\u2019\u2019 avec le colonel Doumbouya : \u2018\u2019C\u2019est pour voir ce que la Guin\u00e9e est en train de faire\u2026\u2019\u2019 - guinee Conakry","isPartOf":{"@id":"https:\/\/www.africa-press.net\/guinee-conakry\/#website"},"primaryImageOfPage":{"@id":"https:\/\/www.africa-press.net\/guinee-conakry\/politique\/la-patronne-de-loif-a-conakry-pour-des-entretiens-approfondis-avec-le-colonel-doumbouya-cest-pour-voir-ce-que-la-guinee-est-en#primaryimage"},"image":{"@id":"https:\/\/www.africa-press.net\/guinee-conakry\/politique\/la-patronne-de-loif-a-conakry-pour-des-entretiens-approfondis-avec-le-colonel-doumbouya-cest-pour-voir-ce-que-la-guinee-est-en#primaryimage"},"thumbnailUrl":"https:\/\/static.africa-press.net\/conakry\/sites\/63\/2024\/01\/Jokar1704766384.409644.jpg","datePublished":"2024-01-09T05:43:00+00:00","author":{"@id":"https:\/\/www.africa-press.net\/guinee-conakry\/#\/schema\/person\/2b1cf3cd81a31e3cd26889ca66d677f1"},"breadcrumb":{"@id":"https:\/\/www.africa-press.net\/guinee-conakry\/politique\/la-patronne-de-loif-a-conakry-pour-des-entretiens-approfondis-avec-le-colonel-doumbouya-cest-pour-voir-ce-que-la-guinee-est-en#breadcrumb"},"inLanguage":"fr-FR","potentialAction":[{"@type":"ReadAction","target":["https:\/\/www.africa-press.net\/guinee-conakry\/politique\/la-patronne-de-loif-a-conakry-pour-des-entretiens-approfondis-avec-le-colonel-doumbouya-cest-pour-voir-ce-que-la-guinee-est-en"]}]},{"@type":"ImageObject","inLanguage":"fr-FR","@id":"https:\/\/www.africa-press.net\/guinee-conakry\/politique\/la-patronne-de-loif-a-conakry-pour-des-entretiens-approfondis-avec-le-colonel-doumbouya-cest-pour-voir-ce-que-la-guinee-est-en#primaryimage","url":"https:\/\/static.africa-press.net\/conakry\/sites\/63\/2024\/01\/Jokar1704766384.409644.jpg","contentUrl":"https:\/\/static.africa-press.net\/conakry\/sites\/63\/2024\/01\/Jokar1704766384.409644.jpg","width":700,"height":380,"caption":"La patronne de l\u2019OIF \u00e0 Conakry pour des entretiens \u2018\u2019approfondis\u2019\u2019 avec le colonel Doumbouya : \u2018\u2019C\u2019est pour voir ce que la Guin\u00e9e est en train de faire\u2026\u2019\u2019"},{"@type":"BreadcrumbList","@id":"https:\/\/www.africa-press.net\/guinee-conakry\/politique\/la-patronne-de-loif-a-conakry-pour-des-entretiens-approfondis-avec-le-colonel-doumbouya-cest-pour-voir-ce-que-la-guinee-est-en#breadcrumb","itemListElement":[{"@type":"ListItem","position":1,"name":"Accueil","item":"https:\/\/www.africa-press.net\/guinee-conakry\/"},{"@type":"ListItem","position":2,"name":"La patronne de l\u2019OIF \u00e0 Conakry pour des entretiens \u2018\u2019approfondis\u2019\u2019 avec le colonel Doumbouya : \u2018\u2019C\u2019est pour voir ce que la Guin\u00e9e est en train de faire\u2026\u2019\u2019"}]},{"@type":"WebSite","@id":"https:\/\/www.africa-press.net\/guinee-conakry\/#website","url":"https:\/\/www.africa-press.net\/guinee-conakry\/","name":"guinee Conakry","description":"Just another Africa News Agency Sites site","potentialAction":[{"@type":"SearchAction","target":{"@type":"EntryPoint","urlTemplate":"https:\/\/www.africa-press.net\/guinee-conakry\/?s={search_term_string}"},"query-input":{"@type":"PropertyValueSpecification","valueRequired":true,"valueName":"search_term_string"}}],"inLanguage":"fr-FR"},{"@type":"Person","@id":"https:\/\/www.africa-press.net\/guinee-conakry\/#\/schema\/person\/2b1cf3cd81a31e3cd26889ca66d677f1","name":"cfeditorfr"}]}},"_links":{"self":[{"href":"https:\/\/www.africa-press.net\/guinee-conakry\/wp-json\/wp\/v2\/posts\/18224","targetHints":{"allow":["GET"]}}],"collection":[{"href":"https:\/\/www.africa-press.net\/guinee-conakry\/wp-json\/wp\/v2\/posts"}],"about":[{"href":"https:\/\/www.africa-press.net\/guinee-conakry\/wp-json\/wp\/v2\/types\/post"}],"author":[{"embeddable":true,"href":"https:\/\/www.africa-press.net\/guinee-conakry\/wp-json\/wp\/v2\/users\/82"}],"replies":[{"embeddable":true,"href":"https:\/\/www.africa-press.net\/guinee-conakry\/wp-json\/wp\/v2\/comments?post=18224"}],"version-history":[{"count":0,"href":"https:\/\/www.africa-press.net\/guinee-conakry\/wp-json\/wp\/v2\/posts\/18224\/revisions"}],"wp:featuredmedia":[{"embeddable":true,"href":"https:\/\/www.africa-press.net\/guinee-conakry\/wp-json\/wp\/v2\/media\/18223"}],"wp:attachment":[{"href":"https:\/\/www.africa-press.net\/guinee-conakry\/wp-json\/wp\/v2\/media?parent=18224"}],"wp:term":[{"taxonomy":"category","embeddable":true,"href":"https:\/\/www.africa-press.net\/guinee-conakry\/wp-json\/wp\/v2\/categories?post=18224"},{"taxonomy":"post_tag","embeddable":true,"href":"https:\/\/www.africa-press.net\/guinee-conakry\/wp-json\/wp\/v2\/tags?post=18224"}],"curies":[{"name":"wp","href":"https:\/\/api.w.org\/{rel}","templated":true}]}}