{"id":18228,"date":"2024-01-09T06:39:00","date_gmt":"2024-01-09T06:39:00","guid":{"rendered":"https:\/\/www.africa-press.net\/guinee-conakry\/politique\/education-paques-les-eleves-guineens-nauront-que-quatre-jours-de-conges"},"modified":"2024-01-09T06:39:00","modified_gmt":"2024-01-09T06:39:00","slug":"education-paques-les-eleves-guineens-nauront-que-quatre-jours-de-conges","status":"publish","type":"post","link":"https:\/\/www.africa-press.net\/guinee-conakry\/toutes-les-actualites\/education-paques-les-eleves-guineens-nauront-que-quatre-jours-de-conges","title":{"rendered":"\u00c9ducation\/P\u00e2ques : les \u00e9l\u00e8ves guin\u00e9ens n\u2019auront que quatre jours de cong\u00e9s"},"content":{"rendered":"<p><span style=\"color: #ff6600\"><strong>Africa-Press &#8211; Guin\u00e9e. <\/strong><\/span>Apre\u0300s les conge\u0301s anticipe\u0301s dont les e\u0301le\u0300ves guine\u0301ens ont beneficie\u0301 suite a\u0300 l\u2019incendie qui s\u2019est de\u0301clare\u0301 au principal de\u0301po\u0302t des hydrocarbures de Coronthie, le ministe\u0300re de l\u2019Enseignement pre-universitaire et de l\u2019Alphabe\u0301tisation vient encore de leur accorder un conge\u0301 exceptionnel d\u2019une semaine, a\u0300 compter de ce lundi 8 janvier 2024. Une de\u0301cision du gouvernement visant a\u0300 amoindrir les difficulte\u0301s lie\u0301es a\u0300 la crise de carburant, dit-on.<\/p>\n<p>Au regard du gap a\u0300 combler, le de\u0301partement dirige\u0301 par Guillaume Hawing envisage des solutions pour achever les programmes d\u2019e\u0301tudes. Au nombre de ces mesures, figure la re\u0301duction du nombre de jours des conge\u0301s de Pa\u0302ques qui arrivent biento\u0302t.<\/p>\n<p>\u201cDonc, nous nous sommes dit que cette anne\u0301e, nous n\u2019aurons que quatre jours de conge\u0301s de pa\u0302ques au lieu de dix jours. A savoir : le vendredi, le samedi, le dimanche, le lundi de Pa\u0302ques. Et le mardi, on reprend les cours. C\u0327a va nous permettre de rattraper les jours que nous avons perdus\u201d, a annonce\u0301 Guillaume Hawing au Journal te\u0301le\u0301vise\u0301 ce lundi 8 janvier 2024.<\/p>\n<p><strong>Pour plus d&rsquo;informations et d&rsquo;analyses sur la <a href=\"https:\/\/www.africa-press.net\/guinee-conakry\">Guin\u00e9e<\/a>, suivez <a href=\"https:\/\/www.africa-press.net\/\">Africa-Press<\/a><\/strong><\/p>\n","protected":false},"excerpt":{"rendered":"<p>Africa-Press &#8211; Guin\u00e9e. Apre\u0300s les conge\u0301s anticipe\u0301s dont les e\u0301le\u0300ves guine\u0301ens ont beneficie\u0301 suite a\u0300 l\u2019incendie qui s\u2019est de\u0301clare\u0301 au principal de\u0301po\u0302t des hydrocarbures de Coronthie, le ministe\u0300re de l\u2019Enseignement pre-universitaire et de l\u2019Alphabe\u0301tisation vient encore de leur accorder un conge\u0301 exceptionnel d\u2019une semaine, a\u0300 compter de ce lundi 8 janvier 2024. Une de\u0301cision du [&hellip;]<\/p>\n","protected":false},"author":82,"featured_media":18227,"comment_status":"open","ping_status":"closed","sticky":false,"template":"","format":"standard","meta":{"footnotes":""},"categories":[21,56,10],"tags":[36,57,58],"class_list":["post-18228","post","type-post","status-publish","format-standard","has-post-thumbnail","hentry","category-communaute","category-to-homepage","category-toutes-les-actualites","tag-africa-press","tag-africa-press-guinee","tag-guinee"],"yoast_head":"<!-- This site is optimized with the Yoast SEO Premium plugin v26.1 (Yoast SEO v27.0) - https:\/\/yoast.com\/product\/yoast-seo-premium-wordpress\/ -->\n<title>\u00c9ducation\/P\u00e2ques : les \u00e9l\u00e8ves guin\u00e9ens n\u2019auront que quatre jours de cong\u00e9s - guinee Conakry<\/title>\n<meta name=\"robots\" content=\"index, follow, max-snippet:-1, max-image-preview:large, max-video-preview:-1\" \/>\n<link rel=\"canonical\" href=\"https:\/\/www.africa-press.net\/guinee-conakry\/politique\/education-paques-les-eleves-guineens-nauront-que-quatre-jours-de-conges\" \/>\n<meta property=\"og:locale\" content=\"fr_FR\" \/>\n<meta property=\"og:type\" content=\"article\" \/>\n<meta property=\"og:title\" content=\"\u00c9ducation\/P\u00e2ques : les \u00e9l\u00e8ves guin\u00e9ens n\u2019auront que quatre jours de cong\u00e9s\" \/>\n<meta property=\"og:description\" content=\"Africa-Press &#8211; Guin\u00e9e. Apre\u0300s les conge\u0301s anticipe\u0301s dont les e\u0301le\u0300ves guine\u0301ens ont beneficie\u0301 suite a\u0300 l\u2019incendie qui s\u2019est de\u0301clare\u0301 au principal de\u0301po\u0302t des hydrocarbures de Coronthie, le ministe\u0300re de l\u2019Enseignement pre-universitaire et de l\u2019Alphabe\u0301tisation vient encore de leur accorder un conge\u0301 exceptionnel d\u2019une semaine, a\u0300 compter de ce lundi 8 janvier 2024. Une de\u0301cision du [&hellip;]\" \/>\n<meta property=\"og:url\" content=\"https:\/\/www.africa-press.net\/guinee-conakry\/politique\/education-paques-les-eleves-guineens-nauront-que-quatre-jours-de-conges\" \/>\n<meta property=\"og:site_name\" content=\"guinee Conakry\" \/>\n<meta property=\"article:published_time\" content=\"2024-01-09T06:39:00+00:00\" \/>\n<meta name=\"author\" content=\"cfeditorfr\" \/>\n<meta name=\"twitter:card\" content=\"summary_large_image\" \/>\n<meta name=\"twitter:label1\" content=\"\u00c9crit par\" \/>\n\t<meta name=\"twitter:data1\" content=\"cfeditorfr\" \/>\n\t<meta name=\"twitter:label2\" content=\"Dur\u00e9e de lecture estim\u00e9e\" \/>\n\t<meta name=\"twitter:data2\" content=\"1 minute\" \/>\n<script type=\"application\/ld+json\" class=\"yoast-schema-graph\">{\"@context\":\"https:\/\/schema.org\",\"@graph\":[{\"@type\":\"Article\",\"@id\":\"https:\/\/www.africa-press.net\/guinee-conakry\/politique\/education-paques-les-eleves-guineens-nauront-que-quatre-jours-de-conges#article\",\"isPartOf\":{\"@id\":\"https:\/\/www.africa-press.net\/guinee-conakry\/politique\/education-paques-les-eleves-guineens-nauront-que-quatre-jours-de-conges\"},\"author\":{\"name\":\"cfeditorfr\",\"@id\":\"https:\/\/www.africa-press.net\/guinee-conakry\/#\/schema\/person\/2b1cf3cd81a31e3cd26889ca66d677f1\"},\"headline\":\"\u00c9ducation\/P\u00e2ques : les \u00e9l\u00e8ves guin\u00e9ens n\u2019auront que quatre jours de cong\u00e9s\",\"datePublished\":\"2024-01-09T06:39:00+00:00\",\"mainEntityOfPage\":{\"@id\":\"https:\/\/www.africa-press.net\/guinee-conakry\/politique\/education-paques-les-eleves-guineens-nauront-que-quatre-jours-de-conges\"},\"wordCount\":232,\"commentCount\":0,\"image\":{\"@id\":\"https:\/\/www.africa-press.net\/guinee-conakry\/politique\/education-paques-les-eleves-guineens-nauront-que-quatre-jours-de-conges#primaryimage\"},\"thumbnailUrl\":\"https:\/\/static.africa-press.net\/conakry\/sites\/63\/2024\/01\/Jokar1704769741.056948.jpg\",\"keywords\":[\"Africa Press\",\"Africa Press-Guin\u00e9e\",\"Guin\u00e9e\"],\"articleSection\":[\"Communaut\u00e9\",\"to-homepage\",\"Toutes les actualit\u00e9s\"],\"inLanguage\":\"fr-FR\",\"potentialAction\":[{\"@type\":\"CommentAction\",\"name\":\"Comment\",\"target\":[\"https:\/\/www.africa-press.net\/guinee-conakry\/politique\/education-paques-les-eleves-guineens-nauront-que-quatre-jours-de-conges#respond\"]}]},{\"@type\":\"WebPage\",\"@id\":\"https:\/\/www.africa-press.net\/guinee-conakry\/politique\/education-paques-les-eleves-guineens-nauront-que-quatre-jours-de-conges\",\"url\":\"https:\/\/www.africa-press.net\/guinee-conakry\/politique\/education-paques-les-eleves-guineens-nauront-que-quatre-jours-de-conges\",\"name\":\"\u00c9ducation\/P\u00e2ques : les \u00e9l\u00e8ves guin\u00e9ens n\u2019auront que quatre jours de cong\u00e9s - guinee Conakry\",\"isPartOf\":{\"@id\":\"https:\/\/www.africa-press.net\/guinee-conakry\/#website\"},\"primaryImageOfPage\":{\"@id\":\"https:\/\/www.africa-press.net\/guinee-conakry\/politique\/education-paques-les-eleves-guineens-nauront-que-quatre-jours-de-conges#primaryimage\"},\"image\":{\"@id\":\"https:\/\/www.africa-press.net\/guinee-conakry\/politique\/education-paques-les-eleves-guineens-nauront-que-quatre-jours-de-conges#primaryimage\"},\"thumbnailUrl\":\"https:\/\/static.africa-press.net\/conakry\/sites\/63\/2024\/01\/Jokar1704769741.056948.jpg\",\"datePublished\":\"2024-01-09T06:39:00+00:00\",\"author\":{\"@id\":\"https:\/\/www.africa-press.net\/guinee-conakry\/#\/schema\/person\/2b1cf3cd81a31e3cd26889ca66d677f1\"},\"breadcrumb\":{\"@id\":\"https:\/\/www.africa-press.net\/guinee-conakry\/politique\/education-paques-les-eleves-guineens-nauront-que-quatre-jours-de-conges#breadcrumb\"},\"inLanguage\":\"fr-FR\",\"potentialAction\":[{\"@type\":\"ReadAction\",\"target\":[\"https:\/\/www.africa-press.net\/guinee-conakry\/politique\/education-paques-les-eleves-guineens-nauront-que-quatre-jours-de-conges\"]}]},{\"@type\":\"ImageObject\",\"inLanguage\":\"fr-FR\",\"@id\":\"https:\/\/www.africa-press.net\/guinee-conakry\/politique\/education-paques-les-eleves-guineens-nauront-que-quatre-jours-de-conges#primaryimage\",\"url\":\"https:\/\/static.africa-press.net\/conakry\/sites\/63\/2024\/01\/Jokar1704769741.056948.jpg\",\"contentUrl\":\"https:\/\/static.africa-press.net\/conakry\/sites\/63\/2024\/01\/Jokar1704769741.056948.jpg\",\"width\":1080,\"height\":1189,\"caption\":\"\u00c9ducation\/P\u00e2ques : les \u00e9l\u00e8ves guin\u00e9ens n\u2019auront que quatre jours de cong\u00e9s\"},{\"@type\":\"BreadcrumbList\",\"@id\":\"https:\/\/www.africa-press.net\/guinee-conakry\/politique\/education-paques-les-eleves-guineens-nauront-que-quatre-jours-de-conges#breadcrumb\",\"itemListElement\":[{\"@type\":\"ListItem\",\"position\":1,\"name\":\"Accueil\",\"item\":\"https:\/\/www.africa-press.net\/guinee-conakry\/\"},{\"@type\":\"ListItem\",\"position\":2,\"name\":\"\u00c9ducation\/P\u00e2ques : les \u00e9l\u00e8ves guin\u00e9ens n\u2019auront que quatre jours de cong\u00e9s\"}]},{\"@type\":\"WebSite\",\"@id\":\"https:\/\/www.africa-press.net\/guinee-conakry\/#website\",\"url\":\"https:\/\/www.africa-press.net\/guinee-conakry\/\",\"name\":\"guinee Conakry\",\"description\":\"Just another Africa News Agency Sites site\",\"potentialAction\":[{\"@type\":\"SearchAction\",\"target\":{\"@type\":\"EntryPoint\",\"urlTemplate\":\"https:\/\/www.africa-press.net\/guinee-conakry\/?s={search_term_string}\"},\"query-input\":{\"@type\":\"PropertyValueSpecification\",\"valueRequired\":true,\"valueName\":\"search_term_string\"}}],\"inLanguage\":\"fr-FR\"},{\"@type\":\"Person\",\"@id\":\"https:\/\/www.africa-press.net\/guinee-conakry\/#\/schema\/person\/2b1cf3cd81a31e3cd26889ca66d677f1\",\"name\":\"cfeditorfr\"}]}<\/script>\n<!-- \/ Yoast SEO Premium plugin. -->","yoast_head_json":{"title":"\u00c9ducation\/P\u00e2ques : les \u00e9l\u00e8ves guin\u00e9ens n\u2019auront que quatre jours de cong\u00e9s - guinee Conakry","robots":{"index":"index","follow":"follow","max-snippet":"max-snippet:-1","max-image-preview":"max-image-preview:large","max-video-preview":"max-video-preview:-1"},"canonical":"https:\/\/www.africa-press.net\/guinee-conakry\/politique\/education-paques-les-eleves-guineens-nauront-que-quatre-jours-de-conges","og_locale":"fr_FR","og_type":"article","og_title":"\u00c9ducation\/P\u00e2ques : les \u00e9l\u00e8ves guin\u00e9ens n\u2019auront que quatre jours de cong\u00e9s","og_description":"Africa-Press &#8211; Guin\u00e9e. Apre\u0300s les conge\u0301s anticipe\u0301s dont les e\u0301le\u0300ves guine\u0301ens ont beneficie\u0301 suite a\u0300 l\u2019incendie qui s\u2019est de\u0301clare\u0301 au principal de\u0301po\u0302t des hydrocarbures de Coronthie, le ministe\u0300re de l\u2019Enseignement pre-universitaire et de l\u2019Alphabe\u0301tisation vient encore de leur accorder un conge\u0301 exceptionnel d\u2019une semaine, a\u0300 compter de ce lundi 8 janvier 2024. Une de\u0301cision du [&hellip;]","og_url":"https:\/\/www.africa-press.net\/guinee-conakry\/politique\/education-paques-les-eleves-guineens-nauront-que-quatre-jours-de-conges","og_site_name":"guinee Conakry","article_published_time":"2024-01-09T06:39:00+00:00","author":"cfeditorfr","twitter_card":"summary_large_image","twitter_misc":{"\u00c9crit par":"cfeditorfr","Dur\u00e9e de lecture estim\u00e9e":"1 minute"},"schema":{"@context":"https:\/\/schema.org","@graph":[{"@type":"Article","@id":"https:\/\/www.africa-press.net\/guinee-conakry\/politique\/education-paques-les-eleves-guineens-nauront-que-quatre-jours-de-conges#article","isPartOf":{"@id":"https:\/\/www.africa-press.net\/guinee-conakry\/politique\/education-paques-les-eleves-guineens-nauront-que-quatre-jours-de-conges"},"author":{"name":"cfeditorfr","@id":"https:\/\/www.africa-press.net\/guinee-conakry\/#\/schema\/person\/2b1cf3cd81a31e3cd26889ca66d677f1"},"headline":"\u00c9ducation\/P\u00e2ques : les \u00e9l\u00e8ves guin\u00e9ens n\u2019auront que quatre jours de cong\u00e9s","datePublished":"2024-01-09T06:39:00+00:00","mainEntityOfPage":{"@id":"https:\/\/www.africa-press.net\/guinee-conakry\/politique\/education-paques-les-eleves-guineens-nauront-que-quatre-jours-de-conges"},"wordCount":232,"commentCount":0,"image":{"@id":"https:\/\/www.africa-press.net\/guinee-conakry\/politique\/education-paques-les-eleves-guineens-nauront-que-quatre-jours-de-conges#primaryimage"},"thumbnailUrl":"https:\/\/static.africa-press.net\/conakry\/sites\/63\/2024\/01\/Jokar1704769741.056948.jpg","keywords":["Africa Press","Africa Press-Guin\u00e9e","Guin\u00e9e"],"articleSection":["Communaut\u00e9","to-homepage","Toutes les actualit\u00e9s"],"inLanguage":"fr-FR","potentialAction":[{"@type":"CommentAction","name":"Comment","target":["https:\/\/www.africa-press.net\/guinee-conakry\/politique\/education-paques-les-eleves-guineens-nauront-que-quatre-jours-de-conges#respond"]}]},{"@type":"WebPage","@id":"https:\/\/www.africa-press.net\/guinee-conakry\/politique\/education-paques-les-eleves-guineens-nauront-que-quatre-jours-de-conges","url":"https:\/\/www.africa-press.net\/guinee-conakry\/politique\/education-paques-les-eleves-guineens-nauront-que-quatre-jours-de-conges","name":"\u00c9ducation\/P\u00e2ques : les \u00e9l\u00e8ves guin\u00e9ens n\u2019auront que quatre jours de cong\u00e9s - guinee Conakry","isPartOf":{"@id":"https:\/\/www.africa-press.net\/guinee-conakry\/#website"},"primaryImageOfPage":{"@id":"https:\/\/www.africa-press.net\/guinee-conakry\/politique\/education-paques-les-eleves-guineens-nauront-que-quatre-jours-de-conges#primaryimage"},"image":{"@id":"https:\/\/www.africa-press.net\/guinee-conakry\/politique\/education-paques-les-eleves-guineens-nauront-que-quatre-jours-de-conges#primaryimage"},"thumbnailUrl":"https:\/\/static.africa-press.net\/conakry\/sites\/63\/2024\/01\/Jokar1704769741.056948.jpg","datePublished":"2024-01-09T06:39:00+00:00","author":{"@id":"https:\/\/www.africa-press.net\/guinee-conakry\/#\/schema\/person\/2b1cf3cd81a31e3cd26889ca66d677f1"},"breadcrumb":{"@id":"https:\/\/www.africa-press.net\/guinee-conakry\/politique\/education-paques-les-eleves-guineens-nauront-que-quatre-jours-de-conges#breadcrumb"},"inLanguage":"fr-FR","potentialAction":[{"@type":"ReadAction","target":["https:\/\/www.africa-press.net\/guinee-conakry\/politique\/education-paques-les-eleves-guineens-nauront-que-quatre-jours-de-conges"]}]},{"@type":"ImageObject","inLanguage":"fr-FR","@id":"https:\/\/www.africa-press.net\/guinee-conakry\/politique\/education-paques-les-eleves-guineens-nauront-que-quatre-jours-de-conges#primaryimage","url":"https:\/\/static.africa-press.net\/conakry\/sites\/63\/2024\/01\/Jokar1704769741.056948.jpg","contentUrl":"https:\/\/static.africa-press.net\/conakry\/sites\/63\/2024\/01\/Jokar1704769741.056948.jpg","width":1080,"height":1189,"caption":"\u00c9ducation\/P\u00e2ques : les \u00e9l\u00e8ves guin\u00e9ens n\u2019auront que quatre jours de cong\u00e9s"},{"@type":"BreadcrumbList","@id":"https:\/\/www.africa-press.net\/guinee-conakry\/politique\/education-paques-les-eleves-guineens-nauront-que-quatre-jours-de-conges#breadcrumb","itemListElement":[{"@type":"ListItem","position":1,"name":"Accueil","item":"https:\/\/www.africa-press.net\/guinee-conakry\/"},{"@type":"ListItem","position":2,"name":"\u00c9ducation\/P\u00e2ques : les \u00e9l\u00e8ves guin\u00e9ens n\u2019auront que quatre jours de cong\u00e9s"}]},{"@type":"WebSite","@id":"https:\/\/www.africa-press.net\/guinee-conakry\/#website","url":"https:\/\/www.africa-press.net\/guinee-conakry\/","name":"guinee Conakry","description":"Just another Africa News Agency Sites site","potentialAction":[{"@type":"SearchAction","target":{"@type":"EntryPoint","urlTemplate":"https:\/\/www.africa-press.net\/guinee-conakry\/?s={search_term_string}"},"query-input":{"@type":"PropertyValueSpecification","valueRequired":true,"valueName":"search_term_string"}}],"inLanguage":"fr-FR"},{"@type":"Person","@id":"https:\/\/www.africa-press.net\/guinee-conakry\/#\/schema\/person\/2b1cf3cd81a31e3cd26889ca66d677f1","name":"cfeditorfr"}]}},"_links":{"self":[{"href":"https:\/\/www.africa-press.net\/guinee-conakry\/wp-json\/wp\/v2\/posts\/18228","targetHints":{"allow":["GET"]}}],"collection":[{"href":"https:\/\/www.africa-press.net\/guinee-conakry\/wp-json\/wp\/v2\/posts"}],"about":[{"href":"https:\/\/www.africa-press.net\/guinee-conakry\/wp-json\/wp\/v2\/types\/post"}],"author":[{"embeddable":true,"href":"https:\/\/www.africa-press.net\/guinee-conakry\/wp-json\/wp\/v2\/users\/82"}],"replies":[{"embeddable":true,"href":"https:\/\/www.africa-press.net\/guinee-conakry\/wp-json\/wp\/v2\/comments?post=18228"}],"version-history":[{"count":0,"href":"https:\/\/www.africa-press.net\/guinee-conakry\/wp-json\/wp\/v2\/posts\/18228\/revisions"}],"wp:featuredmedia":[{"embeddable":true,"href":"https:\/\/www.africa-press.net\/guinee-conakry\/wp-json\/wp\/v2\/media\/18227"}],"wp:attachment":[{"href":"https:\/\/www.africa-press.net\/guinee-conakry\/wp-json\/wp\/v2\/media?parent=18228"}],"wp:term":[{"taxonomy":"category","embeddable":true,"href":"https:\/\/www.africa-press.net\/guinee-conakry\/wp-json\/wp\/v2\/categories?post=18228"},{"taxonomy":"post_tag","embeddable":true,"href":"https:\/\/www.africa-press.net\/guinee-conakry\/wp-json\/wp\/v2\/tags?post=18228"}],"curies":[{"name":"wp","href":"https:\/\/api.w.org\/{rel}","templated":true}]}}