{"id":18242,"date":"2024-01-10T05:35:00","date_gmt":"2024-01-10T05:35:00","guid":{"rendered":"https:\/\/www.africa-press.net\/guinee-conakry\/politique\/echauffourees-a-hamdallaye-le-corps-du-jeune-tue-restitue-a-sa-famille"},"modified":"2024-01-10T05:35:00","modified_gmt":"2024-01-10T05:35:00","slug":"echauffourees-a-hamdallaye-le-corps-du-jeune-tue-restitue-a-sa-famille","status":"publish","type":"post","link":"https:\/\/www.africa-press.net\/guinee-conakry\/toutes-les-actualites\/echauffourees-a-hamdallaye-le-corps-du-jeune-tue-restitue-a-sa-famille","title":{"rendered":"\u00c9chauffour\u00e9es \u00e0 Hamdallaye: le corps du jeune tu\u00e9 restitu\u00e9 \u00e0 sa famille\u2026"},"content":{"rendered":"<p><span style=\"color: #ff6600\"><strong>Africa-Press &#8211; Guin\u00e9e. <\/strong><\/span>On en sait un peu plus sur le jeune tue\u0301 hier lors des violences enregistre\u0301es hier entre Hamdallaye et Bambeto, dans la commune de Ratoma.<\/p>\n<p>Selon un membre de sa famille interroge\u0301 au te\u0301le\u0301phone par Guineenews, il s\u2019agit d\u2019un e\u0301le\u0300ve en classe de 10 e\u0300me anne\u0301e.<\/p>\n<p>Ibrahima Bah, c\u2019est son nom, serait mort d\u2019une balle rec\u0327ue a\u0300 l\u2019e\u0301paule. \u00ab C\u2019est au te\u0301le\u0301phone qu\u2019on m\u2019a informe\u0301 qu\u2019il a rec\u0327u une balle et qu\u2019il a e\u0301te\u0301 admis a\u0300 l\u2019ho\u0302pital Jean Paul II. Puis, on m\u2019a passe\u0301 un responsable du service ou\u0300 il e\u0301tait admis qui m\u2019a pre\u0301sente\u0301 directement les condole\u0301ances, avant de m\u2019informer que le corps devait e\u0302tre de\u0301pose\u0301 a\u0300 la morgue d\u2019Ignace Deen\u00ab , a relate\u0301 Karamoko Ousmane au te\u0301le\u0301phone de Guineenews.<\/p>\n<p>Aux dernie\u0300res nouvelles, le corps de la victime Ibrahima Bah e\u0301tait a\u0300 la mosque\u0301e Faycal, d\u2019ou\u0300 il devrait e\u0302tre enterre\u0301 au cimetie\u0300re de Cameroun apre\u0300s la prieme\u0300re de 14 heures.<\/p>\n<p><strong>Pour plus d&rsquo;informations et d&rsquo;analyses sur la <a href=\"https:\/\/www.africa-press.net\/guinee-conakry\">Guin\u00e9e<\/a>, suivez <a href=\"https:\/\/www.africa-press.net\/\">Africa-Press<\/a><\/strong><\/p>\n","protected":false},"excerpt":{"rendered":"<p>Africa-Press &#8211; Guin\u00e9e. On en sait un peu plus sur le jeune tue\u0301 hier lors des violences enregistre\u0301es hier entre Hamdallaye et Bambeto, dans la commune de Ratoma. Selon un membre de sa famille interroge\u0301 au te\u0301le\u0301phone par Guineenews, il s\u2019agit d\u2019un e\u0301le\u0300ve en classe de 10 e\u0300me anne\u0301e. Ibrahima Bah, c\u2019est son nom, serait [&hellip;]<\/p>\n","protected":false},"author":82,"featured_media":18241,"comment_status":"open","ping_status":"closed","sticky":false,"template":"","format":"standard","meta":{"footnotes":""},"categories":[21,10],"tags":[36,57,58],"class_list":["post-18242","post","type-post","status-publish","format-standard","has-post-thumbnail","hentry","category-communaute","category-toutes-les-actualites","tag-africa-press","tag-africa-press-guinee","tag-guinee"],"yoast_head":"<!-- This site is optimized with the Yoast SEO Premium plugin v26.1 (Yoast SEO v27.0) - https:\/\/yoast.com\/product\/yoast-seo-premium-wordpress\/ -->\n<title>\u00c9chauffour\u00e9es \u00e0 Hamdallaye: le corps du jeune tu\u00e9 restitu\u00e9 \u00e0 sa famille\u2026 - guinee Conakry<\/title>\n<meta name=\"robots\" content=\"index, follow, max-snippet:-1, max-image-preview:large, max-video-preview:-1\" \/>\n<link rel=\"canonical\" href=\"https:\/\/www.africa-press.net\/guinee-conakry\/politique\/echauffourees-a-hamdallaye-le-corps-du-jeune-tue-restitue-a-sa-famille\" \/>\n<meta property=\"og:locale\" content=\"fr_FR\" \/>\n<meta property=\"og:type\" content=\"article\" \/>\n<meta property=\"og:title\" content=\"\u00c9chauffour\u00e9es \u00e0 Hamdallaye: le corps du jeune tu\u00e9 restitu\u00e9 \u00e0 sa famille\u2026\" \/>\n<meta property=\"og:description\" content=\"Africa-Press &#8211; Guin\u00e9e. On en sait un peu plus sur le jeune tue\u0301 hier lors des violences enregistre\u0301es hier entre Hamdallaye et Bambeto, dans la commune de Ratoma. Selon un membre de sa famille interroge\u0301 au te\u0301le\u0301phone par Guineenews, il s\u2019agit d\u2019un e\u0301le\u0300ve en classe de 10 e\u0300me anne\u0301e. Ibrahima Bah, c\u2019est son nom, serait [&hellip;]\" \/>\n<meta property=\"og:url\" content=\"https:\/\/www.africa-press.net\/guinee-conakry\/politique\/echauffourees-a-hamdallaye-le-corps-du-jeune-tue-restitue-a-sa-famille\" \/>\n<meta property=\"og:site_name\" content=\"guinee Conakry\" \/>\n<meta property=\"article:published_time\" content=\"2024-01-10T05:35:00+00:00\" \/>\n<meta name=\"author\" content=\"cfeditorfr\" \/>\n<meta name=\"twitter:card\" content=\"summary_large_image\" \/>\n<meta name=\"twitter:label1\" content=\"\u00c9crit par\" \/>\n\t<meta name=\"twitter:data1\" content=\"cfeditorfr\" \/>\n\t<meta name=\"twitter:label2\" content=\"Dur\u00e9e de lecture estim\u00e9e\" \/>\n\t<meta name=\"twitter:data2\" content=\"1 minute\" \/>\n<script type=\"application\/ld+json\" class=\"yoast-schema-graph\">{\"@context\":\"https:\/\/schema.org\",\"@graph\":[{\"@type\":\"Article\",\"@id\":\"https:\/\/www.africa-press.net\/guinee-conakry\/politique\/echauffourees-a-hamdallaye-le-corps-du-jeune-tue-restitue-a-sa-famille#article\",\"isPartOf\":{\"@id\":\"https:\/\/www.africa-press.net\/guinee-conakry\/politique\/echauffourees-a-hamdallaye-le-corps-du-jeune-tue-restitue-a-sa-famille\"},\"author\":{\"name\":\"cfeditorfr\",\"@id\":\"https:\/\/www.africa-press.net\/guinee-conakry\/#\/schema\/person\/2b1cf3cd81a31e3cd26889ca66d677f1\"},\"headline\":\"\u00c9chauffour\u00e9es \u00e0 Hamdallaye: le corps du jeune tu\u00e9 restitu\u00e9 \u00e0 sa famille\u2026\",\"datePublished\":\"2024-01-10T05:35:00+00:00\",\"mainEntityOfPage\":{\"@id\":\"https:\/\/www.africa-press.net\/guinee-conakry\/politique\/echauffourees-a-hamdallaye-le-corps-du-jeune-tue-restitue-a-sa-famille\"},\"wordCount\":219,\"commentCount\":0,\"image\":{\"@id\":\"https:\/\/www.africa-press.net\/guinee-conakry\/politique\/echauffourees-a-hamdallaye-le-corps-du-jeune-tue-restitue-a-sa-famille#primaryimage\"},\"thumbnailUrl\":\"https:\/\/static.africa-press.net\/conakry\/sites\/63\/2024\/01\/Jokar1704852344.778668.jpg\",\"keywords\":[\"Africa Press\",\"Africa Press-Guin\u00e9e\",\"Guin\u00e9e\"],\"articleSection\":[\"Communaut\u00e9\",\"Toutes les actualit\u00e9s\"],\"inLanguage\":\"fr-FR\",\"potentialAction\":[{\"@type\":\"CommentAction\",\"name\":\"Comment\",\"target\":[\"https:\/\/www.africa-press.net\/guinee-conakry\/politique\/echauffourees-a-hamdallaye-le-corps-du-jeune-tue-restitue-a-sa-famille#respond\"]}]},{\"@type\":\"WebPage\",\"@id\":\"https:\/\/www.africa-press.net\/guinee-conakry\/politique\/echauffourees-a-hamdallaye-le-corps-du-jeune-tue-restitue-a-sa-famille\",\"url\":\"https:\/\/www.africa-press.net\/guinee-conakry\/politique\/echauffourees-a-hamdallaye-le-corps-du-jeune-tue-restitue-a-sa-famille\",\"name\":\"\u00c9chauffour\u00e9es \u00e0 Hamdallaye: le corps du jeune tu\u00e9 restitu\u00e9 \u00e0 sa famille\u2026 - guinee Conakry\",\"isPartOf\":{\"@id\":\"https:\/\/www.africa-press.net\/guinee-conakry\/#website\"},\"primaryImageOfPage\":{\"@id\":\"https:\/\/www.africa-press.net\/guinee-conakry\/politique\/echauffourees-a-hamdallaye-le-corps-du-jeune-tue-restitue-a-sa-famille#primaryimage\"},\"image\":{\"@id\":\"https:\/\/www.africa-press.net\/guinee-conakry\/politique\/echauffourees-a-hamdallaye-le-corps-du-jeune-tue-restitue-a-sa-famille#primaryimage\"},\"thumbnailUrl\":\"https:\/\/static.africa-press.net\/conakry\/sites\/63\/2024\/01\/Jokar1704852344.778668.jpg\",\"datePublished\":\"2024-01-10T05:35:00+00:00\",\"author\":{\"@id\":\"https:\/\/www.africa-press.net\/guinee-conakry\/#\/schema\/person\/2b1cf3cd81a31e3cd26889ca66d677f1\"},\"breadcrumb\":{\"@id\":\"https:\/\/www.africa-press.net\/guinee-conakry\/politique\/echauffourees-a-hamdallaye-le-corps-du-jeune-tue-restitue-a-sa-famille#breadcrumb\"},\"inLanguage\":\"fr-FR\",\"potentialAction\":[{\"@type\":\"ReadAction\",\"target\":[\"https:\/\/www.africa-press.net\/guinee-conakry\/politique\/echauffourees-a-hamdallaye-le-corps-du-jeune-tue-restitue-a-sa-famille\"]}]},{\"@type\":\"ImageObject\",\"inLanguage\":\"fr-FR\",\"@id\":\"https:\/\/www.africa-press.net\/guinee-conakry\/politique\/echauffourees-a-hamdallaye-le-corps-du-jeune-tue-restitue-a-sa-famille#primaryimage\",\"url\":\"https:\/\/static.africa-press.net\/conakry\/sites\/63\/2024\/01\/Jokar1704852344.778668.jpg\",\"contentUrl\":\"https:\/\/static.africa-press.net\/conakry\/sites\/63\/2024\/01\/Jokar1704852344.778668.jpg\",\"width\":2048,\"height\":2048,\"caption\":\"\u00c9chauffour\u00e9es \u00e0 Hamdallaye: le corps du jeune tu\u00e9 restitu\u00e9 \u00e0 sa famille\u2026\"},{\"@type\":\"BreadcrumbList\",\"@id\":\"https:\/\/www.africa-press.net\/guinee-conakry\/politique\/echauffourees-a-hamdallaye-le-corps-du-jeune-tue-restitue-a-sa-famille#breadcrumb\",\"itemListElement\":[{\"@type\":\"ListItem\",\"position\":1,\"name\":\"Accueil\",\"item\":\"https:\/\/www.africa-press.net\/guinee-conakry\/\"},{\"@type\":\"ListItem\",\"position\":2,\"name\":\"\u00c9chauffour\u00e9es \u00e0 Hamdallaye: le corps du jeune tu\u00e9 restitu\u00e9 \u00e0 sa famille\u2026\"}]},{\"@type\":\"WebSite\",\"@id\":\"https:\/\/www.africa-press.net\/guinee-conakry\/#website\",\"url\":\"https:\/\/www.africa-press.net\/guinee-conakry\/\",\"name\":\"guinee Conakry\",\"description\":\"Just another Africa News Agency Sites site\",\"potentialAction\":[{\"@type\":\"SearchAction\",\"target\":{\"@type\":\"EntryPoint\",\"urlTemplate\":\"https:\/\/www.africa-press.net\/guinee-conakry\/?s={search_term_string}\"},\"query-input\":{\"@type\":\"PropertyValueSpecification\",\"valueRequired\":true,\"valueName\":\"search_term_string\"}}],\"inLanguage\":\"fr-FR\"},{\"@type\":\"Person\",\"@id\":\"https:\/\/www.africa-press.net\/guinee-conakry\/#\/schema\/person\/2b1cf3cd81a31e3cd26889ca66d677f1\",\"name\":\"cfeditorfr\"}]}<\/script>\n<!-- \/ Yoast SEO Premium plugin. -->","yoast_head_json":{"title":"\u00c9chauffour\u00e9es \u00e0 Hamdallaye: le corps du jeune tu\u00e9 restitu\u00e9 \u00e0 sa famille\u2026 - guinee Conakry","robots":{"index":"index","follow":"follow","max-snippet":"max-snippet:-1","max-image-preview":"max-image-preview:large","max-video-preview":"max-video-preview:-1"},"canonical":"https:\/\/www.africa-press.net\/guinee-conakry\/politique\/echauffourees-a-hamdallaye-le-corps-du-jeune-tue-restitue-a-sa-famille","og_locale":"fr_FR","og_type":"article","og_title":"\u00c9chauffour\u00e9es \u00e0 Hamdallaye: le corps du jeune tu\u00e9 restitu\u00e9 \u00e0 sa famille\u2026","og_description":"Africa-Press &#8211; Guin\u00e9e. On en sait un peu plus sur le jeune tue\u0301 hier lors des violences enregistre\u0301es hier entre Hamdallaye et Bambeto, dans la commune de Ratoma. Selon un membre de sa famille interroge\u0301 au te\u0301le\u0301phone par Guineenews, il s\u2019agit d\u2019un e\u0301le\u0300ve en classe de 10 e\u0300me anne\u0301e. Ibrahima Bah, c\u2019est son nom, serait [&hellip;]","og_url":"https:\/\/www.africa-press.net\/guinee-conakry\/politique\/echauffourees-a-hamdallaye-le-corps-du-jeune-tue-restitue-a-sa-famille","og_site_name":"guinee Conakry","article_published_time":"2024-01-10T05:35:00+00:00","author":"cfeditorfr","twitter_card":"summary_large_image","twitter_misc":{"\u00c9crit par":"cfeditorfr","Dur\u00e9e de lecture estim\u00e9e":"1 minute"},"schema":{"@context":"https:\/\/schema.org","@graph":[{"@type":"Article","@id":"https:\/\/www.africa-press.net\/guinee-conakry\/politique\/echauffourees-a-hamdallaye-le-corps-du-jeune-tue-restitue-a-sa-famille#article","isPartOf":{"@id":"https:\/\/www.africa-press.net\/guinee-conakry\/politique\/echauffourees-a-hamdallaye-le-corps-du-jeune-tue-restitue-a-sa-famille"},"author":{"name":"cfeditorfr","@id":"https:\/\/www.africa-press.net\/guinee-conakry\/#\/schema\/person\/2b1cf3cd81a31e3cd26889ca66d677f1"},"headline":"\u00c9chauffour\u00e9es \u00e0 Hamdallaye: le corps du jeune tu\u00e9 restitu\u00e9 \u00e0 sa famille\u2026","datePublished":"2024-01-10T05:35:00+00:00","mainEntityOfPage":{"@id":"https:\/\/www.africa-press.net\/guinee-conakry\/politique\/echauffourees-a-hamdallaye-le-corps-du-jeune-tue-restitue-a-sa-famille"},"wordCount":219,"commentCount":0,"image":{"@id":"https:\/\/www.africa-press.net\/guinee-conakry\/politique\/echauffourees-a-hamdallaye-le-corps-du-jeune-tue-restitue-a-sa-famille#primaryimage"},"thumbnailUrl":"https:\/\/static.africa-press.net\/conakry\/sites\/63\/2024\/01\/Jokar1704852344.778668.jpg","keywords":["Africa Press","Africa Press-Guin\u00e9e","Guin\u00e9e"],"articleSection":["Communaut\u00e9","Toutes les actualit\u00e9s"],"inLanguage":"fr-FR","potentialAction":[{"@type":"CommentAction","name":"Comment","target":["https:\/\/www.africa-press.net\/guinee-conakry\/politique\/echauffourees-a-hamdallaye-le-corps-du-jeune-tue-restitue-a-sa-famille#respond"]}]},{"@type":"WebPage","@id":"https:\/\/www.africa-press.net\/guinee-conakry\/politique\/echauffourees-a-hamdallaye-le-corps-du-jeune-tue-restitue-a-sa-famille","url":"https:\/\/www.africa-press.net\/guinee-conakry\/politique\/echauffourees-a-hamdallaye-le-corps-du-jeune-tue-restitue-a-sa-famille","name":"\u00c9chauffour\u00e9es \u00e0 Hamdallaye: le corps du jeune tu\u00e9 restitu\u00e9 \u00e0 sa famille\u2026 - guinee Conakry","isPartOf":{"@id":"https:\/\/www.africa-press.net\/guinee-conakry\/#website"},"primaryImageOfPage":{"@id":"https:\/\/www.africa-press.net\/guinee-conakry\/politique\/echauffourees-a-hamdallaye-le-corps-du-jeune-tue-restitue-a-sa-famille#primaryimage"},"image":{"@id":"https:\/\/www.africa-press.net\/guinee-conakry\/politique\/echauffourees-a-hamdallaye-le-corps-du-jeune-tue-restitue-a-sa-famille#primaryimage"},"thumbnailUrl":"https:\/\/static.africa-press.net\/conakry\/sites\/63\/2024\/01\/Jokar1704852344.778668.jpg","datePublished":"2024-01-10T05:35:00+00:00","author":{"@id":"https:\/\/www.africa-press.net\/guinee-conakry\/#\/schema\/person\/2b1cf3cd81a31e3cd26889ca66d677f1"},"breadcrumb":{"@id":"https:\/\/www.africa-press.net\/guinee-conakry\/politique\/echauffourees-a-hamdallaye-le-corps-du-jeune-tue-restitue-a-sa-famille#breadcrumb"},"inLanguage":"fr-FR","potentialAction":[{"@type":"ReadAction","target":["https:\/\/www.africa-press.net\/guinee-conakry\/politique\/echauffourees-a-hamdallaye-le-corps-du-jeune-tue-restitue-a-sa-famille"]}]},{"@type":"ImageObject","inLanguage":"fr-FR","@id":"https:\/\/www.africa-press.net\/guinee-conakry\/politique\/echauffourees-a-hamdallaye-le-corps-du-jeune-tue-restitue-a-sa-famille#primaryimage","url":"https:\/\/static.africa-press.net\/conakry\/sites\/63\/2024\/01\/Jokar1704852344.778668.jpg","contentUrl":"https:\/\/static.africa-press.net\/conakry\/sites\/63\/2024\/01\/Jokar1704852344.778668.jpg","width":2048,"height":2048,"caption":"\u00c9chauffour\u00e9es \u00e0 Hamdallaye: le corps du jeune tu\u00e9 restitu\u00e9 \u00e0 sa famille\u2026"},{"@type":"BreadcrumbList","@id":"https:\/\/www.africa-press.net\/guinee-conakry\/politique\/echauffourees-a-hamdallaye-le-corps-du-jeune-tue-restitue-a-sa-famille#breadcrumb","itemListElement":[{"@type":"ListItem","position":1,"name":"Accueil","item":"https:\/\/www.africa-press.net\/guinee-conakry\/"},{"@type":"ListItem","position":2,"name":"\u00c9chauffour\u00e9es \u00e0 Hamdallaye: le corps du jeune tu\u00e9 restitu\u00e9 \u00e0 sa famille\u2026"}]},{"@type":"WebSite","@id":"https:\/\/www.africa-press.net\/guinee-conakry\/#website","url":"https:\/\/www.africa-press.net\/guinee-conakry\/","name":"guinee Conakry","description":"Just another Africa News Agency Sites site","potentialAction":[{"@type":"SearchAction","target":{"@type":"EntryPoint","urlTemplate":"https:\/\/www.africa-press.net\/guinee-conakry\/?s={search_term_string}"},"query-input":{"@type":"PropertyValueSpecification","valueRequired":true,"valueName":"search_term_string"}}],"inLanguage":"fr-FR"},{"@type":"Person","@id":"https:\/\/www.africa-press.net\/guinee-conakry\/#\/schema\/person\/2b1cf3cd81a31e3cd26889ca66d677f1","name":"cfeditorfr"}]}},"_links":{"self":[{"href":"https:\/\/www.africa-press.net\/guinee-conakry\/wp-json\/wp\/v2\/posts\/18242","targetHints":{"allow":["GET"]}}],"collection":[{"href":"https:\/\/www.africa-press.net\/guinee-conakry\/wp-json\/wp\/v2\/posts"}],"about":[{"href":"https:\/\/www.africa-press.net\/guinee-conakry\/wp-json\/wp\/v2\/types\/post"}],"author":[{"embeddable":true,"href":"https:\/\/www.africa-press.net\/guinee-conakry\/wp-json\/wp\/v2\/users\/82"}],"replies":[{"embeddable":true,"href":"https:\/\/www.africa-press.net\/guinee-conakry\/wp-json\/wp\/v2\/comments?post=18242"}],"version-history":[{"count":0,"href":"https:\/\/www.africa-press.net\/guinee-conakry\/wp-json\/wp\/v2\/posts\/18242\/revisions"}],"wp:featuredmedia":[{"embeddable":true,"href":"https:\/\/www.africa-press.net\/guinee-conakry\/wp-json\/wp\/v2\/media\/18241"}],"wp:attachment":[{"href":"https:\/\/www.africa-press.net\/guinee-conakry\/wp-json\/wp\/v2\/media?parent=18242"}],"wp:term":[{"taxonomy":"category","embeddable":true,"href":"https:\/\/www.africa-press.net\/guinee-conakry\/wp-json\/wp\/v2\/categories?post=18242"},{"taxonomy":"post_tag","embeddable":true,"href":"https:\/\/www.africa-press.net\/guinee-conakry\/wp-json\/wp\/v2\/tags?post=18242"}],"curies":[{"name":"wp","href":"https:\/\/api.w.org\/{rel}","templated":true}]}}