{"id":18248,"date":"2024-01-10T05:41:00","date_gmt":"2024-01-10T05:41:00","guid":{"rendered":"https:\/\/www.africa-press.net\/guinee-conakry\/politique\/humanitaire-appel-a-laide-pour-sauver-la-petite-saran"},"modified":"2024-01-10T05:41:00","modified_gmt":"2024-01-10T05:41:00","slug":"humanitaire-appel-a-laide-pour-sauver-la-petite-saran","status":"publish","type":"post","link":"https:\/\/www.africa-press.net\/guinee-conakry\/toutes-les-actualites\/humanitaire-appel-a-laide-pour-sauver-la-petite-saran","title":{"rendered":"Humanitaire : Appel \u00e0 l\u2019aide pour sauver la petite Saran\u2026"},"content":{"rendered":"<p><span style=\"color: #ff6600\"><strong>Africa-Press &#8211; Guin\u00e9e. <\/strong><\/span>C\u2019est une me\u0300re impuissante face a\u0300 la maladie de sa fille. Les larmes de Mariama Diallo sont celles d\u2019une maman qui voit la sante\u0301 de son enfant se de\u0301te\u0301riorer du jour au lendemain.<\/p>\n<p>A\u0300 5 ans de\u0301ja\u0300, la petite Saran Diallo a e\u0301te\u0301 diagnostique\u0301e dans presque toutes les grandes structures sanitaires du pays. Le mal est toujours la\u0300. Pour ne rien arranger, elle a inge\u0301re\u0301 il y a quelques mois un produit toxique.<\/p>\n<p>De nos jours, elle n\u2019arrive plus a\u0300 s\u2019alimenter. Sa maman qui a e\u0301puise\u0301 ses e\u0301conomies demande de l\u2019aide. Elle de\u0301ja\u0300 subi au moins deux ope\u0301rations qui n\u2019ont pas re\u0301ussi a\u0300 soigner le mal dont elle souffre. Selon ses me\u0301decins traitants, son cas ne\u0301cessite une e\u0301vacuation.<\/p>\n<p>A\u0300 sa naissance, la petite Saran Daroun Diallo souffrait de malformation. Elle e\u0301vacue involontairement les matie\u0300res fe\u0301cales de son organisme. Cette situation s\u2019est complique\u0301e davantage. Sa sante\u0301 s\u2019est drastiquement de\u0301grade\u0301e depuis le jour ou\u0300 elle aurait consomme\u0301 de la soude en lieu et place du cafe\u0301. Apre\u0300s avoir valide\u0301 la maternelle, cette anne\u0301e, elle devait faire la premie\u0300re anne\u0301e, comme ses camarades d\u2019a\u0302ge. He\u0301las, ce nouvel accident l\u2019en a empe\u0302che\u0301.<\/p>\n<p>\u00ab Ma fille est ne\u0301e avec une malformation. Moi, je n\u2019ai pas de moyens, mon mari aussi. C\u2019est ce qui m\u2019a pousse\u0301 a\u0300 faire le commerce en partant a\u0300 Matoto pour chercher des marchandises et venir vendre ici et subvenir aux besoins de ma famille. Cela m\u2019a permis de trouver pour ma fille de quoi manger mais aussi l\u2019envoyer a\u0300 l\u2019ho\u0302pital pour les soins. Depuis sa naissance, a\u0300 chaque fin de mois je l\u2019envoyais a\u0300 l\u2019ho\u0302pital me\u0302me jusqu\u2019a\u0300 pre\u0301sent. Son proble\u0300me est qu\u2019elle e\u0301vacue les matie\u0300res fe\u0301cales de fac\u0327on involontaire. Nous sommes reste\u0301s dans c\u0327a jusqu\u2019a\u0300 re\u0301cemment quand j\u2019ai demande\u0301 une vacancie\u0300re qui e\u0301tait chez moi de la servir du cafe\u0301. J\u2019e\u0301tais dehors. Entre-temps la fille m\u2019a fait savoir que Saran Daroun a vomi du sang et qu\u2019elle s\u2019est fait bru\u0302ler de\u0301ja\u0300. Quand j\u2019ai vu ce qui s\u2019est produit, j\u2019ai imme\u0301diatement contacte\u0301 son me\u0301decin et celui-ci, apre\u0300s l\u2019avoir observe\u0301 nous a dit que ma fille a consomme\u0301e soit de la soude caustique soit de l\u2019acide. Il m\u2019a dit qu\u2019il faut l\u2019envoyer imme\u0301diatement a\u0300 Donka. C\u2019est a\u0300 ainsi que nous nous sommes rendus au camp militaire pour des soins. J\u2019ai fait le tour de plus ho\u0302pitaux, on m\u2019a demande\u0301 de faire des examens, des radios scanners avant sa premie\u0300re ope\u0301ration, mais c\u0327a ne va pas \u00bb, a-t-elle explique\u0301.<\/p>\n<p>Apre\u0300s l\u2019ope\u0301ration chirurgicale, les me\u0301decins e\u0301taient oblige\u0301s de placer une sonde sur elle pour lui permettre de s\u2019alimenter. Une technique d\u2019alimentation de\u0301ja\u0300 adapte\u0301e par la maman. Alors que la situation de la petite Saran se complique du jour au lendemain, le me\u0301decin traitant recommande une e\u0301vacuation sanitaire a\u0300 l\u2019e\u0301tranger.<\/p>\n<p>Faute de moyens financiers, les parents de Saran Daroun qui ont fait le tour de plusieurs structures sanitaires spe\u0301cialise\u0301es, invitent les autorite\u0301s et les personnes de bonne volonte\u0301 de leur venir en aide pour sauver la petite.<\/p>\n<p>\u00ab Aujourd\u2019hui mon enfant ne peut rien manger d\u2019elle. Me\u0302me l\u2019eau nous passons par cette proce\u0301dure la me\u0301thode d\u2019alimentation adapte\u0301e par les me\u0301decins. Et, son me\u0301decin traitant nous a dit que son cas ne peut pas e\u0302tre traite\u0301 ici. Il nous recommande une e\u0301vacuation sanitaire mais comme nous n\u2019avons pas de moyens, nous demandons aux autorite\u0301s guine\u0301ennes et aux personnes de bonne volonte\u0301 de nous venir au secours \u00bb, sollicite-t-elle.<\/p>\n<p>Pour venir en aide a\u0300 Saran, merci de contacter le nume\u0301ro suivant : (00224) 628 40 14 47.<\/p>\n<p><strong>Pour plus d&rsquo;informations et d&rsquo;analyses sur la <a href=\"https:\/\/www.africa-press.net\/guinee-conakry\">Guin\u00e9e<\/a>, suivez <a href=\"https:\/\/www.africa-press.net\/\">Africa-Press<\/a><\/strong><\/p>\n","protected":false},"excerpt":{"rendered":"<p>Africa-Press &#8211; Guin\u00e9e. C\u2019est une me\u0300re impuissante face a\u0300 la maladie de sa fille. Les larmes de Mariama Diallo sont celles d\u2019une maman qui voit la sante\u0301 de son enfant se de\u0301te\u0301riorer du jour au lendemain. A\u0300 5 ans de\u0301ja\u0300, la petite Saran Diallo a e\u0301te\u0301 diagnostique\u0301e dans presque toutes les grandes structures sanitaires du [&hellip;]<\/p>\n","protected":false},"author":82,"featured_media":18247,"comment_status":"open","ping_status":"closed","sticky":false,"template":"","format":"standard","meta":{"footnotes":""},"categories":[21,10],"tags":[36,57,58],"class_list":["post-18248","post","type-post","status-publish","format-standard","has-post-thumbnail","hentry","category-communaute","category-toutes-les-actualites","tag-africa-press","tag-africa-press-guinee","tag-guinee"],"yoast_head":"<!-- This site is optimized with the Yoast SEO Premium plugin v26.1 (Yoast SEO v27.0) - https:\/\/yoast.com\/product\/yoast-seo-premium-wordpress\/ -->\n<title>Humanitaire : Appel \u00e0 l\u2019aide pour sauver la petite Saran\u2026 - guinee Conakry<\/title>\n<meta name=\"robots\" content=\"index, follow, max-snippet:-1, max-image-preview:large, max-video-preview:-1\" \/>\n<link rel=\"canonical\" href=\"https:\/\/www.africa-press.net\/guinee-conakry\/politique\/humanitaire-appel-a-laide-pour-sauver-la-petite-saran\" \/>\n<meta property=\"og:locale\" content=\"fr_FR\" \/>\n<meta property=\"og:type\" content=\"article\" \/>\n<meta property=\"og:title\" content=\"Humanitaire : Appel \u00e0 l\u2019aide pour sauver la petite Saran\u2026\" \/>\n<meta property=\"og:description\" content=\"Africa-Press &#8211; Guin\u00e9e. C\u2019est une me\u0300re impuissante face a\u0300 la maladie de sa fille. Les larmes de Mariama Diallo sont celles d\u2019une maman qui voit la sante\u0301 de son enfant se de\u0301te\u0301riorer du jour au lendemain. A\u0300 5 ans de\u0301ja\u0300, la petite Saran Diallo a e\u0301te\u0301 diagnostique\u0301e dans presque toutes les grandes structures sanitaires du [&hellip;]\" \/>\n<meta property=\"og:url\" content=\"https:\/\/www.africa-press.net\/guinee-conakry\/politique\/humanitaire-appel-a-laide-pour-sauver-la-petite-saran\" \/>\n<meta property=\"og:site_name\" content=\"guinee Conakry\" \/>\n<meta property=\"article:published_time\" content=\"2024-01-10T05:41:00+00:00\" \/>\n<meta name=\"author\" content=\"cfeditorfr\" \/>\n<meta name=\"twitter:card\" content=\"summary_large_image\" \/>\n<meta name=\"twitter:label1\" content=\"\u00c9crit par\" \/>\n\t<meta name=\"twitter:data1\" content=\"cfeditorfr\" \/>\n\t<meta name=\"twitter:label2\" content=\"Dur\u00e9e de lecture estim\u00e9e\" \/>\n\t<meta name=\"twitter:data2\" content=\"4 minutes\" \/>\n<script type=\"application\/ld+json\" class=\"yoast-schema-graph\">{\"@context\":\"https:\/\/schema.org\",\"@graph\":[{\"@type\":\"Article\",\"@id\":\"https:\/\/www.africa-press.net\/guinee-conakry\/politique\/humanitaire-appel-a-laide-pour-sauver-la-petite-saran#article\",\"isPartOf\":{\"@id\":\"https:\/\/www.africa-press.net\/guinee-conakry\/politique\/humanitaire-appel-a-laide-pour-sauver-la-petite-saran\"},\"author\":{\"name\":\"cfeditorfr\",\"@id\":\"https:\/\/www.africa-press.net\/guinee-conakry\/#\/schema\/person\/2b1cf3cd81a31e3cd26889ca66d677f1\"},\"headline\":\"Humanitaire : Appel \u00e0 l\u2019aide pour sauver la petite Saran\u2026\",\"datePublished\":\"2024-01-10T05:41:00+00:00\",\"mainEntityOfPage\":{\"@id\":\"https:\/\/www.africa-press.net\/guinee-conakry\/politique\/humanitaire-appel-a-laide-pour-sauver-la-petite-saran\"},\"wordCount\":719,\"commentCount\":0,\"image\":{\"@id\":\"https:\/\/www.africa-press.net\/guinee-conakry\/politique\/humanitaire-appel-a-laide-pour-sauver-la-petite-saran#primaryimage\"},\"thumbnailUrl\":\"https:\/\/static.africa-press.net\/conakry\/sites\/63\/2024\/01\/Jokar1704852680.13.jpg\",\"keywords\":[\"Africa Press\",\"Africa Press-Guin\u00e9e\",\"Guin\u00e9e\"],\"articleSection\":[\"Communaut\u00e9\",\"Toutes les actualit\u00e9s\"],\"inLanguage\":\"fr-FR\",\"potentialAction\":[{\"@type\":\"CommentAction\",\"name\":\"Comment\",\"target\":[\"https:\/\/www.africa-press.net\/guinee-conakry\/politique\/humanitaire-appel-a-laide-pour-sauver-la-petite-saran#respond\"]}]},{\"@type\":\"WebPage\",\"@id\":\"https:\/\/www.africa-press.net\/guinee-conakry\/politique\/humanitaire-appel-a-laide-pour-sauver-la-petite-saran\",\"url\":\"https:\/\/www.africa-press.net\/guinee-conakry\/politique\/humanitaire-appel-a-laide-pour-sauver-la-petite-saran\",\"name\":\"Humanitaire : Appel \u00e0 l\u2019aide pour sauver la petite Saran\u2026 - guinee Conakry\",\"isPartOf\":{\"@id\":\"https:\/\/www.africa-press.net\/guinee-conakry\/#website\"},\"primaryImageOfPage\":{\"@id\":\"https:\/\/www.africa-press.net\/guinee-conakry\/politique\/humanitaire-appel-a-laide-pour-sauver-la-petite-saran#primaryimage\"},\"image\":{\"@id\":\"https:\/\/www.africa-press.net\/guinee-conakry\/politique\/humanitaire-appel-a-laide-pour-sauver-la-petite-saran#primaryimage\"},\"thumbnailUrl\":\"https:\/\/static.africa-press.net\/conakry\/sites\/63\/2024\/01\/Jokar1704852680.13.jpg\",\"datePublished\":\"2024-01-10T05:41:00+00:00\",\"author\":{\"@id\":\"https:\/\/www.africa-press.net\/guinee-conakry\/#\/schema\/person\/2b1cf3cd81a31e3cd26889ca66d677f1\"},\"breadcrumb\":{\"@id\":\"https:\/\/www.africa-press.net\/guinee-conakry\/politique\/humanitaire-appel-a-laide-pour-sauver-la-petite-saran#breadcrumb\"},\"inLanguage\":\"fr-FR\",\"potentialAction\":[{\"@type\":\"ReadAction\",\"target\":[\"https:\/\/www.africa-press.net\/guinee-conakry\/politique\/humanitaire-appel-a-laide-pour-sauver-la-petite-saran\"]}]},{\"@type\":\"ImageObject\",\"inLanguage\":\"fr-FR\",\"@id\":\"https:\/\/www.africa-press.net\/guinee-conakry\/politique\/humanitaire-appel-a-laide-pour-sauver-la-petite-saran#primaryimage\",\"url\":\"https:\/\/static.africa-press.net\/conakry\/sites\/63\/2024\/01\/Jokar1704852680.13.jpg\",\"contentUrl\":\"https:\/\/static.africa-press.net\/conakry\/sites\/63\/2024\/01\/Jokar1704852680.13.jpg\",\"width\":1024,\"height\":588,\"caption\":\"Humanitaire : Appel \u00e0 l\u2019aide pour sauver la petite Saran\u2026\"},{\"@type\":\"BreadcrumbList\",\"@id\":\"https:\/\/www.africa-press.net\/guinee-conakry\/politique\/humanitaire-appel-a-laide-pour-sauver-la-petite-saran#breadcrumb\",\"itemListElement\":[{\"@type\":\"ListItem\",\"position\":1,\"name\":\"Accueil\",\"item\":\"https:\/\/www.africa-press.net\/guinee-conakry\/\"},{\"@type\":\"ListItem\",\"position\":2,\"name\":\"Humanitaire : Appel \u00e0 l\u2019aide pour sauver la petite Saran\u2026\"}]},{\"@type\":\"WebSite\",\"@id\":\"https:\/\/www.africa-press.net\/guinee-conakry\/#website\",\"url\":\"https:\/\/www.africa-press.net\/guinee-conakry\/\",\"name\":\"guinee Conakry\",\"description\":\"Just another Africa News Agency Sites site\",\"potentialAction\":[{\"@type\":\"SearchAction\",\"target\":{\"@type\":\"EntryPoint\",\"urlTemplate\":\"https:\/\/www.africa-press.net\/guinee-conakry\/?s={search_term_string}\"},\"query-input\":{\"@type\":\"PropertyValueSpecification\",\"valueRequired\":true,\"valueName\":\"search_term_string\"}}],\"inLanguage\":\"fr-FR\"},{\"@type\":\"Person\",\"@id\":\"https:\/\/www.africa-press.net\/guinee-conakry\/#\/schema\/person\/2b1cf3cd81a31e3cd26889ca66d677f1\",\"name\":\"cfeditorfr\"}]}<\/script>\n<!-- \/ Yoast SEO Premium plugin. -->","yoast_head_json":{"title":"Humanitaire : Appel \u00e0 l\u2019aide pour sauver la petite Saran\u2026 - guinee Conakry","robots":{"index":"index","follow":"follow","max-snippet":"max-snippet:-1","max-image-preview":"max-image-preview:large","max-video-preview":"max-video-preview:-1"},"canonical":"https:\/\/www.africa-press.net\/guinee-conakry\/politique\/humanitaire-appel-a-laide-pour-sauver-la-petite-saran","og_locale":"fr_FR","og_type":"article","og_title":"Humanitaire : Appel \u00e0 l\u2019aide pour sauver la petite Saran\u2026","og_description":"Africa-Press &#8211; Guin\u00e9e. C\u2019est une me\u0300re impuissante face a\u0300 la maladie de sa fille. Les larmes de Mariama Diallo sont celles d\u2019une maman qui voit la sante\u0301 de son enfant se de\u0301te\u0301riorer du jour au lendemain. A\u0300 5 ans de\u0301ja\u0300, la petite Saran Diallo a e\u0301te\u0301 diagnostique\u0301e dans presque toutes les grandes structures sanitaires du [&hellip;]","og_url":"https:\/\/www.africa-press.net\/guinee-conakry\/politique\/humanitaire-appel-a-laide-pour-sauver-la-petite-saran","og_site_name":"guinee Conakry","article_published_time":"2024-01-10T05:41:00+00:00","author":"cfeditorfr","twitter_card":"summary_large_image","twitter_misc":{"\u00c9crit par":"cfeditorfr","Dur\u00e9e de lecture estim\u00e9e":"4 minutes"},"schema":{"@context":"https:\/\/schema.org","@graph":[{"@type":"Article","@id":"https:\/\/www.africa-press.net\/guinee-conakry\/politique\/humanitaire-appel-a-laide-pour-sauver-la-petite-saran#article","isPartOf":{"@id":"https:\/\/www.africa-press.net\/guinee-conakry\/politique\/humanitaire-appel-a-laide-pour-sauver-la-petite-saran"},"author":{"name":"cfeditorfr","@id":"https:\/\/www.africa-press.net\/guinee-conakry\/#\/schema\/person\/2b1cf3cd81a31e3cd26889ca66d677f1"},"headline":"Humanitaire : Appel \u00e0 l\u2019aide pour sauver la petite Saran\u2026","datePublished":"2024-01-10T05:41:00+00:00","mainEntityOfPage":{"@id":"https:\/\/www.africa-press.net\/guinee-conakry\/politique\/humanitaire-appel-a-laide-pour-sauver-la-petite-saran"},"wordCount":719,"commentCount":0,"image":{"@id":"https:\/\/www.africa-press.net\/guinee-conakry\/politique\/humanitaire-appel-a-laide-pour-sauver-la-petite-saran#primaryimage"},"thumbnailUrl":"https:\/\/static.africa-press.net\/conakry\/sites\/63\/2024\/01\/Jokar1704852680.13.jpg","keywords":["Africa Press","Africa Press-Guin\u00e9e","Guin\u00e9e"],"articleSection":["Communaut\u00e9","Toutes les actualit\u00e9s"],"inLanguage":"fr-FR","potentialAction":[{"@type":"CommentAction","name":"Comment","target":["https:\/\/www.africa-press.net\/guinee-conakry\/politique\/humanitaire-appel-a-laide-pour-sauver-la-petite-saran#respond"]}]},{"@type":"WebPage","@id":"https:\/\/www.africa-press.net\/guinee-conakry\/politique\/humanitaire-appel-a-laide-pour-sauver-la-petite-saran","url":"https:\/\/www.africa-press.net\/guinee-conakry\/politique\/humanitaire-appel-a-laide-pour-sauver-la-petite-saran","name":"Humanitaire : Appel \u00e0 l\u2019aide pour sauver la petite Saran\u2026 - guinee Conakry","isPartOf":{"@id":"https:\/\/www.africa-press.net\/guinee-conakry\/#website"},"primaryImageOfPage":{"@id":"https:\/\/www.africa-press.net\/guinee-conakry\/politique\/humanitaire-appel-a-laide-pour-sauver-la-petite-saran#primaryimage"},"image":{"@id":"https:\/\/www.africa-press.net\/guinee-conakry\/politique\/humanitaire-appel-a-laide-pour-sauver-la-petite-saran#primaryimage"},"thumbnailUrl":"https:\/\/static.africa-press.net\/conakry\/sites\/63\/2024\/01\/Jokar1704852680.13.jpg","datePublished":"2024-01-10T05:41:00+00:00","author":{"@id":"https:\/\/www.africa-press.net\/guinee-conakry\/#\/schema\/person\/2b1cf3cd81a31e3cd26889ca66d677f1"},"breadcrumb":{"@id":"https:\/\/www.africa-press.net\/guinee-conakry\/politique\/humanitaire-appel-a-laide-pour-sauver-la-petite-saran#breadcrumb"},"inLanguage":"fr-FR","potentialAction":[{"@type":"ReadAction","target":["https:\/\/www.africa-press.net\/guinee-conakry\/politique\/humanitaire-appel-a-laide-pour-sauver-la-petite-saran"]}]},{"@type":"ImageObject","inLanguage":"fr-FR","@id":"https:\/\/www.africa-press.net\/guinee-conakry\/politique\/humanitaire-appel-a-laide-pour-sauver-la-petite-saran#primaryimage","url":"https:\/\/static.africa-press.net\/conakry\/sites\/63\/2024\/01\/Jokar1704852680.13.jpg","contentUrl":"https:\/\/static.africa-press.net\/conakry\/sites\/63\/2024\/01\/Jokar1704852680.13.jpg","width":1024,"height":588,"caption":"Humanitaire : Appel \u00e0 l\u2019aide pour sauver la petite Saran\u2026"},{"@type":"BreadcrumbList","@id":"https:\/\/www.africa-press.net\/guinee-conakry\/politique\/humanitaire-appel-a-laide-pour-sauver-la-petite-saran#breadcrumb","itemListElement":[{"@type":"ListItem","position":1,"name":"Accueil","item":"https:\/\/www.africa-press.net\/guinee-conakry\/"},{"@type":"ListItem","position":2,"name":"Humanitaire : Appel \u00e0 l\u2019aide pour sauver la petite Saran\u2026"}]},{"@type":"WebSite","@id":"https:\/\/www.africa-press.net\/guinee-conakry\/#website","url":"https:\/\/www.africa-press.net\/guinee-conakry\/","name":"guinee Conakry","description":"Just another Africa News Agency Sites site","potentialAction":[{"@type":"SearchAction","target":{"@type":"EntryPoint","urlTemplate":"https:\/\/www.africa-press.net\/guinee-conakry\/?s={search_term_string}"},"query-input":{"@type":"PropertyValueSpecification","valueRequired":true,"valueName":"search_term_string"}}],"inLanguage":"fr-FR"},{"@type":"Person","@id":"https:\/\/www.africa-press.net\/guinee-conakry\/#\/schema\/person\/2b1cf3cd81a31e3cd26889ca66d677f1","name":"cfeditorfr"}]}},"_links":{"self":[{"href":"https:\/\/www.africa-press.net\/guinee-conakry\/wp-json\/wp\/v2\/posts\/18248","targetHints":{"allow":["GET"]}}],"collection":[{"href":"https:\/\/www.africa-press.net\/guinee-conakry\/wp-json\/wp\/v2\/posts"}],"about":[{"href":"https:\/\/www.africa-press.net\/guinee-conakry\/wp-json\/wp\/v2\/types\/post"}],"author":[{"embeddable":true,"href":"https:\/\/www.africa-press.net\/guinee-conakry\/wp-json\/wp\/v2\/users\/82"}],"replies":[{"embeddable":true,"href":"https:\/\/www.africa-press.net\/guinee-conakry\/wp-json\/wp\/v2\/comments?post=18248"}],"version-history":[{"count":0,"href":"https:\/\/www.africa-press.net\/guinee-conakry\/wp-json\/wp\/v2\/posts\/18248\/revisions"}],"wp:featuredmedia":[{"embeddable":true,"href":"https:\/\/www.africa-press.net\/guinee-conakry\/wp-json\/wp\/v2\/media\/18247"}],"wp:attachment":[{"href":"https:\/\/www.africa-press.net\/guinee-conakry\/wp-json\/wp\/v2\/media?parent=18248"}],"wp:term":[{"taxonomy":"category","embeddable":true,"href":"https:\/\/www.africa-press.net\/guinee-conakry\/wp-json\/wp\/v2\/categories?post=18248"},{"taxonomy":"post_tag","embeddable":true,"href":"https:\/\/www.africa-press.net\/guinee-conakry\/wp-json\/wp\/v2\/tags?post=18248"}],"curies":[{"name":"wp","href":"https:\/\/api.w.org\/{rel}","templated":true}]}}