{"id":18266,"date":"2024-01-12T06:31:00","date_gmt":"2024-01-12T06:31:00","guid":{"rendered":"https:\/\/www.africa-press.net\/guinee-conakry\/politique\/crief-le-proces-de-damaro-camara-entre-dans-sa-phase-de-plaidoiries-et-requisitions"},"modified":"2024-01-12T06:31:00","modified_gmt":"2024-01-12T06:31:00","slug":"crief-le-proces-de-damaro-camara-entre-dans-sa-phase-de-plaidoiries-et-requisitions","status":"publish","type":"post","link":"https:\/\/www.africa-press.net\/guinee-conakry\/politique\/crief-le-proces-de-damaro-camara-entre-dans-sa-phase-de-plaidoiries-et-requisitions","title":{"rendered":"CRIEF : le proc\u00e8s de Damaro Camara entre dans sa phase de plaidoiries et r\u00e9quisitions"},"content":{"rendered":"<p><span style=\"color: #ff6600\"><strong>Africa-Press &#8211; Guin\u00e9e. <\/strong><\/span><b>E\u0301croue\u0301 depuis avril 2022, l\u2019ancien pre\u0301sident de l\u2019Assemble\u0301e nationale continue de faire face a\u0300 la Cour de re\u0301pression des infractions e\u0301conomiques et financie\u0300res (CRIEF) dans l\u2019affaire des 15 milliards GNF destine\u0301s a\u0300 la construction du sie\u0300ge de l\u2019Assemble\u0301e nationale. Apre\u0300s plusieurs mois de de\u0301bats, le proce\u0300s entre dans sa phase de plaidoiries et de re\u0301quisitions. <\/b><\/p>\n<p>L\u2019ancien pre\u0301sident de l\u2019Assemble\u0301e nationale a fait face a\u0300 un feu roulant de questions de la partie civile, notamment sur les diffe\u0301rentes proprie\u0301te\u0301s et domaines dont il dispose.<\/p>\n<p>Le repre\u0301sentant de l\u2019Etat dans cette affaire a surtout accentue\u0301 ses questions sur les pe\u0301riodes au cours desquelles l\u2019ancien patron du parlement guine\u0301en a acquis ses biens.<\/p>\n<p>La de\u0301fense, de\u0300s sa prise de parole, a demande\u0301 a\u0300 la Cour d\u2019ordonner le de\u0301but de la prochaine e\u0301tape de la proce\u0301dure.<\/p>\n<p>Etant donne\u0301 que le ministe\u0300re public n\u2019a pas eu de questions a\u0300 poser, le pre\u0301sident de la Cour a pris la parole pour renvoyer l\u2019affaire.<\/p>\n<p>\u201cLa Cour, en application des dispositions de l\u2019article 531 du code de proce\u0301dure pe\u0301nale, de\u0301clare l\u2019instruction termine\u0301e et renvoie l\u2019affaire au jeudi 25 janvier 2024 pour les plaidoiries et re\u0301quisitions\u201d, a prononce\u0301 le magistrat.<\/p>\n<p>Abdoulaye Bella DIALLO<\/p>\n<p><strong>Pour plus d&rsquo;informations et d&rsquo;analyses sur la <a href=\"https:\/\/www.africa-press.net\/guinee-conakry\">Guin\u00e9e<\/a>, suivez <a href=\"https:\/\/www.africa-press.net\/\">Africa-Press<\/a><\/strong><\/p>\n","protected":false},"excerpt":{"rendered":"<p>Africa-Press &#8211; Guin\u00e9e. E\u0301croue\u0301 depuis avril 2022, l\u2019ancien pre\u0301sident de l\u2019Assemble\u0301e nationale continue de faire face a\u0300 la Cour de re\u0301pression des infractions e\u0301conomiques et financie\u0300res (CRIEF) dans l\u2019affaire des 15 milliards GNF destine\u0301s a\u0300 la construction du sie\u0300ge de l\u2019Assemble\u0301e nationale. Apre\u0300s plusieurs mois de de\u0301bats, le proce\u0300s entre dans sa phase de plaidoiries [&hellip;]<\/p>\n","protected":false},"author":82,"featured_media":18265,"comment_status":"open","ping_status":"closed","sticky":false,"template":"","format":"standard","meta":{"footnotes":""},"categories":[21,2,10],"tags":[36,57,58],"class_list":["post-18266","post","type-post","status-publish","format-standard","has-post-thumbnail","hentry","category-communaute","category-politique","category-toutes-les-actualites","tag-africa-press","tag-africa-press-guinee","tag-guinee"],"yoast_head":"<!-- This site is optimized with the Yoast SEO Premium plugin v26.1 (Yoast SEO v27.0) - https:\/\/yoast.com\/product\/yoast-seo-premium-wordpress\/ -->\n<title>CRIEF : le proc\u00e8s de Damaro Camara entre dans sa phase de plaidoiries et r\u00e9quisitions - guinee Conakry<\/title>\n<meta name=\"robots\" content=\"index, follow, max-snippet:-1, max-image-preview:large, max-video-preview:-1\" \/>\n<link rel=\"canonical\" href=\"https:\/\/www.africa-press.net\/guinee-conakry\/politique\/crief-le-proces-de-damaro-camara-entre-dans-sa-phase-de-plaidoiries-et-requisitions\" \/>\n<meta property=\"og:locale\" content=\"fr_FR\" \/>\n<meta property=\"og:type\" content=\"article\" \/>\n<meta property=\"og:title\" content=\"CRIEF : le proc\u00e8s de Damaro Camara entre dans sa phase de plaidoiries et r\u00e9quisitions\" \/>\n<meta property=\"og:description\" content=\"Africa-Press &#8211; Guin\u00e9e. E\u0301croue\u0301 depuis avril 2022, l\u2019ancien pre\u0301sident de l\u2019Assemble\u0301e nationale continue de faire face a\u0300 la Cour de re\u0301pression des infractions e\u0301conomiques et financie\u0300res (CRIEF) dans l\u2019affaire des 15 milliards GNF destine\u0301s a\u0300 la construction du sie\u0300ge de l\u2019Assemble\u0301e nationale. Apre\u0300s plusieurs mois de de\u0301bats, le proce\u0300s entre dans sa phase de plaidoiries [&hellip;]\" \/>\n<meta property=\"og:url\" content=\"https:\/\/www.africa-press.net\/guinee-conakry\/politique\/crief-le-proces-de-damaro-camara-entre-dans-sa-phase-de-plaidoiries-et-requisitions\" \/>\n<meta property=\"og:site_name\" content=\"guinee Conakry\" \/>\n<meta property=\"article:published_time\" content=\"2024-01-12T06:31:00+00:00\" \/>\n<meta name=\"author\" content=\"cfeditorfr\" \/>\n<meta name=\"twitter:card\" content=\"summary_large_image\" \/>\n<meta name=\"twitter:label1\" content=\"\u00c9crit par\" \/>\n\t<meta name=\"twitter:data1\" content=\"cfeditorfr\" \/>\n\t<meta name=\"twitter:label2\" content=\"Dur\u00e9e de lecture estim\u00e9e\" \/>\n\t<meta name=\"twitter:data2\" content=\"1 minute\" \/>\n<script type=\"application\/ld+json\" class=\"yoast-schema-graph\">{\"@context\":\"https:\/\/schema.org\",\"@graph\":[{\"@type\":\"Article\",\"@id\":\"https:\/\/www.africa-press.net\/guinee-conakry\/politique\/crief-le-proces-de-damaro-camara-entre-dans-sa-phase-de-plaidoiries-et-requisitions#article\",\"isPartOf\":{\"@id\":\"https:\/\/www.africa-press.net\/guinee-conakry\/politique\/crief-le-proces-de-damaro-camara-entre-dans-sa-phase-de-plaidoiries-et-requisitions\"},\"author\":{\"name\":\"cfeditorfr\",\"@id\":\"https:\/\/www.africa-press.net\/guinee-conakry\/#\/schema\/person\/2b1cf3cd81a31e3cd26889ca66d677f1\"},\"headline\":\"CRIEF : le proc\u00e8s de Damaro Camara entre dans sa phase de plaidoiries et r\u00e9quisitions\",\"datePublished\":\"2024-01-12T06:31:00+00:00\",\"mainEntityOfPage\":{\"@id\":\"https:\/\/www.africa-press.net\/guinee-conakry\/politique\/crief-le-proces-de-damaro-camara-entre-dans-sa-phase-de-plaidoiries-et-requisitions\"},\"wordCount\":269,\"commentCount\":0,\"image\":{\"@id\":\"https:\/\/www.africa-press.net\/guinee-conakry\/politique\/crief-le-proces-de-damaro-camara-entre-dans-sa-phase-de-plaidoiries-et-requisitions#primaryimage\"},\"thumbnailUrl\":\"https:\/\/static.africa-press.net\/conakry\/sites\/63\/2024\/01\/Jokar1705028491.69358.jpg\",\"keywords\":[\"Africa Press\",\"Africa Press-Guin\u00e9e\",\"Guin\u00e9e\"],\"articleSection\":[\"Communaut\u00e9\",\"Politique\",\"Toutes les actualit\u00e9s\"],\"inLanguage\":\"fr-FR\",\"potentialAction\":[{\"@type\":\"CommentAction\",\"name\":\"Comment\",\"target\":[\"https:\/\/www.africa-press.net\/guinee-conakry\/politique\/crief-le-proces-de-damaro-camara-entre-dans-sa-phase-de-plaidoiries-et-requisitions#respond\"]}]},{\"@type\":\"WebPage\",\"@id\":\"https:\/\/www.africa-press.net\/guinee-conakry\/politique\/crief-le-proces-de-damaro-camara-entre-dans-sa-phase-de-plaidoiries-et-requisitions\",\"url\":\"https:\/\/www.africa-press.net\/guinee-conakry\/politique\/crief-le-proces-de-damaro-camara-entre-dans-sa-phase-de-plaidoiries-et-requisitions\",\"name\":\"CRIEF : le proc\u00e8s de Damaro Camara entre dans sa phase de plaidoiries et r\u00e9quisitions - guinee Conakry\",\"isPartOf\":{\"@id\":\"https:\/\/www.africa-press.net\/guinee-conakry\/#website\"},\"primaryImageOfPage\":{\"@id\":\"https:\/\/www.africa-press.net\/guinee-conakry\/politique\/crief-le-proces-de-damaro-camara-entre-dans-sa-phase-de-plaidoiries-et-requisitions#primaryimage\"},\"image\":{\"@id\":\"https:\/\/www.africa-press.net\/guinee-conakry\/politique\/crief-le-proces-de-damaro-camara-entre-dans-sa-phase-de-plaidoiries-et-requisitions#primaryimage\"},\"thumbnailUrl\":\"https:\/\/static.africa-press.net\/conakry\/sites\/63\/2024\/01\/Jokar1705028491.69358.jpg\",\"datePublished\":\"2024-01-12T06:31:00+00:00\",\"author\":{\"@id\":\"https:\/\/www.africa-press.net\/guinee-conakry\/#\/schema\/person\/2b1cf3cd81a31e3cd26889ca66d677f1\"},\"breadcrumb\":{\"@id\":\"https:\/\/www.africa-press.net\/guinee-conakry\/politique\/crief-le-proces-de-damaro-camara-entre-dans-sa-phase-de-plaidoiries-et-requisitions#breadcrumb\"},\"inLanguage\":\"fr-FR\",\"potentialAction\":[{\"@type\":\"ReadAction\",\"target\":[\"https:\/\/www.africa-press.net\/guinee-conakry\/politique\/crief-le-proces-de-damaro-camara-entre-dans-sa-phase-de-plaidoiries-et-requisitions\"]}]},{\"@type\":\"ImageObject\",\"inLanguage\":\"fr-FR\",\"@id\":\"https:\/\/www.africa-press.net\/guinee-conakry\/politique\/crief-le-proces-de-damaro-camara-entre-dans-sa-phase-de-plaidoiries-et-requisitions#primaryimage\",\"url\":\"https:\/\/static.africa-press.net\/conakry\/sites\/63\/2024\/01\/Jokar1705028491.69358.jpg\",\"contentUrl\":\"https:\/\/static.africa-press.net\/conakry\/sites\/63\/2024\/01\/Jokar1705028491.69358.jpg\",\"width\":960,\"height\":640,\"caption\":\"CRIEF : le proc\u00e8s de Damaro Camara entre dans sa phase de plaidoiries et r\u00e9quisitions\"},{\"@type\":\"BreadcrumbList\",\"@id\":\"https:\/\/www.africa-press.net\/guinee-conakry\/politique\/crief-le-proces-de-damaro-camara-entre-dans-sa-phase-de-plaidoiries-et-requisitions#breadcrumb\",\"itemListElement\":[{\"@type\":\"ListItem\",\"position\":1,\"name\":\"Accueil\",\"item\":\"https:\/\/www.africa-press.net\/guinee-conakry\/\"},{\"@type\":\"ListItem\",\"position\":2,\"name\":\"CRIEF : le proc\u00e8s de Damaro Camara entre dans sa phase de plaidoiries et r\u00e9quisitions\"}]},{\"@type\":\"WebSite\",\"@id\":\"https:\/\/www.africa-press.net\/guinee-conakry\/#website\",\"url\":\"https:\/\/www.africa-press.net\/guinee-conakry\/\",\"name\":\"guinee Conakry\",\"description\":\"Just another Africa News Agency Sites site\",\"potentialAction\":[{\"@type\":\"SearchAction\",\"target\":{\"@type\":\"EntryPoint\",\"urlTemplate\":\"https:\/\/www.africa-press.net\/guinee-conakry\/?s={search_term_string}\"},\"query-input\":{\"@type\":\"PropertyValueSpecification\",\"valueRequired\":true,\"valueName\":\"search_term_string\"}}],\"inLanguage\":\"fr-FR\"},{\"@type\":\"Person\",\"@id\":\"https:\/\/www.africa-press.net\/guinee-conakry\/#\/schema\/person\/2b1cf3cd81a31e3cd26889ca66d677f1\",\"name\":\"cfeditorfr\"}]}<\/script>\n<!-- \/ Yoast SEO Premium plugin. -->","yoast_head_json":{"title":"CRIEF : le proc\u00e8s de Damaro Camara entre dans sa phase de plaidoiries et r\u00e9quisitions - guinee Conakry","robots":{"index":"index","follow":"follow","max-snippet":"max-snippet:-1","max-image-preview":"max-image-preview:large","max-video-preview":"max-video-preview:-1"},"canonical":"https:\/\/www.africa-press.net\/guinee-conakry\/politique\/crief-le-proces-de-damaro-camara-entre-dans-sa-phase-de-plaidoiries-et-requisitions","og_locale":"fr_FR","og_type":"article","og_title":"CRIEF : le proc\u00e8s de Damaro Camara entre dans sa phase de plaidoiries et r\u00e9quisitions","og_description":"Africa-Press &#8211; Guin\u00e9e. E\u0301croue\u0301 depuis avril 2022, l\u2019ancien pre\u0301sident de l\u2019Assemble\u0301e nationale continue de faire face a\u0300 la Cour de re\u0301pression des infractions e\u0301conomiques et financie\u0300res (CRIEF) dans l\u2019affaire des 15 milliards GNF destine\u0301s a\u0300 la construction du sie\u0300ge de l\u2019Assemble\u0301e nationale. Apre\u0300s plusieurs mois de de\u0301bats, le proce\u0300s entre dans sa phase de plaidoiries [&hellip;]","og_url":"https:\/\/www.africa-press.net\/guinee-conakry\/politique\/crief-le-proces-de-damaro-camara-entre-dans-sa-phase-de-plaidoiries-et-requisitions","og_site_name":"guinee Conakry","article_published_time":"2024-01-12T06:31:00+00:00","author":"cfeditorfr","twitter_card":"summary_large_image","twitter_misc":{"\u00c9crit par":"cfeditorfr","Dur\u00e9e de lecture estim\u00e9e":"1 minute"},"schema":{"@context":"https:\/\/schema.org","@graph":[{"@type":"Article","@id":"https:\/\/www.africa-press.net\/guinee-conakry\/politique\/crief-le-proces-de-damaro-camara-entre-dans-sa-phase-de-plaidoiries-et-requisitions#article","isPartOf":{"@id":"https:\/\/www.africa-press.net\/guinee-conakry\/politique\/crief-le-proces-de-damaro-camara-entre-dans-sa-phase-de-plaidoiries-et-requisitions"},"author":{"name":"cfeditorfr","@id":"https:\/\/www.africa-press.net\/guinee-conakry\/#\/schema\/person\/2b1cf3cd81a31e3cd26889ca66d677f1"},"headline":"CRIEF : le proc\u00e8s de Damaro Camara entre dans sa phase de plaidoiries et r\u00e9quisitions","datePublished":"2024-01-12T06:31:00+00:00","mainEntityOfPage":{"@id":"https:\/\/www.africa-press.net\/guinee-conakry\/politique\/crief-le-proces-de-damaro-camara-entre-dans-sa-phase-de-plaidoiries-et-requisitions"},"wordCount":269,"commentCount":0,"image":{"@id":"https:\/\/www.africa-press.net\/guinee-conakry\/politique\/crief-le-proces-de-damaro-camara-entre-dans-sa-phase-de-plaidoiries-et-requisitions#primaryimage"},"thumbnailUrl":"https:\/\/static.africa-press.net\/conakry\/sites\/63\/2024\/01\/Jokar1705028491.69358.jpg","keywords":["Africa Press","Africa Press-Guin\u00e9e","Guin\u00e9e"],"articleSection":["Communaut\u00e9","Politique","Toutes les actualit\u00e9s"],"inLanguage":"fr-FR","potentialAction":[{"@type":"CommentAction","name":"Comment","target":["https:\/\/www.africa-press.net\/guinee-conakry\/politique\/crief-le-proces-de-damaro-camara-entre-dans-sa-phase-de-plaidoiries-et-requisitions#respond"]}]},{"@type":"WebPage","@id":"https:\/\/www.africa-press.net\/guinee-conakry\/politique\/crief-le-proces-de-damaro-camara-entre-dans-sa-phase-de-plaidoiries-et-requisitions","url":"https:\/\/www.africa-press.net\/guinee-conakry\/politique\/crief-le-proces-de-damaro-camara-entre-dans-sa-phase-de-plaidoiries-et-requisitions","name":"CRIEF : le proc\u00e8s de Damaro Camara entre dans sa phase de plaidoiries et r\u00e9quisitions - guinee Conakry","isPartOf":{"@id":"https:\/\/www.africa-press.net\/guinee-conakry\/#website"},"primaryImageOfPage":{"@id":"https:\/\/www.africa-press.net\/guinee-conakry\/politique\/crief-le-proces-de-damaro-camara-entre-dans-sa-phase-de-plaidoiries-et-requisitions#primaryimage"},"image":{"@id":"https:\/\/www.africa-press.net\/guinee-conakry\/politique\/crief-le-proces-de-damaro-camara-entre-dans-sa-phase-de-plaidoiries-et-requisitions#primaryimage"},"thumbnailUrl":"https:\/\/static.africa-press.net\/conakry\/sites\/63\/2024\/01\/Jokar1705028491.69358.jpg","datePublished":"2024-01-12T06:31:00+00:00","author":{"@id":"https:\/\/www.africa-press.net\/guinee-conakry\/#\/schema\/person\/2b1cf3cd81a31e3cd26889ca66d677f1"},"breadcrumb":{"@id":"https:\/\/www.africa-press.net\/guinee-conakry\/politique\/crief-le-proces-de-damaro-camara-entre-dans-sa-phase-de-plaidoiries-et-requisitions#breadcrumb"},"inLanguage":"fr-FR","potentialAction":[{"@type":"ReadAction","target":["https:\/\/www.africa-press.net\/guinee-conakry\/politique\/crief-le-proces-de-damaro-camara-entre-dans-sa-phase-de-plaidoiries-et-requisitions"]}]},{"@type":"ImageObject","inLanguage":"fr-FR","@id":"https:\/\/www.africa-press.net\/guinee-conakry\/politique\/crief-le-proces-de-damaro-camara-entre-dans-sa-phase-de-plaidoiries-et-requisitions#primaryimage","url":"https:\/\/static.africa-press.net\/conakry\/sites\/63\/2024\/01\/Jokar1705028491.69358.jpg","contentUrl":"https:\/\/static.africa-press.net\/conakry\/sites\/63\/2024\/01\/Jokar1705028491.69358.jpg","width":960,"height":640,"caption":"CRIEF : le proc\u00e8s de Damaro Camara entre dans sa phase de plaidoiries et r\u00e9quisitions"},{"@type":"BreadcrumbList","@id":"https:\/\/www.africa-press.net\/guinee-conakry\/politique\/crief-le-proces-de-damaro-camara-entre-dans-sa-phase-de-plaidoiries-et-requisitions#breadcrumb","itemListElement":[{"@type":"ListItem","position":1,"name":"Accueil","item":"https:\/\/www.africa-press.net\/guinee-conakry\/"},{"@type":"ListItem","position":2,"name":"CRIEF : le proc\u00e8s de Damaro Camara entre dans sa phase de plaidoiries et r\u00e9quisitions"}]},{"@type":"WebSite","@id":"https:\/\/www.africa-press.net\/guinee-conakry\/#website","url":"https:\/\/www.africa-press.net\/guinee-conakry\/","name":"guinee Conakry","description":"Just another Africa News Agency Sites site","potentialAction":[{"@type":"SearchAction","target":{"@type":"EntryPoint","urlTemplate":"https:\/\/www.africa-press.net\/guinee-conakry\/?s={search_term_string}"},"query-input":{"@type":"PropertyValueSpecification","valueRequired":true,"valueName":"search_term_string"}}],"inLanguage":"fr-FR"},{"@type":"Person","@id":"https:\/\/www.africa-press.net\/guinee-conakry\/#\/schema\/person\/2b1cf3cd81a31e3cd26889ca66d677f1","name":"cfeditorfr"}]}},"_links":{"self":[{"href":"https:\/\/www.africa-press.net\/guinee-conakry\/wp-json\/wp\/v2\/posts\/18266","targetHints":{"allow":["GET"]}}],"collection":[{"href":"https:\/\/www.africa-press.net\/guinee-conakry\/wp-json\/wp\/v2\/posts"}],"about":[{"href":"https:\/\/www.africa-press.net\/guinee-conakry\/wp-json\/wp\/v2\/types\/post"}],"author":[{"embeddable":true,"href":"https:\/\/www.africa-press.net\/guinee-conakry\/wp-json\/wp\/v2\/users\/82"}],"replies":[{"embeddable":true,"href":"https:\/\/www.africa-press.net\/guinee-conakry\/wp-json\/wp\/v2\/comments?post=18266"}],"version-history":[{"count":0,"href":"https:\/\/www.africa-press.net\/guinee-conakry\/wp-json\/wp\/v2\/posts\/18266\/revisions"}],"wp:featuredmedia":[{"embeddable":true,"href":"https:\/\/www.africa-press.net\/guinee-conakry\/wp-json\/wp\/v2\/media\/18265"}],"wp:attachment":[{"href":"https:\/\/www.africa-press.net\/guinee-conakry\/wp-json\/wp\/v2\/media?parent=18266"}],"wp:term":[{"taxonomy":"category","embeddable":true,"href":"https:\/\/www.africa-press.net\/guinee-conakry\/wp-json\/wp\/v2\/categories?post=18266"},{"taxonomy":"post_tag","embeddable":true,"href":"https:\/\/www.africa-press.net\/guinee-conakry\/wp-json\/wp\/v2\/tags?post=18266"}],"curies":[{"name":"wp","href":"https:\/\/api.w.org\/{rel}","templated":true}]}}