{"id":18292,"date":"2024-01-13T03:22:00","date_gmt":"2024-01-13T03:22:00","guid":{"rendered":"https:\/\/www.africa-press.net\/guinee-conakry\/politique\/annus-horribilis-par-tierno-monenembo"},"modified":"2024-01-13T03:22:00","modified_gmt":"2024-01-13T03:22:00","slug":"annus-horribilis-par-tierno-monenembo","status":"publish","type":"post","link":"https:\/\/www.africa-press.net\/guinee-conakry\/dossiers\/annus-horribilis-par-tierno-monenembo","title":{"rendered":"Annus horribilis\u00a0! (Par Tierno Mon\u00e9nembo)"},"content":{"rendered":"<p><span style=\"color: #ff6600\"><strong>Africa-Press &#8211; Guin\u00e9e. <\/strong><\/span><b>C\u2019est ce qu\u2019on appelle une anne\u0301e churchillienne : rien que de la sueur, rien que des larmes, rien que du sang ! Une ve\u0301ritable annus horribilis, pour parler comme la reine Elisabeth II qui a d\u2019ailleurs pre\u0301fe\u0301re\u0301 s\u2019e\u0301clipser de\u0300s que l\u2019horrible chose a pointe\u0301 le bout de son nez. Non, 2023 n\u2019est pas une anne\u0301e dont nous, nous souviendrons \u00ab avec un plaisir inalte\u0301re\u0301 \u00bb. <\/b><\/p>\n<p>En Ukraine, le conflit s\u2019est enlise\u0301, la guerre est devenue la norme dans une re\u0301gion que l\u2019on croyait a\u0300 l\u2019abri depuis la ce\u0301le\u0300bre bataille de Stalingrad. Quant au Moyen-Orient s\u2019est de nouveau embrase\u0301 et les images insoutenables qui nous en viennent, ne pre\u0301sagent aucun espoir de paix dans le moyen terme.<\/p>\n<p>Dans le monde-spectacle qu\u2019est devenu le no\u0302tre, ce sont les guerres, les matchs de football et les concerts de rock qui affolent l\u2019audimat. Et dans ce trio, ce sont les guerres qui me\u0300nent. Loin devant les come\u0301diens, ce sont les soldats, les vrais, qui cre\u0300vent l\u2019e\u0301cran. Les vedettes ne s\u2019appellent plus Yul Brunner, Burt Lancaster, Humphrey Bogart ou John Wayne mais Poutine, Zelensky, Netanyahou et Haniyeh.<\/p>\n<p>C\u2019est si vrai que l\u2019on peut parler de guerres de se\u0301rie A et de guerre de se\u0301rie B.<\/p>\n<p>Il y a les guerres te\u0301le\u0301ge\u0301niques, celles des riches, celles des beaux acteurs et il a les autres, celles ou\u0300 les de\u0301cors sont si miteux et les ro\u0302les si mal tenus qu\u2019elles ne me\u0301ritent me\u0302me pas d\u2019e\u0302tre cite\u0301es. Les guerres oublie\u0301es de l\u2019est du Congo par exemple qui n\u2019attirent aucune came\u0301ra, ne suscitent aucune indignation alors que 8 millions de personnes y ont perdu la vie, ces dix dernie\u0300res anne\u0301es.<\/p>\n<p>Vous me direz que comme Ebola, la guerre est ende\u0301mique, presque normale en Afrique. La preuve, si elle s\u2019est e\u0301teinte dans le Tigre\u0301, elle s\u2019est aussito\u0302t rallume\u0301e au Soudan et on attend anxieusement le nombre de victimes que cette petite dernie\u0300re va engendrer.<\/p>\n<p>Quant aux coups d\u2019Etat, cette autre ende\u0301mie que l\u2019on croyait e\u0301radique\u0301e, les voila\u0300 de retour (deux rien que pour l\u2019anne\u0301e e\u0301coule\u0301e !) sans tre\u0302ve et sans complexe comme a\u0300 l\u2019e\u0301poque d\u2019Idi Amin Dada. Il est temps de se faire une raison : l\u2019illusion de\u0301mocratique ne\u0301e au de\u0301but des anne\u0301es 90 est morte et bel et bien enterre\u0301e. Les Assimi Goi\u0308ta, Mamadi Doumbouya, Ibrahima Traore\u0301, Abdourahamane Tiani et autres fils De\u0301by fils sont la\u0300 pour longtemps et me\u0302me si c\u2019e\u0301tait possible, pour toujours.<\/p>\n<p>Comme si les conflits et les de\u0301convenues ne suffisaient pas, les folies de dame Nature sont venues s\u2019ajouter a\u0300 celles des hommes. L\u2019anne\u0301e 2023 fut l\u2019anne\u0301e par excellence du de\u0301re\u0300glement climatique, entendez l\u2019anne\u0301e la plus chaude de l\u2019histoire de la plane\u0300te.<\/p>\n<p>Mais il n\u2019y eut pas que des chaleurs, des crues et des tempe\u0302tes, il y eut aussi des tremblements de terre en Turquie, en Syrie, au Maroc et ce lundi 1er janvier au Japon comme si elle avait voulu nous laisser un petit pourboire avant de quitter la table.<\/p>\n<p>En fouillant de fond en comme, on peut tout de me\u0302me trouver deux ou trois bonnes nouvelles, de quoi nous rassurer \u00ab quant au riche avenir \u00bb de note plante pour reprendre le beau titre du roman de Marie Ndiaye. L\u2019arme\u0301e malienne a repris la ville de Kidal. Ce n\u2019est pas rien. Avec ou sans Wagner, c\u2019est un de\u0301but de reconque\u0302te ; au Libe\u0301ria, la tre\u0300s honorable de\u0301faite de Georges Weah est une lueur d\u2019espoir. Le seul ballon d\u2019or africain est sorti du pouvoir, la te\u0302te haute, apre\u0300s une e\u0301lection re\u0301gulie\u0300re. Thank you, sir Georges Weah ! Nous pre\u0301fe\u0301rons cette de\u0301faite-la\u0300 a\u0300 la victoire de Tschisekedi au Congo. 73% de\u0300s le premier tour, c\u2019est suspect ; et a\u0300 certains e\u0301gards, digne de Bongo ou de Mobutu !<\/p>\n<p>Bonne anne\u0301e, quand me\u0302me!<\/p>\n<p><b>Tierno Mone\u0301nembo<\/b><\/p>\n<p>Source : Le Point<\/p>\n<p><strong>Pour plus d&rsquo;informations et d&rsquo;analyses sur la <a href=\"https:\/\/www.africa-press.net\/guinee-conakry\">Guin\u00e9e<\/a>, suivez <a href=\"https:\/\/www.africa-press.net\/\">Africa-Press<\/a><\/strong><\/p>\n","protected":false},"excerpt":{"rendered":"<p>Africa-Press &#8211; Guin\u00e9e. C\u2019est ce qu\u2019on appelle une anne\u0301e churchillienne : rien que de la sueur, rien que des larmes, rien que du sang ! Une ve\u0301ritable annus horribilis, pour parler comme la reine Elisabeth II qui a d\u2019ailleurs pre\u0301fe\u0301re\u0301 s\u2019e\u0301clipser de\u0300s que l\u2019horrible chose a pointe\u0301 le bout de son nez. Non, 2023 n\u2019est [&hellip;]<\/p>\n","protected":false},"author":82,"featured_media":18291,"comment_status":"open","ping_status":"closed","sticky":false,"template":"","format":"standard","meta":{"footnotes":""},"categories":[7,10],"tags":[36,57,58],"class_list":["post-18292","post","type-post","status-publish","format-standard","has-post-thumbnail","hentry","category-dossiers","category-toutes-les-actualites","tag-africa-press","tag-africa-press-guinee","tag-guinee"],"yoast_head":"<!-- This site is optimized with the Yoast SEO Premium plugin v26.1 (Yoast SEO v27.0) - https:\/\/yoast.com\/product\/yoast-seo-premium-wordpress\/ -->\n<title>Annus horribilis\u00a0! (Par Tierno Mon\u00e9nembo) - guinee Conakry<\/title>\n<meta name=\"robots\" content=\"index, follow, max-snippet:-1, max-image-preview:large, max-video-preview:-1\" \/>\n<link rel=\"canonical\" href=\"https:\/\/www.africa-press.net\/guinee-conakry\/politique\/annus-horribilis-par-tierno-monenembo\" \/>\n<meta property=\"og:locale\" content=\"fr_FR\" \/>\n<meta property=\"og:type\" content=\"article\" \/>\n<meta property=\"og:title\" content=\"Annus horribilis\u00a0! (Par Tierno Mon\u00e9nembo)\" \/>\n<meta property=\"og:description\" content=\"Africa-Press &#8211; Guin\u00e9e. C\u2019est ce qu\u2019on appelle une anne\u0301e churchillienne : rien que de la sueur, rien que des larmes, rien que du sang ! Une ve\u0301ritable annus horribilis, pour parler comme la reine Elisabeth II qui a d\u2019ailleurs pre\u0301fe\u0301re\u0301 s\u2019e\u0301clipser de\u0300s que l\u2019horrible chose a pointe\u0301 le bout de son nez. Non, 2023 n\u2019est [&hellip;]\" \/>\n<meta property=\"og:url\" content=\"https:\/\/www.africa-press.net\/guinee-conakry\/politique\/annus-horribilis-par-tierno-monenembo\" \/>\n<meta property=\"og:site_name\" content=\"guinee Conakry\" \/>\n<meta property=\"article:published_time\" content=\"2024-01-13T03:22:00+00:00\" \/>\n<meta name=\"author\" content=\"cfeditorfr\" \/>\n<meta name=\"twitter:card\" content=\"summary_large_image\" \/>\n<meta name=\"twitter:label1\" content=\"\u00c9crit par\" \/>\n\t<meta name=\"twitter:data1\" content=\"cfeditorfr\" \/>\n\t<meta name=\"twitter:label2\" content=\"Dur\u00e9e de lecture estim\u00e9e\" \/>\n\t<meta name=\"twitter:data2\" content=\"4 minutes\" \/>\n<script type=\"application\/ld+json\" class=\"yoast-schema-graph\">{\"@context\":\"https:\/\/schema.org\",\"@graph\":[{\"@type\":\"Article\",\"@id\":\"https:\/\/www.africa-press.net\/guinee-conakry\/politique\/annus-horribilis-par-tierno-monenembo#article\",\"isPartOf\":{\"@id\":\"https:\/\/www.africa-press.net\/guinee-conakry\/politique\/annus-horribilis-par-tierno-monenembo\"},\"author\":{\"name\":\"cfeditorfr\",\"@id\":\"https:\/\/www.africa-press.net\/guinee-conakry\/#\/schema\/person\/2b1cf3cd81a31e3cd26889ca66d677f1\"},\"headline\":\"Annus horribilis\u00a0! (Par Tierno Mon\u00e9nembo)\",\"datePublished\":\"2024-01-13T03:22:00+00:00\",\"mainEntityOfPage\":{\"@id\":\"https:\/\/www.africa-press.net\/guinee-conakry\/politique\/annus-horribilis-par-tierno-monenembo\"},\"wordCount\":750,\"commentCount\":0,\"image\":{\"@id\":\"https:\/\/www.africa-press.net\/guinee-conakry\/politique\/annus-horribilis-par-tierno-monenembo#primaryimage\"},\"thumbnailUrl\":\"https:\/\/static.africa-press.net\/conakry\/sites\/63\/2024\/01\/Jokar1705103557.408406.jpg\",\"keywords\":[\"Africa Press\",\"Africa Press-Guin\u00e9e\",\"Guin\u00e9e\"],\"articleSection\":[\"Dossiers\",\"Toutes les actualit\u00e9s\"],\"inLanguage\":\"fr-FR\",\"potentialAction\":[{\"@type\":\"CommentAction\",\"name\":\"Comment\",\"target\":[\"https:\/\/www.africa-press.net\/guinee-conakry\/politique\/annus-horribilis-par-tierno-monenembo#respond\"]}]},{\"@type\":\"WebPage\",\"@id\":\"https:\/\/www.africa-press.net\/guinee-conakry\/politique\/annus-horribilis-par-tierno-monenembo\",\"url\":\"https:\/\/www.africa-press.net\/guinee-conakry\/politique\/annus-horribilis-par-tierno-monenembo\",\"name\":\"Annus horribilis\u00a0! (Par Tierno Mon\u00e9nembo) - guinee Conakry\",\"isPartOf\":{\"@id\":\"https:\/\/www.africa-press.net\/guinee-conakry\/#website\"},\"primaryImageOfPage\":{\"@id\":\"https:\/\/www.africa-press.net\/guinee-conakry\/politique\/annus-horribilis-par-tierno-monenembo#primaryimage\"},\"image\":{\"@id\":\"https:\/\/www.africa-press.net\/guinee-conakry\/politique\/annus-horribilis-par-tierno-monenembo#primaryimage\"},\"thumbnailUrl\":\"https:\/\/static.africa-press.net\/conakry\/sites\/63\/2024\/01\/Jokar1705103557.408406.jpg\",\"datePublished\":\"2024-01-13T03:22:00+00:00\",\"author\":{\"@id\":\"https:\/\/www.africa-press.net\/guinee-conakry\/#\/schema\/person\/2b1cf3cd81a31e3cd26889ca66d677f1\"},\"breadcrumb\":{\"@id\":\"https:\/\/www.africa-press.net\/guinee-conakry\/politique\/annus-horribilis-par-tierno-monenembo#breadcrumb\"},\"inLanguage\":\"fr-FR\",\"potentialAction\":[{\"@type\":\"ReadAction\",\"target\":[\"https:\/\/www.africa-press.net\/guinee-conakry\/politique\/annus-horribilis-par-tierno-monenembo\"]}]},{\"@type\":\"ImageObject\",\"inLanguage\":\"fr-FR\",\"@id\":\"https:\/\/www.africa-press.net\/guinee-conakry\/politique\/annus-horribilis-par-tierno-monenembo#primaryimage\",\"url\":\"https:\/\/static.africa-press.net\/conakry\/sites\/63\/2024\/01\/Jokar1705103557.408406.jpg\",\"contentUrl\":\"https:\/\/static.africa-press.net\/conakry\/sites\/63\/2024\/01\/Jokar1705103557.408406.jpg\",\"width\":676,\"height\":389,\"caption\":\"Annus horribilis\u00a0! (Par Tierno Mon\u00e9nembo)\"},{\"@type\":\"BreadcrumbList\",\"@id\":\"https:\/\/www.africa-press.net\/guinee-conakry\/politique\/annus-horribilis-par-tierno-monenembo#breadcrumb\",\"itemListElement\":[{\"@type\":\"ListItem\",\"position\":1,\"name\":\"Accueil\",\"item\":\"https:\/\/www.africa-press.net\/guinee-conakry\/\"},{\"@type\":\"ListItem\",\"position\":2,\"name\":\"Annus horribilis\u00a0! (Par Tierno Mon\u00e9nembo)\"}]},{\"@type\":\"WebSite\",\"@id\":\"https:\/\/www.africa-press.net\/guinee-conakry\/#website\",\"url\":\"https:\/\/www.africa-press.net\/guinee-conakry\/\",\"name\":\"guinee Conakry\",\"description\":\"Just another Africa News Agency Sites site\",\"potentialAction\":[{\"@type\":\"SearchAction\",\"target\":{\"@type\":\"EntryPoint\",\"urlTemplate\":\"https:\/\/www.africa-press.net\/guinee-conakry\/?s={search_term_string}\"},\"query-input\":{\"@type\":\"PropertyValueSpecification\",\"valueRequired\":true,\"valueName\":\"search_term_string\"}}],\"inLanguage\":\"fr-FR\"},{\"@type\":\"Person\",\"@id\":\"https:\/\/www.africa-press.net\/guinee-conakry\/#\/schema\/person\/2b1cf3cd81a31e3cd26889ca66d677f1\",\"name\":\"cfeditorfr\"}]}<\/script>\n<!-- \/ Yoast SEO Premium plugin. -->","yoast_head_json":{"title":"Annus horribilis\u00a0! (Par Tierno Mon\u00e9nembo) - guinee Conakry","robots":{"index":"index","follow":"follow","max-snippet":"max-snippet:-1","max-image-preview":"max-image-preview:large","max-video-preview":"max-video-preview:-1"},"canonical":"https:\/\/www.africa-press.net\/guinee-conakry\/politique\/annus-horribilis-par-tierno-monenembo","og_locale":"fr_FR","og_type":"article","og_title":"Annus horribilis\u00a0! (Par Tierno Mon\u00e9nembo)","og_description":"Africa-Press &#8211; Guin\u00e9e. C\u2019est ce qu\u2019on appelle une anne\u0301e churchillienne : rien que de la sueur, rien que des larmes, rien que du sang ! Une ve\u0301ritable annus horribilis, pour parler comme la reine Elisabeth II qui a d\u2019ailleurs pre\u0301fe\u0301re\u0301 s\u2019e\u0301clipser de\u0300s que l\u2019horrible chose a pointe\u0301 le bout de son nez. Non, 2023 n\u2019est [&hellip;]","og_url":"https:\/\/www.africa-press.net\/guinee-conakry\/politique\/annus-horribilis-par-tierno-monenembo","og_site_name":"guinee Conakry","article_published_time":"2024-01-13T03:22:00+00:00","author":"cfeditorfr","twitter_card":"summary_large_image","twitter_misc":{"\u00c9crit par":"cfeditorfr","Dur\u00e9e de lecture estim\u00e9e":"4 minutes"},"schema":{"@context":"https:\/\/schema.org","@graph":[{"@type":"Article","@id":"https:\/\/www.africa-press.net\/guinee-conakry\/politique\/annus-horribilis-par-tierno-monenembo#article","isPartOf":{"@id":"https:\/\/www.africa-press.net\/guinee-conakry\/politique\/annus-horribilis-par-tierno-monenembo"},"author":{"name":"cfeditorfr","@id":"https:\/\/www.africa-press.net\/guinee-conakry\/#\/schema\/person\/2b1cf3cd81a31e3cd26889ca66d677f1"},"headline":"Annus horribilis\u00a0! (Par Tierno Mon\u00e9nembo)","datePublished":"2024-01-13T03:22:00+00:00","mainEntityOfPage":{"@id":"https:\/\/www.africa-press.net\/guinee-conakry\/politique\/annus-horribilis-par-tierno-monenembo"},"wordCount":750,"commentCount":0,"image":{"@id":"https:\/\/www.africa-press.net\/guinee-conakry\/politique\/annus-horribilis-par-tierno-monenembo#primaryimage"},"thumbnailUrl":"https:\/\/static.africa-press.net\/conakry\/sites\/63\/2024\/01\/Jokar1705103557.408406.jpg","keywords":["Africa Press","Africa Press-Guin\u00e9e","Guin\u00e9e"],"articleSection":["Dossiers","Toutes les actualit\u00e9s"],"inLanguage":"fr-FR","potentialAction":[{"@type":"CommentAction","name":"Comment","target":["https:\/\/www.africa-press.net\/guinee-conakry\/politique\/annus-horribilis-par-tierno-monenembo#respond"]}]},{"@type":"WebPage","@id":"https:\/\/www.africa-press.net\/guinee-conakry\/politique\/annus-horribilis-par-tierno-monenembo","url":"https:\/\/www.africa-press.net\/guinee-conakry\/politique\/annus-horribilis-par-tierno-monenembo","name":"Annus horribilis\u00a0! (Par Tierno Mon\u00e9nembo) - guinee Conakry","isPartOf":{"@id":"https:\/\/www.africa-press.net\/guinee-conakry\/#website"},"primaryImageOfPage":{"@id":"https:\/\/www.africa-press.net\/guinee-conakry\/politique\/annus-horribilis-par-tierno-monenembo#primaryimage"},"image":{"@id":"https:\/\/www.africa-press.net\/guinee-conakry\/politique\/annus-horribilis-par-tierno-monenembo#primaryimage"},"thumbnailUrl":"https:\/\/static.africa-press.net\/conakry\/sites\/63\/2024\/01\/Jokar1705103557.408406.jpg","datePublished":"2024-01-13T03:22:00+00:00","author":{"@id":"https:\/\/www.africa-press.net\/guinee-conakry\/#\/schema\/person\/2b1cf3cd81a31e3cd26889ca66d677f1"},"breadcrumb":{"@id":"https:\/\/www.africa-press.net\/guinee-conakry\/politique\/annus-horribilis-par-tierno-monenembo#breadcrumb"},"inLanguage":"fr-FR","potentialAction":[{"@type":"ReadAction","target":["https:\/\/www.africa-press.net\/guinee-conakry\/politique\/annus-horribilis-par-tierno-monenembo"]}]},{"@type":"ImageObject","inLanguage":"fr-FR","@id":"https:\/\/www.africa-press.net\/guinee-conakry\/politique\/annus-horribilis-par-tierno-monenembo#primaryimage","url":"https:\/\/static.africa-press.net\/conakry\/sites\/63\/2024\/01\/Jokar1705103557.408406.jpg","contentUrl":"https:\/\/static.africa-press.net\/conakry\/sites\/63\/2024\/01\/Jokar1705103557.408406.jpg","width":676,"height":389,"caption":"Annus horribilis\u00a0! (Par Tierno Mon\u00e9nembo)"},{"@type":"BreadcrumbList","@id":"https:\/\/www.africa-press.net\/guinee-conakry\/politique\/annus-horribilis-par-tierno-monenembo#breadcrumb","itemListElement":[{"@type":"ListItem","position":1,"name":"Accueil","item":"https:\/\/www.africa-press.net\/guinee-conakry\/"},{"@type":"ListItem","position":2,"name":"Annus horribilis\u00a0! (Par Tierno Mon\u00e9nembo)"}]},{"@type":"WebSite","@id":"https:\/\/www.africa-press.net\/guinee-conakry\/#website","url":"https:\/\/www.africa-press.net\/guinee-conakry\/","name":"guinee Conakry","description":"Just another Africa News Agency Sites site","potentialAction":[{"@type":"SearchAction","target":{"@type":"EntryPoint","urlTemplate":"https:\/\/www.africa-press.net\/guinee-conakry\/?s={search_term_string}"},"query-input":{"@type":"PropertyValueSpecification","valueRequired":true,"valueName":"search_term_string"}}],"inLanguage":"fr-FR"},{"@type":"Person","@id":"https:\/\/www.africa-press.net\/guinee-conakry\/#\/schema\/person\/2b1cf3cd81a31e3cd26889ca66d677f1","name":"cfeditorfr"}]}},"_links":{"self":[{"href":"https:\/\/www.africa-press.net\/guinee-conakry\/wp-json\/wp\/v2\/posts\/18292","targetHints":{"allow":["GET"]}}],"collection":[{"href":"https:\/\/www.africa-press.net\/guinee-conakry\/wp-json\/wp\/v2\/posts"}],"about":[{"href":"https:\/\/www.africa-press.net\/guinee-conakry\/wp-json\/wp\/v2\/types\/post"}],"author":[{"embeddable":true,"href":"https:\/\/www.africa-press.net\/guinee-conakry\/wp-json\/wp\/v2\/users\/82"}],"replies":[{"embeddable":true,"href":"https:\/\/www.africa-press.net\/guinee-conakry\/wp-json\/wp\/v2\/comments?post=18292"}],"version-history":[{"count":0,"href":"https:\/\/www.africa-press.net\/guinee-conakry\/wp-json\/wp\/v2\/posts\/18292\/revisions"}],"wp:featuredmedia":[{"embeddable":true,"href":"https:\/\/www.africa-press.net\/guinee-conakry\/wp-json\/wp\/v2\/media\/18291"}],"wp:attachment":[{"href":"https:\/\/www.africa-press.net\/guinee-conakry\/wp-json\/wp\/v2\/media?parent=18292"}],"wp:term":[{"taxonomy":"category","embeddable":true,"href":"https:\/\/www.africa-press.net\/guinee-conakry\/wp-json\/wp\/v2\/categories?post=18292"},{"taxonomy":"post_tag","embeddable":true,"href":"https:\/\/www.africa-press.net\/guinee-conakry\/wp-json\/wp\/v2\/tags?post=18292"}],"curies":[{"name":"wp","href":"https:\/\/api.w.org\/{rel}","templated":true}]}}