{"id":18298,"date":"2024-01-13T17:53:00","date_gmt":"2024-01-13T17:53:00","guid":{"rendered":"https:\/\/www.africa-press.net\/guinee-conakry\/politique\/le-ministre-de-la-sante-a-dansa-kourouma-vous-faites-la-fierte-du-corps-medical-de-ce-pays"},"modified":"2024-01-13T17:53:00","modified_gmt":"2024-01-13T17:53:00","slug":"le-ministre-de-la-sante-a-dansa-kourouma-vous-faites-la-fierte-du-corps-medical-de-ce-pays","status":"publish","type":"post","link":"https:\/\/www.africa-press.net\/guinee-conakry\/politique\/le-ministre-de-la-sante-a-dansa-kourouma-vous-faites-la-fierte-du-corps-medical-de-ce-pays","title":{"rendered":"Le ministre de la sant\u00e9 \u00e0 Dansa Kourouma : \u201cVous faites la fiert\u00e9 du corps m\u00e9dical de ce pays\u201d"},"content":{"rendered":"<p><span style=\"color: #ff6600\"><strong>Africa-Press &#8211; Guin\u00e9e. <\/strong><\/span><b>Le ministre de la sante\u0301 et de l\u2019hygie\u0300ne publique a de\u0301fendu vendredi soir le projet de loi portant pre\u0301vention du VIH, prise en charge et protection des personnes vivant avec le VIH en Guine\u0301e. Apre\u0300s les de\u0301bats, suivis de plusieurs observations, les conseillers nationaux ont adopte\u0301 cette loi a\u0300 l\u2019unanimite\u0301.<\/b><\/p>\n<p>Dr Oumar Diouhe\u0301 Bah a juge\u0301 l\u2019occasion opportune pour exprimer une fois de plus ses remerciements au colonel Mamadi Doumbouya pour la confiance place\u0301e en lui pour diriger le de\u0301partement en charge de la sante\u0301.<\/p>\n<p>Il a aussi remercie\u0301 le pre\u0301sident du Conseil national de la transition (CNT), Dansa Kourouma. Aujourd\u2019hui, dit-il, \u201cvous faites la fierte\u0301 du corps me\u0301dical de ce pays\u201d.<\/p>\n<p>\u201cLorsqu\u2019il e\u0301tait question de parler du budget, j\u2019ai e\u0301te\u0301 particulie\u0300rement tre\u0300s impressionne\u0301 par la qualite\u0301 des de\u0301bats. Jai l\u2019impression que j\u2019avais a\u0300 faire a\u0300 des professionnels de la sante\u0301 de haut niveau, de par les questions pose\u0301es \u00bb, explique-t-il en parlant des membres du CNT.<\/p>\n<p>Pour le ministre Diouhe\u0301 Bah, le pre\u0301sident du CNT est une \u201cchance extraordinaire que le ministe\u0300re de la sante\u0301 a aujourd\u2019hui, une opportunite\u0301 a\u0300 saisir. Le fait d\u2019avoir un me\u0301decin comme pre\u0301sident du CNT, d\u2019avoir une e\u0301quipe me\u0301dicale au sein de la commission sante\u0301 mais aussi d\u2019avoir le pre\u0301sident de la Re\u0301publique qui fait de la sante\u0301 une priorite\u0301\u201d.<\/p>\n<p>\u201cJe me rappelle que dans son premier discours de prise de pouvoir, il avait fait de la sante\u0301 et de la justice, des priorite\u0301s. Pour moi, c\u2019est une opportunite\u0301 que nous devons vraiment exploiter\u201d, conclut le ministre.<\/p>\n<p><b>Abdoulaye Bella DIALLO<\/b><\/p>\n<p><strong>Pour plus d&rsquo;informations et d&rsquo;analyses sur la <a href=\"https:\/\/www.africa-press.net\/guinee-conakry\">Guin\u00e9e<\/a>, suivez <a href=\"https:\/\/www.africa-press.net\/\">Africa-Press<\/a><\/strong><\/p>\n","protected":false},"excerpt":{"rendered":"<p>Africa-Press &#8211; Guin\u00e9e. Le ministre de la sante\u0301 et de l\u2019hygie\u0300ne publique a de\u0301fendu vendredi soir le projet de loi portant pre\u0301vention du VIH, prise en charge et protection des personnes vivant avec le VIH en Guine\u0301e. Apre\u0300s les de\u0301bats, suivis de plusieurs observations, les conseillers nationaux ont adopte\u0301 cette loi a\u0300 l\u2019unanimite\u0301. Dr Oumar [&hellip;]<\/p>\n","protected":false},"author":82,"featured_media":18297,"comment_status":"open","ping_status":"closed","sticky":false,"template":"","format":"standard","meta":{"footnotes":""},"categories":[21,2,56,10],"tags":[36,57,58],"class_list":["post-18298","post","type-post","status-publish","format-standard","has-post-thumbnail","hentry","category-communaute","category-politique","category-to-homepage","category-toutes-les-actualites","tag-africa-press","tag-africa-press-guinee","tag-guinee"],"yoast_head":"<!-- This site is optimized with the Yoast SEO Premium plugin v26.1 (Yoast SEO v27.0) - https:\/\/yoast.com\/product\/yoast-seo-premium-wordpress\/ -->\n<title>Le ministre de la sant\u00e9 \u00e0 Dansa Kourouma : \u201cVous faites la fiert\u00e9 du corps m\u00e9dical de ce pays\u201d - guinee Conakry<\/title>\n<meta name=\"robots\" content=\"index, follow, max-snippet:-1, max-image-preview:large, max-video-preview:-1\" \/>\n<link rel=\"canonical\" href=\"https:\/\/www.africa-press.net\/guinee-conakry\/politique\/le-ministre-de-la-sante-a-dansa-kourouma-vous-faites-la-fierte-du-corps-medical-de-ce-pays\" \/>\n<meta property=\"og:locale\" content=\"fr_FR\" \/>\n<meta property=\"og:type\" content=\"article\" \/>\n<meta property=\"og:title\" content=\"Le ministre de la sant\u00e9 \u00e0 Dansa Kourouma : \u201cVous faites la fiert\u00e9 du corps m\u00e9dical de ce pays\u201d\" \/>\n<meta property=\"og:description\" content=\"Africa-Press &#8211; Guin\u00e9e. Le ministre de la sante\u0301 et de l\u2019hygie\u0300ne publique a de\u0301fendu vendredi soir le projet de loi portant pre\u0301vention du VIH, prise en charge et protection des personnes vivant avec le VIH en Guine\u0301e. Apre\u0300s les de\u0301bats, suivis de plusieurs observations, les conseillers nationaux ont adopte\u0301 cette loi a\u0300 l\u2019unanimite\u0301. Dr Oumar [&hellip;]\" \/>\n<meta property=\"og:url\" content=\"https:\/\/www.africa-press.net\/guinee-conakry\/politique\/le-ministre-de-la-sante-a-dansa-kourouma-vous-faites-la-fierte-du-corps-medical-de-ce-pays\" \/>\n<meta property=\"og:site_name\" content=\"guinee Conakry\" \/>\n<meta property=\"article:published_time\" content=\"2024-01-13T17:53:00+00:00\" \/>\n<meta name=\"author\" content=\"cfeditorfr\" \/>\n<meta name=\"twitter:card\" content=\"summary_large_image\" \/>\n<meta name=\"twitter:label1\" content=\"\u00c9crit par\" \/>\n\t<meta name=\"twitter:data1\" content=\"cfeditorfr\" \/>\n\t<meta name=\"twitter:label2\" content=\"Dur\u00e9e de lecture estim\u00e9e\" \/>\n\t<meta name=\"twitter:data2\" content=\"2 minutes\" \/>\n<script type=\"application\/ld+json\" class=\"yoast-schema-graph\">{\"@context\":\"https:\/\/schema.org\",\"@graph\":[{\"@type\":\"Article\",\"@id\":\"https:\/\/www.africa-press.net\/guinee-conakry\/politique\/le-ministre-de-la-sante-a-dansa-kourouma-vous-faites-la-fierte-du-corps-medical-de-ce-pays#article\",\"isPartOf\":{\"@id\":\"https:\/\/www.africa-press.net\/guinee-conakry\/politique\/le-ministre-de-la-sante-a-dansa-kourouma-vous-faites-la-fierte-du-corps-medical-de-ce-pays\"},\"author\":{\"name\":\"cfeditorfr\",\"@id\":\"https:\/\/www.africa-press.net\/guinee-conakry\/#\/schema\/person\/2b1cf3cd81a31e3cd26889ca66d677f1\"},\"headline\":\"Le ministre de la sant\u00e9 \u00e0 Dansa Kourouma : \u201cVous faites la fiert\u00e9 du corps m\u00e9dical de ce pays\u201d\",\"datePublished\":\"2024-01-13T17:53:00+00:00\",\"mainEntityOfPage\":{\"@id\":\"https:\/\/www.africa-press.net\/guinee-conakry\/politique\/le-ministre-de-la-sante-a-dansa-kourouma-vous-faites-la-fierte-du-corps-medical-de-ce-pays\"},\"wordCount\":328,\"commentCount\":0,\"image\":{\"@id\":\"https:\/\/www.africa-press.net\/guinee-conakry\/politique\/le-ministre-de-la-sante-a-dansa-kourouma-vous-faites-la-fierte-du-corps-medical-de-ce-pays#primaryimage\"},\"thumbnailUrl\":\"https:\/\/static.africa-press.net\/conakry\/sites\/63\/2024\/01\/Jokar1705155812.809513.jpg\",\"keywords\":[\"Africa Press\",\"Africa Press-Guin\u00e9e\",\"Guin\u00e9e\"],\"articleSection\":[\"Communaut\u00e9\",\"Politique\",\"to-homepage\",\"Toutes les actualit\u00e9s\"],\"inLanguage\":\"fr-FR\",\"potentialAction\":[{\"@type\":\"CommentAction\",\"name\":\"Comment\",\"target\":[\"https:\/\/www.africa-press.net\/guinee-conakry\/politique\/le-ministre-de-la-sante-a-dansa-kourouma-vous-faites-la-fierte-du-corps-medical-de-ce-pays#respond\"]}]},{\"@type\":\"WebPage\",\"@id\":\"https:\/\/www.africa-press.net\/guinee-conakry\/politique\/le-ministre-de-la-sante-a-dansa-kourouma-vous-faites-la-fierte-du-corps-medical-de-ce-pays\",\"url\":\"https:\/\/www.africa-press.net\/guinee-conakry\/politique\/le-ministre-de-la-sante-a-dansa-kourouma-vous-faites-la-fierte-du-corps-medical-de-ce-pays\",\"name\":\"Le ministre de la sant\u00e9 \u00e0 Dansa Kourouma : \u201cVous faites la fiert\u00e9 du corps m\u00e9dical de ce pays\u201d - guinee Conakry\",\"isPartOf\":{\"@id\":\"https:\/\/www.africa-press.net\/guinee-conakry\/#website\"},\"primaryImageOfPage\":{\"@id\":\"https:\/\/www.africa-press.net\/guinee-conakry\/politique\/le-ministre-de-la-sante-a-dansa-kourouma-vous-faites-la-fierte-du-corps-medical-de-ce-pays#primaryimage\"},\"image\":{\"@id\":\"https:\/\/www.africa-press.net\/guinee-conakry\/politique\/le-ministre-de-la-sante-a-dansa-kourouma-vous-faites-la-fierte-du-corps-medical-de-ce-pays#primaryimage\"},\"thumbnailUrl\":\"https:\/\/static.africa-press.net\/conakry\/sites\/63\/2024\/01\/Jokar1705155812.809513.jpg\",\"datePublished\":\"2024-01-13T17:53:00+00:00\",\"author\":{\"@id\":\"https:\/\/www.africa-press.net\/guinee-conakry\/#\/schema\/person\/2b1cf3cd81a31e3cd26889ca66d677f1\"},\"breadcrumb\":{\"@id\":\"https:\/\/www.africa-press.net\/guinee-conakry\/politique\/le-ministre-de-la-sante-a-dansa-kourouma-vous-faites-la-fierte-du-corps-medical-de-ce-pays#breadcrumb\"},\"inLanguage\":\"fr-FR\",\"potentialAction\":[{\"@type\":\"ReadAction\",\"target\":[\"https:\/\/www.africa-press.net\/guinee-conakry\/politique\/le-ministre-de-la-sante-a-dansa-kourouma-vous-faites-la-fierte-du-corps-medical-de-ce-pays\"]}]},{\"@type\":\"ImageObject\",\"inLanguage\":\"fr-FR\",\"@id\":\"https:\/\/www.africa-press.net\/guinee-conakry\/politique\/le-ministre-de-la-sante-a-dansa-kourouma-vous-faites-la-fierte-du-corps-medical-de-ce-pays#primaryimage\",\"url\":\"https:\/\/static.africa-press.net\/conakry\/sites\/63\/2024\/01\/Jokar1705155812.809513.jpg\",\"contentUrl\":\"https:\/\/static.africa-press.net\/conakry\/sites\/63\/2024\/01\/Jokar1705155812.809513.jpg\",\"width\":1024,\"height\":682,\"caption\":\"Le ministre de la sant\u00e9 \u00e0 Dansa Kourouma : \u201cVous faites la fiert\u00e9 du corps m\u00e9dical de ce pays\u201d\"},{\"@type\":\"BreadcrumbList\",\"@id\":\"https:\/\/www.africa-press.net\/guinee-conakry\/politique\/le-ministre-de-la-sante-a-dansa-kourouma-vous-faites-la-fierte-du-corps-medical-de-ce-pays#breadcrumb\",\"itemListElement\":[{\"@type\":\"ListItem\",\"position\":1,\"name\":\"Accueil\",\"item\":\"https:\/\/www.africa-press.net\/guinee-conakry\/\"},{\"@type\":\"ListItem\",\"position\":2,\"name\":\"Le ministre de la sant\u00e9 \u00e0 Dansa Kourouma : \u201cVous faites la fiert\u00e9 du corps m\u00e9dical de ce pays\u201d\"}]},{\"@type\":\"WebSite\",\"@id\":\"https:\/\/www.africa-press.net\/guinee-conakry\/#website\",\"url\":\"https:\/\/www.africa-press.net\/guinee-conakry\/\",\"name\":\"guinee Conakry\",\"description\":\"Just another Africa News Agency Sites site\",\"potentialAction\":[{\"@type\":\"SearchAction\",\"target\":{\"@type\":\"EntryPoint\",\"urlTemplate\":\"https:\/\/www.africa-press.net\/guinee-conakry\/?s={search_term_string}\"},\"query-input\":{\"@type\":\"PropertyValueSpecification\",\"valueRequired\":true,\"valueName\":\"search_term_string\"}}],\"inLanguage\":\"fr-FR\"},{\"@type\":\"Person\",\"@id\":\"https:\/\/www.africa-press.net\/guinee-conakry\/#\/schema\/person\/2b1cf3cd81a31e3cd26889ca66d677f1\",\"name\":\"cfeditorfr\"}]}<\/script>\n<!-- \/ Yoast SEO Premium plugin. -->","yoast_head_json":{"title":"Le ministre de la sant\u00e9 \u00e0 Dansa Kourouma : \u201cVous faites la fiert\u00e9 du corps m\u00e9dical de ce pays\u201d - guinee Conakry","robots":{"index":"index","follow":"follow","max-snippet":"max-snippet:-1","max-image-preview":"max-image-preview:large","max-video-preview":"max-video-preview:-1"},"canonical":"https:\/\/www.africa-press.net\/guinee-conakry\/politique\/le-ministre-de-la-sante-a-dansa-kourouma-vous-faites-la-fierte-du-corps-medical-de-ce-pays","og_locale":"fr_FR","og_type":"article","og_title":"Le ministre de la sant\u00e9 \u00e0 Dansa Kourouma : \u201cVous faites la fiert\u00e9 du corps m\u00e9dical de ce pays\u201d","og_description":"Africa-Press &#8211; Guin\u00e9e. Le ministre de la sante\u0301 et de l\u2019hygie\u0300ne publique a de\u0301fendu vendredi soir le projet de loi portant pre\u0301vention du VIH, prise en charge et protection des personnes vivant avec le VIH en Guine\u0301e. Apre\u0300s les de\u0301bats, suivis de plusieurs observations, les conseillers nationaux ont adopte\u0301 cette loi a\u0300 l\u2019unanimite\u0301. Dr Oumar [&hellip;]","og_url":"https:\/\/www.africa-press.net\/guinee-conakry\/politique\/le-ministre-de-la-sante-a-dansa-kourouma-vous-faites-la-fierte-du-corps-medical-de-ce-pays","og_site_name":"guinee Conakry","article_published_time":"2024-01-13T17:53:00+00:00","author":"cfeditorfr","twitter_card":"summary_large_image","twitter_misc":{"\u00c9crit par":"cfeditorfr","Dur\u00e9e de lecture estim\u00e9e":"2 minutes"},"schema":{"@context":"https:\/\/schema.org","@graph":[{"@type":"Article","@id":"https:\/\/www.africa-press.net\/guinee-conakry\/politique\/le-ministre-de-la-sante-a-dansa-kourouma-vous-faites-la-fierte-du-corps-medical-de-ce-pays#article","isPartOf":{"@id":"https:\/\/www.africa-press.net\/guinee-conakry\/politique\/le-ministre-de-la-sante-a-dansa-kourouma-vous-faites-la-fierte-du-corps-medical-de-ce-pays"},"author":{"name":"cfeditorfr","@id":"https:\/\/www.africa-press.net\/guinee-conakry\/#\/schema\/person\/2b1cf3cd81a31e3cd26889ca66d677f1"},"headline":"Le ministre de la sant\u00e9 \u00e0 Dansa Kourouma : \u201cVous faites la fiert\u00e9 du corps m\u00e9dical de ce pays\u201d","datePublished":"2024-01-13T17:53:00+00:00","mainEntityOfPage":{"@id":"https:\/\/www.africa-press.net\/guinee-conakry\/politique\/le-ministre-de-la-sante-a-dansa-kourouma-vous-faites-la-fierte-du-corps-medical-de-ce-pays"},"wordCount":328,"commentCount":0,"image":{"@id":"https:\/\/www.africa-press.net\/guinee-conakry\/politique\/le-ministre-de-la-sante-a-dansa-kourouma-vous-faites-la-fierte-du-corps-medical-de-ce-pays#primaryimage"},"thumbnailUrl":"https:\/\/static.africa-press.net\/conakry\/sites\/63\/2024\/01\/Jokar1705155812.809513.jpg","keywords":["Africa Press","Africa Press-Guin\u00e9e","Guin\u00e9e"],"articleSection":["Communaut\u00e9","Politique","to-homepage","Toutes les actualit\u00e9s"],"inLanguage":"fr-FR","potentialAction":[{"@type":"CommentAction","name":"Comment","target":["https:\/\/www.africa-press.net\/guinee-conakry\/politique\/le-ministre-de-la-sante-a-dansa-kourouma-vous-faites-la-fierte-du-corps-medical-de-ce-pays#respond"]}]},{"@type":"WebPage","@id":"https:\/\/www.africa-press.net\/guinee-conakry\/politique\/le-ministre-de-la-sante-a-dansa-kourouma-vous-faites-la-fierte-du-corps-medical-de-ce-pays","url":"https:\/\/www.africa-press.net\/guinee-conakry\/politique\/le-ministre-de-la-sante-a-dansa-kourouma-vous-faites-la-fierte-du-corps-medical-de-ce-pays","name":"Le ministre de la sant\u00e9 \u00e0 Dansa Kourouma : \u201cVous faites la fiert\u00e9 du corps m\u00e9dical de ce pays\u201d - guinee Conakry","isPartOf":{"@id":"https:\/\/www.africa-press.net\/guinee-conakry\/#website"},"primaryImageOfPage":{"@id":"https:\/\/www.africa-press.net\/guinee-conakry\/politique\/le-ministre-de-la-sante-a-dansa-kourouma-vous-faites-la-fierte-du-corps-medical-de-ce-pays#primaryimage"},"image":{"@id":"https:\/\/www.africa-press.net\/guinee-conakry\/politique\/le-ministre-de-la-sante-a-dansa-kourouma-vous-faites-la-fierte-du-corps-medical-de-ce-pays#primaryimage"},"thumbnailUrl":"https:\/\/static.africa-press.net\/conakry\/sites\/63\/2024\/01\/Jokar1705155812.809513.jpg","datePublished":"2024-01-13T17:53:00+00:00","author":{"@id":"https:\/\/www.africa-press.net\/guinee-conakry\/#\/schema\/person\/2b1cf3cd81a31e3cd26889ca66d677f1"},"breadcrumb":{"@id":"https:\/\/www.africa-press.net\/guinee-conakry\/politique\/le-ministre-de-la-sante-a-dansa-kourouma-vous-faites-la-fierte-du-corps-medical-de-ce-pays#breadcrumb"},"inLanguage":"fr-FR","potentialAction":[{"@type":"ReadAction","target":["https:\/\/www.africa-press.net\/guinee-conakry\/politique\/le-ministre-de-la-sante-a-dansa-kourouma-vous-faites-la-fierte-du-corps-medical-de-ce-pays"]}]},{"@type":"ImageObject","inLanguage":"fr-FR","@id":"https:\/\/www.africa-press.net\/guinee-conakry\/politique\/le-ministre-de-la-sante-a-dansa-kourouma-vous-faites-la-fierte-du-corps-medical-de-ce-pays#primaryimage","url":"https:\/\/static.africa-press.net\/conakry\/sites\/63\/2024\/01\/Jokar1705155812.809513.jpg","contentUrl":"https:\/\/static.africa-press.net\/conakry\/sites\/63\/2024\/01\/Jokar1705155812.809513.jpg","width":1024,"height":682,"caption":"Le ministre de la sant\u00e9 \u00e0 Dansa Kourouma : \u201cVous faites la fiert\u00e9 du corps m\u00e9dical de ce pays\u201d"},{"@type":"BreadcrumbList","@id":"https:\/\/www.africa-press.net\/guinee-conakry\/politique\/le-ministre-de-la-sante-a-dansa-kourouma-vous-faites-la-fierte-du-corps-medical-de-ce-pays#breadcrumb","itemListElement":[{"@type":"ListItem","position":1,"name":"Accueil","item":"https:\/\/www.africa-press.net\/guinee-conakry\/"},{"@type":"ListItem","position":2,"name":"Le ministre de la sant\u00e9 \u00e0 Dansa Kourouma : \u201cVous faites la fiert\u00e9 du corps m\u00e9dical de ce pays\u201d"}]},{"@type":"WebSite","@id":"https:\/\/www.africa-press.net\/guinee-conakry\/#website","url":"https:\/\/www.africa-press.net\/guinee-conakry\/","name":"guinee Conakry","description":"Just another Africa News Agency Sites site","potentialAction":[{"@type":"SearchAction","target":{"@type":"EntryPoint","urlTemplate":"https:\/\/www.africa-press.net\/guinee-conakry\/?s={search_term_string}"},"query-input":{"@type":"PropertyValueSpecification","valueRequired":true,"valueName":"search_term_string"}}],"inLanguage":"fr-FR"},{"@type":"Person","@id":"https:\/\/www.africa-press.net\/guinee-conakry\/#\/schema\/person\/2b1cf3cd81a31e3cd26889ca66d677f1","name":"cfeditorfr"}]}},"_links":{"self":[{"href":"https:\/\/www.africa-press.net\/guinee-conakry\/wp-json\/wp\/v2\/posts\/18298","targetHints":{"allow":["GET"]}}],"collection":[{"href":"https:\/\/www.africa-press.net\/guinee-conakry\/wp-json\/wp\/v2\/posts"}],"about":[{"href":"https:\/\/www.africa-press.net\/guinee-conakry\/wp-json\/wp\/v2\/types\/post"}],"author":[{"embeddable":true,"href":"https:\/\/www.africa-press.net\/guinee-conakry\/wp-json\/wp\/v2\/users\/82"}],"replies":[{"embeddable":true,"href":"https:\/\/www.africa-press.net\/guinee-conakry\/wp-json\/wp\/v2\/comments?post=18298"}],"version-history":[{"count":0,"href":"https:\/\/www.africa-press.net\/guinee-conakry\/wp-json\/wp\/v2\/posts\/18298\/revisions"}],"wp:featuredmedia":[{"embeddable":true,"href":"https:\/\/www.africa-press.net\/guinee-conakry\/wp-json\/wp\/v2\/media\/18297"}],"wp:attachment":[{"href":"https:\/\/www.africa-press.net\/guinee-conakry\/wp-json\/wp\/v2\/media?parent=18298"}],"wp:term":[{"taxonomy":"category","embeddable":true,"href":"https:\/\/www.africa-press.net\/guinee-conakry\/wp-json\/wp\/v2\/categories?post=18298"},{"taxonomy":"post_tag","embeddable":true,"href":"https:\/\/www.africa-press.net\/guinee-conakry\/wp-json\/wp\/v2\/tags?post=18298"}],"curies":[{"name":"wp","href":"https:\/\/api.w.org\/{rel}","templated":true}]}}