{"id":18300,"date":"2024-01-13T18:01:00","date_gmt":"2024-01-13T18:01:00","guid":{"rendered":"https:\/\/www.africa-press.net\/guinee-conakry\/politique\/la-justice-guineenne-en-etat-de-mort-cerebrale-par-sekou-koundouno"},"modified":"2024-01-13T18:01:00","modified_gmt":"2024-01-13T18:01:00","slug":"la-justice-guineenne-en-etat-de-mort-cerebrale-par-sekou-koundouno","status":"publish","type":"post","link":"https:\/\/www.africa-press.net\/guinee-conakry\/toutes-les-actualites\/la-justice-guineenne-en-etat-de-mort-cerebrale-par-sekou-koundouno","title":{"rendered":"La justice guin\u00e9enne en \u00e9tat de mort c\u00e9r\u00e9brale (Par S\u00e9kou Koundouno)"},"content":{"rendered":"<p><span style=\"color: #ff6600\"><strong>Africa-Press &#8211; Guin\u00e9e. <\/strong><\/span><b>L\u2019incohe\u0301rence des putschistes du 5 septembre 2021 n\u2019est plus a\u0300 de\u0301montrer et leur tentative de manipulation de l\u2019opinion publique de\u0301sormais mise en e\u0301chec en raison du reniement de tous leurs engagements ante\u0301rieurs.<\/b><\/p>\n<p>Aussito\u0302t arrive\u0301s au pouvoir, ils se sont empresse\u0301s d\u2019ouvrir le proce\u0300s relatif aux e\u0301ve\u0301nements tragiques du 28 septembre 2009.<\/p>\n<p>Cette de\u0301marche consistait en re\u0301alite\u0301 en une ope\u0301ration de se\u0301duction massive aupre\u0300s de l\u2019opinion nationale et internationale, notamment les de\u0301fenseurs des droits de l\u2019homme, et visait pour la junte a\u0300 gagner en respectabilite\u0301 et en le\u0301gitimite\u0301.<\/p>\n<p>Les faits survenus apre\u0300s de\u0301montrent clairement le peu de cas accorde\u0301 par la junte a\u0300 la justice comme boussole de la transition et mettent en e\u0301vidence son instrumentalisation : me\u0301nager les thurife\u0301raires du pouvoir et harceler les opposants au pouvoir.<\/p>\n<p>La cre\u0301ation de la CRIEF et l\u2019ouverture d\u2019une pre\u0301tendue enque\u0302te judiciaire sur la re\u0301pression meurtrie\u0300re des manifestations politiques et sociales enregistre\u0301es sous le re\u0301gime pre\u0301ce\u0301dent s\u2019inscrivent dans le me\u0302me registre.<\/p>\n<p>Il est grotesque de constater que pendant que ce proce\u0300s tant attendu du 28 septembre se tient et que la pre\u0301tendue enque\u0302te sur les crimes de l\u2019ancien re\u0301gime est en cours, la junte militaire est en train de tuer elle-aussi des manifestants et les scandales de de\u0301tournement de deniers publics a\u0300 travers des pratiques non orthodoxes pullulent dans la presse locale.<\/p>\n<p>Il y a des Guine\u0301ens qui \u2013 de bonne ou de mauvaise foi \u2013 affirment qu\u2019en de\u0301pit de la conduite chaotique de la transition, ils ne regretteront jamais le re\u0301gime de\u0301chu. En fait, il n\u2019a e\u0301te\u0301 demande\u0301 a\u0300 personne de regretter ce re\u0301gime qui, a\u0300 travers sa gestion catastrophique du pouvoir, est a\u0300 la base de l\u2019arrive\u0301e au pouvoir de la branche la plus pourrie et vile de l\u2019arme\u0301e.<\/p>\n<p>Chacun doit cependant comprendre qu\u2019en termes de violation des droits de l\u2019homme, le de\u0301ficit de de\u0301mocratie, la corruption, le de\u0301tournement des deniers publics, le ne\u0301potisme, le favoritisme, les marche\u0301s de l\u2019Etat sans appels d\u2019offre, la restriction drastique de l\u2019espace civique et politique, les multiples entraves a\u0300 la liberte\u0301 de la presse, les arrestations extrajudiciaires, le de\u0301ni de justice, les harce\u0300lements de leaders politiques et de la socie\u0301te\u0301 civile etc, le CNRD n\u2019a absolument rien a\u0300 envier au re\u0301gime pre\u0301ce\u0301dent dont il s\u2019applique a\u0300 multiplier les erreurs du passe\u0301 avec une ardeur ine\u0301gale\u0301e.<\/p>\n<p><b>La ne\u0301buleuse CNRD fait pire que le re\u0301gime pre\u0301ce\u0301dent<\/b><\/p>\n<p>Peut-e\u0302tre faudra-t-il attendre que le nombre de personnes tue\u0301es par les putschistes atteigne celui enregistre\u0301 sous le re\u0301gime pre\u0301ce\u0301dent pour que ceux qui leur accordent encore un peu de cre\u0301dit se rendent compte que rien n\u2019a fondamentalement change\u0301. Mais a\u0300 cette allure \u2013 pre\u0300s d\u2019une quarantaine de morts en moins de deux ans -, le record macabre sera biento\u0302t de\u0301passe\u0301. Ce serait peut-e\u0302tre trop tard pour prendre conscience de la re\u0301alite\u0301.<\/p>\n<p>Quid des suppose\u0301s chantiers de la refondation qui ne sont que de la poudre de perlimpinpin et des pre\u0301textes malhabiles pour organiser toutes sortes de malversations financie\u0300res.<\/p>\n<p>Et dire que les pauvres chantiers dont ils s\u2019enorgueillissent tant sont ceux entrepris sous le re\u0301gime de\u0301funt.<\/p>\n<p>Mamadi Doumbouya et son soi-disant mentor pensent e\u0302tre tellement intelligents que personne ne peut s\u2019apercevoir que pour eux, une pre\u0301tendue enque\u0302te judiciaire ou un proce\u0300s n\u2019a pour objectif que de neutraliser des personnes ge\u0302nantes, qu\u2019elles soient issues de l\u2019ancien re\u0301gime ou de l\u2019opposition sociale ou politique.<\/p>\n<p>Pre\u0301tendre lutter contre l\u2019impunite\u0301 relative aux crimes de sang et e\u0301conomique et reproduire les me\u0302mes crimes en reprenant les me\u0302mes arguments que ceux de ses pre\u0301de\u0301cesseurs pour se de\u0301douaner rele\u0300ve de l\u2019incohe\u0301rence la plus grave.<\/p>\n<p>Comme l\u2019a dit une e\u0301minence grise : \u00ab De l\u2019injustice nai\u0302t la frustration, la frustration engendre la haine, et de la haine vient la cole\u0300re et de la cole\u0300re nai\u0302t la re\u0301volte et de la re\u0301volte sort la re\u0301bellion \u00bb.<\/p>\n<p>Mais Mamadi Doumbouya doit savoir qu\u2019il passera devant la justice et rendra compte de ses actes. La strate\u0301gie qu\u2019il e\u0301labore actuellement pour se porter candidat a\u0300 la prochaine pre\u0301sidentielle est voue\u0301e a\u0300 l\u2019e\u0301chec.<\/p>\n<p><b>Se\u0301kou KOUNDOUNO<\/b><\/p>\n<p>Responsable des strate\u0301gies et planification du FNDC<\/p>\n<p><strong>Pour plus d&rsquo;informations et d&rsquo;analyses sur la <a href=\"https:\/\/www.africa-press.net\/guinee-conakry\">Guin\u00e9e<\/a>, suivez <a href=\"https:\/\/www.africa-press.net\/\">Africa-Press<\/a><\/strong><\/p>\n","protected":false},"excerpt":{"rendered":"<p>Africa-Press &#8211; Guin\u00e9e. L\u2019incohe\u0301rence des putschistes du 5 septembre 2021 n\u2019est plus a\u0300 de\u0301montrer et leur tentative de manipulation de l\u2019opinion publique de\u0301sormais mise en e\u0301chec en raison du reniement de tous leurs engagements ante\u0301rieurs. Aussito\u0302t arrive\u0301s au pouvoir, ils se sont empresse\u0301s d\u2019ouvrir le proce\u0300s relatif aux e\u0301ve\u0301nements tragiques du 28 septembre 2009. Cette [&hellip;]<\/p>\n","protected":false},"author":82,"featured_media":18299,"comment_status":"open","ping_status":"closed","sticky":false,"template":"","format":"standard","meta":{"footnotes":""},"categories":[21,10],"tags":[36,57,58],"class_list":["post-18300","post","type-post","status-publish","format-standard","has-post-thumbnail","hentry","category-communaute","category-toutes-les-actualites","tag-africa-press","tag-africa-press-guinee","tag-guinee"],"yoast_head":"<!-- This site is optimized with the Yoast SEO Premium plugin v26.1 (Yoast SEO v27.0) - https:\/\/yoast.com\/product\/yoast-seo-premium-wordpress\/ -->\n<title>La justice guin\u00e9enne en \u00e9tat de mort c\u00e9r\u00e9brale (Par S\u00e9kou Koundouno) - guinee Conakry<\/title>\n<meta name=\"robots\" content=\"index, follow, max-snippet:-1, max-image-preview:large, max-video-preview:-1\" \/>\n<link rel=\"canonical\" href=\"https:\/\/www.africa-press.net\/guinee-conakry\/politique\/la-justice-guineenne-en-etat-de-mort-cerebrale-par-sekou-koundouno\" \/>\n<meta property=\"og:locale\" content=\"fr_FR\" \/>\n<meta property=\"og:type\" content=\"article\" \/>\n<meta property=\"og:title\" content=\"La justice guin\u00e9enne en \u00e9tat de mort c\u00e9r\u00e9brale (Par S\u00e9kou Koundouno)\" \/>\n<meta property=\"og:description\" content=\"Africa-Press &#8211; Guin\u00e9e. L\u2019incohe\u0301rence des putschistes du 5 septembre 2021 n\u2019est plus a\u0300 de\u0301montrer et leur tentative de manipulation de l\u2019opinion publique de\u0301sormais mise en e\u0301chec en raison du reniement de tous leurs engagements ante\u0301rieurs. Aussito\u0302t arrive\u0301s au pouvoir, ils se sont empresse\u0301s d\u2019ouvrir le proce\u0300s relatif aux e\u0301ve\u0301nements tragiques du 28 septembre 2009. Cette [&hellip;]\" \/>\n<meta property=\"og:url\" content=\"https:\/\/www.africa-press.net\/guinee-conakry\/politique\/la-justice-guineenne-en-etat-de-mort-cerebrale-par-sekou-koundouno\" \/>\n<meta property=\"og:site_name\" content=\"guinee Conakry\" \/>\n<meta property=\"article:published_time\" content=\"2024-01-13T18:01:00+00:00\" \/>\n<meta name=\"author\" content=\"cfeditorfr\" \/>\n<meta name=\"twitter:card\" content=\"summary_large_image\" \/>\n<meta name=\"twitter:label1\" content=\"\u00c9crit par\" \/>\n\t<meta name=\"twitter:data1\" content=\"cfeditorfr\" \/>\n\t<meta name=\"twitter:label2\" content=\"Dur\u00e9e de lecture estim\u00e9e\" \/>\n\t<meta name=\"twitter:data2\" content=\"4 minutes\" \/>\n<script type=\"application\/ld+json\" class=\"yoast-schema-graph\">{\"@context\":\"https:\/\/schema.org\",\"@graph\":[{\"@type\":\"Article\",\"@id\":\"https:\/\/www.africa-press.net\/guinee-conakry\/politique\/la-justice-guineenne-en-etat-de-mort-cerebrale-par-sekou-koundouno#article\",\"isPartOf\":{\"@id\":\"https:\/\/www.africa-press.net\/guinee-conakry\/politique\/la-justice-guineenne-en-etat-de-mort-cerebrale-par-sekou-koundouno\"},\"author\":{\"name\":\"cfeditorfr\",\"@id\":\"https:\/\/www.africa-press.net\/guinee-conakry\/#\/schema\/person\/2b1cf3cd81a31e3cd26889ca66d677f1\"},\"headline\":\"La justice guin\u00e9enne en \u00e9tat de mort c\u00e9r\u00e9brale (Par S\u00e9kou Koundouno)\",\"datePublished\":\"2024-01-13T18:01:00+00:00\",\"mainEntityOfPage\":{\"@id\":\"https:\/\/www.africa-press.net\/guinee-conakry\/politique\/la-justice-guineenne-en-etat-de-mort-cerebrale-par-sekou-koundouno\"},\"wordCount\":831,\"commentCount\":0,\"image\":{\"@id\":\"https:\/\/www.africa-press.net\/guinee-conakry\/politique\/la-justice-guineenne-en-etat-de-mort-cerebrale-par-sekou-koundouno#primaryimage\"},\"thumbnailUrl\":\"https:\/\/static.africa-press.net\/conakry\/sites\/63\/2024\/01\/Jokar1705156266.559608.jpg\",\"keywords\":[\"Africa Press\",\"Africa Press-Guin\u00e9e\",\"Guin\u00e9e\"],\"articleSection\":[\"Communaut\u00e9\",\"Toutes les actualit\u00e9s\"],\"inLanguage\":\"fr-FR\",\"potentialAction\":[{\"@type\":\"CommentAction\",\"name\":\"Comment\",\"target\":[\"https:\/\/www.africa-press.net\/guinee-conakry\/politique\/la-justice-guineenne-en-etat-de-mort-cerebrale-par-sekou-koundouno#respond\"]}]},{\"@type\":\"WebPage\",\"@id\":\"https:\/\/www.africa-press.net\/guinee-conakry\/politique\/la-justice-guineenne-en-etat-de-mort-cerebrale-par-sekou-koundouno\",\"url\":\"https:\/\/www.africa-press.net\/guinee-conakry\/politique\/la-justice-guineenne-en-etat-de-mort-cerebrale-par-sekou-koundouno\",\"name\":\"La justice guin\u00e9enne en \u00e9tat de mort c\u00e9r\u00e9brale (Par S\u00e9kou Koundouno) - guinee Conakry\",\"isPartOf\":{\"@id\":\"https:\/\/www.africa-press.net\/guinee-conakry\/#website\"},\"primaryImageOfPage\":{\"@id\":\"https:\/\/www.africa-press.net\/guinee-conakry\/politique\/la-justice-guineenne-en-etat-de-mort-cerebrale-par-sekou-koundouno#primaryimage\"},\"image\":{\"@id\":\"https:\/\/www.africa-press.net\/guinee-conakry\/politique\/la-justice-guineenne-en-etat-de-mort-cerebrale-par-sekou-koundouno#primaryimage\"},\"thumbnailUrl\":\"https:\/\/static.africa-press.net\/conakry\/sites\/63\/2024\/01\/Jokar1705156266.559608.jpg\",\"datePublished\":\"2024-01-13T18:01:00+00:00\",\"author\":{\"@id\":\"https:\/\/www.africa-press.net\/guinee-conakry\/#\/schema\/person\/2b1cf3cd81a31e3cd26889ca66d677f1\"},\"breadcrumb\":{\"@id\":\"https:\/\/www.africa-press.net\/guinee-conakry\/politique\/la-justice-guineenne-en-etat-de-mort-cerebrale-par-sekou-koundouno#breadcrumb\"},\"inLanguage\":\"fr-FR\",\"potentialAction\":[{\"@type\":\"ReadAction\",\"target\":[\"https:\/\/www.africa-press.net\/guinee-conakry\/politique\/la-justice-guineenne-en-etat-de-mort-cerebrale-par-sekou-koundouno\"]}]},{\"@type\":\"ImageObject\",\"inLanguage\":\"fr-FR\",\"@id\":\"https:\/\/www.africa-press.net\/guinee-conakry\/politique\/la-justice-guineenne-en-etat-de-mort-cerebrale-par-sekou-koundouno#primaryimage\",\"url\":\"https:\/\/static.africa-press.net\/conakry\/sites\/63\/2024\/01\/Jokar1705156266.559608.jpg\",\"contentUrl\":\"https:\/\/static.africa-press.net\/conakry\/sites\/63\/2024\/01\/Jokar1705156266.559608.jpg\",\"width\":1024,\"height\":683,\"caption\":\"La justice guin\u00e9enne en \u00e9tat de mort c\u00e9r\u00e9brale (Par S\u00e9kou Koundouno)\"},{\"@type\":\"BreadcrumbList\",\"@id\":\"https:\/\/www.africa-press.net\/guinee-conakry\/politique\/la-justice-guineenne-en-etat-de-mort-cerebrale-par-sekou-koundouno#breadcrumb\",\"itemListElement\":[{\"@type\":\"ListItem\",\"position\":1,\"name\":\"Accueil\",\"item\":\"https:\/\/www.africa-press.net\/guinee-conakry\/\"},{\"@type\":\"ListItem\",\"position\":2,\"name\":\"La justice guin\u00e9enne en \u00e9tat de mort c\u00e9r\u00e9brale (Par S\u00e9kou Koundouno)\"}]},{\"@type\":\"WebSite\",\"@id\":\"https:\/\/www.africa-press.net\/guinee-conakry\/#website\",\"url\":\"https:\/\/www.africa-press.net\/guinee-conakry\/\",\"name\":\"guinee Conakry\",\"description\":\"Just another Africa News Agency Sites site\",\"potentialAction\":[{\"@type\":\"SearchAction\",\"target\":{\"@type\":\"EntryPoint\",\"urlTemplate\":\"https:\/\/www.africa-press.net\/guinee-conakry\/?s={search_term_string}\"},\"query-input\":{\"@type\":\"PropertyValueSpecification\",\"valueRequired\":true,\"valueName\":\"search_term_string\"}}],\"inLanguage\":\"fr-FR\"},{\"@type\":\"Person\",\"@id\":\"https:\/\/www.africa-press.net\/guinee-conakry\/#\/schema\/person\/2b1cf3cd81a31e3cd26889ca66d677f1\",\"name\":\"cfeditorfr\"}]}<\/script>\n<!-- \/ Yoast SEO Premium plugin. -->","yoast_head_json":{"title":"La justice guin\u00e9enne en \u00e9tat de mort c\u00e9r\u00e9brale (Par S\u00e9kou Koundouno) - guinee Conakry","robots":{"index":"index","follow":"follow","max-snippet":"max-snippet:-1","max-image-preview":"max-image-preview:large","max-video-preview":"max-video-preview:-1"},"canonical":"https:\/\/www.africa-press.net\/guinee-conakry\/politique\/la-justice-guineenne-en-etat-de-mort-cerebrale-par-sekou-koundouno","og_locale":"fr_FR","og_type":"article","og_title":"La justice guin\u00e9enne en \u00e9tat de mort c\u00e9r\u00e9brale (Par S\u00e9kou Koundouno)","og_description":"Africa-Press &#8211; Guin\u00e9e. L\u2019incohe\u0301rence des putschistes du 5 septembre 2021 n\u2019est plus a\u0300 de\u0301montrer et leur tentative de manipulation de l\u2019opinion publique de\u0301sormais mise en e\u0301chec en raison du reniement de tous leurs engagements ante\u0301rieurs. Aussito\u0302t arrive\u0301s au pouvoir, ils se sont empresse\u0301s d\u2019ouvrir le proce\u0300s relatif aux e\u0301ve\u0301nements tragiques du 28 septembre 2009. Cette [&hellip;]","og_url":"https:\/\/www.africa-press.net\/guinee-conakry\/politique\/la-justice-guineenne-en-etat-de-mort-cerebrale-par-sekou-koundouno","og_site_name":"guinee Conakry","article_published_time":"2024-01-13T18:01:00+00:00","author":"cfeditorfr","twitter_card":"summary_large_image","twitter_misc":{"\u00c9crit par":"cfeditorfr","Dur\u00e9e de lecture estim\u00e9e":"4 minutes"},"schema":{"@context":"https:\/\/schema.org","@graph":[{"@type":"Article","@id":"https:\/\/www.africa-press.net\/guinee-conakry\/politique\/la-justice-guineenne-en-etat-de-mort-cerebrale-par-sekou-koundouno#article","isPartOf":{"@id":"https:\/\/www.africa-press.net\/guinee-conakry\/politique\/la-justice-guineenne-en-etat-de-mort-cerebrale-par-sekou-koundouno"},"author":{"name":"cfeditorfr","@id":"https:\/\/www.africa-press.net\/guinee-conakry\/#\/schema\/person\/2b1cf3cd81a31e3cd26889ca66d677f1"},"headline":"La justice guin\u00e9enne en \u00e9tat de mort c\u00e9r\u00e9brale (Par S\u00e9kou Koundouno)","datePublished":"2024-01-13T18:01:00+00:00","mainEntityOfPage":{"@id":"https:\/\/www.africa-press.net\/guinee-conakry\/politique\/la-justice-guineenne-en-etat-de-mort-cerebrale-par-sekou-koundouno"},"wordCount":831,"commentCount":0,"image":{"@id":"https:\/\/www.africa-press.net\/guinee-conakry\/politique\/la-justice-guineenne-en-etat-de-mort-cerebrale-par-sekou-koundouno#primaryimage"},"thumbnailUrl":"https:\/\/static.africa-press.net\/conakry\/sites\/63\/2024\/01\/Jokar1705156266.559608.jpg","keywords":["Africa Press","Africa Press-Guin\u00e9e","Guin\u00e9e"],"articleSection":["Communaut\u00e9","Toutes les actualit\u00e9s"],"inLanguage":"fr-FR","potentialAction":[{"@type":"CommentAction","name":"Comment","target":["https:\/\/www.africa-press.net\/guinee-conakry\/politique\/la-justice-guineenne-en-etat-de-mort-cerebrale-par-sekou-koundouno#respond"]}]},{"@type":"WebPage","@id":"https:\/\/www.africa-press.net\/guinee-conakry\/politique\/la-justice-guineenne-en-etat-de-mort-cerebrale-par-sekou-koundouno","url":"https:\/\/www.africa-press.net\/guinee-conakry\/politique\/la-justice-guineenne-en-etat-de-mort-cerebrale-par-sekou-koundouno","name":"La justice guin\u00e9enne en \u00e9tat de mort c\u00e9r\u00e9brale (Par S\u00e9kou Koundouno) - guinee Conakry","isPartOf":{"@id":"https:\/\/www.africa-press.net\/guinee-conakry\/#website"},"primaryImageOfPage":{"@id":"https:\/\/www.africa-press.net\/guinee-conakry\/politique\/la-justice-guineenne-en-etat-de-mort-cerebrale-par-sekou-koundouno#primaryimage"},"image":{"@id":"https:\/\/www.africa-press.net\/guinee-conakry\/politique\/la-justice-guineenne-en-etat-de-mort-cerebrale-par-sekou-koundouno#primaryimage"},"thumbnailUrl":"https:\/\/static.africa-press.net\/conakry\/sites\/63\/2024\/01\/Jokar1705156266.559608.jpg","datePublished":"2024-01-13T18:01:00+00:00","author":{"@id":"https:\/\/www.africa-press.net\/guinee-conakry\/#\/schema\/person\/2b1cf3cd81a31e3cd26889ca66d677f1"},"breadcrumb":{"@id":"https:\/\/www.africa-press.net\/guinee-conakry\/politique\/la-justice-guineenne-en-etat-de-mort-cerebrale-par-sekou-koundouno#breadcrumb"},"inLanguage":"fr-FR","potentialAction":[{"@type":"ReadAction","target":["https:\/\/www.africa-press.net\/guinee-conakry\/politique\/la-justice-guineenne-en-etat-de-mort-cerebrale-par-sekou-koundouno"]}]},{"@type":"ImageObject","inLanguage":"fr-FR","@id":"https:\/\/www.africa-press.net\/guinee-conakry\/politique\/la-justice-guineenne-en-etat-de-mort-cerebrale-par-sekou-koundouno#primaryimage","url":"https:\/\/static.africa-press.net\/conakry\/sites\/63\/2024\/01\/Jokar1705156266.559608.jpg","contentUrl":"https:\/\/static.africa-press.net\/conakry\/sites\/63\/2024\/01\/Jokar1705156266.559608.jpg","width":1024,"height":683,"caption":"La justice guin\u00e9enne en \u00e9tat de mort c\u00e9r\u00e9brale (Par S\u00e9kou Koundouno)"},{"@type":"BreadcrumbList","@id":"https:\/\/www.africa-press.net\/guinee-conakry\/politique\/la-justice-guineenne-en-etat-de-mort-cerebrale-par-sekou-koundouno#breadcrumb","itemListElement":[{"@type":"ListItem","position":1,"name":"Accueil","item":"https:\/\/www.africa-press.net\/guinee-conakry\/"},{"@type":"ListItem","position":2,"name":"La justice guin\u00e9enne en \u00e9tat de mort c\u00e9r\u00e9brale (Par S\u00e9kou Koundouno)"}]},{"@type":"WebSite","@id":"https:\/\/www.africa-press.net\/guinee-conakry\/#website","url":"https:\/\/www.africa-press.net\/guinee-conakry\/","name":"guinee Conakry","description":"Just another Africa News Agency Sites site","potentialAction":[{"@type":"SearchAction","target":{"@type":"EntryPoint","urlTemplate":"https:\/\/www.africa-press.net\/guinee-conakry\/?s={search_term_string}"},"query-input":{"@type":"PropertyValueSpecification","valueRequired":true,"valueName":"search_term_string"}}],"inLanguage":"fr-FR"},{"@type":"Person","@id":"https:\/\/www.africa-press.net\/guinee-conakry\/#\/schema\/person\/2b1cf3cd81a31e3cd26889ca66d677f1","name":"cfeditorfr"}]}},"_links":{"self":[{"href":"https:\/\/www.africa-press.net\/guinee-conakry\/wp-json\/wp\/v2\/posts\/18300","targetHints":{"allow":["GET"]}}],"collection":[{"href":"https:\/\/www.africa-press.net\/guinee-conakry\/wp-json\/wp\/v2\/posts"}],"about":[{"href":"https:\/\/www.africa-press.net\/guinee-conakry\/wp-json\/wp\/v2\/types\/post"}],"author":[{"embeddable":true,"href":"https:\/\/www.africa-press.net\/guinee-conakry\/wp-json\/wp\/v2\/users\/82"}],"replies":[{"embeddable":true,"href":"https:\/\/www.africa-press.net\/guinee-conakry\/wp-json\/wp\/v2\/comments?post=18300"}],"version-history":[{"count":0,"href":"https:\/\/www.africa-press.net\/guinee-conakry\/wp-json\/wp\/v2\/posts\/18300\/revisions"}],"wp:featuredmedia":[{"embeddable":true,"href":"https:\/\/www.africa-press.net\/guinee-conakry\/wp-json\/wp\/v2\/media\/18299"}],"wp:attachment":[{"href":"https:\/\/www.africa-press.net\/guinee-conakry\/wp-json\/wp\/v2\/media?parent=18300"}],"wp:term":[{"taxonomy":"category","embeddable":true,"href":"https:\/\/www.africa-press.net\/guinee-conakry\/wp-json\/wp\/v2\/categories?post=18300"},{"taxonomy":"post_tag","embeddable":true,"href":"https:\/\/www.africa-press.net\/guinee-conakry\/wp-json\/wp\/v2\/tags?post=18300"}],"curies":[{"name":"wp","href":"https:\/\/api.w.org\/{rel}","templated":true}]}}