{"id":18302,"date":"2024-01-13T18:02:00","date_gmt":"2024-01-13T18:02:00","guid":{"rendered":"https:\/\/www.africa-press.net\/guinee-conakry\/politique\/le-ministere-de-lenseignement-et-de-la-formation-professionnelle-organise-une-retraite-strategique-a-kindia"},"modified":"2024-01-13T18:02:00","modified_gmt":"2024-01-13T18:02:00","slug":"le-ministere-de-lenseignement-et-de-la-formation-professionnelle-organise-une-retraite-strategique-a-kindia","status":"publish","type":"post","link":"https:\/\/www.africa-press.net\/guinee-conakry\/toutes-les-actualites\/le-ministere-de-lenseignement-et-de-la-formation-professionnelle-organise-une-retraite-strategique-a-kindia","title":{"rendered":"Le minist\u00e8re de l\u2019Enseignement et de la formation professionnelle organise une retraite strat\u00e9gique \u00e0 Kindia"},"content":{"rendered":"<p><span style=\"color: #ff6600\"><strong>Africa-Press &#8211; Guin\u00e9e. <\/strong><\/span><b>Du 13 au 15 janvier 2024, le Ministe\u0300re de l\u2019Enseignement Technique, de la Formation Professionnelle et de l\u2019Emploi organise la retraite strate\u0301gique de ses cadres a\u0300 Kindia sous le the\u0300me : \u00ab Dynamique d\u2019e\u0301quipe pour de meilleurs re\u0301sultats \u00bb.<\/b><\/p>\n<p>Cette retraite a pour objectif de :<\/p>\n<p>Rassembler les hauts cadres et les acteurs techniques cle\u0301s du METFPE afin de dresser le bilan de l\u2019anne\u0301e 2023 ;<\/p>\n<p>Analyser les de\u0301fis actuels pour mieux planifier les priorite\u0301s pour l\u2019anne\u0301e 2024 en ade\u0301quation avec les contrats de performance.<\/p>\n<p>De fac\u0327on spe\u0301cifique, il s\u2019agit de :<\/p>\n<p>Faire le bilan de 2023 en termes de re\u0301alisation,<\/p>\n<p>Recueillir et organiser les productions relatives aux actions 2023 en vue de les consolider,<\/p>\n<p>Collecter et organiser les donne\u0301es de planification globale de 2024 en tenant compte des de\u0301fis actuels,<\/p>\n<p>Re\u0301diger un rapport de\u0301taille\u0301 de l\u2019atelier comprenant des recommandations et des perspectives 2024 en tenant compte des contrats de performance.<\/p>\n<p>Parmi les re\u0301sultats attendus, il y a la planification globale de 2024 en se basant sur les productions existantes, la re\u0301daction d\u2019un rapport de\u0301taille\u0301 de l\u2019atelier comprenant les recommandations et les perspectives pour l\u2019avenir, l\u2019e\u0301laboration d\u2019une e\u0301bauche de planification des activite\u0301s 2024.<\/p>\n<p><strong>Pour plus d&rsquo;informations et d&rsquo;analyses sur la <a href=\"https:\/\/www.africa-press.net\/guinee-conakry\">Guin\u00e9e<\/a>, suivez <a href=\"https:\/\/www.africa-press.net\/\">Africa-Press<\/a><\/strong><\/p>\n","protected":false},"excerpt":{"rendered":"<p>Africa-Press &#8211; Guin\u00e9e. Du 13 au 15 janvier 2024, le Ministe\u0300re de l\u2019Enseignement Technique, de la Formation Professionnelle et de l\u2019Emploi organise la retraite strate\u0301gique de ses cadres a\u0300 Kindia sous le the\u0300me : \u00ab Dynamique d\u2019e\u0301quipe pour de meilleurs re\u0301sultats \u00bb. Cette retraite a pour objectif de : Rassembler les hauts cadres et les [&hellip;]<\/p>\n","protected":false},"author":82,"featured_media":18301,"comment_status":"open","ping_status":"closed","sticky":false,"template":"","format":"standard","meta":{"footnotes":""},"categories":[21,10],"tags":[36,57,58],"class_list":["post-18302","post","type-post","status-publish","format-standard","has-post-thumbnail","hentry","category-communaute","category-toutes-les-actualites","tag-africa-press","tag-africa-press-guinee","tag-guinee"],"yoast_head":"<!-- This site is optimized with the Yoast SEO Premium plugin v26.1 (Yoast SEO v27.0) - https:\/\/yoast.com\/product\/yoast-seo-premium-wordpress\/ -->\n<title>Le minist\u00e8re de l\u2019Enseignement et de la formation professionnelle organise une retraite strat\u00e9gique \u00e0 Kindia - guinee Conakry<\/title>\n<meta name=\"robots\" content=\"index, follow, max-snippet:-1, max-image-preview:large, max-video-preview:-1\" \/>\n<link rel=\"canonical\" href=\"https:\/\/www.africa-press.net\/guinee-conakry\/politique\/le-ministere-de-lenseignement-et-de-la-formation-professionnelle-organise-une-retraite-strategique-a-kindia\" \/>\n<meta property=\"og:locale\" content=\"fr_FR\" \/>\n<meta property=\"og:type\" content=\"article\" \/>\n<meta property=\"og:title\" content=\"Le minist\u00e8re de l\u2019Enseignement et de la formation professionnelle organise une retraite strat\u00e9gique \u00e0 Kindia\" \/>\n<meta property=\"og:description\" content=\"Africa-Press &#8211; Guin\u00e9e. Du 13 au 15 janvier 2024, le Ministe\u0300re de l\u2019Enseignement Technique, de la Formation Professionnelle et de l\u2019Emploi organise la retraite strate\u0301gique de ses cadres a\u0300 Kindia sous le the\u0300me : \u00ab Dynamique d\u2019e\u0301quipe pour de meilleurs re\u0301sultats \u00bb. Cette retraite a pour objectif de : Rassembler les hauts cadres et les [&hellip;]\" \/>\n<meta property=\"og:url\" content=\"https:\/\/www.africa-press.net\/guinee-conakry\/politique\/le-ministere-de-lenseignement-et-de-la-formation-professionnelle-organise-une-retraite-strategique-a-kindia\" \/>\n<meta property=\"og:site_name\" content=\"guinee Conakry\" \/>\n<meta property=\"article:published_time\" content=\"2024-01-13T18:02:00+00:00\" \/>\n<meta name=\"author\" content=\"cfeditorfr\" \/>\n<meta name=\"twitter:card\" content=\"summary_large_image\" \/>\n<meta name=\"twitter:label1\" content=\"\u00c9crit par\" \/>\n\t<meta name=\"twitter:data1\" content=\"cfeditorfr\" \/>\n\t<meta name=\"twitter:label2\" content=\"Dur\u00e9e de lecture estim\u00e9e\" \/>\n\t<meta name=\"twitter:data2\" content=\"1 minute\" \/>\n<script type=\"application\/ld+json\" class=\"yoast-schema-graph\">{\"@context\":\"https:\/\/schema.org\",\"@graph\":[{\"@type\":\"Article\",\"@id\":\"https:\/\/www.africa-press.net\/guinee-conakry\/politique\/le-ministere-de-lenseignement-et-de-la-formation-professionnelle-organise-une-retraite-strategique-a-kindia#article\",\"isPartOf\":{\"@id\":\"https:\/\/www.africa-press.net\/guinee-conakry\/politique\/le-ministere-de-lenseignement-et-de-la-formation-professionnelle-organise-une-retraite-strategique-a-kindia\"},\"author\":{\"name\":\"cfeditorfr\",\"@id\":\"https:\/\/www.africa-press.net\/guinee-conakry\/#\/schema\/person\/2b1cf3cd81a31e3cd26889ca66d677f1\"},\"headline\":\"Le minist\u00e8re de l\u2019Enseignement et de la formation professionnelle organise une retraite strat\u00e9gique \u00e0 Kindia\",\"datePublished\":\"2024-01-13T18:02:00+00:00\",\"mainEntityOfPage\":{\"@id\":\"https:\/\/www.africa-press.net\/guinee-conakry\/politique\/le-ministere-de-lenseignement-et-de-la-formation-professionnelle-organise-une-retraite-strategique-a-kindia\"},\"wordCount\":246,\"commentCount\":0,\"image\":{\"@id\":\"https:\/\/www.africa-press.net\/guinee-conakry\/politique\/le-ministere-de-lenseignement-et-de-la-formation-professionnelle-organise-une-retraite-strategique-a-kindia#primaryimage\"},\"thumbnailUrl\":\"https:\/\/static.africa-press.net\/conakry\/sites\/63\/2024\/01\/Jokar1705156370.775915.jpg\",\"keywords\":[\"Africa Press\",\"Africa Press-Guin\u00e9e\",\"Guin\u00e9e\"],\"articleSection\":[\"Communaut\u00e9\",\"Toutes les actualit\u00e9s\"],\"inLanguage\":\"fr-FR\",\"potentialAction\":[{\"@type\":\"CommentAction\",\"name\":\"Comment\",\"target\":[\"https:\/\/www.africa-press.net\/guinee-conakry\/politique\/le-ministere-de-lenseignement-et-de-la-formation-professionnelle-organise-une-retraite-strategique-a-kindia#respond\"]}]},{\"@type\":\"WebPage\",\"@id\":\"https:\/\/www.africa-press.net\/guinee-conakry\/politique\/le-ministere-de-lenseignement-et-de-la-formation-professionnelle-organise-une-retraite-strategique-a-kindia\",\"url\":\"https:\/\/www.africa-press.net\/guinee-conakry\/politique\/le-ministere-de-lenseignement-et-de-la-formation-professionnelle-organise-une-retraite-strategique-a-kindia\",\"name\":\"Le minist\u00e8re de l\u2019Enseignement et de la formation professionnelle organise une retraite strat\u00e9gique \u00e0 Kindia - guinee Conakry\",\"isPartOf\":{\"@id\":\"https:\/\/www.africa-press.net\/guinee-conakry\/#website\"},\"primaryImageOfPage\":{\"@id\":\"https:\/\/www.africa-press.net\/guinee-conakry\/politique\/le-ministere-de-lenseignement-et-de-la-formation-professionnelle-organise-une-retraite-strategique-a-kindia#primaryimage\"},\"image\":{\"@id\":\"https:\/\/www.africa-press.net\/guinee-conakry\/politique\/le-ministere-de-lenseignement-et-de-la-formation-professionnelle-organise-une-retraite-strategique-a-kindia#primaryimage\"},\"thumbnailUrl\":\"https:\/\/static.africa-press.net\/conakry\/sites\/63\/2024\/01\/Jokar1705156370.775915.jpg\",\"datePublished\":\"2024-01-13T18:02:00+00:00\",\"author\":{\"@id\":\"https:\/\/www.africa-press.net\/guinee-conakry\/#\/schema\/person\/2b1cf3cd81a31e3cd26889ca66d677f1\"},\"breadcrumb\":{\"@id\":\"https:\/\/www.africa-press.net\/guinee-conakry\/politique\/le-ministere-de-lenseignement-et-de-la-formation-professionnelle-organise-une-retraite-strategique-a-kindia#breadcrumb\"},\"inLanguage\":\"fr-FR\",\"potentialAction\":[{\"@type\":\"ReadAction\",\"target\":[\"https:\/\/www.africa-press.net\/guinee-conakry\/politique\/le-ministere-de-lenseignement-et-de-la-formation-professionnelle-organise-une-retraite-strategique-a-kindia\"]}]},{\"@type\":\"ImageObject\",\"inLanguage\":\"fr-FR\",\"@id\":\"https:\/\/www.africa-press.net\/guinee-conakry\/politique\/le-ministere-de-lenseignement-et-de-la-formation-professionnelle-organise-une-retraite-strategique-a-kindia#primaryimage\",\"url\":\"https:\/\/static.africa-press.net\/conakry\/sites\/63\/2024\/01\/Jokar1705156370.775915.jpg\",\"contentUrl\":\"https:\/\/static.africa-press.net\/conakry\/sites\/63\/2024\/01\/Jokar1705156370.775915.jpg\",\"width\":1024,\"height\":683,\"caption\":\"Le minist\u00e8re de l\u2019Enseignement et de la formation professionnelle organise une retraite strat\u00e9gique \u00e0 Kindia\"},{\"@type\":\"BreadcrumbList\",\"@id\":\"https:\/\/www.africa-press.net\/guinee-conakry\/politique\/le-ministere-de-lenseignement-et-de-la-formation-professionnelle-organise-une-retraite-strategique-a-kindia#breadcrumb\",\"itemListElement\":[{\"@type\":\"ListItem\",\"position\":1,\"name\":\"Accueil\",\"item\":\"https:\/\/www.africa-press.net\/guinee-conakry\/\"},{\"@type\":\"ListItem\",\"position\":2,\"name\":\"Le minist\u00e8re de l\u2019Enseignement et de la formation professionnelle organise une retraite strat\u00e9gique \u00e0 Kindia\"}]},{\"@type\":\"WebSite\",\"@id\":\"https:\/\/www.africa-press.net\/guinee-conakry\/#website\",\"url\":\"https:\/\/www.africa-press.net\/guinee-conakry\/\",\"name\":\"guinee Conakry\",\"description\":\"Just another Africa News Agency Sites site\",\"potentialAction\":[{\"@type\":\"SearchAction\",\"target\":{\"@type\":\"EntryPoint\",\"urlTemplate\":\"https:\/\/www.africa-press.net\/guinee-conakry\/?s={search_term_string}\"},\"query-input\":{\"@type\":\"PropertyValueSpecification\",\"valueRequired\":true,\"valueName\":\"search_term_string\"}}],\"inLanguage\":\"fr-FR\"},{\"@type\":\"Person\",\"@id\":\"https:\/\/www.africa-press.net\/guinee-conakry\/#\/schema\/person\/2b1cf3cd81a31e3cd26889ca66d677f1\",\"name\":\"cfeditorfr\"}]}<\/script>\n<!-- \/ Yoast SEO Premium plugin. -->","yoast_head_json":{"title":"Le minist\u00e8re de l\u2019Enseignement et de la formation professionnelle organise une retraite strat\u00e9gique \u00e0 Kindia - guinee Conakry","robots":{"index":"index","follow":"follow","max-snippet":"max-snippet:-1","max-image-preview":"max-image-preview:large","max-video-preview":"max-video-preview:-1"},"canonical":"https:\/\/www.africa-press.net\/guinee-conakry\/politique\/le-ministere-de-lenseignement-et-de-la-formation-professionnelle-organise-une-retraite-strategique-a-kindia","og_locale":"fr_FR","og_type":"article","og_title":"Le minist\u00e8re de l\u2019Enseignement et de la formation professionnelle organise une retraite strat\u00e9gique \u00e0 Kindia","og_description":"Africa-Press &#8211; Guin\u00e9e. Du 13 au 15 janvier 2024, le Ministe\u0300re de l\u2019Enseignement Technique, de la Formation Professionnelle et de l\u2019Emploi organise la retraite strate\u0301gique de ses cadres a\u0300 Kindia sous le the\u0300me : \u00ab Dynamique d\u2019e\u0301quipe pour de meilleurs re\u0301sultats \u00bb. Cette retraite a pour objectif de : Rassembler les hauts cadres et les [&hellip;]","og_url":"https:\/\/www.africa-press.net\/guinee-conakry\/politique\/le-ministere-de-lenseignement-et-de-la-formation-professionnelle-organise-une-retraite-strategique-a-kindia","og_site_name":"guinee Conakry","article_published_time":"2024-01-13T18:02:00+00:00","author":"cfeditorfr","twitter_card":"summary_large_image","twitter_misc":{"\u00c9crit par":"cfeditorfr","Dur\u00e9e de lecture estim\u00e9e":"1 minute"},"schema":{"@context":"https:\/\/schema.org","@graph":[{"@type":"Article","@id":"https:\/\/www.africa-press.net\/guinee-conakry\/politique\/le-ministere-de-lenseignement-et-de-la-formation-professionnelle-organise-une-retraite-strategique-a-kindia#article","isPartOf":{"@id":"https:\/\/www.africa-press.net\/guinee-conakry\/politique\/le-ministere-de-lenseignement-et-de-la-formation-professionnelle-organise-une-retraite-strategique-a-kindia"},"author":{"name":"cfeditorfr","@id":"https:\/\/www.africa-press.net\/guinee-conakry\/#\/schema\/person\/2b1cf3cd81a31e3cd26889ca66d677f1"},"headline":"Le minist\u00e8re de l\u2019Enseignement et de la formation professionnelle organise une retraite strat\u00e9gique \u00e0 Kindia","datePublished":"2024-01-13T18:02:00+00:00","mainEntityOfPage":{"@id":"https:\/\/www.africa-press.net\/guinee-conakry\/politique\/le-ministere-de-lenseignement-et-de-la-formation-professionnelle-organise-une-retraite-strategique-a-kindia"},"wordCount":246,"commentCount":0,"image":{"@id":"https:\/\/www.africa-press.net\/guinee-conakry\/politique\/le-ministere-de-lenseignement-et-de-la-formation-professionnelle-organise-une-retraite-strategique-a-kindia#primaryimage"},"thumbnailUrl":"https:\/\/static.africa-press.net\/conakry\/sites\/63\/2024\/01\/Jokar1705156370.775915.jpg","keywords":["Africa Press","Africa Press-Guin\u00e9e","Guin\u00e9e"],"articleSection":["Communaut\u00e9","Toutes les actualit\u00e9s"],"inLanguage":"fr-FR","potentialAction":[{"@type":"CommentAction","name":"Comment","target":["https:\/\/www.africa-press.net\/guinee-conakry\/politique\/le-ministere-de-lenseignement-et-de-la-formation-professionnelle-organise-une-retraite-strategique-a-kindia#respond"]}]},{"@type":"WebPage","@id":"https:\/\/www.africa-press.net\/guinee-conakry\/politique\/le-ministere-de-lenseignement-et-de-la-formation-professionnelle-organise-une-retraite-strategique-a-kindia","url":"https:\/\/www.africa-press.net\/guinee-conakry\/politique\/le-ministere-de-lenseignement-et-de-la-formation-professionnelle-organise-une-retraite-strategique-a-kindia","name":"Le minist\u00e8re de l\u2019Enseignement et de la formation professionnelle organise une retraite strat\u00e9gique \u00e0 Kindia - guinee Conakry","isPartOf":{"@id":"https:\/\/www.africa-press.net\/guinee-conakry\/#website"},"primaryImageOfPage":{"@id":"https:\/\/www.africa-press.net\/guinee-conakry\/politique\/le-ministere-de-lenseignement-et-de-la-formation-professionnelle-organise-une-retraite-strategique-a-kindia#primaryimage"},"image":{"@id":"https:\/\/www.africa-press.net\/guinee-conakry\/politique\/le-ministere-de-lenseignement-et-de-la-formation-professionnelle-organise-une-retraite-strategique-a-kindia#primaryimage"},"thumbnailUrl":"https:\/\/static.africa-press.net\/conakry\/sites\/63\/2024\/01\/Jokar1705156370.775915.jpg","datePublished":"2024-01-13T18:02:00+00:00","author":{"@id":"https:\/\/www.africa-press.net\/guinee-conakry\/#\/schema\/person\/2b1cf3cd81a31e3cd26889ca66d677f1"},"breadcrumb":{"@id":"https:\/\/www.africa-press.net\/guinee-conakry\/politique\/le-ministere-de-lenseignement-et-de-la-formation-professionnelle-organise-une-retraite-strategique-a-kindia#breadcrumb"},"inLanguage":"fr-FR","potentialAction":[{"@type":"ReadAction","target":["https:\/\/www.africa-press.net\/guinee-conakry\/politique\/le-ministere-de-lenseignement-et-de-la-formation-professionnelle-organise-une-retraite-strategique-a-kindia"]}]},{"@type":"ImageObject","inLanguage":"fr-FR","@id":"https:\/\/www.africa-press.net\/guinee-conakry\/politique\/le-ministere-de-lenseignement-et-de-la-formation-professionnelle-organise-une-retraite-strategique-a-kindia#primaryimage","url":"https:\/\/static.africa-press.net\/conakry\/sites\/63\/2024\/01\/Jokar1705156370.775915.jpg","contentUrl":"https:\/\/static.africa-press.net\/conakry\/sites\/63\/2024\/01\/Jokar1705156370.775915.jpg","width":1024,"height":683,"caption":"Le minist\u00e8re de l\u2019Enseignement et de la formation professionnelle organise une retraite strat\u00e9gique \u00e0 Kindia"},{"@type":"BreadcrumbList","@id":"https:\/\/www.africa-press.net\/guinee-conakry\/politique\/le-ministere-de-lenseignement-et-de-la-formation-professionnelle-organise-une-retraite-strategique-a-kindia#breadcrumb","itemListElement":[{"@type":"ListItem","position":1,"name":"Accueil","item":"https:\/\/www.africa-press.net\/guinee-conakry\/"},{"@type":"ListItem","position":2,"name":"Le minist\u00e8re de l\u2019Enseignement et de la formation professionnelle organise une retraite strat\u00e9gique \u00e0 Kindia"}]},{"@type":"WebSite","@id":"https:\/\/www.africa-press.net\/guinee-conakry\/#website","url":"https:\/\/www.africa-press.net\/guinee-conakry\/","name":"guinee Conakry","description":"Just another Africa News Agency Sites site","potentialAction":[{"@type":"SearchAction","target":{"@type":"EntryPoint","urlTemplate":"https:\/\/www.africa-press.net\/guinee-conakry\/?s={search_term_string}"},"query-input":{"@type":"PropertyValueSpecification","valueRequired":true,"valueName":"search_term_string"}}],"inLanguage":"fr-FR"},{"@type":"Person","@id":"https:\/\/www.africa-press.net\/guinee-conakry\/#\/schema\/person\/2b1cf3cd81a31e3cd26889ca66d677f1","name":"cfeditorfr"}]}},"_links":{"self":[{"href":"https:\/\/www.africa-press.net\/guinee-conakry\/wp-json\/wp\/v2\/posts\/18302","targetHints":{"allow":["GET"]}}],"collection":[{"href":"https:\/\/www.africa-press.net\/guinee-conakry\/wp-json\/wp\/v2\/posts"}],"about":[{"href":"https:\/\/www.africa-press.net\/guinee-conakry\/wp-json\/wp\/v2\/types\/post"}],"author":[{"embeddable":true,"href":"https:\/\/www.africa-press.net\/guinee-conakry\/wp-json\/wp\/v2\/users\/82"}],"replies":[{"embeddable":true,"href":"https:\/\/www.africa-press.net\/guinee-conakry\/wp-json\/wp\/v2\/comments?post=18302"}],"version-history":[{"count":0,"href":"https:\/\/www.africa-press.net\/guinee-conakry\/wp-json\/wp\/v2\/posts\/18302\/revisions"}],"wp:featuredmedia":[{"embeddable":true,"href":"https:\/\/www.africa-press.net\/guinee-conakry\/wp-json\/wp\/v2\/media\/18301"}],"wp:attachment":[{"href":"https:\/\/www.africa-press.net\/guinee-conakry\/wp-json\/wp\/v2\/media?parent=18302"}],"wp:term":[{"taxonomy":"category","embeddable":true,"href":"https:\/\/www.africa-press.net\/guinee-conakry\/wp-json\/wp\/v2\/categories?post=18302"},{"taxonomy":"post_tag","embeddable":true,"href":"https:\/\/www.africa-press.net\/guinee-conakry\/wp-json\/wp\/v2\/tags?post=18302"}],"curies":[{"name":"wp","href":"https:\/\/api.w.org\/{rel}","templated":true}]}}