{"id":18324,"date":"2024-01-18T14:44:00","date_gmt":"2024-01-18T14:44:00","guid":{"rendered":"https:\/\/www.africa-press.net\/guinee-conakry\/politique\/arrestation-de-plusieurs-journalistes-a-la-maison-de-la-presse"},"modified":"2024-01-18T14:44:00","modified_gmt":"2024-01-18T14:44:00","slug":"arrestation-de-plusieurs-journalistes-a-la-maison-de-la-presse","status":"publish","type":"post","link":"https:\/\/www.africa-press.net\/guinee-conakry\/toutes-les-actualites\/arrestation-de-plusieurs-journalistes-a-la-maison-de-la-presse","title":{"rendered":"Arrestation de plusieurs journalistes \u00e0 la Maison de la presse"},"content":{"rendered":"<p><span style=\"color: #ff6600\"><strong>Africa-Press &#8211; Guin\u00e9e. <\/strong><\/span><b>L\u2019information a e\u0301te\u0301 confirme\u0301e par <\/b><b>Se\u0301kou Jamal Pendessa, secr<\/b><b>e\u0301taire ge\u0301ne\u0301ral du <\/b><b>Syndicat des professionnels de la presse de Guine\u0301e (SPPG), qui a appele\u0301 a\u0300 une manifestation de\u0301no<\/b><b>mme\u0301e \u00ab <\/b><b>De\u0301ferlement humain sur Conakry \u00bb ce jeudi 18 janvier pour <\/b><b>protester contre les restrictions d\u2019internet et le brouillage des ondes de radios prive\u0301es. <\/b><\/p>\n<p>Re\u0301agissant a\u0300 chaud, le journaliste syndicaliste a de\u0301clare\u0301 que \u2018\u2019nous ne sommes pas surpris de leur barbarie, mais on ne pouvait pas imaginer qu\u2019ils pouvaient aller jusqu\u2019a\u0300 violer le temple sacre\u0301 de la presse, la Maison de la presse. Il n\u2019y pas un endroit ou\u0300 on doit se sentir plus en se\u0301curite\u0301 que la Maison de la presse. Malheureusement, la gendarmerie et des be\u0301rets rouges qui ont fait le tour toute la matine\u0301e, sont alle\u0301s jusqu\u2019a\u0300 de\u0301foncer le portail\u2019\u2019.<\/p>\n<p>Se\u0301kou Jamal Pendessa de\u0301nombre au moins 7 journalistes qui ont e\u0301te\u0301 arre\u0302te\u0301s a\u0300 la Maison de la presse. \u2018\u2019Ils n\u2019e\u0301taient pas en train de manifester. Ils rentraient chez eux, parce qu\u2019apre\u0300s avoir constate\u0301 qu\u2019on ne pouvait pas sortir en raison de tout ce qui se passait autour de la Maison de la presse, le charge\u0301 de communication du SPPG a appele\u0301 les journalistes pour leur dire : \u2018\u2019On va vous les libe\u0301rer. Mais que le secre\u0301taire ge\u0301ne\u0301ral va vous accorder une interview. Nous allons tenir une information pour de\u0301finir la conduite a\u0300 tenir. Vous serez informe\u0301s de la suite le soir a\u0300 travers un communique\u0301\u2019. Nous avons fait l\u2019interview et on s\u2019est se\u0301pare\u0301s\u2019\u2019, de\u0301taille-t-il.<\/p>\n<p>Il pre\u0301cise que \u2018\u2019nous, nous sommes rentre\u0301s dans la salle de re\u0301union avec des acteurs de la socie\u0301te\u0301 civile qui nous accompagnent. A peine, j\u2019introduis la re\u0301union, on m\u2019appelle pour me dire qu\u2019on a arre\u0302te\u0301 le journaliste Foula Mory. Ensuite, Minka. Nous sommes assie\u0301ge\u0301s a\u0300 la Maison de la presse. Tout est boucle\u0301 par des pickups\u2019\u2019.<\/p>\n<p>A la junte, il indique que \u2018\u2019ce n\u2019est pas c\u0327a la solution. Libe\u0301rez les me\u0301dias, les re\u0301seaux sociaux. C\u2019est tout ce que nous demandons\u2019\u2019.<\/p>\n<p><b>Abdoulaye Bella DIALLO<\/b><\/p>\n<p><strong>Pour plus d&rsquo;informations et d&rsquo;analyses sur la <a href=\"https:\/\/www.africa-press.net\/guinee-conakry\">Guin\u00e9e<\/a>, suivez <a href=\"https:\/\/www.africa-press.net\/\">Africa-Press<\/a><\/strong><\/p>\n","protected":false},"excerpt":{"rendered":"<p>Africa-Press &#8211; Guin\u00e9e. L\u2019information a e\u0301te\u0301 confirme\u0301e par Se\u0301kou Jamal Pendessa, secre\u0301taire ge\u0301ne\u0301ral du Syndicat des professionnels de la presse de Guine\u0301e (SPPG), qui a appele\u0301 a\u0300 une manifestation de\u0301nomme\u0301e \u00ab De\u0301ferlement humain sur Conakry \u00bb ce jeudi 18 janvier pour protester contre les restrictions d\u2019internet et le brouillage des ondes de radios prive\u0301es. Re\u0301agissant [&hellip;]<\/p>\n","protected":false},"author":82,"featured_media":18323,"comment_status":"open","ping_status":"closed","sticky":false,"template":"","format":"standard","meta":{"footnotes":""},"categories":[21,10],"tags":[36,57,58],"class_list":["post-18324","post","type-post","status-publish","format-standard","has-post-thumbnail","hentry","category-communaute","category-toutes-les-actualites","tag-africa-press","tag-africa-press-guinee","tag-guinee"],"yoast_head":"<!-- This site is optimized with the Yoast SEO Premium plugin v26.1 (Yoast SEO v27.0) - https:\/\/yoast.com\/product\/yoast-seo-premium-wordpress\/ -->\n<title>Arrestation de plusieurs journalistes \u00e0 la Maison de la presse - guinee Conakry<\/title>\n<meta name=\"robots\" content=\"index, follow, max-snippet:-1, max-image-preview:large, max-video-preview:-1\" \/>\n<link rel=\"canonical\" href=\"https:\/\/www.africa-press.net\/guinee-conakry\/politique\/arrestation-de-plusieurs-journalistes-a-la-maison-de-la-presse\" \/>\n<meta property=\"og:locale\" content=\"fr_FR\" \/>\n<meta property=\"og:type\" content=\"article\" \/>\n<meta property=\"og:title\" content=\"Arrestation de plusieurs journalistes \u00e0 la Maison de la presse\" \/>\n<meta property=\"og:description\" content=\"Africa-Press &#8211; Guin\u00e9e. L\u2019information a e\u0301te\u0301 confirme\u0301e par Se\u0301kou Jamal Pendessa, secre\u0301taire ge\u0301ne\u0301ral du Syndicat des professionnels de la presse de Guine\u0301e (SPPG), qui a appele\u0301 a\u0300 une manifestation de\u0301nomme\u0301e \u00ab De\u0301ferlement humain sur Conakry \u00bb ce jeudi 18 janvier pour protester contre les restrictions d\u2019internet et le brouillage des ondes de radios prive\u0301es. Re\u0301agissant [&hellip;]\" \/>\n<meta property=\"og:url\" content=\"https:\/\/www.africa-press.net\/guinee-conakry\/politique\/arrestation-de-plusieurs-journalistes-a-la-maison-de-la-presse\" \/>\n<meta property=\"og:site_name\" content=\"guinee Conakry\" \/>\n<meta property=\"article:published_time\" content=\"2024-01-18T14:44:00+00:00\" \/>\n<meta name=\"author\" content=\"cfeditorfr\" \/>\n<meta name=\"twitter:card\" content=\"summary_large_image\" \/>\n<meta name=\"twitter:label1\" content=\"\u00c9crit par\" \/>\n\t<meta name=\"twitter:data1\" content=\"cfeditorfr\" \/>\n\t<meta name=\"twitter:label2\" content=\"Dur\u00e9e de lecture estim\u00e9e\" \/>\n\t<meta name=\"twitter:data2\" content=\"2 minutes\" \/>\n<script type=\"application\/ld+json\" class=\"yoast-schema-graph\">{\"@context\":\"https:\/\/schema.org\",\"@graph\":[{\"@type\":\"Article\",\"@id\":\"https:\/\/www.africa-press.net\/guinee-conakry\/politique\/arrestation-de-plusieurs-journalistes-a-la-maison-de-la-presse#article\",\"isPartOf\":{\"@id\":\"https:\/\/www.africa-press.net\/guinee-conakry\/politique\/arrestation-de-plusieurs-journalistes-a-la-maison-de-la-presse\"},\"author\":{\"name\":\"cfeditorfr\",\"@id\":\"https:\/\/www.africa-press.net\/guinee-conakry\/#\/schema\/person\/2b1cf3cd81a31e3cd26889ca66d677f1\"},\"headline\":\"Arrestation de plusieurs journalistes \u00e0 la Maison de la presse\",\"datePublished\":\"2024-01-18T14:44:00+00:00\",\"mainEntityOfPage\":{\"@id\":\"https:\/\/www.africa-press.net\/guinee-conakry\/politique\/arrestation-de-plusieurs-journalistes-a-la-maison-de-la-presse\"},\"wordCount\":412,\"commentCount\":0,\"image\":{\"@id\":\"https:\/\/www.africa-press.net\/guinee-conakry\/politique\/arrestation-de-plusieurs-journalistes-a-la-maison-de-la-presse#primaryimage\"},\"thumbnailUrl\":\"https:\/\/static.africa-press.net\/conakry\/sites\/63\/2024\/01\/Jokar1705576451.832992.jpg\",\"keywords\":[\"Africa Press\",\"Africa Press-Guin\u00e9e\",\"Guin\u00e9e\"],\"articleSection\":[\"Communaut\u00e9\",\"Toutes les actualit\u00e9s\"],\"inLanguage\":\"fr-FR\",\"potentialAction\":[{\"@type\":\"CommentAction\",\"name\":\"Comment\",\"target\":[\"https:\/\/www.africa-press.net\/guinee-conakry\/politique\/arrestation-de-plusieurs-journalistes-a-la-maison-de-la-presse#respond\"]}]},{\"@type\":\"WebPage\",\"@id\":\"https:\/\/www.africa-press.net\/guinee-conakry\/politique\/arrestation-de-plusieurs-journalistes-a-la-maison-de-la-presse\",\"url\":\"https:\/\/www.africa-press.net\/guinee-conakry\/politique\/arrestation-de-plusieurs-journalistes-a-la-maison-de-la-presse\",\"name\":\"Arrestation de plusieurs journalistes \u00e0 la Maison de la presse - guinee Conakry\",\"isPartOf\":{\"@id\":\"https:\/\/www.africa-press.net\/guinee-conakry\/#website\"},\"primaryImageOfPage\":{\"@id\":\"https:\/\/www.africa-press.net\/guinee-conakry\/politique\/arrestation-de-plusieurs-journalistes-a-la-maison-de-la-presse#primaryimage\"},\"image\":{\"@id\":\"https:\/\/www.africa-press.net\/guinee-conakry\/politique\/arrestation-de-plusieurs-journalistes-a-la-maison-de-la-presse#primaryimage\"},\"thumbnailUrl\":\"https:\/\/static.africa-press.net\/conakry\/sites\/63\/2024\/01\/Jokar1705576451.832992.jpg\",\"datePublished\":\"2024-01-18T14:44:00+00:00\",\"author\":{\"@id\":\"https:\/\/www.africa-press.net\/guinee-conakry\/#\/schema\/person\/2b1cf3cd81a31e3cd26889ca66d677f1\"},\"breadcrumb\":{\"@id\":\"https:\/\/www.africa-press.net\/guinee-conakry\/politique\/arrestation-de-plusieurs-journalistes-a-la-maison-de-la-presse#breadcrumb\"},\"inLanguage\":\"fr-FR\",\"potentialAction\":[{\"@type\":\"ReadAction\",\"target\":[\"https:\/\/www.africa-press.net\/guinee-conakry\/politique\/arrestation-de-plusieurs-journalistes-a-la-maison-de-la-presse\"]}]},{\"@type\":\"ImageObject\",\"inLanguage\":\"fr-FR\",\"@id\":\"https:\/\/www.africa-press.net\/guinee-conakry\/politique\/arrestation-de-plusieurs-journalistes-a-la-maison-de-la-presse#primaryimage\",\"url\":\"https:\/\/static.africa-press.net\/conakry\/sites\/63\/2024\/01\/Jokar1705576451.832992.jpg\",\"contentUrl\":\"https:\/\/static.africa-press.net\/conakry\/sites\/63\/2024\/01\/Jokar1705576451.832992.jpg\",\"width\":827,\"height\":549,\"caption\":\"Arrestation de plusieurs journalistes \u00e0 la Maison de la presse\"},{\"@type\":\"BreadcrumbList\",\"@id\":\"https:\/\/www.africa-press.net\/guinee-conakry\/politique\/arrestation-de-plusieurs-journalistes-a-la-maison-de-la-presse#breadcrumb\",\"itemListElement\":[{\"@type\":\"ListItem\",\"position\":1,\"name\":\"Accueil\",\"item\":\"https:\/\/www.africa-press.net\/guinee-conakry\/\"},{\"@type\":\"ListItem\",\"position\":2,\"name\":\"Arrestation de plusieurs journalistes \u00e0 la Maison de la presse\"}]},{\"@type\":\"WebSite\",\"@id\":\"https:\/\/www.africa-press.net\/guinee-conakry\/#website\",\"url\":\"https:\/\/www.africa-press.net\/guinee-conakry\/\",\"name\":\"guinee Conakry\",\"description\":\"Just another Africa News Agency Sites site\",\"potentialAction\":[{\"@type\":\"SearchAction\",\"target\":{\"@type\":\"EntryPoint\",\"urlTemplate\":\"https:\/\/www.africa-press.net\/guinee-conakry\/?s={search_term_string}\"},\"query-input\":{\"@type\":\"PropertyValueSpecification\",\"valueRequired\":true,\"valueName\":\"search_term_string\"}}],\"inLanguage\":\"fr-FR\"},{\"@type\":\"Person\",\"@id\":\"https:\/\/www.africa-press.net\/guinee-conakry\/#\/schema\/person\/2b1cf3cd81a31e3cd26889ca66d677f1\",\"name\":\"cfeditorfr\"}]}<\/script>\n<!-- \/ Yoast SEO Premium plugin. -->","yoast_head_json":{"title":"Arrestation de plusieurs journalistes \u00e0 la Maison de la presse - guinee Conakry","robots":{"index":"index","follow":"follow","max-snippet":"max-snippet:-1","max-image-preview":"max-image-preview:large","max-video-preview":"max-video-preview:-1"},"canonical":"https:\/\/www.africa-press.net\/guinee-conakry\/politique\/arrestation-de-plusieurs-journalistes-a-la-maison-de-la-presse","og_locale":"fr_FR","og_type":"article","og_title":"Arrestation de plusieurs journalistes \u00e0 la Maison de la presse","og_description":"Africa-Press &#8211; Guin\u00e9e. L\u2019information a e\u0301te\u0301 confirme\u0301e par Se\u0301kou Jamal Pendessa, secre\u0301taire ge\u0301ne\u0301ral du Syndicat des professionnels de la presse de Guine\u0301e (SPPG), qui a appele\u0301 a\u0300 une manifestation de\u0301nomme\u0301e \u00ab De\u0301ferlement humain sur Conakry \u00bb ce jeudi 18 janvier pour protester contre les restrictions d\u2019internet et le brouillage des ondes de radios prive\u0301es. Re\u0301agissant [&hellip;]","og_url":"https:\/\/www.africa-press.net\/guinee-conakry\/politique\/arrestation-de-plusieurs-journalistes-a-la-maison-de-la-presse","og_site_name":"guinee Conakry","article_published_time":"2024-01-18T14:44:00+00:00","author":"cfeditorfr","twitter_card":"summary_large_image","twitter_misc":{"\u00c9crit par":"cfeditorfr","Dur\u00e9e de lecture estim\u00e9e":"2 minutes"},"schema":{"@context":"https:\/\/schema.org","@graph":[{"@type":"Article","@id":"https:\/\/www.africa-press.net\/guinee-conakry\/politique\/arrestation-de-plusieurs-journalistes-a-la-maison-de-la-presse#article","isPartOf":{"@id":"https:\/\/www.africa-press.net\/guinee-conakry\/politique\/arrestation-de-plusieurs-journalistes-a-la-maison-de-la-presse"},"author":{"name":"cfeditorfr","@id":"https:\/\/www.africa-press.net\/guinee-conakry\/#\/schema\/person\/2b1cf3cd81a31e3cd26889ca66d677f1"},"headline":"Arrestation de plusieurs journalistes \u00e0 la Maison de la presse","datePublished":"2024-01-18T14:44:00+00:00","mainEntityOfPage":{"@id":"https:\/\/www.africa-press.net\/guinee-conakry\/politique\/arrestation-de-plusieurs-journalistes-a-la-maison-de-la-presse"},"wordCount":412,"commentCount":0,"image":{"@id":"https:\/\/www.africa-press.net\/guinee-conakry\/politique\/arrestation-de-plusieurs-journalistes-a-la-maison-de-la-presse#primaryimage"},"thumbnailUrl":"https:\/\/static.africa-press.net\/conakry\/sites\/63\/2024\/01\/Jokar1705576451.832992.jpg","keywords":["Africa Press","Africa Press-Guin\u00e9e","Guin\u00e9e"],"articleSection":["Communaut\u00e9","Toutes les actualit\u00e9s"],"inLanguage":"fr-FR","potentialAction":[{"@type":"CommentAction","name":"Comment","target":["https:\/\/www.africa-press.net\/guinee-conakry\/politique\/arrestation-de-plusieurs-journalistes-a-la-maison-de-la-presse#respond"]}]},{"@type":"WebPage","@id":"https:\/\/www.africa-press.net\/guinee-conakry\/politique\/arrestation-de-plusieurs-journalistes-a-la-maison-de-la-presse","url":"https:\/\/www.africa-press.net\/guinee-conakry\/politique\/arrestation-de-plusieurs-journalistes-a-la-maison-de-la-presse","name":"Arrestation de plusieurs journalistes \u00e0 la Maison de la presse - guinee Conakry","isPartOf":{"@id":"https:\/\/www.africa-press.net\/guinee-conakry\/#website"},"primaryImageOfPage":{"@id":"https:\/\/www.africa-press.net\/guinee-conakry\/politique\/arrestation-de-plusieurs-journalistes-a-la-maison-de-la-presse#primaryimage"},"image":{"@id":"https:\/\/www.africa-press.net\/guinee-conakry\/politique\/arrestation-de-plusieurs-journalistes-a-la-maison-de-la-presse#primaryimage"},"thumbnailUrl":"https:\/\/static.africa-press.net\/conakry\/sites\/63\/2024\/01\/Jokar1705576451.832992.jpg","datePublished":"2024-01-18T14:44:00+00:00","author":{"@id":"https:\/\/www.africa-press.net\/guinee-conakry\/#\/schema\/person\/2b1cf3cd81a31e3cd26889ca66d677f1"},"breadcrumb":{"@id":"https:\/\/www.africa-press.net\/guinee-conakry\/politique\/arrestation-de-plusieurs-journalistes-a-la-maison-de-la-presse#breadcrumb"},"inLanguage":"fr-FR","potentialAction":[{"@type":"ReadAction","target":["https:\/\/www.africa-press.net\/guinee-conakry\/politique\/arrestation-de-plusieurs-journalistes-a-la-maison-de-la-presse"]}]},{"@type":"ImageObject","inLanguage":"fr-FR","@id":"https:\/\/www.africa-press.net\/guinee-conakry\/politique\/arrestation-de-plusieurs-journalistes-a-la-maison-de-la-presse#primaryimage","url":"https:\/\/static.africa-press.net\/conakry\/sites\/63\/2024\/01\/Jokar1705576451.832992.jpg","contentUrl":"https:\/\/static.africa-press.net\/conakry\/sites\/63\/2024\/01\/Jokar1705576451.832992.jpg","width":827,"height":549,"caption":"Arrestation de plusieurs journalistes \u00e0 la Maison de la presse"},{"@type":"BreadcrumbList","@id":"https:\/\/www.africa-press.net\/guinee-conakry\/politique\/arrestation-de-plusieurs-journalistes-a-la-maison-de-la-presse#breadcrumb","itemListElement":[{"@type":"ListItem","position":1,"name":"Accueil","item":"https:\/\/www.africa-press.net\/guinee-conakry\/"},{"@type":"ListItem","position":2,"name":"Arrestation de plusieurs journalistes \u00e0 la Maison de la presse"}]},{"@type":"WebSite","@id":"https:\/\/www.africa-press.net\/guinee-conakry\/#website","url":"https:\/\/www.africa-press.net\/guinee-conakry\/","name":"guinee Conakry","description":"Just another Africa News Agency Sites site","potentialAction":[{"@type":"SearchAction","target":{"@type":"EntryPoint","urlTemplate":"https:\/\/www.africa-press.net\/guinee-conakry\/?s={search_term_string}"},"query-input":{"@type":"PropertyValueSpecification","valueRequired":true,"valueName":"search_term_string"}}],"inLanguage":"fr-FR"},{"@type":"Person","@id":"https:\/\/www.africa-press.net\/guinee-conakry\/#\/schema\/person\/2b1cf3cd81a31e3cd26889ca66d677f1","name":"cfeditorfr"}]}},"_links":{"self":[{"href":"https:\/\/www.africa-press.net\/guinee-conakry\/wp-json\/wp\/v2\/posts\/18324","targetHints":{"allow":["GET"]}}],"collection":[{"href":"https:\/\/www.africa-press.net\/guinee-conakry\/wp-json\/wp\/v2\/posts"}],"about":[{"href":"https:\/\/www.africa-press.net\/guinee-conakry\/wp-json\/wp\/v2\/types\/post"}],"author":[{"embeddable":true,"href":"https:\/\/www.africa-press.net\/guinee-conakry\/wp-json\/wp\/v2\/users\/82"}],"replies":[{"embeddable":true,"href":"https:\/\/www.africa-press.net\/guinee-conakry\/wp-json\/wp\/v2\/comments?post=18324"}],"version-history":[{"count":0,"href":"https:\/\/www.africa-press.net\/guinee-conakry\/wp-json\/wp\/v2\/posts\/18324\/revisions"}],"wp:featuredmedia":[{"embeddable":true,"href":"https:\/\/www.africa-press.net\/guinee-conakry\/wp-json\/wp\/v2\/media\/18323"}],"wp:attachment":[{"href":"https:\/\/www.africa-press.net\/guinee-conakry\/wp-json\/wp\/v2\/media?parent=18324"}],"wp:term":[{"taxonomy":"category","embeddable":true,"href":"https:\/\/www.africa-press.net\/guinee-conakry\/wp-json\/wp\/v2\/categories?post=18324"},{"taxonomy":"post_tag","embeddable":true,"href":"https:\/\/www.africa-press.net\/guinee-conakry\/wp-json\/wp\/v2\/tags?post=18324"}],"curies":[{"name":"wp","href":"https:\/\/api.w.org\/{rel}","templated":true}]}}