{"id":18332,"date":"2024-01-18T14:50:00","date_gmt":"2024-01-18T14:50:00","guid":{"rendered":"https:\/\/www.africa-press.net\/guinee-conakry\/politique\/fode-oussou-fofana-rend-hommage-a-ibrahima-saikou-diallo-dit-cia"},"modified":"2024-01-18T14:50:00","modified_gmt":"2024-01-18T14:50:00","slug":"fode-oussou-fofana-rend-hommage-a-ibrahima-saikou-diallo-dit-cia","status":"publish","type":"post","link":"https:\/\/www.africa-press.net\/guinee-conakry\/toutes-les-actualites\/fode-oussou-fofana-rend-hommage-a-ibrahima-saikou-diallo-dit-cia","title":{"rendered":"Fod\u00e9 Oussou Fofana rend hommage \u00e0 Ibrahima Saikou Diallo dit CIA"},"content":{"rendered":"<p><span style=\"color: #ff6600\"><strong>Africa-Press &#8211; Guin\u00e9e. <\/strong><\/span><b>C\u2019est avec une profonde tristesse que je partage la nouvelle du de\u0301ce\u0300s de notre cher ami, Ibrahima Saikou Diallo<\/b> <b>dit CIA. <\/b><\/p>\n<p>Son humanite\u0301 exceptionnelle, son de\u0301vouement envers les de\u0301munis et les orphelins, ainsi que son impact positif pendant la crise sanitaire resteront grave\u0301s dans nos c\u0153urs.<\/p>\n<p>L\u2019orphelinat qu\u2019il a dirige\u0301 e\u0301tait un refuge d\u2019aide et d\u2019apprentissage, et je me souviendrai toujours de lui comme d\u2019un homme bon, humble et au grand c\u0153ur.<\/p>\n<p>Mes pense\u0301es vont a\u0300 sa famille et a\u0300 tous ceux qui ont eu la chance de connai\u0302tre et d\u2019e\u0302tre touche\u0301s par sa ge\u0301ne\u0301rosite\u0301.<\/p>\n<p>Repose en paix, cher fre\u0300re et ami, Ibrahima Saikou Diallo.<\/p>\n<p><b>Hon Dr Fode\u0301 Oussou FOFANA<\/b><\/p>\n<p>VP UFDG<\/p>\n<p><strong>Pour plus d&rsquo;informations et d&rsquo;analyses sur la <a href=\"https:\/\/www.africa-press.net\/guinee-conakry\">Guin\u00e9e<\/a>, suivez <a href=\"https:\/\/www.africa-press.net\/\">Africa-Press<\/a><\/strong><\/p>\n","protected":false},"excerpt":{"rendered":"<p>Africa-Press &#8211; Guin\u00e9e. C\u2019est avec une profonde tristesse que je partage la nouvelle du de\u0301ce\u0300s de notre cher ami, Ibrahima Saikou Diallo dit CIA. Son humanite\u0301 exceptionnelle, son de\u0301vouement envers les de\u0301munis et les orphelins, ainsi que son impact positif pendant la crise sanitaire resteront grave\u0301s dans nos c\u0153urs. L\u2019orphelinat qu\u2019il a dirige\u0301 e\u0301tait un [&hellip;]<\/p>\n","protected":false},"author":82,"featured_media":18331,"comment_status":"open","ping_status":"closed","sticky":false,"template":"","format":"standard","meta":{"footnotes":""},"categories":[21,10],"tags":[36,57,58],"class_list":["post-18332","post","type-post","status-publish","format-standard","has-post-thumbnail","hentry","category-communaute","category-toutes-les-actualites","tag-africa-press","tag-africa-press-guinee","tag-guinee"],"yoast_head":"<!-- This site is optimized with the Yoast SEO Premium plugin v26.1 (Yoast SEO v27.0) - https:\/\/yoast.com\/product\/yoast-seo-premium-wordpress\/ -->\n<title>Fod\u00e9 Oussou Fofana rend hommage \u00e0 Ibrahima Saikou Diallo dit CIA - guinee Conakry<\/title>\n<meta name=\"robots\" content=\"index, follow, max-snippet:-1, max-image-preview:large, max-video-preview:-1\" \/>\n<link rel=\"canonical\" href=\"https:\/\/www.africa-press.net\/guinee-conakry\/politique\/fode-oussou-fofana-rend-hommage-a-ibrahima-saikou-diallo-dit-cia\" \/>\n<meta property=\"og:locale\" content=\"fr_FR\" \/>\n<meta property=\"og:type\" content=\"article\" \/>\n<meta property=\"og:title\" content=\"Fod\u00e9 Oussou Fofana rend hommage \u00e0 Ibrahima Saikou Diallo dit CIA\" \/>\n<meta property=\"og:description\" content=\"Africa-Press &#8211; Guin\u00e9e. C\u2019est avec une profonde tristesse que je partage la nouvelle du de\u0301ce\u0300s de notre cher ami, Ibrahima Saikou Diallo dit CIA. Son humanite\u0301 exceptionnelle, son de\u0301vouement envers les de\u0301munis et les orphelins, ainsi que son impact positif pendant la crise sanitaire resteront grave\u0301s dans nos c\u0153urs. L\u2019orphelinat qu\u2019il a dirige\u0301 e\u0301tait un [&hellip;]\" \/>\n<meta property=\"og:url\" content=\"https:\/\/www.africa-press.net\/guinee-conakry\/politique\/fode-oussou-fofana-rend-hommage-a-ibrahima-saikou-diallo-dit-cia\" \/>\n<meta property=\"og:site_name\" content=\"guinee Conakry\" \/>\n<meta property=\"article:published_time\" content=\"2024-01-18T14:50:00+00:00\" \/>\n<meta name=\"author\" content=\"cfeditorfr\" \/>\n<meta name=\"twitter:card\" content=\"summary_large_image\" \/>\n<meta name=\"twitter:label1\" content=\"\u00c9crit par\" \/>\n\t<meta name=\"twitter:data1\" content=\"cfeditorfr\" \/>\n\t<meta name=\"twitter:label2\" content=\"Dur\u00e9e de lecture estim\u00e9e\" \/>\n\t<meta name=\"twitter:data2\" content=\"1 minute\" \/>\n<script type=\"application\/ld+json\" class=\"yoast-schema-graph\">{\"@context\":\"https:\/\/schema.org\",\"@graph\":[{\"@type\":\"Article\",\"@id\":\"https:\/\/www.africa-press.net\/guinee-conakry\/politique\/fode-oussou-fofana-rend-hommage-a-ibrahima-saikou-diallo-dit-cia#article\",\"isPartOf\":{\"@id\":\"https:\/\/www.africa-press.net\/guinee-conakry\/politique\/fode-oussou-fofana-rend-hommage-a-ibrahima-saikou-diallo-dit-cia\"},\"author\":{\"name\":\"cfeditorfr\",\"@id\":\"https:\/\/www.africa-press.net\/guinee-conakry\/#\/schema\/person\/2b1cf3cd81a31e3cd26889ca66d677f1\"},\"headline\":\"Fod\u00e9 Oussou Fofana rend hommage \u00e0 Ibrahima Saikou Diallo dit CIA\",\"datePublished\":\"2024-01-18T14:50:00+00:00\",\"mainEntityOfPage\":{\"@id\":\"https:\/\/www.africa-press.net\/guinee-conakry\/politique\/fode-oussou-fofana-rend-hommage-a-ibrahima-saikou-diallo-dit-cia\"},\"wordCount\":161,\"commentCount\":0,\"image\":{\"@id\":\"https:\/\/www.africa-press.net\/guinee-conakry\/politique\/fode-oussou-fofana-rend-hommage-a-ibrahima-saikou-diallo-dit-cia#primaryimage\"},\"thumbnailUrl\":\"https:\/\/static.africa-press.net\/conakry\/sites\/63\/2024\/01\/Jokar1705576851.483952.jpg\",\"keywords\":[\"Africa Press\",\"Africa Press-Guin\u00e9e\",\"Guin\u00e9e\"],\"articleSection\":[\"Communaut\u00e9\",\"Toutes les actualit\u00e9s\"],\"inLanguage\":\"fr-FR\",\"potentialAction\":[{\"@type\":\"CommentAction\",\"name\":\"Comment\",\"target\":[\"https:\/\/www.africa-press.net\/guinee-conakry\/politique\/fode-oussou-fofana-rend-hommage-a-ibrahima-saikou-diallo-dit-cia#respond\"]}]},{\"@type\":\"WebPage\",\"@id\":\"https:\/\/www.africa-press.net\/guinee-conakry\/politique\/fode-oussou-fofana-rend-hommage-a-ibrahima-saikou-diallo-dit-cia\",\"url\":\"https:\/\/www.africa-press.net\/guinee-conakry\/politique\/fode-oussou-fofana-rend-hommage-a-ibrahima-saikou-diallo-dit-cia\",\"name\":\"Fod\u00e9 Oussou Fofana rend hommage \u00e0 Ibrahima Saikou Diallo dit CIA - guinee Conakry\",\"isPartOf\":{\"@id\":\"https:\/\/www.africa-press.net\/guinee-conakry\/#website\"},\"primaryImageOfPage\":{\"@id\":\"https:\/\/www.africa-press.net\/guinee-conakry\/politique\/fode-oussou-fofana-rend-hommage-a-ibrahima-saikou-diallo-dit-cia#primaryimage\"},\"image\":{\"@id\":\"https:\/\/www.africa-press.net\/guinee-conakry\/politique\/fode-oussou-fofana-rend-hommage-a-ibrahima-saikou-diallo-dit-cia#primaryimage\"},\"thumbnailUrl\":\"https:\/\/static.africa-press.net\/conakry\/sites\/63\/2024\/01\/Jokar1705576851.483952.jpg\",\"datePublished\":\"2024-01-18T14:50:00+00:00\",\"author\":{\"@id\":\"https:\/\/www.africa-press.net\/guinee-conakry\/#\/schema\/person\/2b1cf3cd81a31e3cd26889ca66d677f1\"},\"breadcrumb\":{\"@id\":\"https:\/\/www.africa-press.net\/guinee-conakry\/politique\/fode-oussou-fofana-rend-hommage-a-ibrahima-saikou-diallo-dit-cia#breadcrumb\"},\"inLanguage\":\"fr-FR\",\"potentialAction\":[{\"@type\":\"ReadAction\",\"target\":[\"https:\/\/www.africa-press.net\/guinee-conakry\/politique\/fode-oussou-fofana-rend-hommage-a-ibrahima-saikou-diallo-dit-cia\"]}]},{\"@type\":\"ImageObject\",\"inLanguage\":\"fr-FR\",\"@id\":\"https:\/\/www.africa-press.net\/guinee-conakry\/politique\/fode-oussou-fofana-rend-hommage-a-ibrahima-saikou-diallo-dit-cia#primaryimage\",\"url\":\"https:\/\/static.africa-press.net\/conakry\/sites\/63\/2024\/01\/Jokar1705576851.483952.jpg\",\"contentUrl\":\"https:\/\/static.africa-press.net\/conakry\/sites\/63\/2024\/01\/Jokar1705576851.483952.jpg\",\"width\":593,\"height\":460,\"caption\":\"Fod\u00e9 Oussou Fofana rend hommage \u00e0 Ibrahima Saikou Diallo dit CIA\"},{\"@type\":\"BreadcrumbList\",\"@id\":\"https:\/\/www.africa-press.net\/guinee-conakry\/politique\/fode-oussou-fofana-rend-hommage-a-ibrahima-saikou-diallo-dit-cia#breadcrumb\",\"itemListElement\":[{\"@type\":\"ListItem\",\"position\":1,\"name\":\"Accueil\",\"item\":\"https:\/\/www.africa-press.net\/guinee-conakry\/\"},{\"@type\":\"ListItem\",\"position\":2,\"name\":\"Fod\u00e9 Oussou Fofana rend hommage \u00e0 Ibrahima Saikou Diallo dit CIA\"}]},{\"@type\":\"WebSite\",\"@id\":\"https:\/\/www.africa-press.net\/guinee-conakry\/#website\",\"url\":\"https:\/\/www.africa-press.net\/guinee-conakry\/\",\"name\":\"guinee Conakry\",\"description\":\"Just another Africa News Agency Sites site\",\"potentialAction\":[{\"@type\":\"SearchAction\",\"target\":{\"@type\":\"EntryPoint\",\"urlTemplate\":\"https:\/\/www.africa-press.net\/guinee-conakry\/?s={search_term_string}\"},\"query-input\":{\"@type\":\"PropertyValueSpecification\",\"valueRequired\":true,\"valueName\":\"search_term_string\"}}],\"inLanguage\":\"fr-FR\"},{\"@type\":\"Person\",\"@id\":\"https:\/\/www.africa-press.net\/guinee-conakry\/#\/schema\/person\/2b1cf3cd81a31e3cd26889ca66d677f1\",\"name\":\"cfeditorfr\"}]}<\/script>\n<!-- \/ Yoast SEO Premium plugin. -->","yoast_head_json":{"title":"Fod\u00e9 Oussou Fofana rend hommage \u00e0 Ibrahima Saikou Diallo dit CIA - guinee Conakry","robots":{"index":"index","follow":"follow","max-snippet":"max-snippet:-1","max-image-preview":"max-image-preview:large","max-video-preview":"max-video-preview:-1"},"canonical":"https:\/\/www.africa-press.net\/guinee-conakry\/politique\/fode-oussou-fofana-rend-hommage-a-ibrahima-saikou-diallo-dit-cia","og_locale":"fr_FR","og_type":"article","og_title":"Fod\u00e9 Oussou Fofana rend hommage \u00e0 Ibrahima Saikou Diallo dit CIA","og_description":"Africa-Press &#8211; Guin\u00e9e. C\u2019est avec une profonde tristesse que je partage la nouvelle du de\u0301ce\u0300s de notre cher ami, Ibrahima Saikou Diallo dit CIA. Son humanite\u0301 exceptionnelle, son de\u0301vouement envers les de\u0301munis et les orphelins, ainsi que son impact positif pendant la crise sanitaire resteront grave\u0301s dans nos c\u0153urs. L\u2019orphelinat qu\u2019il a dirige\u0301 e\u0301tait un [&hellip;]","og_url":"https:\/\/www.africa-press.net\/guinee-conakry\/politique\/fode-oussou-fofana-rend-hommage-a-ibrahima-saikou-diallo-dit-cia","og_site_name":"guinee Conakry","article_published_time":"2024-01-18T14:50:00+00:00","author":"cfeditorfr","twitter_card":"summary_large_image","twitter_misc":{"\u00c9crit par":"cfeditorfr","Dur\u00e9e de lecture estim\u00e9e":"1 minute"},"schema":{"@context":"https:\/\/schema.org","@graph":[{"@type":"Article","@id":"https:\/\/www.africa-press.net\/guinee-conakry\/politique\/fode-oussou-fofana-rend-hommage-a-ibrahima-saikou-diallo-dit-cia#article","isPartOf":{"@id":"https:\/\/www.africa-press.net\/guinee-conakry\/politique\/fode-oussou-fofana-rend-hommage-a-ibrahima-saikou-diallo-dit-cia"},"author":{"name":"cfeditorfr","@id":"https:\/\/www.africa-press.net\/guinee-conakry\/#\/schema\/person\/2b1cf3cd81a31e3cd26889ca66d677f1"},"headline":"Fod\u00e9 Oussou Fofana rend hommage \u00e0 Ibrahima Saikou Diallo dit CIA","datePublished":"2024-01-18T14:50:00+00:00","mainEntityOfPage":{"@id":"https:\/\/www.africa-press.net\/guinee-conakry\/politique\/fode-oussou-fofana-rend-hommage-a-ibrahima-saikou-diallo-dit-cia"},"wordCount":161,"commentCount":0,"image":{"@id":"https:\/\/www.africa-press.net\/guinee-conakry\/politique\/fode-oussou-fofana-rend-hommage-a-ibrahima-saikou-diallo-dit-cia#primaryimage"},"thumbnailUrl":"https:\/\/static.africa-press.net\/conakry\/sites\/63\/2024\/01\/Jokar1705576851.483952.jpg","keywords":["Africa Press","Africa Press-Guin\u00e9e","Guin\u00e9e"],"articleSection":["Communaut\u00e9","Toutes les actualit\u00e9s"],"inLanguage":"fr-FR","potentialAction":[{"@type":"CommentAction","name":"Comment","target":["https:\/\/www.africa-press.net\/guinee-conakry\/politique\/fode-oussou-fofana-rend-hommage-a-ibrahima-saikou-diallo-dit-cia#respond"]}]},{"@type":"WebPage","@id":"https:\/\/www.africa-press.net\/guinee-conakry\/politique\/fode-oussou-fofana-rend-hommage-a-ibrahima-saikou-diallo-dit-cia","url":"https:\/\/www.africa-press.net\/guinee-conakry\/politique\/fode-oussou-fofana-rend-hommage-a-ibrahima-saikou-diallo-dit-cia","name":"Fod\u00e9 Oussou Fofana rend hommage \u00e0 Ibrahima Saikou Diallo dit CIA - guinee Conakry","isPartOf":{"@id":"https:\/\/www.africa-press.net\/guinee-conakry\/#website"},"primaryImageOfPage":{"@id":"https:\/\/www.africa-press.net\/guinee-conakry\/politique\/fode-oussou-fofana-rend-hommage-a-ibrahima-saikou-diallo-dit-cia#primaryimage"},"image":{"@id":"https:\/\/www.africa-press.net\/guinee-conakry\/politique\/fode-oussou-fofana-rend-hommage-a-ibrahima-saikou-diallo-dit-cia#primaryimage"},"thumbnailUrl":"https:\/\/static.africa-press.net\/conakry\/sites\/63\/2024\/01\/Jokar1705576851.483952.jpg","datePublished":"2024-01-18T14:50:00+00:00","author":{"@id":"https:\/\/www.africa-press.net\/guinee-conakry\/#\/schema\/person\/2b1cf3cd81a31e3cd26889ca66d677f1"},"breadcrumb":{"@id":"https:\/\/www.africa-press.net\/guinee-conakry\/politique\/fode-oussou-fofana-rend-hommage-a-ibrahima-saikou-diallo-dit-cia#breadcrumb"},"inLanguage":"fr-FR","potentialAction":[{"@type":"ReadAction","target":["https:\/\/www.africa-press.net\/guinee-conakry\/politique\/fode-oussou-fofana-rend-hommage-a-ibrahima-saikou-diallo-dit-cia"]}]},{"@type":"ImageObject","inLanguage":"fr-FR","@id":"https:\/\/www.africa-press.net\/guinee-conakry\/politique\/fode-oussou-fofana-rend-hommage-a-ibrahima-saikou-diallo-dit-cia#primaryimage","url":"https:\/\/static.africa-press.net\/conakry\/sites\/63\/2024\/01\/Jokar1705576851.483952.jpg","contentUrl":"https:\/\/static.africa-press.net\/conakry\/sites\/63\/2024\/01\/Jokar1705576851.483952.jpg","width":593,"height":460,"caption":"Fod\u00e9 Oussou Fofana rend hommage \u00e0 Ibrahima Saikou Diallo dit CIA"},{"@type":"BreadcrumbList","@id":"https:\/\/www.africa-press.net\/guinee-conakry\/politique\/fode-oussou-fofana-rend-hommage-a-ibrahima-saikou-diallo-dit-cia#breadcrumb","itemListElement":[{"@type":"ListItem","position":1,"name":"Accueil","item":"https:\/\/www.africa-press.net\/guinee-conakry\/"},{"@type":"ListItem","position":2,"name":"Fod\u00e9 Oussou Fofana rend hommage \u00e0 Ibrahima Saikou Diallo dit CIA"}]},{"@type":"WebSite","@id":"https:\/\/www.africa-press.net\/guinee-conakry\/#website","url":"https:\/\/www.africa-press.net\/guinee-conakry\/","name":"guinee Conakry","description":"Just another Africa News Agency Sites site","potentialAction":[{"@type":"SearchAction","target":{"@type":"EntryPoint","urlTemplate":"https:\/\/www.africa-press.net\/guinee-conakry\/?s={search_term_string}"},"query-input":{"@type":"PropertyValueSpecification","valueRequired":true,"valueName":"search_term_string"}}],"inLanguage":"fr-FR"},{"@type":"Person","@id":"https:\/\/www.africa-press.net\/guinee-conakry\/#\/schema\/person\/2b1cf3cd81a31e3cd26889ca66d677f1","name":"cfeditorfr"}]}},"_links":{"self":[{"href":"https:\/\/www.africa-press.net\/guinee-conakry\/wp-json\/wp\/v2\/posts\/18332","targetHints":{"allow":["GET"]}}],"collection":[{"href":"https:\/\/www.africa-press.net\/guinee-conakry\/wp-json\/wp\/v2\/posts"}],"about":[{"href":"https:\/\/www.africa-press.net\/guinee-conakry\/wp-json\/wp\/v2\/types\/post"}],"author":[{"embeddable":true,"href":"https:\/\/www.africa-press.net\/guinee-conakry\/wp-json\/wp\/v2\/users\/82"}],"replies":[{"embeddable":true,"href":"https:\/\/www.africa-press.net\/guinee-conakry\/wp-json\/wp\/v2\/comments?post=18332"}],"version-history":[{"count":0,"href":"https:\/\/www.africa-press.net\/guinee-conakry\/wp-json\/wp\/v2\/posts\/18332\/revisions"}],"wp:featuredmedia":[{"embeddable":true,"href":"https:\/\/www.africa-press.net\/guinee-conakry\/wp-json\/wp\/v2\/media\/18331"}],"wp:attachment":[{"href":"https:\/\/www.africa-press.net\/guinee-conakry\/wp-json\/wp\/v2\/media?parent=18332"}],"wp:term":[{"taxonomy":"category","embeddable":true,"href":"https:\/\/www.africa-press.net\/guinee-conakry\/wp-json\/wp\/v2\/categories?post=18332"},{"taxonomy":"post_tag","embeddable":true,"href":"https:\/\/www.africa-press.net\/guinee-conakry\/wp-json\/wp\/v2\/tags?post=18332"}],"curies":[{"name":"wp","href":"https:\/\/api.w.org\/{rel}","templated":true}]}}