{"id":18340,"date":"2024-01-18T14:58:00","date_gmt":"2024-01-18T14:58:00","guid":{"rendered":"https:\/\/www.africa-press.net\/guinee-conakry\/politique\/la-junte-desapprouve-lappel-a-manifester-du-syndicat-de-la-presse-est-ce-quon-agit-au-compte-dun-acteur-politique"},"modified":"2024-01-18T14:58:00","modified_gmt":"2024-01-18T14:58:00","slug":"la-junte-desapprouve-lappel-a-manifester-du-syndicat-de-la-presse-est-ce-quon-agit-au-compte-dun-acteur-politique","status":"publish","type":"post","link":"https:\/\/www.africa-press.net\/guinee-conakry\/politique\/la-junte-desapprouve-lappel-a-manifester-du-syndicat-de-la-presse-est-ce-quon-agit-au-compte-dun-acteur-politique","title":{"rendered":"La junte d\u00e9sapprouve l\u2019appel \u00e0 manifester du syndicat de la presse : \u2018\u2019Est-ce qu\u2019on agit au compte d\u2019un acteur politique ?\u2019\u2019"},"content":{"rendered":"<p><span style=\"color: #ff6600\"><strong>Africa-Press &#8211; Guin\u00e9e. <\/strong><\/span><b>Face aux restrictions d\u2019internet et brouillage des ondes depuis pres de deux mois, le Syndicat des professionnels de la presse de Guine\u0301e appelle a\u0300 une manifestation de rue ce jeudi. Les autorite\u0301s de la transition rappellent que des discussions ont e\u0301te\u0301 de\u0301ja\u0300 ouvertes sous l\u2019e\u0301gide du chef du gouvernement afin de trouver une issue heureuse a\u0300 la crise.<\/b><\/p>\n<p>\u2018\u2019D\u2019abord, c\u2019est un e\u0301tonnement. Parce qu\u2019il y a quelques jours, des patrons de la presse prive\u0301e ont rencontre\u0301 le Premier ministre. Ils lui ont adresse\u0301 un document. Et le Premier ministre a pris contact avec la Haute autorite\u0301 de la communication pour lui transmettre les documents. Donc, des discussions sont engage\u0301es avec les gens de la presse pour essayer d\u2019e\u0301couter les proble\u0300mes qu\u2019ils posent et apporter des re\u0301ponses dans la mesure du possible\u2019\u2019, indique le porte-parole du gouvernement.<\/p>\n<p>\u2018\u2019La deuxie\u0300me chose, c\u2019est quand on entend le porte-parole des syndicalistes qui appellent des guine\u0301ens a\u0300 se mobiliser massivement dans les carrefours. On se dit que c\u0327a va au-dela\u0300 de ce qu\u2019un syndicat de la presse, donc un sectoriel, peut e\u0302tre amene\u0301 a\u0300 faire. Est-ce qu\u2019on agit au compte d\u2019un acteur politique, de la socie\u0301te\u0301 civile ou on de\u0301fend une corporation qui, de son point de vue, a des proble\u0300mes ?\u2019\u2019, se demande Ousmane Gaoual Diallo.<\/p>\n<p>Et de souligner : \u2018\u2019La presse prive\u0301e, ce n\u2019est pas pour dire qu\u2019elle est au service du peuple de Guine\u0301e. Elle n\u2019en est pas le porte-parole. Il faut faire attention pour ne pas cre\u0301er l\u2019amalgame entre ce qu\u2019un syndicaliste d\u2019une corporation peut faire, ce qu\u2019un acteur politique peut faire et ce qu\u2019une organisation de la socie\u0301te\u0301 civile peut faire. Il faut faire attention pour ne pas tout me\u0301langer. En tous cas, la posture qu\u2019il entreprend est une posture qui est extre\u0302mement a\u0300 l\u2019e\u0301cart de ce que pre\u0301tend faire un syndicaliste d\u2019une presse\u2019\u2019.<\/p>\n<p>Aux dires du ministre des Postes, te\u0301le\u0301communications et de l\u2019e\u0301conomie nume\u0301rique, \u2018\u2019la plupart des hommes de me\u0301dias reconnaissent qu\u2019a\u0300 un moment donne\u0301, il y a eu des e\u0301carts par rapport a\u0300 la de\u0301ontologie, a\u0300 leur me\u0301tier. C\u0327a, c\u2019est une reconnaissance tre\u0300s inte\u0301ressante. La base d\u2019une discussion est ouverte pour aboutir a\u0300 une re\u0301solution. Est-ce que c\u2019est le moment pour les syndicalistes de se lever pour dire qu\u2019il faut faire telle ou telle action ? Pour nous, c\u2019est une contradiction avec la de\u0301marche qui est engage\u0301e\u2019\u2019.<\/p>\n<p>\u2018\u2019Mais de toutes les fac\u0327ons, nous savons depuis le de\u0301but les acteurs de la presse prive\u0301e, que les responsables des me\u0301dias sont dans une de\u0301marche d\u2019instaurer un dialogue pour trouver une issue alors que lui, il [le porte-parole des syndicats] est dans une autre posture. Appeler des gens a\u0300 e\u0302tre dans des carrefours est loin de ce qu\u2019un syndicaliste de la presse peut faire. Je ne dis que c\u0327a va e\u0302tre une mobilisation massive, mais c\u2019est un e\u0301cart de ce qu\u2019on attend de lui et de ce que leurs colle\u0300gues attendent de lui. Finalement, on se demande qui il de\u0301fend ?\u2019\u2019, cherche-t-il a\u0300 savoir sur le plateau de la te\u0301le\u0301vision nationale.<\/p>\n<p><b>Boussouriou Doumba<\/b><\/p>\n<p><strong>Pour plus d&rsquo;informations et d&rsquo;analyses sur la <a href=\"https:\/\/www.africa-press.net\/guinee-conakry\">Guin\u00e9e<\/a>, suivez <a href=\"https:\/\/www.africa-press.net\/\">Africa-Press<\/a><\/strong><\/p>\n","protected":false},"excerpt":{"rendered":"<p>Africa-Press &#8211; Guin\u00e9e. Face aux restrictions d\u2019internet et brouillage des ondes depuis pres de deux mois, le Syndicat des professionnels de la presse de Guine\u0301e appelle a\u0300 une manifestation de rue ce jeudi. Les autorite\u0301s de la transition rappellent que des discussions ont e\u0301te\u0301 de\u0301ja\u0300 ouvertes sous l\u2019e\u0301gide du chef du gouvernement afin de trouver [&hellip;]<\/p>\n","protected":false},"author":82,"featured_media":18339,"comment_status":"open","ping_status":"closed","sticky":false,"template":"","format":"standard","meta":{"footnotes":""},"categories":[2,10],"tags":[36,57,58],"class_list":["post-18340","post","type-post","status-publish","format-standard","has-post-thumbnail","hentry","category-politique","category-toutes-les-actualites","tag-africa-press","tag-africa-press-guinee","tag-guinee"],"yoast_head":"<!-- This site is optimized with the Yoast SEO Premium plugin v26.1 (Yoast SEO v27.0) - https:\/\/yoast.com\/product\/yoast-seo-premium-wordpress\/ -->\n<title>La junte d\u00e9sapprouve l\u2019appel \u00e0 manifester du syndicat de la presse : \u2018\u2019Est-ce qu\u2019on agit au compte d\u2019un acteur politique ?\u2019\u2019 - guinee Conakry<\/title>\n<meta name=\"robots\" content=\"index, follow, max-snippet:-1, max-image-preview:large, max-video-preview:-1\" \/>\n<link rel=\"canonical\" href=\"https:\/\/www.africa-press.net\/guinee-conakry\/politique\/la-junte-desapprouve-lappel-a-manifester-du-syndicat-de-la-presse-est-ce-quon-agit-au-compte-dun-acteur-politique\" \/>\n<meta property=\"og:locale\" content=\"fr_FR\" \/>\n<meta property=\"og:type\" content=\"article\" \/>\n<meta property=\"og:title\" content=\"La junte d\u00e9sapprouve l\u2019appel \u00e0 manifester du syndicat de la presse : \u2018\u2019Est-ce qu\u2019on agit au compte d\u2019un acteur politique ?\u2019\u2019\" \/>\n<meta property=\"og:description\" content=\"Africa-Press &#8211; Guin\u00e9e. Face aux restrictions d\u2019internet et brouillage des ondes depuis pres de deux mois, le Syndicat des professionnels de la presse de Guine\u0301e appelle a\u0300 une manifestation de rue ce jeudi. Les autorite\u0301s de la transition rappellent que des discussions ont e\u0301te\u0301 de\u0301ja\u0300 ouvertes sous l\u2019e\u0301gide du chef du gouvernement afin de trouver [&hellip;]\" \/>\n<meta property=\"og:url\" content=\"https:\/\/www.africa-press.net\/guinee-conakry\/politique\/la-junte-desapprouve-lappel-a-manifester-du-syndicat-de-la-presse-est-ce-quon-agit-au-compte-dun-acteur-politique\" \/>\n<meta property=\"og:site_name\" content=\"guinee Conakry\" \/>\n<meta property=\"article:published_time\" content=\"2024-01-18T14:58:00+00:00\" \/>\n<meta name=\"author\" content=\"cfeditorfr\" \/>\n<meta name=\"twitter:card\" content=\"summary_large_image\" \/>\n<meta name=\"twitter:label1\" content=\"\u00c9crit par\" \/>\n\t<meta name=\"twitter:data1\" content=\"cfeditorfr\" \/>\n\t<meta name=\"twitter:label2\" content=\"Dur\u00e9e de lecture estim\u00e9e\" \/>\n\t<meta name=\"twitter:data2\" content=\"3 minutes\" \/>\n<script type=\"application\/ld+json\" class=\"yoast-schema-graph\">{\"@context\":\"https:\/\/schema.org\",\"@graph\":[{\"@type\":\"Article\",\"@id\":\"https:\/\/www.africa-press.net\/guinee-conakry\/politique\/la-junte-desapprouve-lappel-a-manifester-du-syndicat-de-la-presse-est-ce-quon-agit-au-compte-dun-acteur-politique#article\",\"isPartOf\":{\"@id\":\"https:\/\/www.africa-press.net\/guinee-conakry\/politique\/la-junte-desapprouve-lappel-a-manifester-du-syndicat-de-la-presse-est-ce-quon-agit-au-compte-dun-acteur-politique\"},\"author\":{\"name\":\"cfeditorfr\",\"@id\":\"https:\/\/www.africa-press.net\/guinee-conakry\/#\/schema\/person\/2b1cf3cd81a31e3cd26889ca66d677f1\"},\"headline\":\"La junte d\u00e9sapprouve l\u2019appel \u00e0 manifester du syndicat de la presse : \u2018\u2019Est-ce qu\u2019on agit au compte d\u2019un acteur politique ?\u2019\u2019\",\"datePublished\":\"2024-01-18T14:58:00+00:00\",\"mainEntityOfPage\":{\"@id\":\"https:\/\/www.africa-press.net\/guinee-conakry\/politique\/la-junte-desapprouve-lappel-a-manifester-du-syndicat-de-la-presse-est-ce-quon-agit-au-compte-dun-acteur-politique\"},\"wordCount\":623,\"commentCount\":0,\"image\":{\"@id\":\"https:\/\/www.africa-press.net\/guinee-conakry\/politique\/la-junte-desapprouve-lappel-a-manifester-du-syndicat-de-la-presse-est-ce-quon-agit-au-compte-dun-acteur-politique#primaryimage\"},\"thumbnailUrl\":\"https:\/\/static.africa-press.net\/conakry\/sites\/63\/2024\/01\/Jokar1705577296.222088.jpg\",\"keywords\":[\"Africa Press\",\"Africa Press-Guin\u00e9e\",\"Guin\u00e9e\"],\"articleSection\":[\"Politique\",\"Toutes les actualit\u00e9s\"],\"inLanguage\":\"fr-FR\",\"potentialAction\":[{\"@type\":\"CommentAction\",\"name\":\"Comment\",\"target\":[\"https:\/\/www.africa-press.net\/guinee-conakry\/politique\/la-junte-desapprouve-lappel-a-manifester-du-syndicat-de-la-presse-est-ce-quon-agit-au-compte-dun-acteur-politique#respond\"]}]},{\"@type\":\"WebPage\",\"@id\":\"https:\/\/www.africa-press.net\/guinee-conakry\/politique\/la-junte-desapprouve-lappel-a-manifester-du-syndicat-de-la-presse-est-ce-quon-agit-au-compte-dun-acteur-politique\",\"url\":\"https:\/\/www.africa-press.net\/guinee-conakry\/politique\/la-junte-desapprouve-lappel-a-manifester-du-syndicat-de-la-presse-est-ce-quon-agit-au-compte-dun-acteur-politique\",\"name\":\"La junte d\u00e9sapprouve l\u2019appel \u00e0 manifester du syndicat de la presse : \u2018\u2019Est-ce qu\u2019on agit au compte d\u2019un acteur politique ?\u2019\u2019 - guinee Conakry\",\"isPartOf\":{\"@id\":\"https:\/\/www.africa-press.net\/guinee-conakry\/#website\"},\"primaryImageOfPage\":{\"@id\":\"https:\/\/www.africa-press.net\/guinee-conakry\/politique\/la-junte-desapprouve-lappel-a-manifester-du-syndicat-de-la-presse-est-ce-quon-agit-au-compte-dun-acteur-politique#primaryimage\"},\"image\":{\"@id\":\"https:\/\/www.africa-press.net\/guinee-conakry\/politique\/la-junte-desapprouve-lappel-a-manifester-du-syndicat-de-la-presse-est-ce-quon-agit-au-compte-dun-acteur-politique#primaryimage\"},\"thumbnailUrl\":\"https:\/\/static.africa-press.net\/conakry\/sites\/63\/2024\/01\/Jokar1705577296.222088.jpg\",\"datePublished\":\"2024-01-18T14:58:00+00:00\",\"author\":{\"@id\":\"https:\/\/www.africa-press.net\/guinee-conakry\/#\/schema\/person\/2b1cf3cd81a31e3cd26889ca66d677f1\"},\"breadcrumb\":{\"@id\":\"https:\/\/www.africa-press.net\/guinee-conakry\/politique\/la-junte-desapprouve-lappel-a-manifester-du-syndicat-de-la-presse-est-ce-quon-agit-au-compte-dun-acteur-politique#breadcrumb\"},\"inLanguage\":\"fr-FR\",\"potentialAction\":[{\"@type\":\"ReadAction\",\"target\":[\"https:\/\/www.africa-press.net\/guinee-conakry\/politique\/la-junte-desapprouve-lappel-a-manifester-du-syndicat-de-la-presse-est-ce-quon-agit-au-compte-dun-acteur-politique\"]}]},{\"@type\":\"ImageObject\",\"inLanguage\":\"fr-FR\",\"@id\":\"https:\/\/www.africa-press.net\/guinee-conakry\/politique\/la-junte-desapprouve-lappel-a-manifester-du-syndicat-de-la-presse-est-ce-quon-agit-au-compte-dun-acteur-politique#primaryimage\",\"url\":\"https:\/\/static.africa-press.net\/conakry\/sites\/63\/2024\/01\/Jokar1705577296.222088.jpg\",\"contentUrl\":\"https:\/\/static.africa-press.net\/conakry\/sites\/63\/2024\/01\/Jokar1705577296.222088.jpg\",\"width\":720,\"height\":430,\"caption\":\"La junte d\u00e9sapprouve l\u2019appel \u00e0 manifester du syndicat de la presse : \u2018\u2019Est-ce qu\u2019on agit au compte d\u2019un acteur politique ?\u2019\u2019\"},{\"@type\":\"BreadcrumbList\",\"@id\":\"https:\/\/www.africa-press.net\/guinee-conakry\/politique\/la-junte-desapprouve-lappel-a-manifester-du-syndicat-de-la-presse-est-ce-quon-agit-au-compte-dun-acteur-politique#breadcrumb\",\"itemListElement\":[{\"@type\":\"ListItem\",\"position\":1,\"name\":\"Accueil\",\"item\":\"https:\/\/www.africa-press.net\/guinee-conakry\/\"},{\"@type\":\"ListItem\",\"position\":2,\"name\":\"La junte d\u00e9sapprouve l\u2019appel \u00e0 manifester du syndicat de la presse : \u2018\u2019Est-ce qu\u2019on agit au compte d\u2019un acteur politique ?\u2019\u2019\"}]},{\"@type\":\"WebSite\",\"@id\":\"https:\/\/www.africa-press.net\/guinee-conakry\/#website\",\"url\":\"https:\/\/www.africa-press.net\/guinee-conakry\/\",\"name\":\"guinee Conakry\",\"description\":\"Just another Africa News Agency Sites site\",\"potentialAction\":[{\"@type\":\"SearchAction\",\"target\":{\"@type\":\"EntryPoint\",\"urlTemplate\":\"https:\/\/www.africa-press.net\/guinee-conakry\/?s={search_term_string}\"},\"query-input\":{\"@type\":\"PropertyValueSpecification\",\"valueRequired\":true,\"valueName\":\"search_term_string\"}}],\"inLanguage\":\"fr-FR\"},{\"@type\":\"Person\",\"@id\":\"https:\/\/www.africa-press.net\/guinee-conakry\/#\/schema\/person\/2b1cf3cd81a31e3cd26889ca66d677f1\",\"name\":\"cfeditorfr\"}]}<\/script>\n<!-- \/ Yoast SEO Premium plugin. -->","yoast_head_json":{"title":"La junte d\u00e9sapprouve l\u2019appel \u00e0 manifester du syndicat de la presse : \u2018\u2019Est-ce qu\u2019on agit au compte d\u2019un acteur politique ?\u2019\u2019 - guinee Conakry","robots":{"index":"index","follow":"follow","max-snippet":"max-snippet:-1","max-image-preview":"max-image-preview:large","max-video-preview":"max-video-preview:-1"},"canonical":"https:\/\/www.africa-press.net\/guinee-conakry\/politique\/la-junte-desapprouve-lappel-a-manifester-du-syndicat-de-la-presse-est-ce-quon-agit-au-compte-dun-acteur-politique","og_locale":"fr_FR","og_type":"article","og_title":"La junte d\u00e9sapprouve l\u2019appel \u00e0 manifester du syndicat de la presse : \u2018\u2019Est-ce qu\u2019on agit au compte d\u2019un acteur politique ?\u2019\u2019","og_description":"Africa-Press &#8211; Guin\u00e9e. Face aux restrictions d\u2019internet et brouillage des ondes depuis pres de deux mois, le Syndicat des professionnels de la presse de Guine\u0301e appelle a\u0300 une manifestation de rue ce jeudi. Les autorite\u0301s de la transition rappellent que des discussions ont e\u0301te\u0301 de\u0301ja\u0300 ouvertes sous l\u2019e\u0301gide du chef du gouvernement afin de trouver [&hellip;]","og_url":"https:\/\/www.africa-press.net\/guinee-conakry\/politique\/la-junte-desapprouve-lappel-a-manifester-du-syndicat-de-la-presse-est-ce-quon-agit-au-compte-dun-acteur-politique","og_site_name":"guinee Conakry","article_published_time":"2024-01-18T14:58:00+00:00","author":"cfeditorfr","twitter_card":"summary_large_image","twitter_misc":{"\u00c9crit par":"cfeditorfr","Dur\u00e9e de lecture estim\u00e9e":"3 minutes"},"schema":{"@context":"https:\/\/schema.org","@graph":[{"@type":"Article","@id":"https:\/\/www.africa-press.net\/guinee-conakry\/politique\/la-junte-desapprouve-lappel-a-manifester-du-syndicat-de-la-presse-est-ce-quon-agit-au-compte-dun-acteur-politique#article","isPartOf":{"@id":"https:\/\/www.africa-press.net\/guinee-conakry\/politique\/la-junte-desapprouve-lappel-a-manifester-du-syndicat-de-la-presse-est-ce-quon-agit-au-compte-dun-acteur-politique"},"author":{"name":"cfeditorfr","@id":"https:\/\/www.africa-press.net\/guinee-conakry\/#\/schema\/person\/2b1cf3cd81a31e3cd26889ca66d677f1"},"headline":"La junte d\u00e9sapprouve l\u2019appel \u00e0 manifester du syndicat de la presse : \u2018\u2019Est-ce qu\u2019on agit au compte d\u2019un acteur politique ?\u2019\u2019","datePublished":"2024-01-18T14:58:00+00:00","mainEntityOfPage":{"@id":"https:\/\/www.africa-press.net\/guinee-conakry\/politique\/la-junte-desapprouve-lappel-a-manifester-du-syndicat-de-la-presse-est-ce-quon-agit-au-compte-dun-acteur-politique"},"wordCount":623,"commentCount":0,"image":{"@id":"https:\/\/www.africa-press.net\/guinee-conakry\/politique\/la-junte-desapprouve-lappel-a-manifester-du-syndicat-de-la-presse-est-ce-quon-agit-au-compte-dun-acteur-politique#primaryimage"},"thumbnailUrl":"https:\/\/static.africa-press.net\/conakry\/sites\/63\/2024\/01\/Jokar1705577296.222088.jpg","keywords":["Africa Press","Africa Press-Guin\u00e9e","Guin\u00e9e"],"articleSection":["Politique","Toutes les actualit\u00e9s"],"inLanguage":"fr-FR","potentialAction":[{"@type":"CommentAction","name":"Comment","target":["https:\/\/www.africa-press.net\/guinee-conakry\/politique\/la-junte-desapprouve-lappel-a-manifester-du-syndicat-de-la-presse-est-ce-quon-agit-au-compte-dun-acteur-politique#respond"]}]},{"@type":"WebPage","@id":"https:\/\/www.africa-press.net\/guinee-conakry\/politique\/la-junte-desapprouve-lappel-a-manifester-du-syndicat-de-la-presse-est-ce-quon-agit-au-compte-dun-acteur-politique","url":"https:\/\/www.africa-press.net\/guinee-conakry\/politique\/la-junte-desapprouve-lappel-a-manifester-du-syndicat-de-la-presse-est-ce-quon-agit-au-compte-dun-acteur-politique","name":"La junte d\u00e9sapprouve l\u2019appel \u00e0 manifester du syndicat de la presse : \u2018\u2019Est-ce qu\u2019on agit au compte d\u2019un acteur politique ?\u2019\u2019 - guinee Conakry","isPartOf":{"@id":"https:\/\/www.africa-press.net\/guinee-conakry\/#website"},"primaryImageOfPage":{"@id":"https:\/\/www.africa-press.net\/guinee-conakry\/politique\/la-junte-desapprouve-lappel-a-manifester-du-syndicat-de-la-presse-est-ce-quon-agit-au-compte-dun-acteur-politique#primaryimage"},"image":{"@id":"https:\/\/www.africa-press.net\/guinee-conakry\/politique\/la-junte-desapprouve-lappel-a-manifester-du-syndicat-de-la-presse-est-ce-quon-agit-au-compte-dun-acteur-politique#primaryimage"},"thumbnailUrl":"https:\/\/static.africa-press.net\/conakry\/sites\/63\/2024\/01\/Jokar1705577296.222088.jpg","datePublished":"2024-01-18T14:58:00+00:00","author":{"@id":"https:\/\/www.africa-press.net\/guinee-conakry\/#\/schema\/person\/2b1cf3cd81a31e3cd26889ca66d677f1"},"breadcrumb":{"@id":"https:\/\/www.africa-press.net\/guinee-conakry\/politique\/la-junte-desapprouve-lappel-a-manifester-du-syndicat-de-la-presse-est-ce-quon-agit-au-compte-dun-acteur-politique#breadcrumb"},"inLanguage":"fr-FR","potentialAction":[{"@type":"ReadAction","target":["https:\/\/www.africa-press.net\/guinee-conakry\/politique\/la-junte-desapprouve-lappel-a-manifester-du-syndicat-de-la-presse-est-ce-quon-agit-au-compte-dun-acteur-politique"]}]},{"@type":"ImageObject","inLanguage":"fr-FR","@id":"https:\/\/www.africa-press.net\/guinee-conakry\/politique\/la-junte-desapprouve-lappel-a-manifester-du-syndicat-de-la-presse-est-ce-quon-agit-au-compte-dun-acteur-politique#primaryimage","url":"https:\/\/static.africa-press.net\/conakry\/sites\/63\/2024\/01\/Jokar1705577296.222088.jpg","contentUrl":"https:\/\/static.africa-press.net\/conakry\/sites\/63\/2024\/01\/Jokar1705577296.222088.jpg","width":720,"height":430,"caption":"La junte d\u00e9sapprouve l\u2019appel \u00e0 manifester du syndicat de la presse : \u2018\u2019Est-ce qu\u2019on agit au compte d\u2019un acteur politique ?\u2019\u2019"},{"@type":"BreadcrumbList","@id":"https:\/\/www.africa-press.net\/guinee-conakry\/politique\/la-junte-desapprouve-lappel-a-manifester-du-syndicat-de-la-presse-est-ce-quon-agit-au-compte-dun-acteur-politique#breadcrumb","itemListElement":[{"@type":"ListItem","position":1,"name":"Accueil","item":"https:\/\/www.africa-press.net\/guinee-conakry\/"},{"@type":"ListItem","position":2,"name":"La junte d\u00e9sapprouve l\u2019appel \u00e0 manifester du syndicat de la presse : \u2018\u2019Est-ce qu\u2019on agit au compte d\u2019un acteur politique ?\u2019\u2019"}]},{"@type":"WebSite","@id":"https:\/\/www.africa-press.net\/guinee-conakry\/#website","url":"https:\/\/www.africa-press.net\/guinee-conakry\/","name":"guinee Conakry","description":"Just another Africa News Agency Sites site","potentialAction":[{"@type":"SearchAction","target":{"@type":"EntryPoint","urlTemplate":"https:\/\/www.africa-press.net\/guinee-conakry\/?s={search_term_string}"},"query-input":{"@type":"PropertyValueSpecification","valueRequired":true,"valueName":"search_term_string"}}],"inLanguage":"fr-FR"},{"@type":"Person","@id":"https:\/\/www.africa-press.net\/guinee-conakry\/#\/schema\/person\/2b1cf3cd81a31e3cd26889ca66d677f1","name":"cfeditorfr"}]}},"_links":{"self":[{"href":"https:\/\/www.africa-press.net\/guinee-conakry\/wp-json\/wp\/v2\/posts\/18340","targetHints":{"allow":["GET"]}}],"collection":[{"href":"https:\/\/www.africa-press.net\/guinee-conakry\/wp-json\/wp\/v2\/posts"}],"about":[{"href":"https:\/\/www.africa-press.net\/guinee-conakry\/wp-json\/wp\/v2\/types\/post"}],"author":[{"embeddable":true,"href":"https:\/\/www.africa-press.net\/guinee-conakry\/wp-json\/wp\/v2\/users\/82"}],"replies":[{"embeddable":true,"href":"https:\/\/www.africa-press.net\/guinee-conakry\/wp-json\/wp\/v2\/comments?post=18340"}],"version-history":[{"count":0,"href":"https:\/\/www.africa-press.net\/guinee-conakry\/wp-json\/wp\/v2\/posts\/18340\/revisions"}],"wp:featuredmedia":[{"embeddable":true,"href":"https:\/\/www.africa-press.net\/guinee-conakry\/wp-json\/wp\/v2\/media\/18339"}],"wp:attachment":[{"href":"https:\/\/www.africa-press.net\/guinee-conakry\/wp-json\/wp\/v2\/media?parent=18340"}],"wp:term":[{"taxonomy":"category","embeddable":true,"href":"https:\/\/www.africa-press.net\/guinee-conakry\/wp-json\/wp\/v2\/categories?post=18340"},{"taxonomy":"post_tag","embeddable":true,"href":"https:\/\/www.africa-press.net\/guinee-conakry\/wp-json\/wp\/v2\/tags?post=18340"}],"curies":[{"name":"wp","href":"https:\/\/api.w.org\/{rel}","templated":true}]}}