{"id":18352,"date":"2024-01-19T17:50:00","date_gmt":"2024-01-19T17:50:00","guid":{"rendered":"https:\/\/www.africa-press.net\/guinee-conakry\/politique\/vers-la-creation-de-14-prefectures-dans-la-region-administrative-de-conakry"},"modified":"2024-01-19T17:50:00","modified_gmt":"2024-01-19T17:50:00","slug":"vers-la-creation-de-14-prefectures-dans-la-region-administrative-de-conakry","status":"publish","type":"post","link":"https:\/\/www.africa-press.net\/guinee-conakry\/politique\/vers-la-creation-de-14-prefectures-dans-la-region-administrative-de-conakry","title":{"rendered":"Vers la cr\u00e9ation de 14 pr\u00e9fectures dans la r\u00e9gion administrative de Conakry"},"content":{"rendered":"<p><span style=\"color: #ff6600\"><strong>Africa-Press &#8211; Guin\u00e9e. <\/strong><\/span><b>L\u2019annonce a e\u0301te\u0301 faite ce jeudi 18 janvier devant les conseillers nationaux par le ministre de l\u2019administration du territoire et de la de\u0301centralisation. Mory Conde\u0301 affirme qu\u2019apre\u0300s l\u2019adoption de la loi portant cre\u0301ation de 17 nouvelles communaux, les autorite\u0301s vont se pencher sur la cre\u0301ation prochaine de 14 pre\u0301fectures dans la zone spe\u0301ciale de Conakry. <\/b><\/p>\n<p>Le ministre Mory Conde\u0301 affirme que depuis l\u2019inde\u0301pendance, au niveau de la re\u0301gion administrative de Conakry, le gouverneur est le seul le seul repre\u0301sentant de l\u2019Etat. Extraits.<\/p>\n<p>\u00ab Nous allons soumettre un de\u0301cret au chef de l\u2019Etat pour la cre\u0301ation de 14 pre\u0301fectures au niveau de la re\u0301gion administrative de Conakry. De\u0301sormais, vous aurez un pre\u0301fet a\u0300 Kassa, un a\u0300 Kaloum, un a\u0300 Matam, a\u0300 Dixinn ainsi de suite jusqu\u2019a\u0300 Kagbe\u0301len. Ces pre\u0301fets auront les me\u0302mes attributions que les pre\u0301fets de Coyah, de Kankan, de Nze\u0301re\u0301kore\u0301, de Labe\u0301 et de Boke\u0301 .<\/p>\n<p>L\u2019avantage de cette situation, c\u2019est qu\u2019aujourd\u2019hui, lorsque les citoyens des quartiers par Cimenterie, Samatran ou de Keitaya ont des proble\u0300mes de se\u0301curite\u0301, il faut l\u2019intervention du gouverneur de Kindia pour pouvoir mobiliser les services de se\u0301curite\u0301 afin d\u2019intervenir. Parce que tout simplement, les services techniques de l\u2019Etat dans ces endroits sont place\u0301s sous l\u2019autorite\u0301 des maires. Donc, il y a une confusion juridique entre la de\u0301concentration et de la de\u0301centralisation.<\/p>\n<p>Pour pallier a\u0300 cela, le code re\u0301vise\u0301 des collectivite\u0301s dispose que les communes disposent d\u2019une autonomie de gestion administrative et financie\u0300re. Donc, elles doivent cre\u0301er les services propres a\u0300 elles pour faire fonction du de\u0301veloppement local des collectivite\u0301s. L\u2019e\u0301galement cre\u0301e des services techniques de\u0301concentre\u0301s qui sont place\u0301s sous l\u2019autorite\u0301 du repre\u0301sentant de l\u2019Etat appele\u0301 administrateur territorial.<\/p>\n<p>Au niveau de Conakry, c\u2019est Mme la gouverneure qui assure la tutelle des services re\u0301gionaux. Ai niveau des communes, ce sont les services techniques de tous les de\u0301partements ministe\u0301riels qui sont passe\u0301s sous l\u2019autorite\u0301 des maires. Conse\u0301quence, il y a une incohe\u0301rence juridique. Et ces services techniques ne rendent pas compte a\u0300 ces mairies. Ils sont laisse\u0301s a\u0300 eux-me\u0302mes. C\u2019est ce qui fait que les directions communales de l\u2019habitat, de l\u2019administration du territoire, de la sante\u0301 et autres sont parfois oblige\u0301s de se re\u0301fe\u0301rer directement aux directeurs nationaux ou aux ministres.<\/p>\n<p>Toute cela biaise la loi portant statut des agents de l\u2019Etat, la loi portant organisation et fonctionnement de l\u2019administration publique et la charte de la de\u0301concentration qui place sous les agents des services de\u0301concentre\u0301s sous l\u2019autorite\u0301 d\u2019un administrateur territorial. L\u2019adoption de cette loi qui va nous aider a\u0300 cre\u0301er des circonscriptions a\u0300 Conakry nous permettra de corriger toute cette incohe\u0301rence et doter de circonscriptions administratives a\u0300 l\u2019image des pre\u0301fectures de l\u2019inte\u0301rieur du pays.<\/p>\n<p>On aura un gouverneur qui va assurer uniquement la tutelle des services techniques de\u0301concentre\u0301s au niveau re\u0301gional. On aura un pre\u0301fet a\u0300 Kaloum qui sera le responsable des services de\u0301concentre\u0301s de la pre\u0301fecture. C\u0327a sera ainsi sur la pre\u0301fecture de Mane\u0301ah \u00bb.<\/p>\n<p><b>Par Boussouriou Doumba<\/b><\/p>\n<p><strong>Pour plus d&rsquo;informations et d&rsquo;analyses sur la <a href=\"https:\/\/www.africa-press.net\/guinee-conakry\">Guin\u00e9e<\/a>, suivez <a href=\"https:\/\/www.africa-press.net\/\">Africa-Press<\/a><\/strong><\/p>\n","protected":false},"excerpt":{"rendered":"<p>Africa-Press &#8211; Guin\u00e9e. L\u2019annonce a e\u0301te\u0301 faite ce jeudi 18 janvier devant les conseillers nationaux par le ministre de l\u2019administration du territoire et de la de\u0301centralisation. Mory Conde\u0301 affirme qu\u2019apre\u0300s l\u2019adoption de la loi portant cre\u0301ation de 17 nouvelles communaux, les autorite\u0301s vont se pencher sur la cre\u0301ation prochaine de 14 pre\u0301fectures dans la zone [&hellip;]<\/p>\n","protected":false},"author":82,"featured_media":18351,"comment_status":"open","ping_status":"closed","sticky":false,"template":"","format":"standard","meta":{"footnotes":""},"categories":[2,10],"tags":[36,57,58],"class_list":["post-18352","post","type-post","status-publish","format-standard","has-post-thumbnail","hentry","category-politique","category-toutes-les-actualites","tag-africa-press","tag-africa-press-guinee","tag-guinee"],"yoast_head":"<!-- This site is optimized with the Yoast SEO Premium plugin v26.1 (Yoast SEO v27.0) - https:\/\/yoast.com\/product\/yoast-seo-premium-wordpress\/ -->\n<title>Vers la cr\u00e9ation de 14 pr\u00e9fectures dans la r\u00e9gion administrative de Conakry - guinee Conakry<\/title>\n<meta name=\"robots\" content=\"index, follow, max-snippet:-1, max-image-preview:large, max-video-preview:-1\" \/>\n<link rel=\"canonical\" href=\"https:\/\/www.africa-press.net\/guinee-conakry\/politique\/vers-la-creation-de-14-prefectures-dans-la-region-administrative-de-conakry\" \/>\n<meta property=\"og:locale\" content=\"fr_FR\" \/>\n<meta property=\"og:type\" content=\"article\" \/>\n<meta property=\"og:title\" content=\"Vers la cr\u00e9ation de 14 pr\u00e9fectures dans la r\u00e9gion administrative de Conakry\" \/>\n<meta property=\"og:description\" content=\"Africa-Press &#8211; Guin\u00e9e. L\u2019annonce a e\u0301te\u0301 faite ce jeudi 18 janvier devant les conseillers nationaux par le ministre de l\u2019administration du territoire et de la de\u0301centralisation. Mory Conde\u0301 affirme qu\u2019apre\u0300s l\u2019adoption de la loi portant cre\u0301ation de 17 nouvelles communaux, les autorite\u0301s vont se pencher sur la cre\u0301ation prochaine de 14 pre\u0301fectures dans la zone [&hellip;]\" \/>\n<meta property=\"og:url\" content=\"https:\/\/www.africa-press.net\/guinee-conakry\/politique\/vers-la-creation-de-14-prefectures-dans-la-region-administrative-de-conakry\" \/>\n<meta property=\"og:site_name\" content=\"guinee Conakry\" \/>\n<meta property=\"article:published_time\" content=\"2024-01-19T17:50:00+00:00\" \/>\n<meta name=\"author\" content=\"cfeditorfr\" \/>\n<meta name=\"twitter:card\" content=\"summary_large_image\" \/>\n<meta name=\"twitter:label1\" content=\"\u00c9crit par\" \/>\n\t<meta name=\"twitter:data1\" content=\"cfeditorfr\" \/>\n\t<meta name=\"twitter:label2\" content=\"Dur\u00e9e de lecture estim\u00e9e\" \/>\n\t<meta name=\"twitter:data2\" content=\"3 minutes\" \/>\n<script type=\"application\/ld+json\" class=\"yoast-schema-graph\">{\"@context\":\"https:\/\/schema.org\",\"@graph\":[{\"@type\":\"Article\",\"@id\":\"https:\/\/www.africa-press.net\/guinee-conakry\/politique\/vers-la-creation-de-14-prefectures-dans-la-region-administrative-de-conakry#article\",\"isPartOf\":{\"@id\":\"https:\/\/www.africa-press.net\/guinee-conakry\/politique\/vers-la-creation-de-14-prefectures-dans-la-region-administrative-de-conakry\"},\"author\":{\"name\":\"cfeditorfr\",\"@id\":\"https:\/\/www.africa-press.net\/guinee-conakry\/#\/schema\/person\/2b1cf3cd81a31e3cd26889ca66d677f1\"},\"headline\":\"Vers la cr\u00e9ation de 14 pr\u00e9fectures dans la r\u00e9gion administrative de Conakry\",\"datePublished\":\"2024-01-19T17:50:00+00:00\",\"mainEntityOfPage\":{\"@id\":\"https:\/\/www.africa-press.net\/guinee-conakry\/politique\/vers-la-creation-de-14-prefectures-dans-la-region-administrative-de-conakry\"},\"wordCount\":607,\"commentCount\":0,\"image\":{\"@id\":\"https:\/\/www.africa-press.net\/guinee-conakry\/politique\/vers-la-creation-de-14-prefectures-dans-la-region-administrative-de-conakry#primaryimage\"},\"thumbnailUrl\":\"https:\/\/static.africa-press.net\/conakry\/sites\/63\/2024\/01\/Jokar1705674017.743321.jpg\",\"keywords\":[\"Africa Press\",\"Africa Press-Guin\u00e9e\",\"Guin\u00e9e\"],\"articleSection\":[\"Politique\",\"Toutes les actualit\u00e9s\"],\"inLanguage\":\"fr-FR\",\"potentialAction\":[{\"@type\":\"CommentAction\",\"name\":\"Comment\",\"target\":[\"https:\/\/www.africa-press.net\/guinee-conakry\/politique\/vers-la-creation-de-14-prefectures-dans-la-region-administrative-de-conakry#respond\"]}]},{\"@type\":\"WebPage\",\"@id\":\"https:\/\/www.africa-press.net\/guinee-conakry\/politique\/vers-la-creation-de-14-prefectures-dans-la-region-administrative-de-conakry\",\"url\":\"https:\/\/www.africa-press.net\/guinee-conakry\/politique\/vers-la-creation-de-14-prefectures-dans-la-region-administrative-de-conakry\",\"name\":\"Vers la cr\u00e9ation de 14 pr\u00e9fectures dans la r\u00e9gion administrative de Conakry - guinee Conakry\",\"isPartOf\":{\"@id\":\"https:\/\/www.africa-press.net\/guinee-conakry\/#website\"},\"primaryImageOfPage\":{\"@id\":\"https:\/\/www.africa-press.net\/guinee-conakry\/politique\/vers-la-creation-de-14-prefectures-dans-la-region-administrative-de-conakry#primaryimage\"},\"image\":{\"@id\":\"https:\/\/www.africa-press.net\/guinee-conakry\/politique\/vers-la-creation-de-14-prefectures-dans-la-region-administrative-de-conakry#primaryimage\"},\"thumbnailUrl\":\"https:\/\/static.africa-press.net\/conakry\/sites\/63\/2024\/01\/Jokar1705674017.743321.jpg\",\"datePublished\":\"2024-01-19T17:50:00+00:00\",\"author\":{\"@id\":\"https:\/\/www.africa-press.net\/guinee-conakry\/#\/schema\/person\/2b1cf3cd81a31e3cd26889ca66d677f1\"},\"breadcrumb\":{\"@id\":\"https:\/\/www.africa-press.net\/guinee-conakry\/politique\/vers-la-creation-de-14-prefectures-dans-la-region-administrative-de-conakry#breadcrumb\"},\"inLanguage\":\"fr-FR\",\"potentialAction\":[{\"@type\":\"ReadAction\",\"target\":[\"https:\/\/www.africa-press.net\/guinee-conakry\/politique\/vers-la-creation-de-14-prefectures-dans-la-region-administrative-de-conakry\"]}]},{\"@type\":\"ImageObject\",\"inLanguage\":\"fr-FR\",\"@id\":\"https:\/\/www.africa-press.net\/guinee-conakry\/politique\/vers-la-creation-de-14-prefectures-dans-la-region-administrative-de-conakry#primaryimage\",\"url\":\"https:\/\/static.africa-press.net\/conakry\/sites\/63\/2024\/01\/Jokar1705674017.743321.jpg\",\"contentUrl\":\"https:\/\/static.africa-press.net\/conakry\/sites\/63\/2024\/01\/Jokar1705674017.743321.jpg\",\"width\":503,\"height\":363,\"caption\":\"Vers la cr\u00e9ation de 14 pr\u00e9fectures dans la r\u00e9gion administrative de Conakry\"},{\"@type\":\"BreadcrumbList\",\"@id\":\"https:\/\/www.africa-press.net\/guinee-conakry\/politique\/vers-la-creation-de-14-prefectures-dans-la-region-administrative-de-conakry#breadcrumb\",\"itemListElement\":[{\"@type\":\"ListItem\",\"position\":1,\"name\":\"Accueil\",\"item\":\"https:\/\/www.africa-press.net\/guinee-conakry\/\"},{\"@type\":\"ListItem\",\"position\":2,\"name\":\"Vers la cr\u00e9ation de 14 pr\u00e9fectures dans la r\u00e9gion administrative de Conakry\"}]},{\"@type\":\"WebSite\",\"@id\":\"https:\/\/www.africa-press.net\/guinee-conakry\/#website\",\"url\":\"https:\/\/www.africa-press.net\/guinee-conakry\/\",\"name\":\"guinee Conakry\",\"description\":\"Just another Africa News Agency Sites site\",\"potentialAction\":[{\"@type\":\"SearchAction\",\"target\":{\"@type\":\"EntryPoint\",\"urlTemplate\":\"https:\/\/www.africa-press.net\/guinee-conakry\/?s={search_term_string}\"},\"query-input\":{\"@type\":\"PropertyValueSpecification\",\"valueRequired\":true,\"valueName\":\"search_term_string\"}}],\"inLanguage\":\"fr-FR\"},{\"@type\":\"Person\",\"@id\":\"https:\/\/www.africa-press.net\/guinee-conakry\/#\/schema\/person\/2b1cf3cd81a31e3cd26889ca66d677f1\",\"name\":\"cfeditorfr\"}]}<\/script>\n<!-- \/ Yoast SEO Premium plugin. -->","yoast_head_json":{"title":"Vers la cr\u00e9ation de 14 pr\u00e9fectures dans la r\u00e9gion administrative de Conakry - guinee Conakry","robots":{"index":"index","follow":"follow","max-snippet":"max-snippet:-1","max-image-preview":"max-image-preview:large","max-video-preview":"max-video-preview:-1"},"canonical":"https:\/\/www.africa-press.net\/guinee-conakry\/politique\/vers-la-creation-de-14-prefectures-dans-la-region-administrative-de-conakry","og_locale":"fr_FR","og_type":"article","og_title":"Vers la cr\u00e9ation de 14 pr\u00e9fectures dans la r\u00e9gion administrative de Conakry","og_description":"Africa-Press &#8211; Guin\u00e9e. L\u2019annonce a e\u0301te\u0301 faite ce jeudi 18 janvier devant les conseillers nationaux par le ministre de l\u2019administration du territoire et de la de\u0301centralisation. Mory Conde\u0301 affirme qu\u2019apre\u0300s l\u2019adoption de la loi portant cre\u0301ation de 17 nouvelles communaux, les autorite\u0301s vont se pencher sur la cre\u0301ation prochaine de 14 pre\u0301fectures dans la zone [&hellip;]","og_url":"https:\/\/www.africa-press.net\/guinee-conakry\/politique\/vers-la-creation-de-14-prefectures-dans-la-region-administrative-de-conakry","og_site_name":"guinee Conakry","article_published_time":"2024-01-19T17:50:00+00:00","author":"cfeditorfr","twitter_card":"summary_large_image","twitter_misc":{"\u00c9crit par":"cfeditorfr","Dur\u00e9e de lecture estim\u00e9e":"3 minutes"},"schema":{"@context":"https:\/\/schema.org","@graph":[{"@type":"Article","@id":"https:\/\/www.africa-press.net\/guinee-conakry\/politique\/vers-la-creation-de-14-prefectures-dans-la-region-administrative-de-conakry#article","isPartOf":{"@id":"https:\/\/www.africa-press.net\/guinee-conakry\/politique\/vers-la-creation-de-14-prefectures-dans-la-region-administrative-de-conakry"},"author":{"name":"cfeditorfr","@id":"https:\/\/www.africa-press.net\/guinee-conakry\/#\/schema\/person\/2b1cf3cd81a31e3cd26889ca66d677f1"},"headline":"Vers la cr\u00e9ation de 14 pr\u00e9fectures dans la r\u00e9gion administrative de Conakry","datePublished":"2024-01-19T17:50:00+00:00","mainEntityOfPage":{"@id":"https:\/\/www.africa-press.net\/guinee-conakry\/politique\/vers-la-creation-de-14-prefectures-dans-la-region-administrative-de-conakry"},"wordCount":607,"commentCount":0,"image":{"@id":"https:\/\/www.africa-press.net\/guinee-conakry\/politique\/vers-la-creation-de-14-prefectures-dans-la-region-administrative-de-conakry#primaryimage"},"thumbnailUrl":"https:\/\/static.africa-press.net\/conakry\/sites\/63\/2024\/01\/Jokar1705674017.743321.jpg","keywords":["Africa Press","Africa Press-Guin\u00e9e","Guin\u00e9e"],"articleSection":["Politique","Toutes les actualit\u00e9s"],"inLanguage":"fr-FR","potentialAction":[{"@type":"CommentAction","name":"Comment","target":["https:\/\/www.africa-press.net\/guinee-conakry\/politique\/vers-la-creation-de-14-prefectures-dans-la-region-administrative-de-conakry#respond"]}]},{"@type":"WebPage","@id":"https:\/\/www.africa-press.net\/guinee-conakry\/politique\/vers-la-creation-de-14-prefectures-dans-la-region-administrative-de-conakry","url":"https:\/\/www.africa-press.net\/guinee-conakry\/politique\/vers-la-creation-de-14-prefectures-dans-la-region-administrative-de-conakry","name":"Vers la cr\u00e9ation de 14 pr\u00e9fectures dans la r\u00e9gion administrative de Conakry - guinee Conakry","isPartOf":{"@id":"https:\/\/www.africa-press.net\/guinee-conakry\/#website"},"primaryImageOfPage":{"@id":"https:\/\/www.africa-press.net\/guinee-conakry\/politique\/vers-la-creation-de-14-prefectures-dans-la-region-administrative-de-conakry#primaryimage"},"image":{"@id":"https:\/\/www.africa-press.net\/guinee-conakry\/politique\/vers-la-creation-de-14-prefectures-dans-la-region-administrative-de-conakry#primaryimage"},"thumbnailUrl":"https:\/\/static.africa-press.net\/conakry\/sites\/63\/2024\/01\/Jokar1705674017.743321.jpg","datePublished":"2024-01-19T17:50:00+00:00","author":{"@id":"https:\/\/www.africa-press.net\/guinee-conakry\/#\/schema\/person\/2b1cf3cd81a31e3cd26889ca66d677f1"},"breadcrumb":{"@id":"https:\/\/www.africa-press.net\/guinee-conakry\/politique\/vers-la-creation-de-14-prefectures-dans-la-region-administrative-de-conakry#breadcrumb"},"inLanguage":"fr-FR","potentialAction":[{"@type":"ReadAction","target":["https:\/\/www.africa-press.net\/guinee-conakry\/politique\/vers-la-creation-de-14-prefectures-dans-la-region-administrative-de-conakry"]}]},{"@type":"ImageObject","inLanguage":"fr-FR","@id":"https:\/\/www.africa-press.net\/guinee-conakry\/politique\/vers-la-creation-de-14-prefectures-dans-la-region-administrative-de-conakry#primaryimage","url":"https:\/\/static.africa-press.net\/conakry\/sites\/63\/2024\/01\/Jokar1705674017.743321.jpg","contentUrl":"https:\/\/static.africa-press.net\/conakry\/sites\/63\/2024\/01\/Jokar1705674017.743321.jpg","width":503,"height":363,"caption":"Vers la cr\u00e9ation de 14 pr\u00e9fectures dans la r\u00e9gion administrative de Conakry"},{"@type":"BreadcrumbList","@id":"https:\/\/www.africa-press.net\/guinee-conakry\/politique\/vers-la-creation-de-14-prefectures-dans-la-region-administrative-de-conakry#breadcrumb","itemListElement":[{"@type":"ListItem","position":1,"name":"Accueil","item":"https:\/\/www.africa-press.net\/guinee-conakry\/"},{"@type":"ListItem","position":2,"name":"Vers la cr\u00e9ation de 14 pr\u00e9fectures dans la r\u00e9gion administrative de Conakry"}]},{"@type":"WebSite","@id":"https:\/\/www.africa-press.net\/guinee-conakry\/#website","url":"https:\/\/www.africa-press.net\/guinee-conakry\/","name":"guinee Conakry","description":"Just another Africa News Agency Sites site","potentialAction":[{"@type":"SearchAction","target":{"@type":"EntryPoint","urlTemplate":"https:\/\/www.africa-press.net\/guinee-conakry\/?s={search_term_string}"},"query-input":{"@type":"PropertyValueSpecification","valueRequired":true,"valueName":"search_term_string"}}],"inLanguage":"fr-FR"},{"@type":"Person","@id":"https:\/\/www.africa-press.net\/guinee-conakry\/#\/schema\/person\/2b1cf3cd81a31e3cd26889ca66d677f1","name":"cfeditorfr"}]}},"_links":{"self":[{"href":"https:\/\/www.africa-press.net\/guinee-conakry\/wp-json\/wp\/v2\/posts\/18352","targetHints":{"allow":["GET"]}}],"collection":[{"href":"https:\/\/www.africa-press.net\/guinee-conakry\/wp-json\/wp\/v2\/posts"}],"about":[{"href":"https:\/\/www.africa-press.net\/guinee-conakry\/wp-json\/wp\/v2\/types\/post"}],"author":[{"embeddable":true,"href":"https:\/\/www.africa-press.net\/guinee-conakry\/wp-json\/wp\/v2\/users\/82"}],"replies":[{"embeddable":true,"href":"https:\/\/www.africa-press.net\/guinee-conakry\/wp-json\/wp\/v2\/comments?post=18352"}],"version-history":[{"count":0,"href":"https:\/\/www.africa-press.net\/guinee-conakry\/wp-json\/wp\/v2\/posts\/18352\/revisions"}],"wp:featuredmedia":[{"embeddable":true,"href":"https:\/\/www.africa-press.net\/guinee-conakry\/wp-json\/wp\/v2\/media\/18351"}],"wp:attachment":[{"href":"https:\/\/www.africa-press.net\/guinee-conakry\/wp-json\/wp\/v2\/media?parent=18352"}],"wp:term":[{"taxonomy":"category","embeddable":true,"href":"https:\/\/www.africa-press.net\/guinee-conakry\/wp-json\/wp\/v2\/categories?post=18352"},{"taxonomy":"post_tag","embeddable":true,"href":"https:\/\/www.africa-press.net\/guinee-conakry\/wp-json\/wp\/v2\/tags?post=18352"}],"curies":[{"name":"wp","href":"https:\/\/api.w.org\/{rel}","templated":true}]}}