{"id":18354,"date":"2024-01-19T17:51:00","date_gmt":"2024-01-19T17:51:00","guid":{"rendered":"https:\/\/www.africa-press.net\/guinee-conakry\/politique\/mory-conde-sur-la-transition-il-faut-corriger-tout-ce-que-nous-avons-connu-en-termes-de-manquements-avant-de-partir"},"modified":"2024-01-19T17:51:00","modified_gmt":"2024-01-19T17:51:00","slug":"mory-conde-sur-la-transition-il-faut-corriger-tout-ce-que-nous-avons-connu-en-termes-de-manquements-avant-de-partir","status":"publish","type":"post","link":"https:\/\/www.africa-press.net\/guinee-conakry\/politique\/mory-conde-sur-la-transition-il-faut-corriger-tout-ce-que-nous-avons-connu-en-termes-de-manquements-avant-de-partir","title":{"rendered":"Mory Cond\u00e9 sur la transition\u00a0: \u2018\u2019il faut corriger tout ce que nous avons connu en termes de manquements avant de partir\u2019\u2019"},"content":{"rendered":"<p><span style=\"color: #ff6600\"><strong>Africa-Press &#8211; Guin\u00e9e. <\/strong><\/span><b>Les autorite\u0301s de la transition envisagent de doter la Guine\u0301e d\u2019un fichier e\u0301lectoral permettant d\u2019organiser des e\u0301lections dont les re\u0301sultats ne souffriront d\u2019aucune contestation. C\u2019est du moins ce qu\u2019a laisse\u0301 entendre le ministre de l\u2019administration du territoire et de la de\u0301centralisation qui assure l\u2019adoption de la loi portant la cre\u0301ation de nouvelles communes en Guine\u0301e s\u2019inscrit dans ce cadre de l\u2019e\u0301tablissement d\u2019un processus transparent. <\/b><\/p>\n<p>\u2018\u2019Chaque fois que nous devons parler du chronogramme de la transition, il faut voir ce qui nous a amene\u0301 au 5 septembre. C\u2019est un ensemble de frustrations et d\u2019actions qui ont amene\u0301 le 5 septembre en Guine\u0301e. Est-ce qu\u2019il faut conduire un processus e\u0301lectoral qui va nous replonger dans c\u0327a ?\u2019\u2019, s\u2019interroge le ministre de l\u2019administration du territoire et de la de\u0301centralisation qui s\u2019empresse de re\u0301pondre par la ne\u0301gatives.<\/p>\n<p>Avant de poursuivre : \u2018\u2019Il faut conduire un processus de transition qui permettra de corriger tout ce que nous avons connu dans ce pays en termes d\u2019imperfections, de manquements dans la vie du guine\u0301en avant de partir. Toutes les manifestations qui ont conduit a\u0300 des de\u0301ga\u0302ts mate\u0301riels importants et des morts d\u2019hommes en Guine\u0301e, sont lie\u0301es a\u0300 la question du fichier e\u0301lectoral\u2019\u2019.<\/p>\n<p>C\u2019est pourquoi, assure Mory Conde\u0301 au micro de la te\u0301le\u0301vision nationale, \u2018\u2019le fichier qui va sortir de l\u2019e\u0301tat civil est prouve\u0301 par tous les experts e\u0301lectoraux que ce sont des fichiers propres et ce sont les meilleurs pour conduire un processus e\u0301lectoral transparent et cre\u0301dible. Et l\u2019adoption de cette loi vient de renforcer le processus de mise en \u0153uvre du chronogramme de la transition\u2019\u2019.<\/p>\n<p><b>Boussouriou Doumba<\/b><\/p>\n<p><strong>Pour plus d&rsquo;informations et d&rsquo;analyses sur la <a href=\"https:\/\/www.africa-press.net\/guinee-conakry\">Guin\u00e9e<\/a>, suivez <a href=\"https:\/\/www.africa-press.net\/\">Africa-Press<\/a><\/strong><\/p>\n","protected":false},"excerpt":{"rendered":"<p>Africa-Press &#8211; Guin\u00e9e. Les autorite\u0301s de la transition envisagent de doter la Guine\u0301e d\u2019un fichier e\u0301lectoral permettant d\u2019organiser des e\u0301lections dont les re\u0301sultats ne souffriront d\u2019aucune contestation. C\u2019est du moins ce qu\u2019a laisse\u0301 entendre le ministre de l\u2019administration du territoire et de la de\u0301centralisation qui assure l\u2019adoption de la loi portant la cre\u0301ation de nouvelles [&hellip;]<\/p>\n","protected":false},"author":82,"featured_media":18353,"comment_status":"open","ping_status":"closed","sticky":false,"template":"","format":"standard","meta":{"footnotes":""},"categories":[2,10],"tags":[36,57,58],"class_list":["post-18354","post","type-post","status-publish","format-standard","has-post-thumbnail","hentry","category-politique","category-toutes-les-actualites","tag-africa-press","tag-africa-press-guinee","tag-guinee"],"yoast_head":"<!-- This site is optimized with the Yoast SEO Premium plugin v26.1 (Yoast SEO v27.0) - https:\/\/yoast.com\/product\/yoast-seo-premium-wordpress\/ -->\n<title>Mory Cond\u00e9 sur la transition\u00a0: \u2018\u2019il faut corriger tout ce que nous avons connu en termes de manquements avant de partir\u2019\u2019 - guinee Conakry<\/title>\n<meta name=\"robots\" content=\"index, follow, max-snippet:-1, max-image-preview:large, max-video-preview:-1\" \/>\n<link rel=\"canonical\" href=\"https:\/\/www.africa-press.net\/guinee-conakry\/politique\/mory-conde-sur-la-transition-il-faut-corriger-tout-ce-que-nous-avons-connu-en-termes-de-manquements-avant-de-partir\" \/>\n<meta property=\"og:locale\" content=\"fr_FR\" \/>\n<meta property=\"og:type\" content=\"article\" \/>\n<meta property=\"og:title\" content=\"Mory Cond\u00e9 sur la transition\u00a0: \u2018\u2019il faut corriger tout ce que nous avons connu en termes de manquements avant de partir\u2019\u2019\" \/>\n<meta property=\"og:description\" content=\"Africa-Press &#8211; Guin\u00e9e. Les autorite\u0301s de la transition envisagent de doter la Guine\u0301e d\u2019un fichier e\u0301lectoral permettant d\u2019organiser des e\u0301lections dont les re\u0301sultats ne souffriront d\u2019aucune contestation. C\u2019est du moins ce qu\u2019a laisse\u0301 entendre le ministre de l\u2019administration du territoire et de la de\u0301centralisation qui assure l\u2019adoption de la loi portant la cre\u0301ation de nouvelles [&hellip;]\" \/>\n<meta property=\"og:url\" content=\"https:\/\/www.africa-press.net\/guinee-conakry\/politique\/mory-conde-sur-la-transition-il-faut-corriger-tout-ce-que-nous-avons-connu-en-termes-de-manquements-avant-de-partir\" \/>\n<meta property=\"og:site_name\" content=\"guinee Conakry\" \/>\n<meta property=\"article:published_time\" content=\"2024-01-19T17:51:00+00:00\" \/>\n<meta name=\"author\" content=\"cfeditorfr\" \/>\n<meta name=\"twitter:card\" content=\"summary_large_image\" \/>\n<meta name=\"twitter:label1\" content=\"\u00c9crit par\" \/>\n\t<meta name=\"twitter:data1\" content=\"cfeditorfr\" \/>\n\t<meta name=\"twitter:label2\" content=\"Dur\u00e9e de lecture estim\u00e9e\" \/>\n\t<meta name=\"twitter:data2\" content=\"2 minutes\" \/>\n<script type=\"application\/ld+json\" class=\"yoast-schema-graph\">{\"@context\":\"https:\/\/schema.org\",\"@graph\":[{\"@type\":\"Article\",\"@id\":\"https:\/\/www.africa-press.net\/guinee-conakry\/politique\/mory-conde-sur-la-transition-il-faut-corriger-tout-ce-que-nous-avons-connu-en-termes-de-manquements-avant-de-partir#article\",\"isPartOf\":{\"@id\":\"https:\/\/www.africa-press.net\/guinee-conakry\/politique\/mory-conde-sur-la-transition-il-faut-corriger-tout-ce-que-nous-avons-connu-en-termes-de-manquements-avant-de-partir\"},\"author\":{\"name\":\"cfeditorfr\",\"@id\":\"https:\/\/www.africa-press.net\/guinee-conakry\/#\/schema\/person\/2b1cf3cd81a31e3cd26889ca66d677f1\"},\"headline\":\"Mory Cond\u00e9 sur la transition\u00a0: \u2018\u2019il faut corriger tout ce que nous avons connu en termes de manquements avant de partir\u2019\u2019\",\"datePublished\":\"2024-01-19T17:51:00+00:00\",\"mainEntityOfPage\":{\"@id\":\"https:\/\/www.africa-press.net\/guinee-conakry\/politique\/mory-conde-sur-la-transition-il-faut-corriger-tout-ce-que-nous-avons-connu-en-termes-de-manquements-avant-de-partir\"},\"wordCount\":344,\"commentCount\":0,\"image\":{\"@id\":\"https:\/\/www.africa-press.net\/guinee-conakry\/politique\/mory-conde-sur-la-transition-il-faut-corriger-tout-ce-que-nous-avons-connu-en-termes-de-manquements-avant-de-partir#primaryimage\"},\"thumbnailUrl\":\"https:\/\/static.africa-press.net\/conakry\/sites\/63\/2024\/01\/Jokar1705674112.547725.jpg\",\"keywords\":[\"Africa Press\",\"Africa Press-Guin\u00e9e\",\"Guin\u00e9e\"],\"articleSection\":[\"Politique\",\"Toutes les actualit\u00e9s\"],\"inLanguage\":\"fr-FR\",\"potentialAction\":[{\"@type\":\"CommentAction\",\"name\":\"Comment\",\"target\":[\"https:\/\/www.africa-press.net\/guinee-conakry\/politique\/mory-conde-sur-la-transition-il-faut-corriger-tout-ce-que-nous-avons-connu-en-termes-de-manquements-avant-de-partir#respond\"]}]},{\"@type\":\"WebPage\",\"@id\":\"https:\/\/www.africa-press.net\/guinee-conakry\/politique\/mory-conde-sur-la-transition-il-faut-corriger-tout-ce-que-nous-avons-connu-en-termes-de-manquements-avant-de-partir\",\"url\":\"https:\/\/www.africa-press.net\/guinee-conakry\/politique\/mory-conde-sur-la-transition-il-faut-corriger-tout-ce-que-nous-avons-connu-en-termes-de-manquements-avant-de-partir\",\"name\":\"Mory Cond\u00e9 sur la transition\u00a0: \u2018\u2019il faut corriger tout ce que nous avons connu en termes de manquements avant de partir\u2019\u2019 - guinee Conakry\",\"isPartOf\":{\"@id\":\"https:\/\/www.africa-press.net\/guinee-conakry\/#website\"},\"primaryImageOfPage\":{\"@id\":\"https:\/\/www.africa-press.net\/guinee-conakry\/politique\/mory-conde-sur-la-transition-il-faut-corriger-tout-ce-que-nous-avons-connu-en-termes-de-manquements-avant-de-partir#primaryimage\"},\"image\":{\"@id\":\"https:\/\/www.africa-press.net\/guinee-conakry\/politique\/mory-conde-sur-la-transition-il-faut-corriger-tout-ce-que-nous-avons-connu-en-termes-de-manquements-avant-de-partir#primaryimage\"},\"thumbnailUrl\":\"https:\/\/static.africa-press.net\/conakry\/sites\/63\/2024\/01\/Jokar1705674112.547725.jpg\",\"datePublished\":\"2024-01-19T17:51:00+00:00\",\"author\":{\"@id\":\"https:\/\/www.africa-press.net\/guinee-conakry\/#\/schema\/person\/2b1cf3cd81a31e3cd26889ca66d677f1\"},\"breadcrumb\":{\"@id\":\"https:\/\/www.africa-press.net\/guinee-conakry\/politique\/mory-conde-sur-la-transition-il-faut-corriger-tout-ce-que-nous-avons-connu-en-termes-de-manquements-avant-de-partir#breadcrumb\"},\"inLanguage\":\"fr-FR\",\"potentialAction\":[{\"@type\":\"ReadAction\",\"target\":[\"https:\/\/www.africa-press.net\/guinee-conakry\/politique\/mory-conde-sur-la-transition-il-faut-corriger-tout-ce-que-nous-avons-connu-en-termes-de-manquements-avant-de-partir\"]}]},{\"@type\":\"ImageObject\",\"inLanguage\":\"fr-FR\",\"@id\":\"https:\/\/www.africa-press.net\/guinee-conakry\/politique\/mory-conde-sur-la-transition-il-faut-corriger-tout-ce-que-nous-avons-connu-en-termes-de-manquements-avant-de-partir#primaryimage\",\"url\":\"https:\/\/static.africa-press.net\/conakry\/sites\/63\/2024\/01\/Jokar1705674112.547725.jpg\",\"contentUrl\":\"https:\/\/static.africa-press.net\/conakry\/sites\/63\/2024\/01\/Jokar1705674112.547725.jpg\",\"width\":1024,\"height\":683,\"caption\":\"Mory Cond\u00e9 sur la transition\u00a0: \u2018\u2019il faut corriger tout ce que nous avons connu en termes de manquements avant de partir\u2019\u2019\"},{\"@type\":\"BreadcrumbList\",\"@id\":\"https:\/\/www.africa-press.net\/guinee-conakry\/politique\/mory-conde-sur-la-transition-il-faut-corriger-tout-ce-que-nous-avons-connu-en-termes-de-manquements-avant-de-partir#breadcrumb\",\"itemListElement\":[{\"@type\":\"ListItem\",\"position\":1,\"name\":\"Accueil\",\"item\":\"https:\/\/www.africa-press.net\/guinee-conakry\/\"},{\"@type\":\"ListItem\",\"position\":2,\"name\":\"Mory Cond\u00e9 sur la transition\u00a0: \u2018\u2019il faut corriger tout ce que nous avons connu en termes de manquements avant de partir\u2019\u2019\"}]},{\"@type\":\"WebSite\",\"@id\":\"https:\/\/www.africa-press.net\/guinee-conakry\/#website\",\"url\":\"https:\/\/www.africa-press.net\/guinee-conakry\/\",\"name\":\"guinee Conakry\",\"description\":\"Just another Africa News Agency Sites site\",\"potentialAction\":[{\"@type\":\"SearchAction\",\"target\":{\"@type\":\"EntryPoint\",\"urlTemplate\":\"https:\/\/www.africa-press.net\/guinee-conakry\/?s={search_term_string}\"},\"query-input\":{\"@type\":\"PropertyValueSpecification\",\"valueRequired\":true,\"valueName\":\"search_term_string\"}}],\"inLanguage\":\"fr-FR\"},{\"@type\":\"Person\",\"@id\":\"https:\/\/www.africa-press.net\/guinee-conakry\/#\/schema\/person\/2b1cf3cd81a31e3cd26889ca66d677f1\",\"name\":\"cfeditorfr\"}]}<\/script>\n<!-- \/ Yoast SEO Premium plugin. -->","yoast_head_json":{"title":"Mory Cond\u00e9 sur la transition\u00a0: \u2018\u2019il faut corriger tout ce que nous avons connu en termes de manquements avant de partir\u2019\u2019 - guinee Conakry","robots":{"index":"index","follow":"follow","max-snippet":"max-snippet:-1","max-image-preview":"max-image-preview:large","max-video-preview":"max-video-preview:-1"},"canonical":"https:\/\/www.africa-press.net\/guinee-conakry\/politique\/mory-conde-sur-la-transition-il-faut-corriger-tout-ce-que-nous-avons-connu-en-termes-de-manquements-avant-de-partir","og_locale":"fr_FR","og_type":"article","og_title":"Mory Cond\u00e9 sur la transition\u00a0: \u2018\u2019il faut corriger tout ce que nous avons connu en termes de manquements avant de partir\u2019\u2019","og_description":"Africa-Press &#8211; Guin\u00e9e. Les autorite\u0301s de la transition envisagent de doter la Guine\u0301e d\u2019un fichier e\u0301lectoral permettant d\u2019organiser des e\u0301lections dont les re\u0301sultats ne souffriront d\u2019aucune contestation. C\u2019est du moins ce qu\u2019a laisse\u0301 entendre le ministre de l\u2019administration du territoire et de la de\u0301centralisation qui assure l\u2019adoption de la loi portant la cre\u0301ation de nouvelles [&hellip;]","og_url":"https:\/\/www.africa-press.net\/guinee-conakry\/politique\/mory-conde-sur-la-transition-il-faut-corriger-tout-ce-que-nous-avons-connu-en-termes-de-manquements-avant-de-partir","og_site_name":"guinee Conakry","article_published_time":"2024-01-19T17:51:00+00:00","author":"cfeditorfr","twitter_card":"summary_large_image","twitter_misc":{"\u00c9crit par":"cfeditorfr","Dur\u00e9e de lecture estim\u00e9e":"2 minutes"},"schema":{"@context":"https:\/\/schema.org","@graph":[{"@type":"Article","@id":"https:\/\/www.africa-press.net\/guinee-conakry\/politique\/mory-conde-sur-la-transition-il-faut-corriger-tout-ce-que-nous-avons-connu-en-termes-de-manquements-avant-de-partir#article","isPartOf":{"@id":"https:\/\/www.africa-press.net\/guinee-conakry\/politique\/mory-conde-sur-la-transition-il-faut-corriger-tout-ce-que-nous-avons-connu-en-termes-de-manquements-avant-de-partir"},"author":{"name":"cfeditorfr","@id":"https:\/\/www.africa-press.net\/guinee-conakry\/#\/schema\/person\/2b1cf3cd81a31e3cd26889ca66d677f1"},"headline":"Mory Cond\u00e9 sur la transition\u00a0: \u2018\u2019il faut corriger tout ce que nous avons connu en termes de manquements avant de partir\u2019\u2019","datePublished":"2024-01-19T17:51:00+00:00","mainEntityOfPage":{"@id":"https:\/\/www.africa-press.net\/guinee-conakry\/politique\/mory-conde-sur-la-transition-il-faut-corriger-tout-ce-que-nous-avons-connu-en-termes-de-manquements-avant-de-partir"},"wordCount":344,"commentCount":0,"image":{"@id":"https:\/\/www.africa-press.net\/guinee-conakry\/politique\/mory-conde-sur-la-transition-il-faut-corriger-tout-ce-que-nous-avons-connu-en-termes-de-manquements-avant-de-partir#primaryimage"},"thumbnailUrl":"https:\/\/static.africa-press.net\/conakry\/sites\/63\/2024\/01\/Jokar1705674112.547725.jpg","keywords":["Africa Press","Africa Press-Guin\u00e9e","Guin\u00e9e"],"articleSection":["Politique","Toutes les actualit\u00e9s"],"inLanguage":"fr-FR","potentialAction":[{"@type":"CommentAction","name":"Comment","target":["https:\/\/www.africa-press.net\/guinee-conakry\/politique\/mory-conde-sur-la-transition-il-faut-corriger-tout-ce-que-nous-avons-connu-en-termes-de-manquements-avant-de-partir#respond"]}]},{"@type":"WebPage","@id":"https:\/\/www.africa-press.net\/guinee-conakry\/politique\/mory-conde-sur-la-transition-il-faut-corriger-tout-ce-que-nous-avons-connu-en-termes-de-manquements-avant-de-partir","url":"https:\/\/www.africa-press.net\/guinee-conakry\/politique\/mory-conde-sur-la-transition-il-faut-corriger-tout-ce-que-nous-avons-connu-en-termes-de-manquements-avant-de-partir","name":"Mory Cond\u00e9 sur la transition\u00a0: \u2018\u2019il faut corriger tout ce que nous avons connu en termes de manquements avant de partir\u2019\u2019 - guinee Conakry","isPartOf":{"@id":"https:\/\/www.africa-press.net\/guinee-conakry\/#website"},"primaryImageOfPage":{"@id":"https:\/\/www.africa-press.net\/guinee-conakry\/politique\/mory-conde-sur-la-transition-il-faut-corriger-tout-ce-que-nous-avons-connu-en-termes-de-manquements-avant-de-partir#primaryimage"},"image":{"@id":"https:\/\/www.africa-press.net\/guinee-conakry\/politique\/mory-conde-sur-la-transition-il-faut-corriger-tout-ce-que-nous-avons-connu-en-termes-de-manquements-avant-de-partir#primaryimage"},"thumbnailUrl":"https:\/\/static.africa-press.net\/conakry\/sites\/63\/2024\/01\/Jokar1705674112.547725.jpg","datePublished":"2024-01-19T17:51:00+00:00","author":{"@id":"https:\/\/www.africa-press.net\/guinee-conakry\/#\/schema\/person\/2b1cf3cd81a31e3cd26889ca66d677f1"},"breadcrumb":{"@id":"https:\/\/www.africa-press.net\/guinee-conakry\/politique\/mory-conde-sur-la-transition-il-faut-corriger-tout-ce-que-nous-avons-connu-en-termes-de-manquements-avant-de-partir#breadcrumb"},"inLanguage":"fr-FR","potentialAction":[{"@type":"ReadAction","target":["https:\/\/www.africa-press.net\/guinee-conakry\/politique\/mory-conde-sur-la-transition-il-faut-corriger-tout-ce-que-nous-avons-connu-en-termes-de-manquements-avant-de-partir"]}]},{"@type":"ImageObject","inLanguage":"fr-FR","@id":"https:\/\/www.africa-press.net\/guinee-conakry\/politique\/mory-conde-sur-la-transition-il-faut-corriger-tout-ce-que-nous-avons-connu-en-termes-de-manquements-avant-de-partir#primaryimage","url":"https:\/\/static.africa-press.net\/conakry\/sites\/63\/2024\/01\/Jokar1705674112.547725.jpg","contentUrl":"https:\/\/static.africa-press.net\/conakry\/sites\/63\/2024\/01\/Jokar1705674112.547725.jpg","width":1024,"height":683,"caption":"Mory Cond\u00e9 sur la transition\u00a0: \u2018\u2019il faut corriger tout ce que nous avons connu en termes de manquements avant de partir\u2019\u2019"},{"@type":"BreadcrumbList","@id":"https:\/\/www.africa-press.net\/guinee-conakry\/politique\/mory-conde-sur-la-transition-il-faut-corriger-tout-ce-que-nous-avons-connu-en-termes-de-manquements-avant-de-partir#breadcrumb","itemListElement":[{"@type":"ListItem","position":1,"name":"Accueil","item":"https:\/\/www.africa-press.net\/guinee-conakry\/"},{"@type":"ListItem","position":2,"name":"Mory Cond\u00e9 sur la transition\u00a0: \u2018\u2019il faut corriger tout ce que nous avons connu en termes de manquements avant de partir\u2019\u2019"}]},{"@type":"WebSite","@id":"https:\/\/www.africa-press.net\/guinee-conakry\/#website","url":"https:\/\/www.africa-press.net\/guinee-conakry\/","name":"guinee Conakry","description":"Just another Africa News Agency Sites site","potentialAction":[{"@type":"SearchAction","target":{"@type":"EntryPoint","urlTemplate":"https:\/\/www.africa-press.net\/guinee-conakry\/?s={search_term_string}"},"query-input":{"@type":"PropertyValueSpecification","valueRequired":true,"valueName":"search_term_string"}}],"inLanguage":"fr-FR"},{"@type":"Person","@id":"https:\/\/www.africa-press.net\/guinee-conakry\/#\/schema\/person\/2b1cf3cd81a31e3cd26889ca66d677f1","name":"cfeditorfr"}]}},"_links":{"self":[{"href":"https:\/\/www.africa-press.net\/guinee-conakry\/wp-json\/wp\/v2\/posts\/18354","targetHints":{"allow":["GET"]}}],"collection":[{"href":"https:\/\/www.africa-press.net\/guinee-conakry\/wp-json\/wp\/v2\/posts"}],"about":[{"href":"https:\/\/www.africa-press.net\/guinee-conakry\/wp-json\/wp\/v2\/types\/post"}],"author":[{"embeddable":true,"href":"https:\/\/www.africa-press.net\/guinee-conakry\/wp-json\/wp\/v2\/users\/82"}],"replies":[{"embeddable":true,"href":"https:\/\/www.africa-press.net\/guinee-conakry\/wp-json\/wp\/v2\/comments?post=18354"}],"version-history":[{"count":0,"href":"https:\/\/www.africa-press.net\/guinee-conakry\/wp-json\/wp\/v2\/posts\/18354\/revisions"}],"wp:featuredmedia":[{"embeddable":true,"href":"https:\/\/www.africa-press.net\/guinee-conakry\/wp-json\/wp\/v2\/media\/18353"}],"wp:attachment":[{"href":"https:\/\/www.africa-press.net\/guinee-conakry\/wp-json\/wp\/v2\/media?parent=18354"}],"wp:term":[{"taxonomy":"category","embeddable":true,"href":"https:\/\/www.africa-press.net\/guinee-conakry\/wp-json\/wp\/v2\/categories?post=18354"},{"taxonomy":"post_tag","embeddable":true,"href":"https:\/\/www.africa-press.net\/guinee-conakry\/wp-json\/wp\/v2\/tags?post=18354"}],"curies":[{"name":"wp","href":"https:\/\/api.w.org\/{rel}","templated":true}]}}