{"id":18360,"date":"2024-01-21T15:53:00","date_gmt":"2024-01-21T15:53:00","guid":{"rendered":"https:\/\/www.africa-press.net\/guinee-conakry\/politique\/redecoupage-des-communes-cest-normal-selon-lansana-kouyate"},"modified":"2024-01-21T15:53:00","modified_gmt":"2024-01-21T15:53:00","slug":"redecoupage-des-communes-cest-normal-selon-lansana-kouyate","status":"publish","type":"post","link":"https:\/\/www.africa-press.net\/guinee-conakry\/politique\/redecoupage-des-communes-cest-normal-selon-lansana-kouyate","title":{"rendered":"Red\u00e9coupage des communes\u00a0: \u2018\u2019C\u2019est normal\u2019\u2019, selon Lansana Kouyat\u00e9"},"content":{"rendered":"<p><span style=\"color: #ff6600\"><strong>Africa-Press &#8211; Guin\u00e9e. <\/strong><\/span><b>Les autorite\u0301s de la transition ont proce\u0301de\u0301 au rede\u0301coupage des communes de Conakry, Coyah, Dubreka. Le projet de la loi a e\u0301te\u0301 adopte\u0301 au cours de la semaine par les conseillers nationaux de la transition. Une de\u0301cision que salue Lansana Kouyate\u0301 qui salue l\u2019initiative. <\/b><\/p>\n<p>Commentant le sujet samedi en marge de l\u2019assemble\u0301e ge\u0301ne\u0301rale de son parti, l\u2019ancien Premier ministre a fait remarquer qu\u2019avec le rede\u0301coupage des communes, \u2018\u2019Matoto aura 3 communes. Ratoma aussi. D\u2019aucuns se demanderont si c\u2019est ne\u0301cessaire ou pas ? Oui, c\u2019est ne\u0301cessaire\u2019\u2019.<\/p>\n<p>Pour le pre\u0301sident du Parti de l\u2019espoir pour le de\u0301veloppement national (PEDN), \u2018\u2019pour le pays pour e\u0302tre bien dirige\u0301, il ne faut pas seulement la recomposition administrative. Il faut surtout que l\u2019administration se rapproche des citoyens. C\u2019est pourquoi, c\u2019est normal\u2019\u2019.<\/p>\n<p>\u2018\u2019Est-ce que c\u2019est le bon moment ?\u2019\u2019, s\u2019interroge-t-il, avant de re\u0301pondre : \u2018\u2019Oui. Si nous voulons des e\u0301lections claires, transparentes, il faut qu\u2019on fasse ce de\u0301coupage. On parle du Recensement administratif a\u0300 vocation d\u2019e\u0301tat civil (RAVEC). On n\u2019a pas c\u0327a en Guine\u0301e. Dans les grands pays du monde, comme les Etats-Unis, vous trouverez que chaque ame\u0301ricain et me\u0302me les non ame\u0301ricains ont un papier ou\u0300 est inscrit un chiffre qui se trouve a\u0300 l\u2019administration fe\u0301de\u0301ration\u2019\u2019.<\/p>\n<p>\u2018\u2019Si a\u0300 chaque e\u0301lection, on doit faire un recensement, a\u0300 quoi c\u0327a sert ?\u2019\u2019, se demande-t-il encore, pre\u0301cisant que \u2018\u2019c\u2019est du RAVEC que la liste e\u0301lectorale sera tire\u0301e. Si on a 7, 8 ou 9 qui sont inscrits, tre\u0300s facilement, on peut savoir combien sont morts, combien ont l\u2019a\u0302ge d\u2019acce\u0301der au fichier e\u0301lectoral (&#8230;). Donc, aujourd\u2019hui, avec le de\u0301coupage ici a\u0300 Conakry, comme a\u0300 l\u2019inte\u0301rieur du pays, on doit avoir plus de clarte\u0301 pour ceux qui ont de\u0301ja\u0300 une identite\u0301 nationale\u2019\u2019.<\/p>\n<p><b>Abdoulaye Bella DIALLO<\/b><\/p>\n<p><strong>Pour plus d&rsquo;informations et d&rsquo;analyses sur la <a href=\"https:\/\/www.africa-press.net\/guinee-conakry\">Guin\u00e9e<\/a>, suivez <a href=\"https:\/\/www.africa-press.net\/\">Africa-Press<\/a><\/strong><\/p>\n","protected":false},"excerpt":{"rendered":"<p>Africa-Press &#8211; Guin\u00e9e. Les autorite\u0301s de la transition ont proce\u0301de\u0301 au rede\u0301coupage des communes de Conakry, Coyah, Dubreka. Le projet de la loi a e\u0301te\u0301 adopte\u0301 au cours de la semaine par les conseillers nationaux de la transition. Une de\u0301cision que salue Lansana Kouyate\u0301 qui salue l\u2019initiative. Commentant le sujet samedi en marge de l\u2019assemble\u0301e [&hellip;]<\/p>\n","protected":false},"author":82,"featured_media":18359,"comment_status":"open","ping_status":"closed","sticky":false,"template":"","format":"standard","meta":{"footnotes":""},"categories":[2,56,10],"tags":[36,57,58],"class_list":["post-18360","post","type-post","status-publish","format-standard","has-post-thumbnail","hentry","category-politique","category-to-homepage","category-toutes-les-actualites","tag-africa-press","tag-africa-press-guinee","tag-guinee"],"yoast_head":"<!-- This site is optimized with the Yoast SEO Premium plugin v26.1 (Yoast SEO v27.0) - https:\/\/yoast.com\/product\/yoast-seo-premium-wordpress\/ -->\n<title>Red\u00e9coupage des communes\u00a0: \u2018\u2019C\u2019est normal\u2019\u2019, selon Lansana Kouyat\u00e9 - guinee Conakry<\/title>\n<meta name=\"robots\" content=\"index, follow, max-snippet:-1, max-image-preview:large, max-video-preview:-1\" \/>\n<link rel=\"canonical\" href=\"https:\/\/www.africa-press.net\/guinee-conakry\/politique\/redecoupage-des-communes-cest-normal-selon-lansana-kouyate\" \/>\n<meta property=\"og:locale\" content=\"fr_FR\" \/>\n<meta property=\"og:type\" content=\"article\" \/>\n<meta property=\"og:title\" content=\"Red\u00e9coupage des communes\u00a0: \u2018\u2019C\u2019est normal\u2019\u2019, selon Lansana Kouyat\u00e9\" \/>\n<meta property=\"og:description\" content=\"Africa-Press &#8211; Guin\u00e9e. Les autorite\u0301s de la transition ont proce\u0301de\u0301 au rede\u0301coupage des communes de Conakry, Coyah, Dubreka. Le projet de la loi a e\u0301te\u0301 adopte\u0301 au cours de la semaine par les conseillers nationaux de la transition. Une de\u0301cision que salue Lansana Kouyate\u0301 qui salue l\u2019initiative. Commentant le sujet samedi en marge de l\u2019assemble\u0301e [&hellip;]\" \/>\n<meta property=\"og:url\" content=\"https:\/\/www.africa-press.net\/guinee-conakry\/politique\/redecoupage-des-communes-cest-normal-selon-lansana-kouyate\" \/>\n<meta property=\"og:site_name\" content=\"guinee Conakry\" \/>\n<meta property=\"article:published_time\" content=\"2024-01-21T15:53:00+00:00\" \/>\n<meta name=\"author\" content=\"cfeditorfr\" \/>\n<meta name=\"twitter:card\" content=\"summary_large_image\" \/>\n<meta name=\"twitter:label1\" content=\"\u00c9crit par\" \/>\n\t<meta name=\"twitter:data1\" content=\"cfeditorfr\" \/>\n\t<meta name=\"twitter:label2\" content=\"Dur\u00e9e de lecture estim\u00e9e\" \/>\n\t<meta name=\"twitter:data2\" content=\"2 minutes\" \/>\n<script type=\"application\/ld+json\" class=\"yoast-schema-graph\">{\"@context\":\"https:\/\/schema.org\",\"@graph\":[{\"@type\":\"Article\",\"@id\":\"https:\/\/www.africa-press.net\/guinee-conakry\/politique\/redecoupage-des-communes-cest-normal-selon-lansana-kouyate#article\",\"isPartOf\":{\"@id\":\"https:\/\/www.africa-press.net\/guinee-conakry\/politique\/redecoupage-des-communes-cest-normal-selon-lansana-kouyate\"},\"author\":{\"name\":\"cfeditorfr\",\"@id\":\"https:\/\/www.africa-press.net\/guinee-conakry\/#\/schema\/person\/2b1cf3cd81a31e3cd26889ca66d677f1\"},\"headline\":\"Red\u00e9coupage des communes\u00a0: \u2018\u2019C\u2019est normal\u2019\u2019, selon Lansana Kouyat\u00e9\",\"datePublished\":\"2024-01-21T15:53:00+00:00\",\"mainEntityOfPage\":{\"@id\":\"https:\/\/www.africa-press.net\/guinee-conakry\/politique\/redecoupage-des-communes-cest-normal-selon-lansana-kouyate\"},\"wordCount\":361,\"commentCount\":0,\"image\":{\"@id\":\"https:\/\/www.africa-press.net\/guinee-conakry\/politique\/redecoupage-des-communes-cest-normal-selon-lansana-kouyate#primaryimage\"},\"thumbnailUrl\":\"https:\/\/static.africa-press.net\/conakry\/sites\/63\/2024\/01\/Jokar1705839802.877123.jpg\",\"keywords\":[\"Africa Press\",\"Africa Press-Guin\u00e9e\",\"Guin\u00e9e\"],\"articleSection\":[\"Politique\",\"to-homepage\",\"Toutes les actualit\u00e9s\"],\"inLanguage\":\"fr-FR\",\"potentialAction\":[{\"@type\":\"CommentAction\",\"name\":\"Comment\",\"target\":[\"https:\/\/www.africa-press.net\/guinee-conakry\/politique\/redecoupage-des-communes-cest-normal-selon-lansana-kouyate#respond\"]}]},{\"@type\":\"WebPage\",\"@id\":\"https:\/\/www.africa-press.net\/guinee-conakry\/politique\/redecoupage-des-communes-cest-normal-selon-lansana-kouyate\",\"url\":\"https:\/\/www.africa-press.net\/guinee-conakry\/politique\/redecoupage-des-communes-cest-normal-selon-lansana-kouyate\",\"name\":\"Red\u00e9coupage des communes\u00a0: \u2018\u2019C\u2019est normal\u2019\u2019, selon Lansana Kouyat\u00e9 - guinee Conakry\",\"isPartOf\":{\"@id\":\"https:\/\/www.africa-press.net\/guinee-conakry\/#website\"},\"primaryImageOfPage\":{\"@id\":\"https:\/\/www.africa-press.net\/guinee-conakry\/politique\/redecoupage-des-communes-cest-normal-selon-lansana-kouyate#primaryimage\"},\"image\":{\"@id\":\"https:\/\/www.africa-press.net\/guinee-conakry\/politique\/redecoupage-des-communes-cest-normal-selon-lansana-kouyate#primaryimage\"},\"thumbnailUrl\":\"https:\/\/static.africa-press.net\/conakry\/sites\/63\/2024\/01\/Jokar1705839802.877123.jpg\",\"datePublished\":\"2024-01-21T15:53:00+00:00\",\"author\":{\"@id\":\"https:\/\/www.africa-press.net\/guinee-conakry\/#\/schema\/person\/2b1cf3cd81a31e3cd26889ca66d677f1\"},\"breadcrumb\":{\"@id\":\"https:\/\/www.africa-press.net\/guinee-conakry\/politique\/redecoupage-des-communes-cest-normal-selon-lansana-kouyate#breadcrumb\"},\"inLanguage\":\"fr-FR\",\"potentialAction\":[{\"@type\":\"ReadAction\",\"target\":[\"https:\/\/www.africa-press.net\/guinee-conakry\/politique\/redecoupage-des-communes-cest-normal-selon-lansana-kouyate\"]}]},{\"@type\":\"ImageObject\",\"inLanguage\":\"fr-FR\",\"@id\":\"https:\/\/www.africa-press.net\/guinee-conakry\/politique\/redecoupage-des-communes-cest-normal-selon-lansana-kouyate#primaryimage\",\"url\":\"https:\/\/static.africa-press.net\/conakry\/sites\/63\/2024\/01\/Jokar1705839802.877123.jpg\",\"contentUrl\":\"https:\/\/static.africa-press.net\/conakry\/sites\/63\/2024\/01\/Jokar1705839802.877123.jpg\",\"width\":484,\"height\":372,\"caption\":\"Red\u00e9coupage des communes\u00a0: \u2018\u2019C\u2019est normal\u2019\u2019, selon Lansana Kouyat\u00e9\"},{\"@type\":\"BreadcrumbList\",\"@id\":\"https:\/\/www.africa-press.net\/guinee-conakry\/politique\/redecoupage-des-communes-cest-normal-selon-lansana-kouyate#breadcrumb\",\"itemListElement\":[{\"@type\":\"ListItem\",\"position\":1,\"name\":\"Accueil\",\"item\":\"https:\/\/www.africa-press.net\/guinee-conakry\/\"},{\"@type\":\"ListItem\",\"position\":2,\"name\":\"Red\u00e9coupage des communes\u00a0: \u2018\u2019C\u2019est normal\u2019\u2019, selon Lansana Kouyat\u00e9\"}]},{\"@type\":\"WebSite\",\"@id\":\"https:\/\/www.africa-press.net\/guinee-conakry\/#website\",\"url\":\"https:\/\/www.africa-press.net\/guinee-conakry\/\",\"name\":\"guinee Conakry\",\"description\":\"Just another Africa News Agency Sites site\",\"potentialAction\":[{\"@type\":\"SearchAction\",\"target\":{\"@type\":\"EntryPoint\",\"urlTemplate\":\"https:\/\/www.africa-press.net\/guinee-conakry\/?s={search_term_string}\"},\"query-input\":{\"@type\":\"PropertyValueSpecification\",\"valueRequired\":true,\"valueName\":\"search_term_string\"}}],\"inLanguage\":\"fr-FR\"},{\"@type\":\"Person\",\"@id\":\"https:\/\/www.africa-press.net\/guinee-conakry\/#\/schema\/person\/2b1cf3cd81a31e3cd26889ca66d677f1\",\"name\":\"cfeditorfr\"}]}<\/script>\n<!-- \/ Yoast SEO Premium plugin. -->","yoast_head_json":{"title":"Red\u00e9coupage des communes\u00a0: \u2018\u2019C\u2019est normal\u2019\u2019, selon Lansana Kouyat\u00e9 - guinee Conakry","robots":{"index":"index","follow":"follow","max-snippet":"max-snippet:-1","max-image-preview":"max-image-preview:large","max-video-preview":"max-video-preview:-1"},"canonical":"https:\/\/www.africa-press.net\/guinee-conakry\/politique\/redecoupage-des-communes-cest-normal-selon-lansana-kouyate","og_locale":"fr_FR","og_type":"article","og_title":"Red\u00e9coupage des communes\u00a0: \u2018\u2019C\u2019est normal\u2019\u2019, selon Lansana Kouyat\u00e9","og_description":"Africa-Press &#8211; Guin\u00e9e. Les autorite\u0301s de la transition ont proce\u0301de\u0301 au rede\u0301coupage des communes de Conakry, Coyah, Dubreka. Le projet de la loi a e\u0301te\u0301 adopte\u0301 au cours de la semaine par les conseillers nationaux de la transition. Une de\u0301cision que salue Lansana Kouyate\u0301 qui salue l\u2019initiative. Commentant le sujet samedi en marge de l\u2019assemble\u0301e [&hellip;]","og_url":"https:\/\/www.africa-press.net\/guinee-conakry\/politique\/redecoupage-des-communes-cest-normal-selon-lansana-kouyate","og_site_name":"guinee Conakry","article_published_time":"2024-01-21T15:53:00+00:00","author":"cfeditorfr","twitter_card":"summary_large_image","twitter_misc":{"\u00c9crit par":"cfeditorfr","Dur\u00e9e de lecture estim\u00e9e":"2 minutes"},"schema":{"@context":"https:\/\/schema.org","@graph":[{"@type":"Article","@id":"https:\/\/www.africa-press.net\/guinee-conakry\/politique\/redecoupage-des-communes-cest-normal-selon-lansana-kouyate#article","isPartOf":{"@id":"https:\/\/www.africa-press.net\/guinee-conakry\/politique\/redecoupage-des-communes-cest-normal-selon-lansana-kouyate"},"author":{"name":"cfeditorfr","@id":"https:\/\/www.africa-press.net\/guinee-conakry\/#\/schema\/person\/2b1cf3cd81a31e3cd26889ca66d677f1"},"headline":"Red\u00e9coupage des communes\u00a0: \u2018\u2019C\u2019est normal\u2019\u2019, selon Lansana Kouyat\u00e9","datePublished":"2024-01-21T15:53:00+00:00","mainEntityOfPage":{"@id":"https:\/\/www.africa-press.net\/guinee-conakry\/politique\/redecoupage-des-communes-cest-normal-selon-lansana-kouyate"},"wordCount":361,"commentCount":0,"image":{"@id":"https:\/\/www.africa-press.net\/guinee-conakry\/politique\/redecoupage-des-communes-cest-normal-selon-lansana-kouyate#primaryimage"},"thumbnailUrl":"https:\/\/static.africa-press.net\/conakry\/sites\/63\/2024\/01\/Jokar1705839802.877123.jpg","keywords":["Africa Press","Africa Press-Guin\u00e9e","Guin\u00e9e"],"articleSection":["Politique","to-homepage","Toutes les actualit\u00e9s"],"inLanguage":"fr-FR","potentialAction":[{"@type":"CommentAction","name":"Comment","target":["https:\/\/www.africa-press.net\/guinee-conakry\/politique\/redecoupage-des-communes-cest-normal-selon-lansana-kouyate#respond"]}]},{"@type":"WebPage","@id":"https:\/\/www.africa-press.net\/guinee-conakry\/politique\/redecoupage-des-communes-cest-normal-selon-lansana-kouyate","url":"https:\/\/www.africa-press.net\/guinee-conakry\/politique\/redecoupage-des-communes-cest-normal-selon-lansana-kouyate","name":"Red\u00e9coupage des communes\u00a0: \u2018\u2019C\u2019est normal\u2019\u2019, selon Lansana Kouyat\u00e9 - guinee Conakry","isPartOf":{"@id":"https:\/\/www.africa-press.net\/guinee-conakry\/#website"},"primaryImageOfPage":{"@id":"https:\/\/www.africa-press.net\/guinee-conakry\/politique\/redecoupage-des-communes-cest-normal-selon-lansana-kouyate#primaryimage"},"image":{"@id":"https:\/\/www.africa-press.net\/guinee-conakry\/politique\/redecoupage-des-communes-cest-normal-selon-lansana-kouyate#primaryimage"},"thumbnailUrl":"https:\/\/static.africa-press.net\/conakry\/sites\/63\/2024\/01\/Jokar1705839802.877123.jpg","datePublished":"2024-01-21T15:53:00+00:00","author":{"@id":"https:\/\/www.africa-press.net\/guinee-conakry\/#\/schema\/person\/2b1cf3cd81a31e3cd26889ca66d677f1"},"breadcrumb":{"@id":"https:\/\/www.africa-press.net\/guinee-conakry\/politique\/redecoupage-des-communes-cest-normal-selon-lansana-kouyate#breadcrumb"},"inLanguage":"fr-FR","potentialAction":[{"@type":"ReadAction","target":["https:\/\/www.africa-press.net\/guinee-conakry\/politique\/redecoupage-des-communes-cest-normal-selon-lansana-kouyate"]}]},{"@type":"ImageObject","inLanguage":"fr-FR","@id":"https:\/\/www.africa-press.net\/guinee-conakry\/politique\/redecoupage-des-communes-cest-normal-selon-lansana-kouyate#primaryimage","url":"https:\/\/static.africa-press.net\/conakry\/sites\/63\/2024\/01\/Jokar1705839802.877123.jpg","contentUrl":"https:\/\/static.africa-press.net\/conakry\/sites\/63\/2024\/01\/Jokar1705839802.877123.jpg","width":484,"height":372,"caption":"Red\u00e9coupage des communes\u00a0: \u2018\u2019C\u2019est normal\u2019\u2019, selon Lansana Kouyat\u00e9"},{"@type":"BreadcrumbList","@id":"https:\/\/www.africa-press.net\/guinee-conakry\/politique\/redecoupage-des-communes-cest-normal-selon-lansana-kouyate#breadcrumb","itemListElement":[{"@type":"ListItem","position":1,"name":"Accueil","item":"https:\/\/www.africa-press.net\/guinee-conakry\/"},{"@type":"ListItem","position":2,"name":"Red\u00e9coupage des communes\u00a0: \u2018\u2019C\u2019est normal\u2019\u2019, selon Lansana Kouyat\u00e9"}]},{"@type":"WebSite","@id":"https:\/\/www.africa-press.net\/guinee-conakry\/#website","url":"https:\/\/www.africa-press.net\/guinee-conakry\/","name":"guinee Conakry","description":"Just another Africa News Agency Sites site","potentialAction":[{"@type":"SearchAction","target":{"@type":"EntryPoint","urlTemplate":"https:\/\/www.africa-press.net\/guinee-conakry\/?s={search_term_string}"},"query-input":{"@type":"PropertyValueSpecification","valueRequired":true,"valueName":"search_term_string"}}],"inLanguage":"fr-FR"},{"@type":"Person","@id":"https:\/\/www.africa-press.net\/guinee-conakry\/#\/schema\/person\/2b1cf3cd81a31e3cd26889ca66d677f1","name":"cfeditorfr"}]}},"_links":{"self":[{"href":"https:\/\/www.africa-press.net\/guinee-conakry\/wp-json\/wp\/v2\/posts\/18360","targetHints":{"allow":["GET"]}}],"collection":[{"href":"https:\/\/www.africa-press.net\/guinee-conakry\/wp-json\/wp\/v2\/posts"}],"about":[{"href":"https:\/\/www.africa-press.net\/guinee-conakry\/wp-json\/wp\/v2\/types\/post"}],"author":[{"embeddable":true,"href":"https:\/\/www.africa-press.net\/guinee-conakry\/wp-json\/wp\/v2\/users\/82"}],"replies":[{"embeddable":true,"href":"https:\/\/www.africa-press.net\/guinee-conakry\/wp-json\/wp\/v2\/comments?post=18360"}],"version-history":[{"count":0,"href":"https:\/\/www.africa-press.net\/guinee-conakry\/wp-json\/wp\/v2\/posts\/18360\/revisions"}],"wp:featuredmedia":[{"embeddable":true,"href":"https:\/\/www.africa-press.net\/guinee-conakry\/wp-json\/wp\/v2\/media\/18359"}],"wp:attachment":[{"href":"https:\/\/www.africa-press.net\/guinee-conakry\/wp-json\/wp\/v2\/media?parent=18360"}],"wp:term":[{"taxonomy":"category","embeddable":true,"href":"https:\/\/www.africa-press.net\/guinee-conakry\/wp-json\/wp\/v2\/categories?post=18360"},{"taxonomy":"post_tag","embeddable":true,"href":"https:\/\/www.africa-press.net\/guinee-conakry\/wp-json\/wp\/v2\/tags?post=18360"}],"curies":[{"name":"wp","href":"https:\/\/api.w.org\/{rel}","templated":true}]}}