{"id":18364,"date":"2024-01-21T15:57:00","date_gmt":"2024-01-21T15:57:00","guid":{"rendered":"https:\/\/www.africa-press.net\/guinee-conakry\/politique\/presidentielle-au-senegal-20-candidats-valides-karim-wade-elimine"},"modified":"2024-01-21T15:57:00","modified_gmt":"2024-01-21T15:57:00","slug":"presidentielle-au-senegal-20-candidats-valides-karim-wade-elimine","status":"publish","type":"post","link":"https:\/\/www.africa-press.net\/guinee-conakry\/politique\/presidentielle-au-senegal-20-candidats-valides-karim-wade-elimine","title":{"rendered":"Pr\u00e9sidentielle au S\u00e9n\u00e9gal : 20 candidats valid\u00e9s, Karim Wade \u00e9limin\u00e9"},"content":{"rendered":"<p><span style=\"color: #ff6600\"><strong>Africa-Press &#8211; Guin\u00e9e. <\/strong><\/span><b>Le Conseil constitutionnel se\u0301ne\u0301galais a publie\u0301 samedi une liste de\u0301finitive de 20 candidats a\u0300 l\u2019e\u0301lection pre\u0301sidentielle du 25 fe\u0301vrier sur laquelle ne figure pas Karim Wade, fils et ministre de l\u2019ex-pre\u0301sident Abdoulaye Wade, a constate\u0301 l\u2019AFP.<\/b><\/p>\n<p>La liste comprend le candidat du camp pre\u0301sidentiel, le Premier ministre Amadou Ba\u0302, les anciens chefs de gouvernement et opposants Idrissa Seck et Mahammed Boun Abdallah Dionne, l\u2019ancien maire de Dakar Khalifa Sall et Bassirou Diomaye Diakhar Faye, pre\u0301sente\u0301 comme un candidat de substitution a\u0300 l\u2019opposant emprisonne\u0301 Ousmane Sonko.<\/p>\n<p>M. Faye, 43 ans, membre du parti dissous de M. Sonko, est pourtant lui aussi de\u0301tenu, mais il n\u2019a pas encore e\u0301te\u0301 juge\u0301.<\/p>\n<p>Ousmane Sonko, personnage central d\u2019un bras de fer de plus de deux ans avec l\u2019Etat qui a donne\u0301 lieu a\u0300 plusieurs e\u0301pisodes de troubles meurtriers, ne figure pas sur la liste, comme cela e\u0301tait attendu. Populaire parmi les jeunes, il e\u0301tait donne\u0301 parmi les favoris de la pre\u0301sidentielle.<\/p>\n<p>De\u0301clare\u0301 coupable en juin de de\u0301bauche de mineure et condamne\u0301 a\u0300 deux ans de prison ferme, il a e\u0301te\u0301 e\u0301croue\u0301 fin juillet sous d\u2019autres chefs d\u2019inculpation, dont appel a\u0300 l\u2019insurrection, association de malfaiteurs en lien avec une entreprise terroriste et atteinte a\u0300 la su\u0302rete\u0301 de l\u2019Etat.<\/p>\n<p>M. Sonko a de\u0301nonce\u0301 un complot pour l\u2019empe\u0302cher de participer a\u0300 l\u2019e\u0301lection pre\u0301sidentielle de fe\u0301vrier 2024, ce que le pouvoir de\u0301ment.<\/p>\n<p>Le pre\u0301sident Macky Sall, e\u0301lu en 2012 pour sept ans et re\u0301e\u0301lu en 2019, avait annonce\u0301 en juillet qu\u2019il ne se repre\u0301senterait pas en fe\u0301vrier 2024. Il a choisi en juillet 2023 le Premier ministre Amadou Ba\u0302 pour lui succe\u0301der.<\/p>\n<p><b>Par AFP<\/b><\/p>\n<p><strong>Pour plus d&rsquo;informations et d&rsquo;analyses sur la <a href=\"https:\/\/www.africa-press.net\/guinee-conakry\">Guin\u00e9e<\/a>, suivez <a href=\"https:\/\/www.africa-press.net\/\">Africa-Press<\/a><\/strong><\/p>\n","protected":false},"excerpt":{"rendered":"<p>Africa-Press &#8211; Guin\u00e9e. Le Conseil constitutionnel se\u0301ne\u0301galais a publie\u0301 samedi une liste de\u0301finitive de 20 candidats a\u0300 l\u2019e\u0301lection pre\u0301sidentielle du 25 fe\u0301vrier sur laquelle ne figure pas Karim Wade, fils et ministre de l\u2019ex-pre\u0301sident Abdoulaye Wade, a constate\u0301 l\u2019AFP. La liste comprend le candidat du camp pre\u0301sidentiel, le Premier ministre Amadou Ba\u0302, les anciens chefs [&hellip;]<\/p>\n","protected":false},"author":82,"featured_media":18363,"comment_status":"open","ping_status":"closed","sticky":false,"template":"","format":"standard","meta":{"footnotes":""},"categories":[2,10],"tags":[36,57,58],"class_list":["post-18364","post","type-post","status-publish","format-standard","has-post-thumbnail","hentry","category-politique","category-toutes-les-actualites","tag-africa-press","tag-africa-press-guinee","tag-guinee"],"yoast_head":"<!-- This site is optimized with the Yoast SEO Premium plugin v26.1 (Yoast SEO v27.0) - https:\/\/yoast.com\/product\/yoast-seo-premium-wordpress\/ -->\n<title>Pr\u00e9sidentielle au S\u00e9n\u00e9gal : 20 candidats valid\u00e9s, Karim Wade \u00e9limin\u00e9 - guinee Conakry<\/title>\n<meta name=\"robots\" content=\"index, follow, max-snippet:-1, max-image-preview:large, max-video-preview:-1\" \/>\n<link rel=\"canonical\" href=\"https:\/\/www.africa-press.net\/guinee-conakry\/politique\/presidentielle-au-senegal-20-candidats-valides-karim-wade-elimine\" \/>\n<meta property=\"og:locale\" content=\"fr_FR\" \/>\n<meta property=\"og:type\" content=\"article\" \/>\n<meta property=\"og:title\" content=\"Pr\u00e9sidentielle au S\u00e9n\u00e9gal : 20 candidats valid\u00e9s, Karim Wade \u00e9limin\u00e9\" \/>\n<meta property=\"og:description\" content=\"Africa-Press &#8211; Guin\u00e9e. Le Conseil constitutionnel se\u0301ne\u0301galais a publie\u0301 samedi une liste de\u0301finitive de 20 candidats a\u0300 l\u2019e\u0301lection pre\u0301sidentielle du 25 fe\u0301vrier sur laquelle ne figure pas Karim Wade, fils et ministre de l\u2019ex-pre\u0301sident Abdoulaye Wade, a constate\u0301 l\u2019AFP. La liste comprend le candidat du camp pre\u0301sidentiel, le Premier ministre Amadou Ba\u0302, les anciens chefs [&hellip;]\" \/>\n<meta property=\"og:url\" content=\"https:\/\/www.africa-press.net\/guinee-conakry\/politique\/presidentielle-au-senegal-20-candidats-valides-karim-wade-elimine\" \/>\n<meta property=\"og:site_name\" content=\"guinee Conakry\" \/>\n<meta property=\"article:published_time\" content=\"2024-01-21T15:57:00+00:00\" \/>\n<meta name=\"author\" content=\"cfeditorfr\" \/>\n<meta name=\"twitter:card\" content=\"summary_large_image\" \/>\n<meta name=\"twitter:label1\" content=\"\u00c9crit par\" \/>\n\t<meta name=\"twitter:data1\" content=\"cfeditorfr\" \/>\n\t<meta name=\"twitter:label2\" content=\"Dur\u00e9e de lecture estim\u00e9e\" \/>\n\t<meta name=\"twitter:data2\" content=\"2 minutes\" \/>\n<script type=\"application\/ld+json\" class=\"yoast-schema-graph\">{\"@context\":\"https:\/\/schema.org\",\"@graph\":[{\"@type\":\"Article\",\"@id\":\"https:\/\/www.africa-press.net\/guinee-conakry\/politique\/presidentielle-au-senegal-20-candidats-valides-karim-wade-elimine#article\",\"isPartOf\":{\"@id\":\"https:\/\/www.africa-press.net\/guinee-conakry\/politique\/presidentielle-au-senegal-20-candidats-valides-karim-wade-elimine\"},\"author\":{\"name\":\"cfeditorfr\",\"@id\":\"https:\/\/www.africa-press.net\/guinee-conakry\/#\/schema\/person\/2b1cf3cd81a31e3cd26889ca66d677f1\"},\"headline\":\"Pr\u00e9sidentielle au S\u00e9n\u00e9gal : 20 candidats valid\u00e9s, Karim Wade \u00e9limin\u00e9\",\"datePublished\":\"2024-01-21T15:57:00+00:00\",\"mainEntityOfPage\":{\"@id\":\"https:\/\/www.africa-press.net\/guinee-conakry\/politique\/presidentielle-au-senegal-20-candidats-valides-karim-wade-elimine\"},\"wordCount\":334,\"commentCount\":0,\"image\":{\"@id\":\"https:\/\/www.africa-press.net\/guinee-conakry\/politique\/presidentielle-au-senegal-20-candidats-valides-karim-wade-elimine#primaryimage\"},\"thumbnailUrl\":\"https:\/\/static.africa-press.net\/conakry\/sites\/63\/2024\/01\/Jokar1705840060.422288.jpg\",\"keywords\":[\"Africa Press\",\"Africa Press-Guin\u00e9e\",\"Guin\u00e9e\"],\"articleSection\":[\"Politique\",\"Toutes les actualit\u00e9s\"],\"inLanguage\":\"fr-FR\",\"potentialAction\":[{\"@type\":\"CommentAction\",\"name\":\"Comment\",\"target\":[\"https:\/\/www.africa-press.net\/guinee-conakry\/politique\/presidentielle-au-senegal-20-candidats-valides-karim-wade-elimine#respond\"]}]},{\"@type\":\"WebPage\",\"@id\":\"https:\/\/www.africa-press.net\/guinee-conakry\/politique\/presidentielle-au-senegal-20-candidats-valides-karim-wade-elimine\",\"url\":\"https:\/\/www.africa-press.net\/guinee-conakry\/politique\/presidentielle-au-senegal-20-candidats-valides-karim-wade-elimine\",\"name\":\"Pr\u00e9sidentielle au S\u00e9n\u00e9gal : 20 candidats valid\u00e9s, Karim Wade \u00e9limin\u00e9 - guinee Conakry\",\"isPartOf\":{\"@id\":\"https:\/\/www.africa-press.net\/guinee-conakry\/#website\"},\"primaryImageOfPage\":{\"@id\":\"https:\/\/www.africa-press.net\/guinee-conakry\/politique\/presidentielle-au-senegal-20-candidats-valides-karim-wade-elimine#primaryimage\"},\"image\":{\"@id\":\"https:\/\/www.africa-press.net\/guinee-conakry\/politique\/presidentielle-au-senegal-20-candidats-valides-karim-wade-elimine#primaryimage\"},\"thumbnailUrl\":\"https:\/\/static.africa-press.net\/conakry\/sites\/63\/2024\/01\/Jokar1705840060.422288.jpg\",\"datePublished\":\"2024-01-21T15:57:00+00:00\",\"author\":{\"@id\":\"https:\/\/www.africa-press.net\/guinee-conakry\/#\/schema\/person\/2b1cf3cd81a31e3cd26889ca66d677f1\"},\"breadcrumb\":{\"@id\":\"https:\/\/www.africa-press.net\/guinee-conakry\/politique\/presidentielle-au-senegal-20-candidats-valides-karim-wade-elimine#breadcrumb\"},\"inLanguage\":\"fr-FR\",\"potentialAction\":[{\"@type\":\"ReadAction\",\"target\":[\"https:\/\/www.africa-press.net\/guinee-conakry\/politique\/presidentielle-au-senegal-20-candidats-valides-karim-wade-elimine\"]}]},{\"@type\":\"ImageObject\",\"inLanguage\":\"fr-FR\",\"@id\":\"https:\/\/www.africa-press.net\/guinee-conakry\/politique\/presidentielle-au-senegal-20-candidats-valides-karim-wade-elimine#primaryimage\",\"url\":\"https:\/\/static.africa-press.net\/conakry\/sites\/63\/2024\/01\/Jokar1705840060.422288.jpg\",\"contentUrl\":\"https:\/\/static.africa-press.net\/conakry\/sites\/63\/2024\/01\/Jokar1705840060.422288.jpg\",\"width\":922,\"height\":615,\"caption\":\"Pr\u00e9sidentielle au S\u00e9n\u00e9gal : 20 candidats valid\u00e9s, Karim Wade \u00e9limin\u00e9\"},{\"@type\":\"BreadcrumbList\",\"@id\":\"https:\/\/www.africa-press.net\/guinee-conakry\/politique\/presidentielle-au-senegal-20-candidats-valides-karim-wade-elimine#breadcrumb\",\"itemListElement\":[{\"@type\":\"ListItem\",\"position\":1,\"name\":\"Accueil\",\"item\":\"https:\/\/www.africa-press.net\/guinee-conakry\/\"},{\"@type\":\"ListItem\",\"position\":2,\"name\":\"Pr\u00e9sidentielle au S\u00e9n\u00e9gal : 20 candidats valid\u00e9s, Karim Wade \u00e9limin\u00e9\"}]},{\"@type\":\"WebSite\",\"@id\":\"https:\/\/www.africa-press.net\/guinee-conakry\/#website\",\"url\":\"https:\/\/www.africa-press.net\/guinee-conakry\/\",\"name\":\"guinee Conakry\",\"description\":\"Just another Africa News Agency Sites site\",\"potentialAction\":[{\"@type\":\"SearchAction\",\"target\":{\"@type\":\"EntryPoint\",\"urlTemplate\":\"https:\/\/www.africa-press.net\/guinee-conakry\/?s={search_term_string}\"},\"query-input\":{\"@type\":\"PropertyValueSpecification\",\"valueRequired\":true,\"valueName\":\"search_term_string\"}}],\"inLanguage\":\"fr-FR\"},{\"@type\":\"Person\",\"@id\":\"https:\/\/www.africa-press.net\/guinee-conakry\/#\/schema\/person\/2b1cf3cd81a31e3cd26889ca66d677f1\",\"name\":\"cfeditorfr\"}]}<\/script>\n<!-- \/ Yoast SEO Premium plugin. -->","yoast_head_json":{"title":"Pr\u00e9sidentielle au S\u00e9n\u00e9gal : 20 candidats valid\u00e9s, Karim Wade \u00e9limin\u00e9 - guinee Conakry","robots":{"index":"index","follow":"follow","max-snippet":"max-snippet:-1","max-image-preview":"max-image-preview:large","max-video-preview":"max-video-preview:-1"},"canonical":"https:\/\/www.africa-press.net\/guinee-conakry\/politique\/presidentielle-au-senegal-20-candidats-valides-karim-wade-elimine","og_locale":"fr_FR","og_type":"article","og_title":"Pr\u00e9sidentielle au S\u00e9n\u00e9gal : 20 candidats valid\u00e9s, Karim Wade \u00e9limin\u00e9","og_description":"Africa-Press &#8211; Guin\u00e9e. Le Conseil constitutionnel se\u0301ne\u0301galais a publie\u0301 samedi une liste de\u0301finitive de 20 candidats a\u0300 l\u2019e\u0301lection pre\u0301sidentielle du 25 fe\u0301vrier sur laquelle ne figure pas Karim Wade, fils et ministre de l\u2019ex-pre\u0301sident Abdoulaye Wade, a constate\u0301 l\u2019AFP. La liste comprend le candidat du camp pre\u0301sidentiel, le Premier ministre Amadou Ba\u0302, les anciens chefs [&hellip;]","og_url":"https:\/\/www.africa-press.net\/guinee-conakry\/politique\/presidentielle-au-senegal-20-candidats-valides-karim-wade-elimine","og_site_name":"guinee Conakry","article_published_time":"2024-01-21T15:57:00+00:00","author":"cfeditorfr","twitter_card":"summary_large_image","twitter_misc":{"\u00c9crit par":"cfeditorfr","Dur\u00e9e de lecture estim\u00e9e":"2 minutes"},"schema":{"@context":"https:\/\/schema.org","@graph":[{"@type":"Article","@id":"https:\/\/www.africa-press.net\/guinee-conakry\/politique\/presidentielle-au-senegal-20-candidats-valides-karim-wade-elimine#article","isPartOf":{"@id":"https:\/\/www.africa-press.net\/guinee-conakry\/politique\/presidentielle-au-senegal-20-candidats-valides-karim-wade-elimine"},"author":{"name":"cfeditorfr","@id":"https:\/\/www.africa-press.net\/guinee-conakry\/#\/schema\/person\/2b1cf3cd81a31e3cd26889ca66d677f1"},"headline":"Pr\u00e9sidentielle au S\u00e9n\u00e9gal : 20 candidats valid\u00e9s, Karim Wade \u00e9limin\u00e9","datePublished":"2024-01-21T15:57:00+00:00","mainEntityOfPage":{"@id":"https:\/\/www.africa-press.net\/guinee-conakry\/politique\/presidentielle-au-senegal-20-candidats-valides-karim-wade-elimine"},"wordCount":334,"commentCount":0,"image":{"@id":"https:\/\/www.africa-press.net\/guinee-conakry\/politique\/presidentielle-au-senegal-20-candidats-valides-karim-wade-elimine#primaryimage"},"thumbnailUrl":"https:\/\/static.africa-press.net\/conakry\/sites\/63\/2024\/01\/Jokar1705840060.422288.jpg","keywords":["Africa Press","Africa Press-Guin\u00e9e","Guin\u00e9e"],"articleSection":["Politique","Toutes les actualit\u00e9s"],"inLanguage":"fr-FR","potentialAction":[{"@type":"CommentAction","name":"Comment","target":["https:\/\/www.africa-press.net\/guinee-conakry\/politique\/presidentielle-au-senegal-20-candidats-valides-karim-wade-elimine#respond"]}]},{"@type":"WebPage","@id":"https:\/\/www.africa-press.net\/guinee-conakry\/politique\/presidentielle-au-senegal-20-candidats-valides-karim-wade-elimine","url":"https:\/\/www.africa-press.net\/guinee-conakry\/politique\/presidentielle-au-senegal-20-candidats-valides-karim-wade-elimine","name":"Pr\u00e9sidentielle au S\u00e9n\u00e9gal : 20 candidats valid\u00e9s, Karim Wade \u00e9limin\u00e9 - guinee Conakry","isPartOf":{"@id":"https:\/\/www.africa-press.net\/guinee-conakry\/#website"},"primaryImageOfPage":{"@id":"https:\/\/www.africa-press.net\/guinee-conakry\/politique\/presidentielle-au-senegal-20-candidats-valides-karim-wade-elimine#primaryimage"},"image":{"@id":"https:\/\/www.africa-press.net\/guinee-conakry\/politique\/presidentielle-au-senegal-20-candidats-valides-karim-wade-elimine#primaryimage"},"thumbnailUrl":"https:\/\/static.africa-press.net\/conakry\/sites\/63\/2024\/01\/Jokar1705840060.422288.jpg","datePublished":"2024-01-21T15:57:00+00:00","author":{"@id":"https:\/\/www.africa-press.net\/guinee-conakry\/#\/schema\/person\/2b1cf3cd81a31e3cd26889ca66d677f1"},"breadcrumb":{"@id":"https:\/\/www.africa-press.net\/guinee-conakry\/politique\/presidentielle-au-senegal-20-candidats-valides-karim-wade-elimine#breadcrumb"},"inLanguage":"fr-FR","potentialAction":[{"@type":"ReadAction","target":["https:\/\/www.africa-press.net\/guinee-conakry\/politique\/presidentielle-au-senegal-20-candidats-valides-karim-wade-elimine"]}]},{"@type":"ImageObject","inLanguage":"fr-FR","@id":"https:\/\/www.africa-press.net\/guinee-conakry\/politique\/presidentielle-au-senegal-20-candidats-valides-karim-wade-elimine#primaryimage","url":"https:\/\/static.africa-press.net\/conakry\/sites\/63\/2024\/01\/Jokar1705840060.422288.jpg","contentUrl":"https:\/\/static.africa-press.net\/conakry\/sites\/63\/2024\/01\/Jokar1705840060.422288.jpg","width":922,"height":615,"caption":"Pr\u00e9sidentielle au S\u00e9n\u00e9gal : 20 candidats valid\u00e9s, Karim Wade \u00e9limin\u00e9"},{"@type":"BreadcrumbList","@id":"https:\/\/www.africa-press.net\/guinee-conakry\/politique\/presidentielle-au-senegal-20-candidats-valides-karim-wade-elimine#breadcrumb","itemListElement":[{"@type":"ListItem","position":1,"name":"Accueil","item":"https:\/\/www.africa-press.net\/guinee-conakry\/"},{"@type":"ListItem","position":2,"name":"Pr\u00e9sidentielle au S\u00e9n\u00e9gal : 20 candidats valid\u00e9s, Karim Wade \u00e9limin\u00e9"}]},{"@type":"WebSite","@id":"https:\/\/www.africa-press.net\/guinee-conakry\/#website","url":"https:\/\/www.africa-press.net\/guinee-conakry\/","name":"guinee Conakry","description":"Just another Africa News Agency Sites site","potentialAction":[{"@type":"SearchAction","target":{"@type":"EntryPoint","urlTemplate":"https:\/\/www.africa-press.net\/guinee-conakry\/?s={search_term_string}"},"query-input":{"@type":"PropertyValueSpecification","valueRequired":true,"valueName":"search_term_string"}}],"inLanguage":"fr-FR"},{"@type":"Person","@id":"https:\/\/www.africa-press.net\/guinee-conakry\/#\/schema\/person\/2b1cf3cd81a31e3cd26889ca66d677f1","name":"cfeditorfr"}]}},"_links":{"self":[{"href":"https:\/\/www.africa-press.net\/guinee-conakry\/wp-json\/wp\/v2\/posts\/18364","targetHints":{"allow":["GET"]}}],"collection":[{"href":"https:\/\/www.africa-press.net\/guinee-conakry\/wp-json\/wp\/v2\/posts"}],"about":[{"href":"https:\/\/www.africa-press.net\/guinee-conakry\/wp-json\/wp\/v2\/types\/post"}],"author":[{"embeddable":true,"href":"https:\/\/www.africa-press.net\/guinee-conakry\/wp-json\/wp\/v2\/users\/82"}],"replies":[{"embeddable":true,"href":"https:\/\/www.africa-press.net\/guinee-conakry\/wp-json\/wp\/v2\/comments?post=18364"}],"version-history":[{"count":0,"href":"https:\/\/www.africa-press.net\/guinee-conakry\/wp-json\/wp\/v2\/posts\/18364\/revisions"}],"wp:featuredmedia":[{"embeddable":true,"href":"https:\/\/www.africa-press.net\/guinee-conakry\/wp-json\/wp\/v2\/media\/18363"}],"wp:attachment":[{"href":"https:\/\/www.africa-press.net\/guinee-conakry\/wp-json\/wp\/v2\/media?parent=18364"}],"wp:term":[{"taxonomy":"category","embeddable":true,"href":"https:\/\/www.africa-press.net\/guinee-conakry\/wp-json\/wp\/v2\/categories?post=18364"},{"taxonomy":"post_tag","embeddable":true,"href":"https:\/\/www.africa-press.net\/guinee-conakry\/wp-json\/wp\/v2\/tags?post=18364"}],"curies":[{"name":"wp","href":"https:\/\/api.w.org\/{rel}","templated":true}]}}