{"id":18368,"date":"2024-01-21T16:04:00","date_gmt":"2024-01-21T16:04:00","guid":{"rendered":"https:\/\/www.africa-press.net\/guinee-conakry\/politique\/alpha-conde-appelle-les-guineens-a-se-mobiliser-en-faveur-du-syli"},"modified":"2024-01-21T16:04:00","modified_gmt":"2024-01-21T16:04:00","slug":"alpha-conde-appelle-les-guineens-a-se-mobiliser-en-faveur-du-syli","status":"publish","type":"post","link":"https:\/\/www.africa-press.net\/guinee-conakry\/sports\/alpha-conde-appelle-les-guineens-a-se-mobiliser-en-faveur-du-syli","title":{"rendered":"Alpha Cond\u00e9 appelle les guin\u00e9ens \u00e0 se mobiliser en faveur du Syli"},"content":{"rendered":"<p><span style=\"color: #ff6600\"><strong>Africa-Press &#8211; Guin\u00e9e. <\/strong><\/span><b>Le Syli a remporte\u0301 son match du vendredi 19 janvier contre la Gambie au stade Charles Konan Banny de Yamoussoukro sur le score d\u2019un but a\u0300 ze\u0301ro. Une victoire qui ne laisse pas indiffe\u0301rent l\u2019ancien pre\u0301sident de la Re\u0301publique, Alpha Conde\u0301, qui vit loin de la Guine\u0301e. <\/b><\/p>\n<p>Dans un message, l\u2019ex-chef de l\u2019Etat a, au nom du peuple de Guine\u0301e, adresse ses fe\u0301licitations au Syli national qui a enregistre\u0301 une \u2018\u2019victoire le vendredi 19 janvier au stade de Yamoussoukro contre l\u2019e\u0301quipe nationale gambienne par un score d\u2019un but a\u0300 ze\u0301ro\u2019\u2019.<\/p>\n<p>Pour Alpha Conde\u0301, \u2018\u2019cette re\u0301ussite qui offre a\u0300 notre e\u0301quipe nationale, la possibilite\u0301 d\u2019accroitre ses chances d\u2019acce\u0301der aux huitie\u0300mes de finales de la Coupe d\u2019Afrique des Nations 2024, est une immense fierte\u0301 pour tous les citoyens guine\u0301ens\u2019\u2019.<\/p>\n<p>En ces pe\u0301riodes difficiles il estime que \u2018\u2019nous devons rendre hommage a\u0300 cette jeunesse qui porte le flambeau de notre pays et c\u2019est e\u0301galement un moment de cohe\u0301sion pour prouver que chaque fois nous sommes unis pour une cause noble, nous atteignons toujours nos objectifs\u2019\u2019.<\/p>\n<p>L\u2019ancien pre\u0301sident finit par demander a\u0300 \u2018\u2019chaque Guine\u0301enne et Guine\u0301en, de se mobiliser en faveur du Syli national jusqu\u2019a\u0300 la victoire finale. Vive le Syli national, vive le peuple de Guine\u0301e\u2019\u2019.<\/p>\n<p><b>Abdoulaye Bella DIALLO<\/b><\/p>\n<p><strong>Pour plus d&rsquo;informations et d&rsquo;analyses sur la <a href=\"https:\/\/www.africa-press.net\/guinee-conakry\">Guin\u00e9e<\/a>, suivez <a href=\"https:\/\/www.africa-press.net\/\">Africa-Press<\/a><\/strong><\/p>\n","protected":false},"excerpt":{"rendered":"<p>Africa-Press &#8211; Guin\u00e9e. Le Syli a remporte\u0301 son match du vendredi 19 janvier contre la Gambie au stade Charles Konan Banny de Yamoussoukro sur le score d\u2019un but a\u0300 ze\u0301ro. Une victoire qui ne laisse pas indiffe\u0301rent l\u2019ancien pre\u0301sident de la Re\u0301publique, Alpha Conde\u0301, qui vit loin de la Guine\u0301e. Dans un message, l\u2019ex-chef de [&hellip;]<\/p>\n","protected":false},"author":82,"featured_media":18367,"comment_status":"open","ping_status":"closed","sticky":false,"template":"","format":"standard","meta":{"footnotes":""},"categories":[6,56,10],"tags":[36,57,58],"class_list":["post-18368","post","type-post","status-publish","format-standard","has-post-thumbnail","hentry","category-sports","category-to-homepage","category-toutes-les-actualites","tag-africa-press","tag-africa-press-guinee","tag-guinee"],"yoast_head":"<!-- This site is optimized with the Yoast SEO Premium plugin v26.1 (Yoast SEO v27.0) - https:\/\/yoast.com\/product\/yoast-seo-premium-wordpress\/ -->\n<title>Alpha Cond\u00e9 appelle les guin\u00e9ens \u00e0 se mobiliser en faveur du Syli - guinee Conakry<\/title>\n<meta name=\"robots\" content=\"index, follow, max-snippet:-1, max-image-preview:large, max-video-preview:-1\" \/>\n<link rel=\"canonical\" href=\"https:\/\/www.africa-press.net\/guinee-conakry\/politique\/alpha-conde-appelle-les-guineens-a-se-mobiliser-en-faveur-du-syli\" \/>\n<meta property=\"og:locale\" content=\"fr_FR\" \/>\n<meta property=\"og:type\" content=\"article\" \/>\n<meta property=\"og:title\" content=\"Alpha Cond\u00e9 appelle les guin\u00e9ens \u00e0 se mobiliser en faveur du Syli\" \/>\n<meta property=\"og:description\" content=\"Africa-Press &#8211; Guin\u00e9e. Le Syli a remporte\u0301 son match du vendredi 19 janvier contre la Gambie au stade Charles Konan Banny de Yamoussoukro sur le score d\u2019un but a\u0300 ze\u0301ro. Une victoire qui ne laisse pas indiffe\u0301rent l\u2019ancien pre\u0301sident de la Re\u0301publique, Alpha Conde\u0301, qui vit loin de la Guine\u0301e. Dans un message, l\u2019ex-chef de [&hellip;]\" \/>\n<meta property=\"og:url\" content=\"https:\/\/www.africa-press.net\/guinee-conakry\/politique\/alpha-conde-appelle-les-guineens-a-se-mobiliser-en-faveur-du-syli\" \/>\n<meta property=\"og:site_name\" content=\"guinee Conakry\" \/>\n<meta property=\"article:published_time\" content=\"2024-01-21T16:04:00+00:00\" \/>\n<meta name=\"author\" content=\"cfeditorfr\" \/>\n<meta name=\"twitter:card\" content=\"summary_large_image\" \/>\n<meta name=\"twitter:label1\" content=\"\u00c9crit par\" \/>\n\t<meta name=\"twitter:data1\" content=\"cfeditorfr\" \/>\n\t<meta name=\"twitter:label2\" content=\"Dur\u00e9e de lecture estim\u00e9e\" \/>\n\t<meta name=\"twitter:data2\" content=\"1 minute\" \/>\n<script type=\"application\/ld+json\" class=\"yoast-schema-graph\">{\"@context\":\"https:\/\/schema.org\",\"@graph\":[{\"@type\":\"Article\",\"@id\":\"https:\/\/www.africa-press.net\/guinee-conakry\/politique\/alpha-conde-appelle-les-guineens-a-se-mobiliser-en-faveur-du-syli#article\",\"isPartOf\":{\"@id\":\"https:\/\/www.africa-press.net\/guinee-conakry\/politique\/alpha-conde-appelle-les-guineens-a-se-mobiliser-en-faveur-du-syli\"},\"author\":{\"name\":\"cfeditorfr\",\"@id\":\"https:\/\/www.africa-press.net\/guinee-conakry\/#\/schema\/person\/2b1cf3cd81a31e3cd26889ca66d677f1\"},\"headline\":\"Alpha Cond\u00e9 appelle les guin\u00e9ens \u00e0 se mobiliser en faveur du Syli\",\"datePublished\":\"2024-01-21T16:04:00+00:00\",\"mainEntityOfPage\":{\"@id\":\"https:\/\/www.africa-press.net\/guinee-conakry\/politique\/alpha-conde-appelle-les-guineens-a-se-mobiliser-en-faveur-du-syli\"},\"wordCount\":265,\"commentCount\":0,\"image\":{\"@id\":\"https:\/\/www.africa-press.net\/guinee-conakry\/politique\/alpha-conde-appelle-les-guineens-a-se-mobiliser-en-faveur-du-syli#primaryimage\"},\"thumbnailUrl\":\"https:\/\/static.africa-press.net\/conakry\/sites\/63\/2024\/01\/Jokar1705840439.722486.jpg\",\"keywords\":[\"Africa Press\",\"Africa Press-Guin\u00e9e\",\"Guin\u00e9e\"],\"articleSection\":[\"Sports\",\"to-homepage\",\"Toutes les actualit\u00e9s\"],\"inLanguage\":\"fr-FR\",\"potentialAction\":[{\"@type\":\"CommentAction\",\"name\":\"Comment\",\"target\":[\"https:\/\/www.africa-press.net\/guinee-conakry\/politique\/alpha-conde-appelle-les-guineens-a-se-mobiliser-en-faveur-du-syli#respond\"]}]},{\"@type\":\"WebPage\",\"@id\":\"https:\/\/www.africa-press.net\/guinee-conakry\/politique\/alpha-conde-appelle-les-guineens-a-se-mobiliser-en-faveur-du-syli\",\"url\":\"https:\/\/www.africa-press.net\/guinee-conakry\/politique\/alpha-conde-appelle-les-guineens-a-se-mobiliser-en-faveur-du-syli\",\"name\":\"Alpha Cond\u00e9 appelle les guin\u00e9ens \u00e0 se mobiliser en faveur du Syli - guinee Conakry\",\"isPartOf\":{\"@id\":\"https:\/\/www.africa-press.net\/guinee-conakry\/#website\"},\"primaryImageOfPage\":{\"@id\":\"https:\/\/www.africa-press.net\/guinee-conakry\/politique\/alpha-conde-appelle-les-guineens-a-se-mobiliser-en-faveur-du-syli#primaryimage\"},\"image\":{\"@id\":\"https:\/\/www.africa-press.net\/guinee-conakry\/politique\/alpha-conde-appelle-les-guineens-a-se-mobiliser-en-faveur-du-syli#primaryimage\"},\"thumbnailUrl\":\"https:\/\/static.africa-press.net\/conakry\/sites\/63\/2024\/01\/Jokar1705840439.722486.jpg\",\"datePublished\":\"2024-01-21T16:04:00+00:00\",\"author\":{\"@id\":\"https:\/\/www.africa-press.net\/guinee-conakry\/#\/schema\/person\/2b1cf3cd81a31e3cd26889ca66d677f1\"},\"breadcrumb\":{\"@id\":\"https:\/\/www.africa-press.net\/guinee-conakry\/politique\/alpha-conde-appelle-les-guineens-a-se-mobiliser-en-faveur-du-syli#breadcrumb\"},\"inLanguage\":\"fr-FR\",\"potentialAction\":[{\"@type\":\"ReadAction\",\"target\":[\"https:\/\/www.africa-press.net\/guinee-conakry\/politique\/alpha-conde-appelle-les-guineens-a-se-mobiliser-en-faveur-du-syli\"]}]},{\"@type\":\"ImageObject\",\"inLanguage\":\"fr-FR\",\"@id\":\"https:\/\/www.africa-press.net\/guinee-conakry\/politique\/alpha-conde-appelle-les-guineens-a-se-mobiliser-en-faveur-du-syli#primaryimage\",\"url\":\"https:\/\/static.africa-press.net\/conakry\/sites\/63\/2024\/01\/Jokar1705840439.722486.jpg\",\"contentUrl\":\"https:\/\/static.africa-press.net\/conakry\/sites\/63\/2024\/01\/Jokar1705840439.722486.jpg\",\"width\":640,\"height\":391,\"caption\":\"Alpha Cond\u00e9 appelle les guin\u00e9ens \u00e0 se mobiliser en faveur du Syli\"},{\"@type\":\"BreadcrumbList\",\"@id\":\"https:\/\/www.africa-press.net\/guinee-conakry\/politique\/alpha-conde-appelle-les-guineens-a-se-mobiliser-en-faveur-du-syli#breadcrumb\",\"itemListElement\":[{\"@type\":\"ListItem\",\"position\":1,\"name\":\"Accueil\",\"item\":\"https:\/\/www.africa-press.net\/guinee-conakry\/\"},{\"@type\":\"ListItem\",\"position\":2,\"name\":\"Alpha Cond\u00e9 appelle les guin\u00e9ens \u00e0 se mobiliser en faveur du Syli\"}]},{\"@type\":\"WebSite\",\"@id\":\"https:\/\/www.africa-press.net\/guinee-conakry\/#website\",\"url\":\"https:\/\/www.africa-press.net\/guinee-conakry\/\",\"name\":\"guinee Conakry\",\"description\":\"Just another Africa News Agency Sites site\",\"potentialAction\":[{\"@type\":\"SearchAction\",\"target\":{\"@type\":\"EntryPoint\",\"urlTemplate\":\"https:\/\/www.africa-press.net\/guinee-conakry\/?s={search_term_string}\"},\"query-input\":{\"@type\":\"PropertyValueSpecification\",\"valueRequired\":true,\"valueName\":\"search_term_string\"}}],\"inLanguage\":\"fr-FR\"},{\"@type\":\"Person\",\"@id\":\"https:\/\/www.africa-press.net\/guinee-conakry\/#\/schema\/person\/2b1cf3cd81a31e3cd26889ca66d677f1\",\"name\":\"cfeditorfr\"}]}<\/script>\n<!-- \/ Yoast SEO Premium plugin. -->","yoast_head_json":{"title":"Alpha Cond\u00e9 appelle les guin\u00e9ens \u00e0 se mobiliser en faveur du Syli - guinee Conakry","robots":{"index":"index","follow":"follow","max-snippet":"max-snippet:-1","max-image-preview":"max-image-preview:large","max-video-preview":"max-video-preview:-1"},"canonical":"https:\/\/www.africa-press.net\/guinee-conakry\/politique\/alpha-conde-appelle-les-guineens-a-se-mobiliser-en-faveur-du-syli","og_locale":"fr_FR","og_type":"article","og_title":"Alpha Cond\u00e9 appelle les guin\u00e9ens \u00e0 se mobiliser en faveur du Syli","og_description":"Africa-Press &#8211; Guin\u00e9e. Le Syli a remporte\u0301 son match du vendredi 19 janvier contre la Gambie au stade Charles Konan Banny de Yamoussoukro sur le score d\u2019un but a\u0300 ze\u0301ro. Une victoire qui ne laisse pas indiffe\u0301rent l\u2019ancien pre\u0301sident de la Re\u0301publique, Alpha Conde\u0301, qui vit loin de la Guine\u0301e. Dans un message, l\u2019ex-chef de [&hellip;]","og_url":"https:\/\/www.africa-press.net\/guinee-conakry\/politique\/alpha-conde-appelle-les-guineens-a-se-mobiliser-en-faveur-du-syli","og_site_name":"guinee Conakry","article_published_time":"2024-01-21T16:04:00+00:00","author":"cfeditorfr","twitter_card":"summary_large_image","twitter_misc":{"\u00c9crit par":"cfeditorfr","Dur\u00e9e de lecture estim\u00e9e":"1 minute"},"schema":{"@context":"https:\/\/schema.org","@graph":[{"@type":"Article","@id":"https:\/\/www.africa-press.net\/guinee-conakry\/politique\/alpha-conde-appelle-les-guineens-a-se-mobiliser-en-faveur-du-syli#article","isPartOf":{"@id":"https:\/\/www.africa-press.net\/guinee-conakry\/politique\/alpha-conde-appelle-les-guineens-a-se-mobiliser-en-faveur-du-syli"},"author":{"name":"cfeditorfr","@id":"https:\/\/www.africa-press.net\/guinee-conakry\/#\/schema\/person\/2b1cf3cd81a31e3cd26889ca66d677f1"},"headline":"Alpha Cond\u00e9 appelle les guin\u00e9ens \u00e0 se mobiliser en faveur du Syli","datePublished":"2024-01-21T16:04:00+00:00","mainEntityOfPage":{"@id":"https:\/\/www.africa-press.net\/guinee-conakry\/politique\/alpha-conde-appelle-les-guineens-a-se-mobiliser-en-faveur-du-syli"},"wordCount":265,"commentCount":0,"image":{"@id":"https:\/\/www.africa-press.net\/guinee-conakry\/politique\/alpha-conde-appelle-les-guineens-a-se-mobiliser-en-faveur-du-syli#primaryimage"},"thumbnailUrl":"https:\/\/static.africa-press.net\/conakry\/sites\/63\/2024\/01\/Jokar1705840439.722486.jpg","keywords":["Africa Press","Africa Press-Guin\u00e9e","Guin\u00e9e"],"articleSection":["Sports","to-homepage","Toutes les actualit\u00e9s"],"inLanguage":"fr-FR","potentialAction":[{"@type":"CommentAction","name":"Comment","target":["https:\/\/www.africa-press.net\/guinee-conakry\/politique\/alpha-conde-appelle-les-guineens-a-se-mobiliser-en-faveur-du-syli#respond"]}]},{"@type":"WebPage","@id":"https:\/\/www.africa-press.net\/guinee-conakry\/politique\/alpha-conde-appelle-les-guineens-a-se-mobiliser-en-faveur-du-syli","url":"https:\/\/www.africa-press.net\/guinee-conakry\/politique\/alpha-conde-appelle-les-guineens-a-se-mobiliser-en-faveur-du-syli","name":"Alpha Cond\u00e9 appelle les guin\u00e9ens \u00e0 se mobiliser en faveur du Syli - guinee Conakry","isPartOf":{"@id":"https:\/\/www.africa-press.net\/guinee-conakry\/#website"},"primaryImageOfPage":{"@id":"https:\/\/www.africa-press.net\/guinee-conakry\/politique\/alpha-conde-appelle-les-guineens-a-se-mobiliser-en-faveur-du-syli#primaryimage"},"image":{"@id":"https:\/\/www.africa-press.net\/guinee-conakry\/politique\/alpha-conde-appelle-les-guineens-a-se-mobiliser-en-faveur-du-syli#primaryimage"},"thumbnailUrl":"https:\/\/static.africa-press.net\/conakry\/sites\/63\/2024\/01\/Jokar1705840439.722486.jpg","datePublished":"2024-01-21T16:04:00+00:00","author":{"@id":"https:\/\/www.africa-press.net\/guinee-conakry\/#\/schema\/person\/2b1cf3cd81a31e3cd26889ca66d677f1"},"breadcrumb":{"@id":"https:\/\/www.africa-press.net\/guinee-conakry\/politique\/alpha-conde-appelle-les-guineens-a-se-mobiliser-en-faveur-du-syli#breadcrumb"},"inLanguage":"fr-FR","potentialAction":[{"@type":"ReadAction","target":["https:\/\/www.africa-press.net\/guinee-conakry\/politique\/alpha-conde-appelle-les-guineens-a-se-mobiliser-en-faveur-du-syli"]}]},{"@type":"ImageObject","inLanguage":"fr-FR","@id":"https:\/\/www.africa-press.net\/guinee-conakry\/politique\/alpha-conde-appelle-les-guineens-a-se-mobiliser-en-faveur-du-syli#primaryimage","url":"https:\/\/static.africa-press.net\/conakry\/sites\/63\/2024\/01\/Jokar1705840439.722486.jpg","contentUrl":"https:\/\/static.africa-press.net\/conakry\/sites\/63\/2024\/01\/Jokar1705840439.722486.jpg","width":640,"height":391,"caption":"Alpha Cond\u00e9 appelle les guin\u00e9ens \u00e0 se mobiliser en faveur du Syli"},{"@type":"BreadcrumbList","@id":"https:\/\/www.africa-press.net\/guinee-conakry\/politique\/alpha-conde-appelle-les-guineens-a-se-mobiliser-en-faveur-du-syli#breadcrumb","itemListElement":[{"@type":"ListItem","position":1,"name":"Accueil","item":"https:\/\/www.africa-press.net\/guinee-conakry\/"},{"@type":"ListItem","position":2,"name":"Alpha Cond\u00e9 appelle les guin\u00e9ens \u00e0 se mobiliser en faveur du Syli"}]},{"@type":"WebSite","@id":"https:\/\/www.africa-press.net\/guinee-conakry\/#website","url":"https:\/\/www.africa-press.net\/guinee-conakry\/","name":"guinee Conakry","description":"Just another Africa News Agency Sites site","potentialAction":[{"@type":"SearchAction","target":{"@type":"EntryPoint","urlTemplate":"https:\/\/www.africa-press.net\/guinee-conakry\/?s={search_term_string}"},"query-input":{"@type":"PropertyValueSpecification","valueRequired":true,"valueName":"search_term_string"}}],"inLanguage":"fr-FR"},{"@type":"Person","@id":"https:\/\/www.africa-press.net\/guinee-conakry\/#\/schema\/person\/2b1cf3cd81a31e3cd26889ca66d677f1","name":"cfeditorfr"}]}},"_links":{"self":[{"href":"https:\/\/www.africa-press.net\/guinee-conakry\/wp-json\/wp\/v2\/posts\/18368","targetHints":{"allow":["GET"]}}],"collection":[{"href":"https:\/\/www.africa-press.net\/guinee-conakry\/wp-json\/wp\/v2\/posts"}],"about":[{"href":"https:\/\/www.africa-press.net\/guinee-conakry\/wp-json\/wp\/v2\/types\/post"}],"author":[{"embeddable":true,"href":"https:\/\/www.africa-press.net\/guinee-conakry\/wp-json\/wp\/v2\/users\/82"}],"replies":[{"embeddable":true,"href":"https:\/\/www.africa-press.net\/guinee-conakry\/wp-json\/wp\/v2\/comments?post=18368"}],"version-history":[{"count":0,"href":"https:\/\/www.africa-press.net\/guinee-conakry\/wp-json\/wp\/v2\/posts\/18368\/revisions"}],"wp:featuredmedia":[{"embeddable":true,"href":"https:\/\/www.africa-press.net\/guinee-conakry\/wp-json\/wp\/v2\/media\/18367"}],"wp:attachment":[{"href":"https:\/\/www.africa-press.net\/guinee-conakry\/wp-json\/wp\/v2\/media?parent=18368"}],"wp:term":[{"taxonomy":"category","embeddable":true,"href":"https:\/\/www.africa-press.net\/guinee-conakry\/wp-json\/wp\/v2\/categories?post=18368"},{"taxonomy":"post_tag","embeddable":true,"href":"https:\/\/www.africa-press.net\/guinee-conakry\/wp-json\/wp\/v2\/tags?post=18368"}],"curies":[{"name":"wp","href":"https:\/\/api.w.org\/{rel}","templated":true}]}}