{"id":18387,"date":"2024-01-23T03:24:00","date_gmt":"2024-01-23T03:24:00","guid":{"rendered":"https:\/\/www.africa-press.net\/guinee-conakry\/politique\/les-ministres-appeles-a-reiterer-leur-serment-devant-le-colonel-mamadi-doumbouya"},"modified":"2024-01-23T03:24:00","modified_gmt":"2024-01-23T03:24:00","slug":"les-ministres-appeles-a-reiterer-leur-serment-devant-le-colonel-mamadi-doumbouya","status":"publish","type":"post","link":"https:\/\/www.africa-press.net\/guinee-conakry\/politique\/les-ministres-appeles-a-reiterer-leur-serment-devant-le-colonel-mamadi-doumbouya","title":{"rendered":"Les ministres appel\u00e9s \u00e0 r\u00e9it\u00e9rer leur serment devant le colonel Mamadi Doumbouya"},"content":{"rendered":"<p><span style=\"color: #ff6600\"><strong>Africa-Press &#8211; Guin\u00e9e. <\/strong><\/span>Dans les prochains, en pre\u0301sence du colonel Mamadi Doumbouya, les ministres devront proce\u0301der au renouvellement de la signature du contrat de performance 2024. L\u2019annonce a e\u0301te\u0301 faite par le chef du gouvernement en marge du traditionnel conseil des ministres qui s\u2019est tenu le vendredi 19 janvier au palais Mohamed V.<\/p>\n<p>Bernard Gomou affirme que cet exercice vise a\u0300 contribuer au renforcement de l\u2019efficacite\u0301 gouvernementale mais aussi de la de\u0301termination collective des ministres a\u0300 produire des re\u0301sultats dans la transparence.<\/p>\n<p>Le locataire du palais de la colombe rappelle que dans sa lettre de mission, il est pre\u0301vu un certain nombre d\u2019objectifs dont l\u2019ame\u0301lioration de l\u2019efficacite\u0301 de l\u2019administration publique.<\/p>\n<p>Pour s\u2019assurer de l\u2019atteinte des objectifs, il souligne que le gouvernement a adopte\u0301 le principe de la gestion axe\u0301e sur les re\u0301sultats. Un principe qui implique une e\u0301valuation constante des actions.<\/p>\n<p>Lors de la signature du contrat de performance 2024, selon le Premier ministre, il sera question de \u201cre\u0301ite\u0301rer le serment pris par chaque membre du gouvernement avant la prise de fonction et le renouvellement de l\u2019engagement de chacun devant le pre\u0301sident de la Re\u0301publique et le peuple de Guine\u0301e\u201d.<\/p>\n<p>Pathe\u0301 BAH<\/p>\n<p><strong>Pour plus d&rsquo;informations et d&rsquo;analyses sur la <a href=\"https:\/\/www.africa-press.net\/guinee-conakry\">Guin\u00e9e<\/a>, suivez <a href=\"https:\/\/www.africa-press.net\/\">Africa-Press<\/a><\/strong><\/p>\n","protected":false},"excerpt":{"rendered":"<p>Africa-Press &#8211; Guin\u00e9e. Dans les prochains, en pre\u0301sence du colonel Mamadi Doumbouya, les ministres devront proce\u0301der au renouvellement de la signature du contrat de performance 2024. L\u2019annonce a e\u0301te\u0301 faite par le chef du gouvernement en marge du traditionnel conseil des ministres qui s\u2019est tenu le vendredi 19 janvier au palais Mohamed V. Bernard Gomou [&hellip;]<\/p>\n","protected":false},"author":82,"featured_media":18386,"comment_status":"open","ping_status":"closed","sticky":false,"template":"","format":"standard","meta":{"footnotes":""},"categories":[2,10],"tags":[36,57,58],"class_list":["post-18387","post","type-post","status-publish","format-standard","has-post-thumbnail","hentry","category-politique","category-toutes-les-actualites","tag-africa-press","tag-africa-press-guinee","tag-guinee"],"yoast_head":"<!-- This site is optimized with the Yoast SEO Premium plugin v26.1 (Yoast SEO v27.0) - https:\/\/yoast.com\/product\/yoast-seo-premium-wordpress\/ -->\n<title>Les ministres appel\u00e9s \u00e0 r\u00e9it\u00e9rer leur serment devant le colonel Mamadi Doumbouya - guinee Conakry<\/title>\n<meta name=\"robots\" content=\"index, follow, max-snippet:-1, max-image-preview:large, max-video-preview:-1\" \/>\n<link rel=\"canonical\" href=\"https:\/\/www.africa-press.net\/guinee-conakry\/politique\/les-ministres-appeles-a-reiterer-leur-serment-devant-le-colonel-mamadi-doumbouya\" \/>\n<meta property=\"og:locale\" content=\"fr_FR\" \/>\n<meta property=\"og:type\" content=\"article\" \/>\n<meta property=\"og:title\" content=\"Les ministres appel\u00e9s \u00e0 r\u00e9it\u00e9rer leur serment devant le colonel Mamadi Doumbouya\" \/>\n<meta property=\"og:description\" content=\"Africa-Press &#8211; Guin\u00e9e. Dans les prochains, en pre\u0301sence du colonel Mamadi Doumbouya, les ministres devront proce\u0301der au renouvellement de la signature du contrat de performance 2024. L\u2019annonce a e\u0301te\u0301 faite par le chef du gouvernement en marge du traditionnel conseil des ministres qui s\u2019est tenu le vendredi 19 janvier au palais Mohamed V. Bernard Gomou [&hellip;]\" \/>\n<meta property=\"og:url\" content=\"https:\/\/www.africa-press.net\/guinee-conakry\/politique\/les-ministres-appeles-a-reiterer-leur-serment-devant-le-colonel-mamadi-doumbouya\" \/>\n<meta property=\"og:site_name\" content=\"guinee Conakry\" \/>\n<meta property=\"article:published_time\" content=\"2024-01-23T03:24:00+00:00\" \/>\n<meta name=\"author\" content=\"cfeditorfr\" \/>\n<meta name=\"twitter:card\" content=\"summary_large_image\" \/>\n<meta name=\"twitter:label1\" content=\"\u00c9crit par\" \/>\n\t<meta name=\"twitter:data1\" content=\"cfeditorfr\" \/>\n\t<meta name=\"twitter:label2\" content=\"Dur\u00e9e de lecture estim\u00e9e\" \/>\n\t<meta name=\"twitter:data2\" content=\"1 minute\" \/>\n<script type=\"application\/ld+json\" class=\"yoast-schema-graph\">{\"@context\":\"https:\/\/schema.org\",\"@graph\":[{\"@type\":\"Article\",\"@id\":\"https:\/\/www.africa-press.net\/guinee-conakry\/politique\/les-ministres-appeles-a-reiterer-leur-serment-devant-le-colonel-mamadi-doumbouya#article\",\"isPartOf\":{\"@id\":\"https:\/\/www.africa-press.net\/guinee-conakry\/politique\/les-ministres-appeles-a-reiterer-leur-serment-devant-le-colonel-mamadi-doumbouya\"},\"author\":{\"name\":\"cfeditorfr\",\"@id\":\"https:\/\/www.africa-press.net\/guinee-conakry\/#\/schema\/person\/2b1cf3cd81a31e3cd26889ca66d677f1\"},\"headline\":\"Les ministres appel\u00e9s \u00e0 r\u00e9it\u00e9rer leur serment devant le colonel Mamadi Doumbouya\",\"datePublished\":\"2024-01-23T03:24:00+00:00\",\"mainEntityOfPage\":{\"@id\":\"https:\/\/www.africa-press.net\/guinee-conakry\/politique\/les-ministres-appeles-a-reiterer-leur-serment-devant-le-colonel-mamadi-doumbouya\"},\"wordCount\":242,\"commentCount\":0,\"image\":{\"@id\":\"https:\/\/www.africa-press.net\/guinee-conakry\/politique\/les-ministres-appeles-a-reiterer-leur-serment-devant-le-colonel-mamadi-doumbouya#primaryimage\"},\"thumbnailUrl\":\"https:\/\/static.africa-press.net\/conakry\/sites\/63\/2024\/01\/Jokar1705967669.833653.jpg\",\"keywords\":[\"Africa Press\",\"Africa Press-Guin\u00e9e\",\"Guin\u00e9e\"],\"articleSection\":[\"Politique\",\"Toutes les actualit\u00e9s\"],\"inLanguage\":\"fr-FR\",\"potentialAction\":[{\"@type\":\"CommentAction\",\"name\":\"Comment\",\"target\":[\"https:\/\/www.africa-press.net\/guinee-conakry\/politique\/les-ministres-appeles-a-reiterer-leur-serment-devant-le-colonel-mamadi-doumbouya#respond\"]}]},{\"@type\":\"WebPage\",\"@id\":\"https:\/\/www.africa-press.net\/guinee-conakry\/politique\/les-ministres-appeles-a-reiterer-leur-serment-devant-le-colonel-mamadi-doumbouya\",\"url\":\"https:\/\/www.africa-press.net\/guinee-conakry\/politique\/les-ministres-appeles-a-reiterer-leur-serment-devant-le-colonel-mamadi-doumbouya\",\"name\":\"Les ministres appel\u00e9s \u00e0 r\u00e9it\u00e9rer leur serment devant le colonel Mamadi Doumbouya - guinee Conakry\",\"isPartOf\":{\"@id\":\"https:\/\/www.africa-press.net\/guinee-conakry\/#website\"},\"primaryImageOfPage\":{\"@id\":\"https:\/\/www.africa-press.net\/guinee-conakry\/politique\/les-ministres-appeles-a-reiterer-leur-serment-devant-le-colonel-mamadi-doumbouya#primaryimage\"},\"image\":{\"@id\":\"https:\/\/www.africa-press.net\/guinee-conakry\/politique\/les-ministres-appeles-a-reiterer-leur-serment-devant-le-colonel-mamadi-doumbouya#primaryimage\"},\"thumbnailUrl\":\"https:\/\/static.africa-press.net\/conakry\/sites\/63\/2024\/01\/Jokar1705967669.833653.jpg\",\"datePublished\":\"2024-01-23T03:24:00+00:00\",\"author\":{\"@id\":\"https:\/\/www.africa-press.net\/guinee-conakry\/#\/schema\/person\/2b1cf3cd81a31e3cd26889ca66d677f1\"},\"breadcrumb\":{\"@id\":\"https:\/\/www.africa-press.net\/guinee-conakry\/politique\/les-ministres-appeles-a-reiterer-leur-serment-devant-le-colonel-mamadi-doumbouya#breadcrumb\"},\"inLanguage\":\"fr-FR\",\"potentialAction\":[{\"@type\":\"ReadAction\",\"target\":[\"https:\/\/www.africa-press.net\/guinee-conakry\/politique\/les-ministres-appeles-a-reiterer-leur-serment-devant-le-colonel-mamadi-doumbouya\"]}]},{\"@type\":\"ImageObject\",\"inLanguage\":\"fr-FR\",\"@id\":\"https:\/\/www.africa-press.net\/guinee-conakry\/politique\/les-ministres-appeles-a-reiterer-leur-serment-devant-le-colonel-mamadi-doumbouya#primaryimage\",\"url\":\"https:\/\/static.africa-press.net\/conakry\/sites\/63\/2024\/01\/Jokar1705967669.833653.jpg\",\"contentUrl\":\"https:\/\/static.africa-press.net\/conakry\/sites\/63\/2024\/01\/Jokar1705967669.833653.jpg\",\"width\":1024,\"height\":576,\"caption\":\"Les ministres appel\u00e9s \u00e0 r\u00e9it\u00e9rer leur serment devant le colonel Mamadi Doumbouya\"},{\"@type\":\"BreadcrumbList\",\"@id\":\"https:\/\/www.africa-press.net\/guinee-conakry\/politique\/les-ministres-appeles-a-reiterer-leur-serment-devant-le-colonel-mamadi-doumbouya#breadcrumb\",\"itemListElement\":[{\"@type\":\"ListItem\",\"position\":1,\"name\":\"Accueil\",\"item\":\"https:\/\/www.africa-press.net\/guinee-conakry\/\"},{\"@type\":\"ListItem\",\"position\":2,\"name\":\"Les ministres appel\u00e9s \u00e0 r\u00e9it\u00e9rer leur serment devant le colonel Mamadi Doumbouya\"}]},{\"@type\":\"WebSite\",\"@id\":\"https:\/\/www.africa-press.net\/guinee-conakry\/#website\",\"url\":\"https:\/\/www.africa-press.net\/guinee-conakry\/\",\"name\":\"guinee Conakry\",\"description\":\"Just another Africa News Agency Sites site\",\"potentialAction\":[{\"@type\":\"SearchAction\",\"target\":{\"@type\":\"EntryPoint\",\"urlTemplate\":\"https:\/\/www.africa-press.net\/guinee-conakry\/?s={search_term_string}\"},\"query-input\":{\"@type\":\"PropertyValueSpecification\",\"valueRequired\":true,\"valueName\":\"search_term_string\"}}],\"inLanguage\":\"fr-FR\"},{\"@type\":\"Person\",\"@id\":\"https:\/\/www.africa-press.net\/guinee-conakry\/#\/schema\/person\/2b1cf3cd81a31e3cd26889ca66d677f1\",\"name\":\"cfeditorfr\"}]}<\/script>\n<!-- \/ Yoast SEO Premium plugin. -->","yoast_head_json":{"title":"Les ministres appel\u00e9s \u00e0 r\u00e9it\u00e9rer leur serment devant le colonel Mamadi Doumbouya - guinee Conakry","robots":{"index":"index","follow":"follow","max-snippet":"max-snippet:-1","max-image-preview":"max-image-preview:large","max-video-preview":"max-video-preview:-1"},"canonical":"https:\/\/www.africa-press.net\/guinee-conakry\/politique\/les-ministres-appeles-a-reiterer-leur-serment-devant-le-colonel-mamadi-doumbouya","og_locale":"fr_FR","og_type":"article","og_title":"Les ministres appel\u00e9s \u00e0 r\u00e9it\u00e9rer leur serment devant le colonel Mamadi Doumbouya","og_description":"Africa-Press &#8211; Guin\u00e9e. Dans les prochains, en pre\u0301sence du colonel Mamadi Doumbouya, les ministres devront proce\u0301der au renouvellement de la signature du contrat de performance 2024. L\u2019annonce a e\u0301te\u0301 faite par le chef du gouvernement en marge du traditionnel conseil des ministres qui s\u2019est tenu le vendredi 19 janvier au palais Mohamed V. Bernard Gomou [&hellip;]","og_url":"https:\/\/www.africa-press.net\/guinee-conakry\/politique\/les-ministres-appeles-a-reiterer-leur-serment-devant-le-colonel-mamadi-doumbouya","og_site_name":"guinee Conakry","article_published_time":"2024-01-23T03:24:00+00:00","author":"cfeditorfr","twitter_card":"summary_large_image","twitter_misc":{"\u00c9crit par":"cfeditorfr","Dur\u00e9e de lecture estim\u00e9e":"1 minute"},"schema":{"@context":"https:\/\/schema.org","@graph":[{"@type":"Article","@id":"https:\/\/www.africa-press.net\/guinee-conakry\/politique\/les-ministres-appeles-a-reiterer-leur-serment-devant-le-colonel-mamadi-doumbouya#article","isPartOf":{"@id":"https:\/\/www.africa-press.net\/guinee-conakry\/politique\/les-ministres-appeles-a-reiterer-leur-serment-devant-le-colonel-mamadi-doumbouya"},"author":{"name":"cfeditorfr","@id":"https:\/\/www.africa-press.net\/guinee-conakry\/#\/schema\/person\/2b1cf3cd81a31e3cd26889ca66d677f1"},"headline":"Les ministres appel\u00e9s \u00e0 r\u00e9it\u00e9rer leur serment devant le colonel Mamadi Doumbouya","datePublished":"2024-01-23T03:24:00+00:00","mainEntityOfPage":{"@id":"https:\/\/www.africa-press.net\/guinee-conakry\/politique\/les-ministres-appeles-a-reiterer-leur-serment-devant-le-colonel-mamadi-doumbouya"},"wordCount":242,"commentCount":0,"image":{"@id":"https:\/\/www.africa-press.net\/guinee-conakry\/politique\/les-ministres-appeles-a-reiterer-leur-serment-devant-le-colonel-mamadi-doumbouya#primaryimage"},"thumbnailUrl":"https:\/\/static.africa-press.net\/conakry\/sites\/63\/2024\/01\/Jokar1705967669.833653.jpg","keywords":["Africa Press","Africa Press-Guin\u00e9e","Guin\u00e9e"],"articleSection":["Politique","Toutes les actualit\u00e9s"],"inLanguage":"fr-FR","potentialAction":[{"@type":"CommentAction","name":"Comment","target":["https:\/\/www.africa-press.net\/guinee-conakry\/politique\/les-ministres-appeles-a-reiterer-leur-serment-devant-le-colonel-mamadi-doumbouya#respond"]}]},{"@type":"WebPage","@id":"https:\/\/www.africa-press.net\/guinee-conakry\/politique\/les-ministres-appeles-a-reiterer-leur-serment-devant-le-colonel-mamadi-doumbouya","url":"https:\/\/www.africa-press.net\/guinee-conakry\/politique\/les-ministres-appeles-a-reiterer-leur-serment-devant-le-colonel-mamadi-doumbouya","name":"Les ministres appel\u00e9s \u00e0 r\u00e9it\u00e9rer leur serment devant le colonel Mamadi Doumbouya - guinee Conakry","isPartOf":{"@id":"https:\/\/www.africa-press.net\/guinee-conakry\/#website"},"primaryImageOfPage":{"@id":"https:\/\/www.africa-press.net\/guinee-conakry\/politique\/les-ministres-appeles-a-reiterer-leur-serment-devant-le-colonel-mamadi-doumbouya#primaryimage"},"image":{"@id":"https:\/\/www.africa-press.net\/guinee-conakry\/politique\/les-ministres-appeles-a-reiterer-leur-serment-devant-le-colonel-mamadi-doumbouya#primaryimage"},"thumbnailUrl":"https:\/\/static.africa-press.net\/conakry\/sites\/63\/2024\/01\/Jokar1705967669.833653.jpg","datePublished":"2024-01-23T03:24:00+00:00","author":{"@id":"https:\/\/www.africa-press.net\/guinee-conakry\/#\/schema\/person\/2b1cf3cd81a31e3cd26889ca66d677f1"},"breadcrumb":{"@id":"https:\/\/www.africa-press.net\/guinee-conakry\/politique\/les-ministres-appeles-a-reiterer-leur-serment-devant-le-colonel-mamadi-doumbouya#breadcrumb"},"inLanguage":"fr-FR","potentialAction":[{"@type":"ReadAction","target":["https:\/\/www.africa-press.net\/guinee-conakry\/politique\/les-ministres-appeles-a-reiterer-leur-serment-devant-le-colonel-mamadi-doumbouya"]}]},{"@type":"ImageObject","inLanguage":"fr-FR","@id":"https:\/\/www.africa-press.net\/guinee-conakry\/politique\/les-ministres-appeles-a-reiterer-leur-serment-devant-le-colonel-mamadi-doumbouya#primaryimage","url":"https:\/\/static.africa-press.net\/conakry\/sites\/63\/2024\/01\/Jokar1705967669.833653.jpg","contentUrl":"https:\/\/static.africa-press.net\/conakry\/sites\/63\/2024\/01\/Jokar1705967669.833653.jpg","width":1024,"height":576,"caption":"Les ministres appel\u00e9s \u00e0 r\u00e9it\u00e9rer leur serment devant le colonel Mamadi Doumbouya"},{"@type":"BreadcrumbList","@id":"https:\/\/www.africa-press.net\/guinee-conakry\/politique\/les-ministres-appeles-a-reiterer-leur-serment-devant-le-colonel-mamadi-doumbouya#breadcrumb","itemListElement":[{"@type":"ListItem","position":1,"name":"Accueil","item":"https:\/\/www.africa-press.net\/guinee-conakry\/"},{"@type":"ListItem","position":2,"name":"Les ministres appel\u00e9s \u00e0 r\u00e9it\u00e9rer leur serment devant le colonel Mamadi Doumbouya"}]},{"@type":"WebSite","@id":"https:\/\/www.africa-press.net\/guinee-conakry\/#website","url":"https:\/\/www.africa-press.net\/guinee-conakry\/","name":"guinee Conakry","description":"Just another Africa News Agency Sites site","potentialAction":[{"@type":"SearchAction","target":{"@type":"EntryPoint","urlTemplate":"https:\/\/www.africa-press.net\/guinee-conakry\/?s={search_term_string}"},"query-input":{"@type":"PropertyValueSpecification","valueRequired":true,"valueName":"search_term_string"}}],"inLanguage":"fr-FR"},{"@type":"Person","@id":"https:\/\/www.africa-press.net\/guinee-conakry\/#\/schema\/person\/2b1cf3cd81a31e3cd26889ca66d677f1","name":"cfeditorfr"}]}},"_links":{"self":[{"href":"https:\/\/www.africa-press.net\/guinee-conakry\/wp-json\/wp\/v2\/posts\/18387","targetHints":{"allow":["GET"]}}],"collection":[{"href":"https:\/\/www.africa-press.net\/guinee-conakry\/wp-json\/wp\/v2\/posts"}],"about":[{"href":"https:\/\/www.africa-press.net\/guinee-conakry\/wp-json\/wp\/v2\/types\/post"}],"author":[{"embeddable":true,"href":"https:\/\/www.africa-press.net\/guinee-conakry\/wp-json\/wp\/v2\/users\/82"}],"replies":[{"embeddable":true,"href":"https:\/\/www.africa-press.net\/guinee-conakry\/wp-json\/wp\/v2\/comments?post=18387"}],"version-history":[{"count":0,"href":"https:\/\/www.africa-press.net\/guinee-conakry\/wp-json\/wp\/v2\/posts\/18387\/revisions"}],"wp:featuredmedia":[{"embeddable":true,"href":"https:\/\/www.africa-press.net\/guinee-conakry\/wp-json\/wp\/v2\/media\/18386"}],"wp:attachment":[{"href":"https:\/\/www.africa-press.net\/guinee-conakry\/wp-json\/wp\/v2\/media?parent=18387"}],"wp:term":[{"taxonomy":"category","embeddable":true,"href":"https:\/\/www.africa-press.net\/guinee-conakry\/wp-json\/wp\/v2\/categories?post=18387"},{"taxonomy":"post_tag","embeddable":true,"href":"https:\/\/www.africa-press.net\/guinee-conakry\/wp-json\/wp\/v2\/tags?post=18387"}],"curies":[{"name":"wp","href":"https:\/\/api.w.org\/{rel}","templated":true}]}}