{"id":18393,"date":"2024-01-23T19:32:00","date_gmt":"2024-01-23T19:32:00","guid":{"rendered":"https:\/\/www.africa-press.net\/guinee-conakry\/politique\/cote-divoire-le-president-du-cnt-dansa-kourouma-participe-a-louverture-de-la-premiere-session-ordinaire-de-lannee-2024"},"modified":"2024-01-23T19:32:00","modified_gmt":"2024-01-23T19:32:00","slug":"cote-divoire-le-president-du-cnt-dansa-kourouma-participe-a-louverture-de-la-premiere-session-ordinaire-de-lannee-2024","status":"publish","type":"post","link":"https:\/\/www.africa-press.net\/guinee-conakry\/politique\/cote-divoire-le-president-du-cnt-dansa-kourouma-participe-a-louverture-de-la-premiere-session-ordinaire-de-lannee-2024","title":{"rendered":"C\u00f4te d\u2019Ivoire\u00a0: le pr\u00e9sident du CNT, Dansa Kourouma, participe \u00e0 l\u2019ouverture de la premi\u00e8re session ordinaire de l\u2019ann\u00e9e 2024"},"content":{"rendered":"<p><span style=\"color: #ff6600\"><strong>Africa-Press &#8211; Guin\u00e9e. <\/strong><\/span><b>Sur invitation du pre\u0301sident de l\u2019Assemble\u0301e nationale ivoirienne, j\u2019ai eu le privile\u0300ge d\u2019assister a\u0300 la ce\u0301re\u0301monie solennelle marquant l\u2019ouverture de la premie\u0300re session ordinaire de l\u2019anne\u0301e 2024 a\u0300 Abidjan.<\/b><\/p>\n<p>Cette occasion a permis au Pe\u0301sident de l\u2019institution de pre\u0301senter les orientations de cette session. Mon e\u0301minent homologue n\u2019a me\u0301nage\u0301 aucun effort pour rappeler en premier lieu les de\u0301fis socio-e\u0301conomiques auxquels son pays est confronte\u0301.<\/p>\n<p>Conscient des enjeux qui l\u2019attendent, le Pre\u0301sident de l\u2019Assemble\u0301e nationale ivoirienne, d\u2019un ton rassurant, a e\u0301galement annonce\u0301 que quinze projets de loi sont de\u0301ja\u0300 soumis a\u0300 l\u2019examen du bureau de l\u2019Institution. Ils abordent diverses proble\u0301matiques socie\u0301tales telles que le foncier urbain, la protection sociale, le code de de\u0301ontologie du personnel me\u0301dical, l\u2019extradition, l\u2019environnement et la gestion de la dette.<\/p>\n<p>Je suis persuade\u0301 qu\u2019avec l\u2019implication de tous les parlementaires, ces de\u0301fis seront surmonte\u0301s au be\u0301ne\u0301fice de l\u2019ensemble du peuple ivoirien.<\/p>\n<p>Je souhaite a\u0300 tous les parlementaires une excellente rentre\u0301e parlementaire pour l\u2019anne\u0301e 2024.<\/p>\n<p><b>Dr Dansa Kourouma<\/b><\/p>\n<p>Pre\u0301sident du Conseil national de la transition (CNT)<\/p>\n<p><strong>Pour plus d&rsquo;informations et d&rsquo;analyses sur la <a href=\"https:\/\/www.africa-press.net\/guinee-conakry\">Guin\u00e9e<\/a>, suivez <a href=\"https:\/\/www.africa-press.net\/\">Africa-Press<\/a><\/strong><\/p>\n","protected":false},"excerpt":{"rendered":"<p>Africa-Press &#8211; Guin\u00e9e. Sur invitation du pre\u0301sident de l\u2019Assemble\u0301e nationale ivoirienne, j\u2019ai eu le privile\u0300ge d\u2019assister a\u0300 la ce\u0301re\u0301monie solennelle marquant l\u2019ouverture de la premie\u0300re session ordinaire de l\u2019anne\u0301e 2024 a\u0300 Abidjan. Cette occasion a permis au Pe\u0301sident de l\u2019institution de pre\u0301senter les orientations de cette session. Mon e\u0301minent homologue n\u2019a me\u0301nage\u0301 aucun effort pour [&hellip;]<\/p>\n","protected":false},"author":82,"featured_media":18392,"comment_status":"open","ping_status":"closed","sticky":false,"template":"","format":"standard","meta":{"footnotes":""},"categories":[2,56,10],"tags":[36,57,58],"class_list":["post-18393","post","type-post","status-publish","format-standard","has-post-thumbnail","hentry","category-politique","category-to-homepage","category-toutes-les-actualites","tag-africa-press","tag-africa-press-guinee","tag-guinee"],"yoast_head":"<!-- This site is optimized with the Yoast SEO Premium plugin v26.1 (Yoast SEO v27.0) - https:\/\/yoast.com\/product\/yoast-seo-premium-wordpress\/ -->\n<title>C\u00f4te d\u2019Ivoire\u00a0: le pr\u00e9sident du CNT, Dansa Kourouma, participe \u00e0 l\u2019ouverture de la premi\u00e8re session ordinaire de l\u2019ann\u00e9e 2024 - guinee Conakry<\/title>\n<meta name=\"robots\" content=\"index, follow, max-snippet:-1, max-image-preview:large, max-video-preview:-1\" \/>\n<link rel=\"canonical\" href=\"https:\/\/www.africa-press.net\/guinee-conakry\/politique\/cote-divoire-le-president-du-cnt-dansa-kourouma-participe-a-louverture-de-la-premiere-session-ordinaire-de-lannee-2024\" \/>\n<meta property=\"og:locale\" content=\"fr_FR\" \/>\n<meta property=\"og:type\" content=\"article\" \/>\n<meta property=\"og:title\" content=\"C\u00f4te d\u2019Ivoire\u00a0: le pr\u00e9sident du CNT, Dansa Kourouma, participe \u00e0 l\u2019ouverture de la premi\u00e8re session ordinaire de l\u2019ann\u00e9e 2024\" \/>\n<meta property=\"og:description\" content=\"Africa-Press &#8211; Guin\u00e9e. Sur invitation du pre\u0301sident de l\u2019Assemble\u0301e nationale ivoirienne, j\u2019ai eu le privile\u0300ge d\u2019assister a\u0300 la ce\u0301re\u0301monie solennelle marquant l\u2019ouverture de la premie\u0300re session ordinaire de l\u2019anne\u0301e 2024 a\u0300 Abidjan. Cette occasion a permis au Pe\u0301sident de l\u2019institution de pre\u0301senter les orientations de cette session. Mon e\u0301minent homologue n\u2019a me\u0301nage\u0301 aucun effort pour [&hellip;]\" \/>\n<meta property=\"og:url\" content=\"https:\/\/www.africa-press.net\/guinee-conakry\/politique\/cote-divoire-le-president-du-cnt-dansa-kourouma-participe-a-louverture-de-la-premiere-session-ordinaire-de-lannee-2024\" \/>\n<meta property=\"og:site_name\" content=\"guinee Conakry\" \/>\n<meta property=\"article:published_time\" content=\"2024-01-23T19:32:00+00:00\" \/>\n<meta name=\"author\" content=\"cfeditorfr\" \/>\n<meta name=\"twitter:card\" content=\"summary_large_image\" \/>\n<meta name=\"twitter:label1\" content=\"\u00c9crit par\" \/>\n\t<meta name=\"twitter:data1\" content=\"cfeditorfr\" \/>\n\t<meta name=\"twitter:label2\" content=\"Dur\u00e9e de lecture estim\u00e9e\" \/>\n\t<meta name=\"twitter:data2\" content=\"1 minute\" \/>\n<script type=\"application\/ld+json\" class=\"yoast-schema-graph\">{\"@context\":\"https:\/\/schema.org\",\"@graph\":[{\"@type\":\"Article\",\"@id\":\"https:\/\/www.africa-press.net\/guinee-conakry\/politique\/cote-divoire-le-president-du-cnt-dansa-kourouma-participe-a-louverture-de-la-premiere-session-ordinaire-de-lannee-2024#article\",\"isPartOf\":{\"@id\":\"https:\/\/www.africa-press.net\/guinee-conakry\/politique\/cote-divoire-le-president-du-cnt-dansa-kourouma-participe-a-louverture-de-la-premiere-session-ordinaire-de-lannee-2024\"},\"author\":{\"name\":\"cfeditorfr\",\"@id\":\"https:\/\/www.africa-press.net\/guinee-conakry\/#\/schema\/person\/2b1cf3cd81a31e3cd26889ca66d677f1\"},\"headline\":\"C\u00f4te d\u2019Ivoire\u00a0: le pr\u00e9sident du CNT, Dansa Kourouma, participe \u00e0 l\u2019ouverture de la premi\u00e8re session ordinaire de l\u2019ann\u00e9e 2024\",\"datePublished\":\"2024-01-23T19:32:00+00:00\",\"mainEntityOfPage\":{\"@id\":\"https:\/\/www.africa-press.net\/guinee-conakry\/politique\/cote-divoire-le-president-du-cnt-dansa-kourouma-participe-a-louverture-de-la-premiere-session-ordinaire-de-lannee-2024\"},\"wordCount\":252,\"commentCount\":0,\"image\":{\"@id\":\"https:\/\/www.africa-press.net\/guinee-conakry\/politique\/cote-divoire-le-president-du-cnt-dansa-kourouma-participe-a-louverture-de-la-premiere-session-ordinaire-de-lannee-2024#primaryimage\"},\"thumbnailUrl\":\"https:\/\/static.africa-press.net\/conakry\/sites\/63\/2024\/01\/Jokar1706025771.829845.jpg\",\"keywords\":[\"Africa Press\",\"Africa Press-Guin\u00e9e\",\"Guin\u00e9e\"],\"articleSection\":[\"Politique\",\"to-homepage\",\"Toutes les actualit\u00e9s\"],\"inLanguage\":\"fr-FR\",\"potentialAction\":[{\"@type\":\"CommentAction\",\"name\":\"Comment\",\"target\":[\"https:\/\/www.africa-press.net\/guinee-conakry\/politique\/cote-divoire-le-president-du-cnt-dansa-kourouma-participe-a-louverture-de-la-premiere-session-ordinaire-de-lannee-2024#respond\"]}]},{\"@type\":\"WebPage\",\"@id\":\"https:\/\/www.africa-press.net\/guinee-conakry\/politique\/cote-divoire-le-president-du-cnt-dansa-kourouma-participe-a-louverture-de-la-premiere-session-ordinaire-de-lannee-2024\",\"url\":\"https:\/\/www.africa-press.net\/guinee-conakry\/politique\/cote-divoire-le-president-du-cnt-dansa-kourouma-participe-a-louverture-de-la-premiere-session-ordinaire-de-lannee-2024\",\"name\":\"C\u00f4te d\u2019Ivoire\u00a0: le pr\u00e9sident du CNT, Dansa Kourouma, participe \u00e0 l\u2019ouverture de la premi\u00e8re session ordinaire de l\u2019ann\u00e9e 2024 - guinee Conakry\",\"isPartOf\":{\"@id\":\"https:\/\/www.africa-press.net\/guinee-conakry\/#website\"},\"primaryImageOfPage\":{\"@id\":\"https:\/\/www.africa-press.net\/guinee-conakry\/politique\/cote-divoire-le-president-du-cnt-dansa-kourouma-participe-a-louverture-de-la-premiere-session-ordinaire-de-lannee-2024#primaryimage\"},\"image\":{\"@id\":\"https:\/\/www.africa-press.net\/guinee-conakry\/politique\/cote-divoire-le-president-du-cnt-dansa-kourouma-participe-a-louverture-de-la-premiere-session-ordinaire-de-lannee-2024#primaryimage\"},\"thumbnailUrl\":\"https:\/\/static.africa-press.net\/conakry\/sites\/63\/2024\/01\/Jokar1706025771.829845.jpg\",\"datePublished\":\"2024-01-23T19:32:00+00:00\",\"author\":{\"@id\":\"https:\/\/www.africa-press.net\/guinee-conakry\/#\/schema\/person\/2b1cf3cd81a31e3cd26889ca66d677f1\"},\"breadcrumb\":{\"@id\":\"https:\/\/www.africa-press.net\/guinee-conakry\/politique\/cote-divoire-le-president-du-cnt-dansa-kourouma-participe-a-louverture-de-la-premiere-session-ordinaire-de-lannee-2024#breadcrumb\"},\"inLanguage\":\"fr-FR\",\"potentialAction\":[{\"@type\":\"ReadAction\",\"target\":[\"https:\/\/www.africa-press.net\/guinee-conakry\/politique\/cote-divoire-le-president-du-cnt-dansa-kourouma-participe-a-louverture-de-la-premiere-session-ordinaire-de-lannee-2024\"]}]},{\"@type\":\"ImageObject\",\"inLanguage\":\"fr-FR\",\"@id\":\"https:\/\/www.africa-press.net\/guinee-conakry\/politique\/cote-divoire-le-president-du-cnt-dansa-kourouma-participe-a-louverture-de-la-premiere-session-ordinaire-de-lannee-2024#primaryimage\",\"url\":\"https:\/\/static.africa-press.net\/conakry\/sites\/63\/2024\/01\/Jokar1706025771.829845.jpg\",\"contentUrl\":\"https:\/\/static.africa-press.net\/conakry\/sites\/63\/2024\/01\/Jokar1706025771.829845.jpg\",\"width\":1024,\"height\":683,\"caption\":\"C\u00f4te d\u2019Ivoire\u00a0: le pr\u00e9sident du CNT, Dansa Kourouma, participe \u00e0 l\u2019ouverture de la premi\u00e8re session ordinaire de l\u2019ann\u00e9e 2024\"},{\"@type\":\"BreadcrumbList\",\"@id\":\"https:\/\/www.africa-press.net\/guinee-conakry\/politique\/cote-divoire-le-president-du-cnt-dansa-kourouma-participe-a-louverture-de-la-premiere-session-ordinaire-de-lannee-2024#breadcrumb\",\"itemListElement\":[{\"@type\":\"ListItem\",\"position\":1,\"name\":\"Accueil\",\"item\":\"https:\/\/www.africa-press.net\/guinee-conakry\/\"},{\"@type\":\"ListItem\",\"position\":2,\"name\":\"C\u00f4te d\u2019Ivoire\u00a0: le pr\u00e9sident du CNT, Dansa Kourouma, participe \u00e0 l\u2019ouverture de la premi\u00e8re session ordinaire de l\u2019ann\u00e9e 2024\"}]},{\"@type\":\"WebSite\",\"@id\":\"https:\/\/www.africa-press.net\/guinee-conakry\/#website\",\"url\":\"https:\/\/www.africa-press.net\/guinee-conakry\/\",\"name\":\"guinee Conakry\",\"description\":\"Just another Africa News Agency Sites site\",\"potentialAction\":[{\"@type\":\"SearchAction\",\"target\":{\"@type\":\"EntryPoint\",\"urlTemplate\":\"https:\/\/www.africa-press.net\/guinee-conakry\/?s={search_term_string}\"},\"query-input\":{\"@type\":\"PropertyValueSpecification\",\"valueRequired\":true,\"valueName\":\"search_term_string\"}}],\"inLanguage\":\"fr-FR\"},{\"@type\":\"Person\",\"@id\":\"https:\/\/www.africa-press.net\/guinee-conakry\/#\/schema\/person\/2b1cf3cd81a31e3cd26889ca66d677f1\",\"name\":\"cfeditorfr\"}]}<\/script>\n<!-- \/ Yoast SEO Premium plugin. -->","yoast_head_json":{"title":"C\u00f4te d\u2019Ivoire\u00a0: le pr\u00e9sident du CNT, Dansa Kourouma, participe \u00e0 l\u2019ouverture de la premi\u00e8re session ordinaire de l\u2019ann\u00e9e 2024 - guinee Conakry","robots":{"index":"index","follow":"follow","max-snippet":"max-snippet:-1","max-image-preview":"max-image-preview:large","max-video-preview":"max-video-preview:-1"},"canonical":"https:\/\/www.africa-press.net\/guinee-conakry\/politique\/cote-divoire-le-president-du-cnt-dansa-kourouma-participe-a-louverture-de-la-premiere-session-ordinaire-de-lannee-2024","og_locale":"fr_FR","og_type":"article","og_title":"C\u00f4te d\u2019Ivoire\u00a0: le pr\u00e9sident du CNT, Dansa Kourouma, participe \u00e0 l\u2019ouverture de la premi\u00e8re session ordinaire de l\u2019ann\u00e9e 2024","og_description":"Africa-Press &#8211; Guin\u00e9e. Sur invitation du pre\u0301sident de l\u2019Assemble\u0301e nationale ivoirienne, j\u2019ai eu le privile\u0300ge d\u2019assister a\u0300 la ce\u0301re\u0301monie solennelle marquant l\u2019ouverture de la premie\u0300re session ordinaire de l\u2019anne\u0301e 2024 a\u0300 Abidjan. Cette occasion a permis au Pe\u0301sident de l\u2019institution de pre\u0301senter les orientations de cette session. Mon e\u0301minent homologue n\u2019a me\u0301nage\u0301 aucun effort pour [&hellip;]","og_url":"https:\/\/www.africa-press.net\/guinee-conakry\/politique\/cote-divoire-le-president-du-cnt-dansa-kourouma-participe-a-louverture-de-la-premiere-session-ordinaire-de-lannee-2024","og_site_name":"guinee Conakry","article_published_time":"2024-01-23T19:32:00+00:00","author":"cfeditorfr","twitter_card":"summary_large_image","twitter_misc":{"\u00c9crit par":"cfeditorfr","Dur\u00e9e de lecture estim\u00e9e":"1 minute"},"schema":{"@context":"https:\/\/schema.org","@graph":[{"@type":"Article","@id":"https:\/\/www.africa-press.net\/guinee-conakry\/politique\/cote-divoire-le-president-du-cnt-dansa-kourouma-participe-a-louverture-de-la-premiere-session-ordinaire-de-lannee-2024#article","isPartOf":{"@id":"https:\/\/www.africa-press.net\/guinee-conakry\/politique\/cote-divoire-le-president-du-cnt-dansa-kourouma-participe-a-louverture-de-la-premiere-session-ordinaire-de-lannee-2024"},"author":{"name":"cfeditorfr","@id":"https:\/\/www.africa-press.net\/guinee-conakry\/#\/schema\/person\/2b1cf3cd81a31e3cd26889ca66d677f1"},"headline":"C\u00f4te d\u2019Ivoire\u00a0: le pr\u00e9sident du CNT, Dansa Kourouma, participe \u00e0 l\u2019ouverture de la premi\u00e8re session ordinaire de l\u2019ann\u00e9e 2024","datePublished":"2024-01-23T19:32:00+00:00","mainEntityOfPage":{"@id":"https:\/\/www.africa-press.net\/guinee-conakry\/politique\/cote-divoire-le-president-du-cnt-dansa-kourouma-participe-a-louverture-de-la-premiere-session-ordinaire-de-lannee-2024"},"wordCount":252,"commentCount":0,"image":{"@id":"https:\/\/www.africa-press.net\/guinee-conakry\/politique\/cote-divoire-le-president-du-cnt-dansa-kourouma-participe-a-louverture-de-la-premiere-session-ordinaire-de-lannee-2024#primaryimage"},"thumbnailUrl":"https:\/\/static.africa-press.net\/conakry\/sites\/63\/2024\/01\/Jokar1706025771.829845.jpg","keywords":["Africa Press","Africa Press-Guin\u00e9e","Guin\u00e9e"],"articleSection":["Politique","to-homepage","Toutes les actualit\u00e9s"],"inLanguage":"fr-FR","potentialAction":[{"@type":"CommentAction","name":"Comment","target":["https:\/\/www.africa-press.net\/guinee-conakry\/politique\/cote-divoire-le-president-du-cnt-dansa-kourouma-participe-a-louverture-de-la-premiere-session-ordinaire-de-lannee-2024#respond"]}]},{"@type":"WebPage","@id":"https:\/\/www.africa-press.net\/guinee-conakry\/politique\/cote-divoire-le-president-du-cnt-dansa-kourouma-participe-a-louverture-de-la-premiere-session-ordinaire-de-lannee-2024","url":"https:\/\/www.africa-press.net\/guinee-conakry\/politique\/cote-divoire-le-president-du-cnt-dansa-kourouma-participe-a-louverture-de-la-premiere-session-ordinaire-de-lannee-2024","name":"C\u00f4te d\u2019Ivoire\u00a0: le pr\u00e9sident du CNT, Dansa Kourouma, participe \u00e0 l\u2019ouverture de la premi\u00e8re session ordinaire de l\u2019ann\u00e9e 2024 - guinee Conakry","isPartOf":{"@id":"https:\/\/www.africa-press.net\/guinee-conakry\/#website"},"primaryImageOfPage":{"@id":"https:\/\/www.africa-press.net\/guinee-conakry\/politique\/cote-divoire-le-president-du-cnt-dansa-kourouma-participe-a-louverture-de-la-premiere-session-ordinaire-de-lannee-2024#primaryimage"},"image":{"@id":"https:\/\/www.africa-press.net\/guinee-conakry\/politique\/cote-divoire-le-president-du-cnt-dansa-kourouma-participe-a-louverture-de-la-premiere-session-ordinaire-de-lannee-2024#primaryimage"},"thumbnailUrl":"https:\/\/static.africa-press.net\/conakry\/sites\/63\/2024\/01\/Jokar1706025771.829845.jpg","datePublished":"2024-01-23T19:32:00+00:00","author":{"@id":"https:\/\/www.africa-press.net\/guinee-conakry\/#\/schema\/person\/2b1cf3cd81a31e3cd26889ca66d677f1"},"breadcrumb":{"@id":"https:\/\/www.africa-press.net\/guinee-conakry\/politique\/cote-divoire-le-president-du-cnt-dansa-kourouma-participe-a-louverture-de-la-premiere-session-ordinaire-de-lannee-2024#breadcrumb"},"inLanguage":"fr-FR","potentialAction":[{"@type":"ReadAction","target":["https:\/\/www.africa-press.net\/guinee-conakry\/politique\/cote-divoire-le-president-du-cnt-dansa-kourouma-participe-a-louverture-de-la-premiere-session-ordinaire-de-lannee-2024"]}]},{"@type":"ImageObject","inLanguage":"fr-FR","@id":"https:\/\/www.africa-press.net\/guinee-conakry\/politique\/cote-divoire-le-president-du-cnt-dansa-kourouma-participe-a-louverture-de-la-premiere-session-ordinaire-de-lannee-2024#primaryimage","url":"https:\/\/static.africa-press.net\/conakry\/sites\/63\/2024\/01\/Jokar1706025771.829845.jpg","contentUrl":"https:\/\/static.africa-press.net\/conakry\/sites\/63\/2024\/01\/Jokar1706025771.829845.jpg","width":1024,"height":683,"caption":"C\u00f4te d\u2019Ivoire\u00a0: le pr\u00e9sident du CNT, Dansa Kourouma, participe \u00e0 l\u2019ouverture de la premi\u00e8re session ordinaire de l\u2019ann\u00e9e 2024"},{"@type":"BreadcrumbList","@id":"https:\/\/www.africa-press.net\/guinee-conakry\/politique\/cote-divoire-le-president-du-cnt-dansa-kourouma-participe-a-louverture-de-la-premiere-session-ordinaire-de-lannee-2024#breadcrumb","itemListElement":[{"@type":"ListItem","position":1,"name":"Accueil","item":"https:\/\/www.africa-press.net\/guinee-conakry\/"},{"@type":"ListItem","position":2,"name":"C\u00f4te d\u2019Ivoire\u00a0: le pr\u00e9sident du CNT, Dansa Kourouma, participe \u00e0 l\u2019ouverture de la premi\u00e8re session ordinaire de l\u2019ann\u00e9e 2024"}]},{"@type":"WebSite","@id":"https:\/\/www.africa-press.net\/guinee-conakry\/#website","url":"https:\/\/www.africa-press.net\/guinee-conakry\/","name":"guinee Conakry","description":"Just another Africa News Agency Sites site","potentialAction":[{"@type":"SearchAction","target":{"@type":"EntryPoint","urlTemplate":"https:\/\/www.africa-press.net\/guinee-conakry\/?s={search_term_string}"},"query-input":{"@type":"PropertyValueSpecification","valueRequired":true,"valueName":"search_term_string"}}],"inLanguage":"fr-FR"},{"@type":"Person","@id":"https:\/\/www.africa-press.net\/guinee-conakry\/#\/schema\/person\/2b1cf3cd81a31e3cd26889ca66d677f1","name":"cfeditorfr"}]}},"_links":{"self":[{"href":"https:\/\/www.africa-press.net\/guinee-conakry\/wp-json\/wp\/v2\/posts\/18393","targetHints":{"allow":["GET"]}}],"collection":[{"href":"https:\/\/www.africa-press.net\/guinee-conakry\/wp-json\/wp\/v2\/posts"}],"about":[{"href":"https:\/\/www.africa-press.net\/guinee-conakry\/wp-json\/wp\/v2\/types\/post"}],"author":[{"embeddable":true,"href":"https:\/\/www.africa-press.net\/guinee-conakry\/wp-json\/wp\/v2\/users\/82"}],"replies":[{"embeddable":true,"href":"https:\/\/www.africa-press.net\/guinee-conakry\/wp-json\/wp\/v2\/comments?post=18393"}],"version-history":[{"count":0,"href":"https:\/\/www.africa-press.net\/guinee-conakry\/wp-json\/wp\/v2\/posts\/18393\/revisions"}],"wp:featuredmedia":[{"embeddable":true,"href":"https:\/\/www.africa-press.net\/guinee-conakry\/wp-json\/wp\/v2\/media\/18392"}],"wp:attachment":[{"href":"https:\/\/www.africa-press.net\/guinee-conakry\/wp-json\/wp\/v2\/media?parent=18393"}],"wp:term":[{"taxonomy":"category","embeddable":true,"href":"https:\/\/www.africa-press.net\/guinee-conakry\/wp-json\/wp\/v2\/categories?post=18393"},{"taxonomy":"post_tag","embeddable":true,"href":"https:\/\/www.africa-press.net\/guinee-conakry\/wp-json\/wp\/v2\/tags?post=18393"}],"curies":[{"name":"wp","href":"https:\/\/api.w.org\/{rel}","templated":true}]}}