{"id":18399,"date":"2024-01-23T19:36:00","date_gmt":"2024-01-23T19:36:00","guid":{"rendered":"https:\/\/www.africa-press.net\/guinee-conakry\/politique\/le-journaliste-sekou-jamal-pendessa-place-en-detention-des-voix-selevent-pour-exiger-sa-liberation"},"modified":"2024-01-23T19:36:00","modified_gmt":"2024-01-23T19:36:00","slug":"le-journaliste-sekou-jamal-pendessa-place-en-detention-des-voix-selevent-pour-exiger-sa-liberation","status":"publish","type":"post","link":"https:\/\/www.africa-press.net\/guinee-conakry\/toutes-les-actualites\/le-journaliste-sekou-jamal-pendessa-place-en-detention-des-voix-selevent-pour-exiger-sa-liberation","title":{"rendered":"Le journaliste S\u00e9kou Jamal Pendessa plac\u00e9 en d\u00e9tention, des voix s\u2019\u00e9l\u00e8vent pour exiger sa lib\u00e9ration"},"content":{"rendered":"<p><span style=\"color: #ff6600\"><strong>Africa-Press &#8211; Guin\u00e9e. <\/strong><\/span>Arre\u0302te\u0301 suite a\u0300 un appel a\u0300 manifester pour exiger la leve\u0301e des restrictions d\u2019internet, le secre\u0301taire ge\u0301ne\u0301ral du Syndicat des professionnels de la presse de Guine\u0301e (SPPG) a e\u0301te\u0301 place\u0301 lundi sous mandat de de\u0301po\u0302t et conduit a\u0300 la maison centrale de Conakry. Face a\u0300 cette situation, des voix s\u2019e\u0301le\u0300vent pour de\u0301noncer le muse\u0300lement de la presse en Guine\u0301e.<\/p>\n<p>L\u2019avocat du journalist Se\u0301kou Jamal Pendessa de\u0301plore cette situation qui, selui lui, n\u2019honore pas la Guine\u0301e. \u2018\u2019Je suis de\u0301c\u0327u et de\u0301sempare\u0301 parce que depuis plusieurs anne\u0301es, ce genre de dossiers fait toujours surface. Quand vous voulez un peu revendiquer, demander le droit, la solution est imme\u0301diate. Vous avez beaucoup de chance de ne pas vous retrouver en prison. En tant que le\u0301galiste, je vais mettre la pression pour que le proce\u0300s soit rapidement organise\u0301 pour qu\u2019il soit libe\u0301re\u0301\u2019\u2019, rassure Me Saliou Be\u0301avogui.<\/p>\n<p>De son co\u0302te\u0301, le Front national pour la de\u0301fense de la constitution (FNDC) de\u0301nonce un recul de la liberte\u0301 de la presse en Guine\u0301e. \u2018\u2019En tant que mouvement pro-de\u0301mocratie, nous nous tenons aux cote\u0301s de la presse pendant ces moments difficiles\u2019\u2019, laisse entendre le responsable en charge des ope\u0301rations du FNDC, Ibrahima Diallo.<\/p>\n<p>Malgre\u0301 l\u2019arrestation de son secre\u0301taire ge\u0301ne\u0301ral, le Syndicat des professionnels de la presse de Guine\u0301e n\u2019entend baisser les bras face a\u0300 la junte.<\/p>\n<p>\u2018\u2019Nous vivons cette situation dans une grande amertume. C\u2019est dans une grande de\u0301ception que nous avons appris la de\u0301cision liberticide qui a e\u0301te\u0301 prise, plac\u0327ant notre camarade Se\u0301kou Jamal Pendessa sous mandat de de\u0301po\u0302t a\u0300 la maison centrale. Aujourd\u2019hui, c\u2019est une journe\u0301e noire non seulement pour la liberte\u0301, mais aussi pour tous ceux qui sont e\u0301pris de paix, de justice et de liberte\u0301 dans notre pays. C\u2019est une journe\u0301e noire pour la Guine\u0301e. En tant que syndicat de la presse, nous en tant que garant de la liberte\u0301, nous estimons que la lutte ne fait que commencer. Nous allons entreprendre des actions dans les jours a\u0300 venir, qui vont partir d\u2019abord de la manifestation du 30 janvier 2024 pour durcir le ton jusqu\u2019a\u0300 la libe\u0301ration de notre camarade\u2019\u2019, promet le Mouvement syndical.<\/p>\n<p>Interpelle\u0301 par des hommes de me\u0301dias sur le sujet, le ministre de la justice a souligne\u0301 que \u2018\u2019la presse exerce dans un Etat. S\u2019il y a des difficulte\u0301s, je suis la\u0300, ma porte est ouverte. Qui est parti taper a\u0300 la porte pour dire qu\u2019on veut voir le ministre de la justice et des droits de l\u2019homme pour qu\u2019on puisse parler ? C\u2019est de manie\u0300re incidente que je viens au tribunal pour des visites et je vous trouve. Qu\u2019on sorte et crie pour dire de libe\u0301rer tel. Personne ne peut mettre la pression sur la justice de ne pas faire son travail. Tout ce que je vous demande, c\u2019est de la retenue\u2019\u2019.<\/p>\n<p>Boussouriou Doumba<\/p>\n<p><strong>Pour plus d&rsquo;informations et d&rsquo;analyses sur la <a href=\"https:\/\/www.africa-press.net\/guinee-conakry\">Guin\u00e9e<\/a>, suivez <a href=\"https:\/\/www.africa-press.net\/\">Africa-Press<\/a><\/strong><\/p>\n","protected":false},"excerpt":{"rendered":"<p>Africa-Press &#8211; Guin\u00e9e. Arre\u0302te\u0301 suite a\u0300 un appel a\u0300 manifester pour exiger la leve\u0301e des restrictions d\u2019internet, le secre\u0301taire ge\u0301ne\u0301ral du Syndicat des professionnels de la presse de Guine\u0301e (SPPG) a e\u0301te\u0301 place\u0301 lundi sous mandat de de\u0301po\u0302t et conduit a\u0300 la maison centrale de Conakry. Face a\u0300 cette situation, des voix s\u2019e\u0301le\u0300vent pour de\u0301noncer [&hellip;]<\/p>\n","protected":false},"author":82,"featured_media":18398,"comment_status":"open","ping_status":"closed","sticky":false,"template":"","format":"standard","meta":{"footnotes":""},"categories":[21,10],"tags":[36,57,58],"class_list":["post-18399","post","type-post","status-publish","format-standard","has-post-thumbnail","hentry","category-communaute","category-toutes-les-actualites","tag-africa-press","tag-africa-press-guinee","tag-guinee"],"yoast_head":"<!-- This site is optimized with the Yoast SEO Premium plugin v26.1 (Yoast SEO v27.0) - https:\/\/yoast.com\/product\/yoast-seo-premium-wordpress\/ -->\n<title>Le journaliste S\u00e9kou Jamal Pendessa plac\u00e9 en d\u00e9tention, des voix s\u2019\u00e9l\u00e8vent pour exiger sa lib\u00e9ration - guinee Conakry<\/title>\n<meta name=\"robots\" content=\"index, follow, max-snippet:-1, max-image-preview:large, max-video-preview:-1\" \/>\n<link rel=\"canonical\" href=\"https:\/\/www.africa-press.net\/guinee-conakry\/politique\/le-journaliste-sekou-jamal-pendessa-place-en-detention-des-voix-selevent-pour-exiger-sa-liberation\" \/>\n<meta property=\"og:locale\" content=\"fr_FR\" \/>\n<meta property=\"og:type\" content=\"article\" \/>\n<meta property=\"og:title\" content=\"Le journaliste S\u00e9kou Jamal Pendessa plac\u00e9 en d\u00e9tention, des voix s\u2019\u00e9l\u00e8vent pour exiger sa lib\u00e9ration\" \/>\n<meta property=\"og:description\" content=\"Africa-Press &#8211; Guin\u00e9e. Arre\u0302te\u0301 suite a\u0300 un appel a\u0300 manifester pour exiger la leve\u0301e des restrictions d\u2019internet, le secre\u0301taire ge\u0301ne\u0301ral du Syndicat des professionnels de la presse de Guine\u0301e (SPPG) a e\u0301te\u0301 place\u0301 lundi sous mandat de de\u0301po\u0302t et conduit a\u0300 la maison centrale de Conakry. Face a\u0300 cette situation, des voix s\u2019e\u0301le\u0300vent pour de\u0301noncer [&hellip;]\" \/>\n<meta property=\"og:url\" content=\"https:\/\/www.africa-press.net\/guinee-conakry\/politique\/le-journaliste-sekou-jamal-pendessa-place-en-detention-des-voix-selevent-pour-exiger-sa-liberation\" \/>\n<meta property=\"og:site_name\" content=\"guinee Conakry\" \/>\n<meta property=\"article:published_time\" content=\"2024-01-23T19:36:00+00:00\" \/>\n<meta name=\"author\" content=\"cfeditorfr\" \/>\n<meta name=\"twitter:card\" content=\"summary_large_image\" \/>\n<meta name=\"twitter:label1\" content=\"\u00c9crit par\" \/>\n\t<meta name=\"twitter:data1\" content=\"cfeditorfr\" \/>\n\t<meta name=\"twitter:label2\" content=\"Dur\u00e9e de lecture estim\u00e9e\" \/>\n\t<meta name=\"twitter:data2\" content=\"3 minutes\" \/>\n<script type=\"application\/ld+json\" class=\"yoast-schema-graph\">{\"@context\":\"https:\/\/schema.org\",\"@graph\":[{\"@type\":\"Article\",\"@id\":\"https:\/\/www.africa-press.net\/guinee-conakry\/politique\/le-journaliste-sekou-jamal-pendessa-place-en-detention-des-voix-selevent-pour-exiger-sa-liberation#article\",\"isPartOf\":{\"@id\":\"https:\/\/www.africa-press.net\/guinee-conakry\/politique\/le-journaliste-sekou-jamal-pendessa-place-en-detention-des-voix-selevent-pour-exiger-sa-liberation\"},\"author\":{\"name\":\"cfeditorfr\",\"@id\":\"https:\/\/www.africa-press.net\/guinee-conakry\/#\/schema\/person\/2b1cf3cd81a31e3cd26889ca66d677f1\"},\"headline\":\"Le journaliste S\u00e9kou Jamal Pendessa plac\u00e9 en d\u00e9tention, des voix s\u2019\u00e9l\u00e8vent pour exiger sa lib\u00e9ration\",\"datePublished\":\"2024-01-23T19:36:00+00:00\",\"mainEntityOfPage\":{\"@id\":\"https:\/\/www.africa-press.net\/guinee-conakry\/politique\/le-journaliste-sekou-jamal-pendessa-place-en-detention-des-voix-selevent-pour-exiger-sa-liberation\"},\"wordCount\":570,\"commentCount\":0,\"image\":{\"@id\":\"https:\/\/www.africa-press.net\/guinee-conakry\/politique\/le-journaliste-sekou-jamal-pendessa-place-en-detention-des-voix-selevent-pour-exiger-sa-liberation#primaryimage\"},\"thumbnailUrl\":\"https:\/\/static.africa-press.net\/conakry\/sites\/63\/2024\/01\/Jokar1706025998.938044.jpg\",\"keywords\":[\"Africa Press\",\"Africa Press-Guin\u00e9e\",\"Guin\u00e9e\"],\"articleSection\":[\"Communaut\u00e9\",\"Toutes les actualit\u00e9s\"],\"inLanguage\":\"fr-FR\",\"potentialAction\":[{\"@type\":\"CommentAction\",\"name\":\"Comment\",\"target\":[\"https:\/\/www.africa-press.net\/guinee-conakry\/politique\/le-journaliste-sekou-jamal-pendessa-place-en-detention-des-voix-selevent-pour-exiger-sa-liberation#respond\"]}]},{\"@type\":\"WebPage\",\"@id\":\"https:\/\/www.africa-press.net\/guinee-conakry\/politique\/le-journaliste-sekou-jamal-pendessa-place-en-detention-des-voix-selevent-pour-exiger-sa-liberation\",\"url\":\"https:\/\/www.africa-press.net\/guinee-conakry\/politique\/le-journaliste-sekou-jamal-pendessa-place-en-detention-des-voix-selevent-pour-exiger-sa-liberation\",\"name\":\"Le journaliste S\u00e9kou Jamal Pendessa plac\u00e9 en d\u00e9tention, des voix s\u2019\u00e9l\u00e8vent pour exiger sa lib\u00e9ration - guinee Conakry\",\"isPartOf\":{\"@id\":\"https:\/\/www.africa-press.net\/guinee-conakry\/#website\"},\"primaryImageOfPage\":{\"@id\":\"https:\/\/www.africa-press.net\/guinee-conakry\/politique\/le-journaliste-sekou-jamal-pendessa-place-en-detention-des-voix-selevent-pour-exiger-sa-liberation#primaryimage\"},\"image\":{\"@id\":\"https:\/\/www.africa-press.net\/guinee-conakry\/politique\/le-journaliste-sekou-jamal-pendessa-place-en-detention-des-voix-selevent-pour-exiger-sa-liberation#primaryimage\"},\"thumbnailUrl\":\"https:\/\/static.africa-press.net\/conakry\/sites\/63\/2024\/01\/Jokar1706025998.938044.jpg\",\"datePublished\":\"2024-01-23T19:36:00+00:00\",\"author\":{\"@id\":\"https:\/\/www.africa-press.net\/guinee-conakry\/#\/schema\/person\/2b1cf3cd81a31e3cd26889ca66d677f1\"},\"breadcrumb\":{\"@id\":\"https:\/\/www.africa-press.net\/guinee-conakry\/politique\/le-journaliste-sekou-jamal-pendessa-place-en-detention-des-voix-selevent-pour-exiger-sa-liberation#breadcrumb\"},\"inLanguage\":\"fr-FR\",\"potentialAction\":[{\"@type\":\"ReadAction\",\"target\":[\"https:\/\/www.africa-press.net\/guinee-conakry\/politique\/le-journaliste-sekou-jamal-pendessa-place-en-detention-des-voix-selevent-pour-exiger-sa-liberation\"]}]},{\"@type\":\"ImageObject\",\"inLanguage\":\"fr-FR\",\"@id\":\"https:\/\/www.africa-press.net\/guinee-conakry\/politique\/le-journaliste-sekou-jamal-pendessa-place-en-detention-des-voix-selevent-pour-exiger-sa-liberation#primaryimage\",\"url\":\"https:\/\/static.africa-press.net\/conakry\/sites\/63\/2024\/01\/Jokar1706025998.938044.jpg\",\"contentUrl\":\"https:\/\/static.africa-press.net\/conakry\/sites\/63\/2024\/01\/Jokar1706025998.938044.jpg\",\"width\":1024,\"height\":605,\"caption\":\"Le journaliste S\u00e9kou Jamal Pendessa plac\u00e9 en d\u00e9tention, des voix s\u2019\u00e9l\u00e8vent pour exiger sa lib\u00e9ration\"},{\"@type\":\"BreadcrumbList\",\"@id\":\"https:\/\/www.africa-press.net\/guinee-conakry\/politique\/le-journaliste-sekou-jamal-pendessa-place-en-detention-des-voix-selevent-pour-exiger-sa-liberation#breadcrumb\",\"itemListElement\":[{\"@type\":\"ListItem\",\"position\":1,\"name\":\"Accueil\",\"item\":\"https:\/\/www.africa-press.net\/guinee-conakry\/\"},{\"@type\":\"ListItem\",\"position\":2,\"name\":\"Le journaliste S\u00e9kou Jamal Pendessa plac\u00e9 en d\u00e9tention, des voix s\u2019\u00e9l\u00e8vent pour exiger sa lib\u00e9ration\"}]},{\"@type\":\"WebSite\",\"@id\":\"https:\/\/www.africa-press.net\/guinee-conakry\/#website\",\"url\":\"https:\/\/www.africa-press.net\/guinee-conakry\/\",\"name\":\"guinee Conakry\",\"description\":\"Just another Africa News Agency Sites site\",\"potentialAction\":[{\"@type\":\"SearchAction\",\"target\":{\"@type\":\"EntryPoint\",\"urlTemplate\":\"https:\/\/www.africa-press.net\/guinee-conakry\/?s={search_term_string}\"},\"query-input\":{\"@type\":\"PropertyValueSpecification\",\"valueRequired\":true,\"valueName\":\"search_term_string\"}}],\"inLanguage\":\"fr-FR\"},{\"@type\":\"Person\",\"@id\":\"https:\/\/www.africa-press.net\/guinee-conakry\/#\/schema\/person\/2b1cf3cd81a31e3cd26889ca66d677f1\",\"name\":\"cfeditorfr\"}]}<\/script>\n<!-- \/ Yoast SEO Premium plugin. -->","yoast_head_json":{"title":"Le journaliste S\u00e9kou Jamal Pendessa plac\u00e9 en d\u00e9tention, des voix s\u2019\u00e9l\u00e8vent pour exiger sa lib\u00e9ration - guinee Conakry","robots":{"index":"index","follow":"follow","max-snippet":"max-snippet:-1","max-image-preview":"max-image-preview:large","max-video-preview":"max-video-preview:-1"},"canonical":"https:\/\/www.africa-press.net\/guinee-conakry\/politique\/le-journaliste-sekou-jamal-pendessa-place-en-detention-des-voix-selevent-pour-exiger-sa-liberation","og_locale":"fr_FR","og_type":"article","og_title":"Le journaliste S\u00e9kou Jamal Pendessa plac\u00e9 en d\u00e9tention, des voix s\u2019\u00e9l\u00e8vent pour exiger sa lib\u00e9ration","og_description":"Africa-Press &#8211; Guin\u00e9e. Arre\u0302te\u0301 suite a\u0300 un appel a\u0300 manifester pour exiger la leve\u0301e des restrictions d\u2019internet, le secre\u0301taire ge\u0301ne\u0301ral du Syndicat des professionnels de la presse de Guine\u0301e (SPPG) a e\u0301te\u0301 place\u0301 lundi sous mandat de de\u0301po\u0302t et conduit a\u0300 la maison centrale de Conakry. Face a\u0300 cette situation, des voix s\u2019e\u0301le\u0300vent pour de\u0301noncer [&hellip;]","og_url":"https:\/\/www.africa-press.net\/guinee-conakry\/politique\/le-journaliste-sekou-jamal-pendessa-place-en-detention-des-voix-selevent-pour-exiger-sa-liberation","og_site_name":"guinee Conakry","article_published_time":"2024-01-23T19:36:00+00:00","author":"cfeditorfr","twitter_card":"summary_large_image","twitter_misc":{"\u00c9crit par":"cfeditorfr","Dur\u00e9e de lecture estim\u00e9e":"3 minutes"},"schema":{"@context":"https:\/\/schema.org","@graph":[{"@type":"Article","@id":"https:\/\/www.africa-press.net\/guinee-conakry\/politique\/le-journaliste-sekou-jamal-pendessa-place-en-detention-des-voix-selevent-pour-exiger-sa-liberation#article","isPartOf":{"@id":"https:\/\/www.africa-press.net\/guinee-conakry\/politique\/le-journaliste-sekou-jamal-pendessa-place-en-detention-des-voix-selevent-pour-exiger-sa-liberation"},"author":{"name":"cfeditorfr","@id":"https:\/\/www.africa-press.net\/guinee-conakry\/#\/schema\/person\/2b1cf3cd81a31e3cd26889ca66d677f1"},"headline":"Le journaliste S\u00e9kou Jamal Pendessa plac\u00e9 en d\u00e9tention, des voix s\u2019\u00e9l\u00e8vent pour exiger sa lib\u00e9ration","datePublished":"2024-01-23T19:36:00+00:00","mainEntityOfPage":{"@id":"https:\/\/www.africa-press.net\/guinee-conakry\/politique\/le-journaliste-sekou-jamal-pendessa-place-en-detention-des-voix-selevent-pour-exiger-sa-liberation"},"wordCount":570,"commentCount":0,"image":{"@id":"https:\/\/www.africa-press.net\/guinee-conakry\/politique\/le-journaliste-sekou-jamal-pendessa-place-en-detention-des-voix-selevent-pour-exiger-sa-liberation#primaryimage"},"thumbnailUrl":"https:\/\/static.africa-press.net\/conakry\/sites\/63\/2024\/01\/Jokar1706025998.938044.jpg","keywords":["Africa Press","Africa Press-Guin\u00e9e","Guin\u00e9e"],"articleSection":["Communaut\u00e9","Toutes les actualit\u00e9s"],"inLanguage":"fr-FR","potentialAction":[{"@type":"CommentAction","name":"Comment","target":["https:\/\/www.africa-press.net\/guinee-conakry\/politique\/le-journaliste-sekou-jamal-pendessa-place-en-detention-des-voix-selevent-pour-exiger-sa-liberation#respond"]}]},{"@type":"WebPage","@id":"https:\/\/www.africa-press.net\/guinee-conakry\/politique\/le-journaliste-sekou-jamal-pendessa-place-en-detention-des-voix-selevent-pour-exiger-sa-liberation","url":"https:\/\/www.africa-press.net\/guinee-conakry\/politique\/le-journaliste-sekou-jamal-pendessa-place-en-detention-des-voix-selevent-pour-exiger-sa-liberation","name":"Le journaliste S\u00e9kou Jamal Pendessa plac\u00e9 en d\u00e9tention, des voix s\u2019\u00e9l\u00e8vent pour exiger sa lib\u00e9ration - guinee Conakry","isPartOf":{"@id":"https:\/\/www.africa-press.net\/guinee-conakry\/#website"},"primaryImageOfPage":{"@id":"https:\/\/www.africa-press.net\/guinee-conakry\/politique\/le-journaliste-sekou-jamal-pendessa-place-en-detention-des-voix-selevent-pour-exiger-sa-liberation#primaryimage"},"image":{"@id":"https:\/\/www.africa-press.net\/guinee-conakry\/politique\/le-journaliste-sekou-jamal-pendessa-place-en-detention-des-voix-selevent-pour-exiger-sa-liberation#primaryimage"},"thumbnailUrl":"https:\/\/static.africa-press.net\/conakry\/sites\/63\/2024\/01\/Jokar1706025998.938044.jpg","datePublished":"2024-01-23T19:36:00+00:00","author":{"@id":"https:\/\/www.africa-press.net\/guinee-conakry\/#\/schema\/person\/2b1cf3cd81a31e3cd26889ca66d677f1"},"breadcrumb":{"@id":"https:\/\/www.africa-press.net\/guinee-conakry\/politique\/le-journaliste-sekou-jamal-pendessa-place-en-detention-des-voix-selevent-pour-exiger-sa-liberation#breadcrumb"},"inLanguage":"fr-FR","potentialAction":[{"@type":"ReadAction","target":["https:\/\/www.africa-press.net\/guinee-conakry\/politique\/le-journaliste-sekou-jamal-pendessa-place-en-detention-des-voix-selevent-pour-exiger-sa-liberation"]}]},{"@type":"ImageObject","inLanguage":"fr-FR","@id":"https:\/\/www.africa-press.net\/guinee-conakry\/politique\/le-journaliste-sekou-jamal-pendessa-place-en-detention-des-voix-selevent-pour-exiger-sa-liberation#primaryimage","url":"https:\/\/static.africa-press.net\/conakry\/sites\/63\/2024\/01\/Jokar1706025998.938044.jpg","contentUrl":"https:\/\/static.africa-press.net\/conakry\/sites\/63\/2024\/01\/Jokar1706025998.938044.jpg","width":1024,"height":605,"caption":"Le journaliste S\u00e9kou Jamal Pendessa plac\u00e9 en d\u00e9tention, des voix s\u2019\u00e9l\u00e8vent pour exiger sa lib\u00e9ration"},{"@type":"BreadcrumbList","@id":"https:\/\/www.africa-press.net\/guinee-conakry\/politique\/le-journaliste-sekou-jamal-pendessa-place-en-detention-des-voix-selevent-pour-exiger-sa-liberation#breadcrumb","itemListElement":[{"@type":"ListItem","position":1,"name":"Accueil","item":"https:\/\/www.africa-press.net\/guinee-conakry\/"},{"@type":"ListItem","position":2,"name":"Le journaliste S\u00e9kou Jamal Pendessa plac\u00e9 en d\u00e9tention, des voix s\u2019\u00e9l\u00e8vent pour exiger sa lib\u00e9ration"}]},{"@type":"WebSite","@id":"https:\/\/www.africa-press.net\/guinee-conakry\/#website","url":"https:\/\/www.africa-press.net\/guinee-conakry\/","name":"guinee Conakry","description":"Just another Africa News Agency Sites site","potentialAction":[{"@type":"SearchAction","target":{"@type":"EntryPoint","urlTemplate":"https:\/\/www.africa-press.net\/guinee-conakry\/?s={search_term_string}"},"query-input":{"@type":"PropertyValueSpecification","valueRequired":true,"valueName":"search_term_string"}}],"inLanguage":"fr-FR"},{"@type":"Person","@id":"https:\/\/www.africa-press.net\/guinee-conakry\/#\/schema\/person\/2b1cf3cd81a31e3cd26889ca66d677f1","name":"cfeditorfr"}]}},"_links":{"self":[{"href":"https:\/\/www.africa-press.net\/guinee-conakry\/wp-json\/wp\/v2\/posts\/18399","targetHints":{"allow":["GET"]}}],"collection":[{"href":"https:\/\/www.africa-press.net\/guinee-conakry\/wp-json\/wp\/v2\/posts"}],"about":[{"href":"https:\/\/www.africa-press.net\/guinee-conakry\/wp-json\/wp\/v2\/types\/post"}],"author":[{"embeddable":true,"href":"https:\/\/www.africa-press.net\/guinee-conakry\/wp-json\/wp\/v2\/users\/82"}],"replies":[{"embeddable":true,"href":"https:\/\/www.africa-press.net\/guinee-conakry\/wp-json\/wp\/v2\/comments?post=18399"}],"version-history":[{"count":0,"href":"https:\/\/www.africa-press.net\/guinee-conakry\/wp-json\/wp\/v2\/posts\/18399\/revisions"}],"wp:featuredmedia":[{"embeddable":true,"href":"https:\/\/www.africa-press.net\/guinee-conakry\/wp-json\/wp\/v2\/media\/18398"}],"wp:attachment":[{"href":"https:\/\/www.africa-press.net\/guinee-conakry\/wp-json\/wp\/v2\/media?parent=18399"}],"wp:term":[{"taxonomy":"category","embeddable":true,"href":"https:\/\/www.africa-press.net\/guinee-conakry\/wp-json\/wp\/v2\/categories?post=18399"},{"taxonomy":"post_tag","embeddable":true,"href":"https:\/\/www.africa-press.net\/guinee-conakry\/wp-json\/wp\/v2\/tags?post=18399"}],"curies":[{"name":"wp","href":"https:\/\/api.w.org\/{rel}","templated":true}]}}