{"id":18409,"date":"2024-01-25T03:23:00","date_gmt":"2024-01-25T03:23:00","guid":{"rendered":"https:\/\/www.africa-press.net\/guinee-conakry\/politique\/guinee-le-syndicaliste-sekou-jamal-pendessa-doit-etre-libere"},"modified":"2024-01-25T03:23:00","modified_gmt":"2024-01-25T03:23:00","slug":"guinee-le-syndicaliste-sekou-jamal-pendessa-doit-etre-libere","status":"publish","type":"post","link":"https:\/\/www.africa-press.net\/guinee-conakry\/toutes-les-actualites\/guinee-le-syndicaliste-sekou-jamal-pendessa-doit-etre-libere","title":{"rendered":"Guin\u00e9e : le syndicaliste Sekou Jamal pendessa doit \u00eatre lib\u00e9r\u00e9 !"},"content":{"rendered":"<p><span style=\"color: #ff6600\"><strong>Africa-Press &#8211; Guin\u00e9e. <\/strong><\/span><b>Les autorite\u0301s guine\u0301ennes doivent libe\u0301rer imme\u0301diatement et sans condition Sekou Jamal Pendessa et cesser les attaques incessantes contre les droits humains, a de\u0301clare\u0301 Amnesty International alors que le secre\u0301taire ge\u0301ne\u0301ral du syndicat des professionnels de la presse de Guine\u0301e (SPPG), de\u0301tenu depuis le 19 janvier, est en attente de proce\u0300s.<\/b><\/p>\n<p>\u00ab Cette nouvelle de\u0301tention, qui s\u2019ajoute a\u0300 une liste ininterrompue de violations du droit a\u0300 la liberte\u0301 d\u2019expression et de re\u0301union pacifique depuis plusieurs mois, de\u0301montre la volonte\u0301 des autorite\u0301s de mettre au pas tous les contre-pouvoirs et faire taire les opinions de\u0301rangeantes. Celles et ceux qui protestent contre ces violations sont arre\u0302te\u0301s et de\u0301tenus arbitrairement, et celles et ceux qui protestent contre ces arrestations subissent le me\u0302me sort \u00bb, a de\u0301clare\u0301 Samira Daoud, directrice re\u0301gionale d\u2019Amnesty International pour l\u2019Afrique de l\u2019Ouest et Centrale.<\/p>\n<p>Sekou Jamel Pendessa a e\u0301te\u0301 inculpe\u0301 le 22 janvier pour \u00ab participation a\u0300 une manifestation non autorise\u0301e sur la voie publique et publication de donne\u0301es de nature a\u0300 troubler la se\u0301curite\u0301 et l\u2019ordre public \u00bb par le tribunal de premie\u0300re instance de Dixinn, et place\u0301 sous mandat de de\u0301po\u0302t a\u0300 la prison de Conakry. Selon les standards internationaux relatifs aux droits humains, la participation pacifique a\u0300 une manifestation non autorise\u0301e ne devrait jamais e\u0302tre e\u0301rige\u0301e en infraction pe\u0301nale. Toute restriction au droit de re\u0301union pacifique introduite afin de prote\u0301ger l\u2019ordre et la su\u0302rete\u0301 publics doit e\u0302tre ne\u0301cessaire et proportionne\u0301e pour attendre l\u2019objectif poursuivi.<\/p>\n<p>Il avait e\u0301te\u0301 arre\u0302te\u0301 le 19 janvier alors qu\u2019il revenait du me\u0302me tribunal, ou\u0300 il e\u0301tait alle\u0301 soutenir des journalistes arre\u0302te\u0301s la veille a\u0300 la maison de la presse de Conakry, puis conduit a\u0300 la brigade de recherche de Kipe\u0301 ou\u0300 il a e\u0301te\u0301 de\u0301tenu jusqu\u2019a\u0300 son inculpation le 22 janvier.<\/p>\n<p>Le SPGG avait appele\u0301 a\u0300 une manifestation le 18 janvier pour protester contre les restrictions d\u2019acce\u0300s aux re\u0301seaux sociaux et la censure de sites d\u2019information et de radios. Neuf journalistes avaient e\u0301te\u0301 arre\u0302te\u0301s, puis relaxe\u0301s le lendemain par le tribunal de premie\u0300re instance de Dixinn.<\/p>\n<p><b>Comple\u0301ment d\u2019information<\/b><\/p>\n<p>Le Comite\u0301 national du rassemblement pour le de\u0301veloppement (CNRD) a interdit depuis le 13 mai 2022 \u00ab toutes manifestations sur la voie publique de nature a\u0300 compromettre la quie\u0301tude sociale et l\u2019exe\u0301cution correcte des activite\u0301s contenues dans le chronogramme, (&#8230;) pour l\u2019instant jusqu\u2019aux pe\u0301riodes de campagnes e\u0301lectorales \u00bb.<\/p>\n<p>Le Haut-Commissariat aux droits de l\u2019homme des Nations unies (HCDH) avait demande\u0301 le 30 mai aux autorite\u0301s le \u00ab [re\u0301tablissement] sans de\u0301lai du droit a\u0300 la liberte\u0301 de re\u0301union pacifique \u00bb.<\/p>\n<p>En outre, depuis le de\u0301but de l\u2019anne\u0301e 2023, les violations du droit a\u0300 la liberte\u0301 d\u2019expression et du droit a\u0300 l\u2019information se sont re\u0301pe\u0301te\u0301es. L\u2019acce\u0300s a\u0300 internet et\/ou aux re\u0301seaux sociaux a e\u0301te\u0301 restreint a\u0300 plusieurs reprises, des sites d\u2019information en ligne ont e\u0301te\u0301 inaccessibles, des radios ont e\u0301te\u0301 rendues inaudibles et retire\u0301es de l\u2019offre de certaines plateformes de diffusion.<\/p>\n<p><strong>Pour plus d&rsquo;informations et d&rsquo;analyses sur la <a href=\"https:\/\/www.africa-press.net\/guinee-conakry\">Guin\u00e9e<\/a>, suivez <a href=\"https:\/\/www.africa-press.net\/\">Africa-Press<\/a><\/strong><\/p>\n","protected":false},"excerpt":{"rendered":"<p>Africa-Press &#8211; Guin\u00e9e. Les autorite\u0301s guine\u0301ennes doivent libe\u0301rer imme\u0301diatement et sans condition Sekou Jamal Pendessa et cesser les attaques incessantes contre les droits humains, a de\u0301clare\u0301 Amnesty International alors que le secre\u0301taire ge\u0301ne\u0301ral du syndicat des professionnels de la presse de Guine\u0301e (SPPG), de\u0301tenu depuis le 19 janvier, est en attente de proce\u0300s. \u00ab Cette [&hellip;]<\/p>\n","protected":false},"author":82,"featured_media":18408,"comment_status":"open","ping_status":"closed","sticky":false,"template":"","format":"standard","meta":{"footnotes":""},"categories":[21,10],"tags":[36,57,58],"class_list":["post-18409","post","type-post","status-publish","format-standard","has-post-thumbnail","hentry","category-communaute","category-toutes-les-actualites","tag-africa-press","tag-africa-press-guinee","tag-guinee"],"yoast_head":"<!-- This site is optimized with the Yoast SEO Premium plugin v26.1 (Yoast SEO v27.0) - https:\/\/yoast.com\/product\/yoast-seo-premium-wordpress\/ -->\n<title>Guin\u00e9e : le syndicaliste Sekou Jamal pendessa doit \u00eatre lib\u00e9r\u00e9 ! - guinee Conakry<\/title>\n<meta name=\"robots\" content=\"index, follow, max-snippet:-1, max-image-preview:large, max-video-preview:-1\" \/>\n<link rel=\"canonical\" href=\"https:\/\/www.africa-press.net\/guinee-conakry\/politique\/guinee-le-syndicaliste-sekou-jamal-pendessa-doit-etre-libere\" \/>\n<meta property=\"og:locale\" content=\"fr_FR\" \/>\n<meta property=\"og:type\" content=\"article\" \/>\n<meta property=\"og:title\" content=\"Guin\u00e9e : le syndicaliste Sekou Jamal pendessa doit \u00eatre lib\u00e9r\u00e9 !\" \/>\n<meta property=\"og:description\" content=\"Africa-Press &#8211; Guin\u00e9e. Les autorite\u0301s guine\u0301ennes doivent libe\u0301rer imme\u0301diatement et sans condition Sekou Jamal Pendessa et cesser les attaques incessantes contre les droits humains, a de\u0301clare\u0301 Amnesty International alors que le secre\u0301taire ge\u0301ne\u0301ral du syndicat des professionnels de la presse de Guine\u0301e (SPPG), de\u0301tenu depuis le 19 janvier, est en attente de proce\u0300s. \u00ab Cette [&hellip;]\" \/>\n<meta property=\"og:url\" content=\"https:\/\/www.africa-press.net\/guinee-conakry\/politique\/guinee-le-syndicaliste-sekou-jamal-pendessa-doit-etre-libere\" \/>\n<meta property=\"og:site_name\" content=\"guinee Conakry\" \/>\n<meta property=\"article:published_time\" content=\"2024-01-25T03:23:00+00:00\" \/>\n<meta name=\"author\" content=\"cfeditorfr\" \/>\n<meta name=\"twitter:card\" content=\"summary_large_image\" \/>\n<meta name=\"twitter:label1\" content=\"\u00c9crit par\" \/>\n\t<meta name=\"twitter:data1\" content=\"cfeditorfr\" \/>\n\t<meta name=\"twitter:label2\" content=\"Dur\u00e9e de lecture estim\u00e9e\" \/>\n\t<meta name=\"twitter:data2\" content=\"3 minutes\" \/>\n<script type=\"application\/ld+json\" class=\"yoast-schema-graph\">{\"@context\":\"https:\/\/schema.org\",\"@graph\":[{\"@type\":\"Article\",\"@id\":\"https:\/\/www.africa-press.net\/guinee-conakry\/politique\/guinee-le-syndicaliste-sekou-jamal-pendessa-doit-etre-libere#article\",\"isPartOf\":{\"@id\":\"https:\/\/www.africa-press.net\/guinee-conakry\/politique\/guinee-le-syndicaliste-sekou-jamal-pendessa-doit-etre-libere\"},\"author\":{\"name\":\"cfeditorfr\",\"@id\":\"https:\/\/www.africa-press.net\/guinee-conakry\/#\/schema\/person\/2b1cf3cd81a31e3cd26889ca66d677f1\"},\"headline\":\"Guin\u00e9e : le syndicaliste Sekou Jamal pendessa doit \u00eatre lib\u00e9r\u00e9 !\",\"datePublished\":\"2024-01-25T03:23:00+00:00\",\"mainEntityOfPage\":{\"@id\":\"https:\/\/www.africa-press.net\/guinee-conakry\/politique\/guinee-le-syndicaliste-sekou-jamal-pendessa-doit-etre-libere\"},\"wordCount\":585,\"commentCount\":0,\"image\":{\"@id\":\"https:\/\/www.africa-press.net\/guinee-conakry\/politique\/guinee-le-syndicaliste-sekou-jamal-pendessa-doit-etre-libere#primaryimage\"},\"thumbnailUrl\":\"https:\/\/static.africa-press.net\/conakry\/sites\/63\/2024\/01\/Jokar1706140384.955942.jpg\",\"keywords\":[\"Africa Press\",\"Africa Press-Guin\u00e9e\",\"Guin\u00e9e\"],\"articleSection\":[\"Communaut\u00e9\",\"Toutes les actualit\u00e9s\"],\"inLanguage\":\"fr-FR\",\"potentialAction\":[{\"@type\":\"CommentAction\",\"name\":\"Comment\",\"target\":[\"https:\/\/www.africa-press.net\/guinee-conakry\/politique\/guinee-le-syndicaliste-sekou-jamal-pendessa-doit-etre-libere#respond\"]}]},{\"@type\":\"WebPage\",\"@id\":\"https:\/\/www.africa-press.net\/guinee-conakry\/politique\/guinee-le-syndicaliste-sekou-jamal-pendessa-doit-etre-libere\",\"url\":\"https:\/\/www.africa-press.net\/guinee-conakry\/politique\/guinee-le-syndicaliste-sekou-jamal-pendessa-doit-etre-libere\",\"name\":\"Guin\u00e9e : le syndicaliste Sekou Jamal pendessa doit \u00eatre lib\u00e9r\u00e9 ! - guinee Conakry\",\"isPartOf\":{\"@id\":\"https:\/\/www.africa-press.net\/guinee-conakry\/#website\"},\"primaryImageOfPage\":{\"@id\":\"https:\/\/www.africa-press.net\/guinee-conakry\/politique\/guinee-le-syndicaliste-sekou-jamal-pendessa-doit-etre-libere#primaryimage\"},\"image\":{\"@id\":\"https:\/\/www.africa-press.net\/guinee-conakry\/politique\/guinee-le-syndicaliste-sekou-jamal-pendessa-doit-etre-libere#primaryimage\"},\"thumbnailUrl\":\"https:\/\/static.africa-press.net\/conakry\/sites\/63\/2024\/01\/Jokar1706140384.955942.jpg\",\"datePublished\":\"2024-01-25T03:23:00+00:00\",\"author\":{\"@id\":\"https:\/\/www.africa-press.net\/guinee-conakry\/#\/schema\/person\/2b1cf3cd81a31e3cd26889ca66d677f1\"},\"breadcrumb\":{\"@id\":\"https:\/\/www.africa-press.net\/guinee-conakry\/politique\/guinee-le-syndicaliste-sekou-jamal-pendessa-doit-etre-libere#breadcrumb\"},\"inLanguage\":\"fr-FR\",\"potentialAction\":[{\"@type\":\"ReadAction\",\"target\":[\"https:\/\/www.africa-press.net\/guinee-conakry\/politique\/guinee-le-syndicaliste-sekou-jamal-pendessa-doit-etre-libere\"]}]},{\"@type\":\"ImageObject\",\"inLanguage\":\"fr-FR\",\"@id\":\"https:\/\/www.africa-press.net\/guinee-conakry\/politique\/guinee-le-syndicaliste-sekou-jamal-pendessa-doit-etre-libere#primaryimage\",\"url\":\"https:\/\/static.africa-press.net\/conakry\/sites\/63\/2024\/01\/Jokar1706140384.955942.jpg\",\"contentUrl\":\"https:\/\/static.africa-press.net\/conakry\/sites\/63\/2024\/01\/Jokar1706140384.955942.jpg\",\"width\":1020,\"height\":574,\"caption\":\"Guin\u00e9e : le syndicaliste Sekou Jamal pendessa doit \u00eatre lib\u00e9r\u00e9 !\"},{\"@type\":\"BreadcrumbList\",\"@id\":\"https:\/\/www.africa-press.net\/guinee-conakry\/politique\/guinee-le-syndicaliste-sekou-jamal-pendessa-doit-etre-libere#breadcrumb\",\"itemListElement\":[{\"@type\":\"ListItem\",\"position\":1,\"name\":\"Accueil\",\"item\":\"https:\/\/www.africa-press.net\/guinee-conakry\/\"},{\"@type\":\"ListItem\",\"position\":2,\"name\":\"Guin\u00e9e : le syndicaliste Sekou Jamal pendessa doit \u00eatre lib\u00e9r\u00e9 !\"}]},{\"@type\":\"WebSite\",\"@id\":\"https:\/\/www.africa-press.net\/guinee-conakry\/#website\",\"url\":\"https:\/\/www.africa-press.net\/guinee-conakry\/\",\"name\":\"guinee Conakry\",\"description\":\"Just another Africa News Agency Sites site\",\"potentialAction\":[{\"@type\":\"SearchAction\",\"target\":{\"@type\":\"EntryPoint\",\"urlTemplate\":\"https:\/\/www.africa-press.net\/guinee-conakry\/?s={search_term_string}\"},\"query-input\":{\"@type\":\"PropertyValueSpecification\",\"valueRequired\":true,\"valueName\":\"search_term_string\"}}],\"inLanguage\":\"fr-FR\"},{\"@type\":\"Person\",\"@id\":\"https:\/\/www.africa-press.net\/guinee-conakry\/#\/schema\/person\/2b1cf3cd81a31e3cd26889ca66d677f1\",\"name\":\"cfeditorfr\"}]}<\/script>\n<!-- \/ Yoast SEO Premium plugin. -->","yoast_head_json":{"title":"Guin\u00e9e : le syndicaliste Sekou Jamal pendessa doit \u00eatre lib\u00e9r\u00e9 ! - guinee Conakry","robots":{"index":"index","follow":"follow","max-snippet":"max-snippet:-1","max-image-preview":"max-image-preview:large","max-video-preview":"max-video-preview:-1"},"canonical":"https:\/\/www.africa-press.net\/guinee-conakry\/politique\/guinee-le-syndicaliste-sekou-jamal-pendessa-doit-etre-libere","og_locale":"fr_FR","og_type":"article","og_title":"Guin\u00e9e : le syndicaliste Sekou Jamal pendessa doit \u00eatre lib\u00e9r\u00e9 !","og_description":"Africa-Press &#8211; Guin\u00e9e. Les autorite\u0301s guine\u0301ennes doivent libe\u0301rer imme\u0301diatement et sans condition Sekou Jamal Pendessa et cesser les attaques incessantes contre les droits humains, a de\u0301clare\u0301 Amnesty International alors que le secre\u0301taire ge\u0301ne\u0301ral du syndicat des professionnels de la presse de Guine\u0301e (SPPG), de\u0301tenu depuis le 19 janvier, est en attente de proce\u0300s. \u00ab Cette [&hellip;]","og_url":"https:\/\/www.africa-press.net\/guinee-conakry\/politique\/guinee-le-syndicaliste-sekou-jamal-pendessa-doit-etre-libere","og_site_name":"guinee Conakry","article_published_time":"2024-01-25T03:23:00+00:00","author":"cfeditorfr","twitter_card":"summary_large_image","twitter_misc":{"\u00c9crit par":"cfeditorfr","Dur\u00e9e de lecture estim\u00e9e":"3 minutes"},"schema":{"@context":"https:\/\/schema.org","@graph":[{"@type":"Article","@id":"https:\/\/www.africa-press.net\/guinee-conakry\/politique\/guinee-le-syndicaliste-sekou-jamal-pendessa-doit-etre-libere#article","isPartOf":{"@id":"https:\/\/www.africa-press.net\/guinee-conakry\/politique\/guinee-le-syndicaliste-sekou-jamal-pendessa-doit-etre-libere"},"author":{"name":"cfeditorfr","@id":"https:\/\/www.africa-press.net\/guinee-conakry\/#\/schema\/person\/2b1cf3cd81a31e3cd26889ca66d677f1"},"headline":"Guin\u00e9e : le syndicaliste Sekou Jamal pendessa doit \u00eatre lib\u00e9r\u00e9 !","datePublished":"2024-01-25T03:23:00+00:00","mainEntityOfPage":{"@id":"https:\/\/www.africa-press.net\/guinee-conakry\/politique\/guinee-le-syndicaliste-sekou-jamal-pendessa-doit-etre-libere"},"wordCount":585,"commentCount":0,"image":{"@id":"https:\/\/www.africa-press.net\/guinee-conakry\/politique\/guinee-le-syndicaliste-sekou-jamal-pendessa-doit-etre-libere#primaryimage"},"thumbnailUrl":"https:\/\/static.africa-press.net\/conakry\/sites\/63\/2024\/01\/Jokar1706140384.955942.jpg","keywords":["Africa Press","Africa Press-Guin\u00e9e","Guin\u00e9e"],"articleSection":["Communaut\u00e9","Toutes les actualit\u00e9s"],"inLanguage":"fr-FR","potentialAction":[{"@type":"CommentAction","name":"Comment","target":["https:\/\/www.africa-press.net\/guinee-conakry\/politique\/guinee-le-syndicaliste-sekou-jamal-pendessa-doit-etre-libere#respond"]}]},{"@type":"WebPage","@id":"https:\/\/www.africa-press.net\/guinee-conakry\/politique\/guinee-le-syndicaliste-sekou-jamal-pendessa-doit-etre-libere","url":"https:\/\/www.africa-press.net\/guinee-conakry\/politique\/guinee-le-syndicaliste-sekou-jamal-pendessa-doit-etre-libere","name":"Guin\u00e9e : le syndicaliste Sekou Jamal pendessa doit \u00eatre lib\u00e9r\u00e9 ! - guinee Conakry","isPartOf":{"@id":"https:\/\/www.africa-press.net\/guinee-conakry\/#website"},"primaryImageOfPage":{"@id":"https:\/\/www.africa-press.net\/guinee-conakry\/politique\/guinee-le-syndicaliste-sekou-jamal-pendessa-doit-etre-libere#primaryimage"},"image":{"@id":"https:\/\/www.africa-press.net\/guinee-conakry\/politique\/guinee-le-syndicaliste-sekou-jamal-pendessa-doit-etre-libere#primaryimage"},"thumbnailUrl":"https:\/\/static.africa-press.net\/conakry\/sites\/63\/2024\/01\/Jokar1706140384.955942.jpg","datePublished":"2024-01-25T03:23:00+00:00","author":{"@id":"https:\/\/www.africa-press.net\/guinee-conakry\/#\/schema\/person\/2b1cf3cd81a31e3cd26889ca66d677f1"},"breadcrumb":{"@id":"https:\/\/www.africa-press.net\/guinee-conakry\/politique\/guinee-le-syndicaliste-sekou-jamal-pendessa-doit-etre-libere#breadcrumb"},"inLanguage":"fr-FR","potentialAction":[{"@type":"ReadAction","target":["https:\/\/www.africa-press.net\/guinee-conakry\/politique\/guinee-le-syndicaliste-sekou-jamal-pendessa-doit-etre-libere"]}]},{"@type":"ImageObject","inLanguage":"fr-FR","@id":"https:\/\/www.africa-press.net\/guinee-conakry\/politique\/guinee-le-syndicaliste-sekou-jamal-pendessa-doit-etre-libere#primaryimage","url":"https:\/\/static.africa-press.net\/conakry\/sites\/63\/2024\/01\/Jokar1706140384.955942.jpg","contentUrl":"https:\/\/static.africa-press.net\/conakry\/sites\/63\/2024\/01\/Jokar1706140384.955942.jpg","width":1020,"height":574,"caption":"Guin\u00e9e : le syndicaliste Sekou Jamal pendessa doit \u00eatre lib\u00e9r\u00e9 !"},{"@type":"BreadcrumbList","@id":"https:\/\/www.africa-press.net\/guinee-conakry\/politique\/guinee-le-syndicaliste-sekou-jamal-pendessa-doit-etre-libere#breadcrumb","itemListElement":[{"@type":"ListItem","position":1,"name":"Accueil","item":"https:\/\/www.africa-press.net\/guinee-conakry\/"},{"@type":"ListItem","position":2,"name":"Guin\u00e9e : le syndicaliste Sekou Jamal pendessa doit \u00eatre lib\u00e9r\u00e9 !"}]},{"@type":"WebSite","@id":"https:\/\/www.africa-press.net\/guinee-conakry\/#website","url":"https:\/\/www.africa-press.net\/guinee-conakry\/","name":"guinee Conakry","description":"Just another Africa News Agency Sites site","potentialAction":[{"@type":"SearchAction","target":{"@type":"EntryPoint","urlTemplate":"https:\/\/www.africa-press.net\/guinee-conakry\/?s={search_term_string}"},"query-input":{"@type":"PropertyValueSpecification","valueRequired":true,"valueName":"search_term_string"}}],"inLanguage":"fr-FR"},{"@type":"Person","@id":"https:\/\/www.africa-press.net\/guinee-conakry\/#\/schema\/person\/2b1cf3cd81a31e3cd26889ca66d677f1","name":"cfeditorfr"}]}},"_links":{"self":[{"href":"https:\/\/www.africa-press.net\/guinee-conakry\/wp-json\/wp\/v2\/posts\/18409","targetHints":{"allow":["GET"]}}],"collection":[{"href":"https:\/\/www.africa-press.net\/guinee-conakry\/wp-json\/wp\/v2\/posts"}],"about":[{"href":"https:\/\/www.africa-press.net\/guinee-conakry\/wp-json\/wp\/v2\/types\/post"}],"author":[{"embeddable":true,"href":"https:\/\/www.africa-press.net\/guinee-conakry\/wp-json\/wp\/v2\/users\/82"}],"replies":[{"embeddable":true,"href":"https:\/\/www.africa-press.net\/guinee-conakry\/wp-json\/wp\/v2\/comments?post=18409"}],"version-history":[{"count":0,"href":"https:\/\/www.africa-press.net\/guinee-conakry\/wp-json\/wp\/v2\/posts\/18409\/revisions"}],"wp:featuredmedia":[{"embeddable":true,"href":"https:\/\/www.africa-press.net\/guinee-conakry\/wp-json\/wp\/v2\/media\/18408"}],"wp:attachment":[{"href":"https:\/\/www.africa-press.net\/guinee-conakry\/wp-json\/wp\/v2\/media?parent=18409"}],"wp:term":[{"taxonomy":"category","embeddable":true,"href":"https:\/\/www.africa-press.net\/guinee-conakry\/wp-json\/wp\/v2\/categories?post=18409"},{"taxonomy":"post_tag","embeddable":true,"href":"https:\/\/www.africa-press.net\/guinee-conakry\/wp-json\/wp\/v2\/tags?post=18409"}],"curies":[{"name":"wp","href":"https:\/\/api.w.org\/{rel}","templated":true}]}}